{"id":6553,"date":"2022-12-16T08:40:00","date_gmt":"2022-12-16T07:40:00","guid":{"rendered":"https:\/\/rotary.zamosc.pl\/?p=6553"},"modified":"2026-03-18T08:41:45","modified_gmt":"2026-03-18T07:41:45","slug":"razem-dla-nadziei","status":"publish","type":"post","link":"https:\/\/rotary.zamosc.pl\/index.php\/2022\/12\/16\/razem-dla-nadziei\/","title":{"rendered":"Razem dla Nadziei"},"content":{"rendered":"\n<p class=\"wp-block-paragraph\">16 grudnia uczestniczyli\u015bmy, po raz kolejny, w Wieczorze Dobroczynno\u015bci, kt\u00f3ry odby\u0142 si\u0119 w Rodzinnym Domu, Stowarzyszenia Pomocy Dzieciom Niepe\u0142nosprawnych \u201eKrok za krokiem\u201d w Zamo\u015bciu.<\/p>\n\n\n\n<p class=\"wp-block-paragraph\">Tym razem celem wieczoru by\u0142a pomoc dla Stowarzyszenia dzieci z niepe\u0142nosprawno\u015bciami \u201eZorza Nadziei\u201d z Krzemie\u0144ca w Ukrainie.<\/p>\n\n\n\n<p class=\"wp-block-paragraph\">St\u0105d has\u0142o wieczoru \u201eRazem dla Nadziei\u201d.<\/p>\n\n\n\n<p class=\"wp-block-paragraph\">Licznie zebranych go\u015bci i delegacj\u0119 z Krzemie\u0144ca i Tarnopola, w tym Prezes Stowarzyszenia\u201dZorza nadziei\u201d, All\u0119 Andruszczuk oraz przedstawicieli magistratu w Krzemie\u0144cu przywita\u0142a Przewodnicz\u0105ca Stowarzyszenia \u201eKrok za krokiem\u201d \u2013 Maria Kr\u00f3l, kt\u00f3ra przedstawila program spotkania, zapowiadaj\u0105c jednocze\u015bnie po\u0142\u0105czenia internetowe z przyjaci\u00f3\u0142mi Ukrainy a zarazem darczy\u0144cami z USA, Kanady, Wielkiej Brytanii, Niemiec oraz z szefem Biura Przedstawicielskiego Tajpej w Polsce.<\/p>\n\n\n\n<p class=\"wp-block-paragraph\">Przyjaciele Ukrainy, tak przedstawi\u0142a Maria Kr\u00f3l, go\u015bci, z kt\u00f3rymi rozmawia\u0142a za po\u015brednictwem \u0142\u0105czy internetowych, to r\u00f3wnie\u017c przyjaciele Stowarzyszenia \u201eKrok za krokiem\u201d.<\/p>\n\n\n\n<p class=\"wp-block-paragraph\">Wszyscy rozm\u00f3wcy byli pod wielkim wra\u017ceniem tego, co robi stowarzyszenie, dzi\u0119kowali za wsp\u00f3\u0142prac\u0119, za rzetelno\u015b\u0107, za sprawno\u015b\u0107 dzia\u0142ania je\u015bli chodzi o pomoc dzieciom z niepe\u0142nosprawno\u015bciami w Ukrainie, jak r\u00f3wnie\u017c w Polsce (Bondyrz, Bia\u0142obrzegi). Jednocze\u015bnie wszyscy zobowi\u0105zali si\u0119 do dalszej pomocy na rzecz ogarni\u0119tej wojn\u0105 Ukrainy.<\/p>\n\n\n\n<p class=\"wp-block-paragraph\">G\u0142os zabra\u0142 mer Krzemie\u0144ca, kt\u00f3ry niezwyk\u0142e ciep\u0142o dzi\u0119kowa\u0142 Polakom za udzielane wsparcie, wszelk\u0105 pomoc i go\u015bcinno\u015b\u0107 wobec uchod\u017ac\u00f3w z Ukrainy.<\/p>\n\n\n\n<p class=\"wp-block-paragraph\">Maria Kr\u00f3l dzi\u0119kowa\u0142a szczeg\u00f3lnie RC Zamo\u015b\u0107 za wielkie wsparcie ,dla Stowarzyszenia \u201eKrok za krokiem\u201d w wielu inicjatywach, od wielu lat. Rownie\u017c przy budowie i wyposa\u017ceniu osiedli dla dzieci z niepe\u0142nosprawno\u015bciami z Ukrainy i ich rodzin w Bondyrzu i Bia\u0142obrzegach.<\/p>\n\n\n\n<p class=\"wp-block-paragraph\">Po czym g\u0142os zabra\u0142 nasz kolega klubowy Krzysztof Bork, kt\u00f3ry r\u00f3wnie\u017c podzi\u0119kowa\u0142 za prawie 30-letni\u0105 wsp\u00f3\u0142prac\u0119 i jednocze\u015bnie przekaza\u0142 informacj\u0119 o konwoju humanitarnym, kt\u00f3ry wyruszy\u0142 do Ukrainy 17 grudnia, (21 bus\u00f3w do 21 dom\u00f3w dziecka), w kt\u00f3rym pojecha\u0142y 3 ekipy z RC Zamo\u015b\u0107.<\/p>\n\n\n\n<p class=\"wp-block-paragraph\">Na spotkaniu obejrzeli\u015bmy nagranie z wyst\u0105pieniem Gubernatora Dystryktu 2231 Rotary International, Piotra Jankowskiego , kt\u00f3ry m.n. prosi\u0142 o dalsze, nieustaj\u0105ce wsparcie Ukrainie, aby pom\u00f3c przetrwa\u0107 okres zimowy (pe\u0142na wypowied\u017a poni\u017cej tekstu).<\/p>\n\n\n\n<p class=\"wp-block-paragraph\">Podczas wieczoru obejrzeli\u015bmy spektakl w wykonaniu m\u0142odszych wychowank\u00f3w \u201eKrok za krokiem\u201d pt. \u201eDom\u201d oraz niezwykle wzruszaj\u0105c\u0105 etiud\u0119 teatraln\u0105 \u201e\u015awiat si\u0119 zmieni\u0142\u201d, kt\u00f3rej fina\u0142em by\u0142a pie\u015b\u0144 \u201eModlitwa za Ukrain\u0119\u201d.<\/p>\n\n\n\n<p class=\"wp-block-paragraph\">W trakcie spotkania funkcjonowa\u0142 kiermasz charytatywny z pi\u0119knymi ozdobami \u015bwi\u0105tecznymi, r\u0119cznie szytymi zabawkami, bi\u017cuteri\u0105, \u015bwi\u0105tecznymi smako\u0142ykami, kt\u00f3ry go\u015bcie wieczoru hojnie wspierali.<\/p>\n\n\n\n<p class=\"wp-block-paragraph\">Mogli\u015bmy r\u00f3wnie\u017c podegustowa\u0107 ukrai\u0144skiej kuchni, bowiem przek\u0105ski przygotowa\u0142y Panie z Ukrainy.<\/p>\n\n\n\n<p class=\"wp-block-paragraph\">Wiecz\u00f3r u\u015bwietni\u0142 r\u00f3wnie\u017c wyst\u0119p ch\u00f3ru \u201eAle Cantare\u201d pod kierownictwem Barbary Rabiegi, wykonuj\u0105c ukrai\u0144skie pie\u015bni.<\/p>\n\n\n\n<p class=\"wp-block-paragraph\">Na zako\u0144czenie wieczoru wszyscy wsp\u00f3lnie za\u015bpiewali ukrai\u0144sk\u0105 pie\u015b\u0144 \u201ePodaj r\u0119k\u0119 Ukrainie\u201d.<\/p>\n\n\n\n<p class=\"wp-block-paragraph\">Jak okaza\u0142o si\u0119 nazajutrz, podczas wieczoru zebrano 6100 z\u0142 oraz 100 euro.<\/p>\n\n\n\n<figure class=\"wp-block-gallery has-nested-images columns-1 is-cropped wp-block-gallery-1 is-layout-flex wp-block-gallery-is-layout-flex\">\n<figure class=\"wp-block-image size-large\"><img fetchpriority=\"high\" decoding=\"async\" width=\"700\" height=\"525\" data-id=\"3144\" src=\"https:\/\/rotary.zamosc.pl\/wp-content\/uploads\/2022\/12\/Razem-dla-Nadziei-2022.12-14-700x525.jpg\" alt=\"\" class=\"wp-image-3144\" srcset=\"https:\/\/rotary.zamosc.pl\/wp-content\/uploads\/2022\/12\/Razem-dla-Nadziei-2022.12-14-700x525.jpg 700w, https:\/\/rotary.zamosc.pl\/wp-content\/uploads\/2022\/12\/Razem-dla-Nadziei-2022.12-14-300x225.jpg 300w, https:\/\/rotary.zamosc.pl\/wp-content\/uploads\/2022\/12\/Razem-dla-Nadziei-2022.12-14-768x576.jpg 768w, https:\/\/rotary.zamosc.pl\/wp-content\/uploads\/2022\/12\/Razem-dla-Nadziei-2022.12-14-1536x1153.jpg 1536w, https:\/\/rotary.zamosc.pl\/wp-content\/uploads\/2022\/12\/Razem-dla-Nadziei-2022.12-14-800x600.jpg 800w, https:\/\/rotary.zamosc.pl\/wp-content\/uploads\/2022\/12\/Razem-dla-Nadziei-2022.12-14-80x60.jpg 80w, https:\/\/rotary.zamosc.pl\/wp-content\/uploads\/2022\/12\/Razem-dla-Nadziei-2022.12-14.jpg 1599w\" sizes=\"(max-width: 700px) 100vw, 700px\" \/><\/figure>\n\n\n\n<figure class=\"wp-block-image size-large\"><img decoding=\"async\" width=\"700\" height=\"525\" data-id=\"3143\" src=\"https:\/\/rotary.zamosc.pl\/wp-content\/uploads\/2022\/12\/Razem-dla-Nadziei-2022.12-13-700x525.jpg\" alt=\"\" class=\"wp-image-3143\" srcset=\"https:\/\/rotary.zamosc.pl\/wp-content\/uploads\/2022\/12\/Razem-dla-Nadziei-2022.12-13-700x525.jpg 700w, https:\/\/rotary.zamosc.pl\/wp-content\/uploads\/2022\/12\/Razem-dla-Nadziei-2022.12-13-300x225.jpg 300w, https:\/\/rotary.zamosc.pl\/wp-content\/uploads\/2022\/12\/Razem-dla-Nadziei-2022.12-13-768x576.jpg 768w, https:\/\/rotary.zamosc.pl\/wp-content\/uploads\/2022\/12\/Razem-dla-Nadziei-2022.12-13-1536x1152.jpg 1536w, https:\/\/rotary.zamosc.pl\/wp-content\/uploads\/2022\/12\/Razem-dla-Nadziei-2022.12-13-800x600.jpg 800w, https:\/\/rotary.zamosc.pl\/wp-content\/uploads\/2022\/12\/Razem-dla-Nadziei-2022.12-13-80x60.jpg 80w, https:\/\/rotary.zamosc.pl\/wp-content\/uploads\/2022\/12\/Razem-dla-Nadziei-2022.12-13.jpg 2048w\" sizes=\"(max-width: 700px) 100vw, 700px\" \/><\/figure>\n\n\n\n<figure class=\"wp-block-image size-large\"><img decoding=\"async\" width=\"700\" height=\"525\" data-id=\"3142\" src=\"https:\/\/rotary.zamosc.pl\/wp-content\/uploads\/2022\/12\/Razem-dla-Nadziei-2022.12-12-700x525.jpg\" alt=\"\" class=\"wp-image-3142\" srcset=\"https:\/\/rotary.zamosc.pl\/wp-content\/uploads\/2022\/12\/Razem-dla-Nadziei-2022.12-12-700x525.jpg 700w, https:\/\/rotary.zamosc.pl\/wp-content\/uploads\/2022\/12\/Razem-dla-Nadziei-2022.12-12-300x225.jpg 300w, https:\/\/rotary.zamosc.pl\/wp-content\/uploads\/2022\/12\/Razem-dla-Nadziei-2022.12-12-768x576.jpg 768w, https:\/\/rotary.zamosc.pl\/wp-content\/uploads\/2022\/12\/Razem-dla-Nadziei-2022.12-12-1536x1152.jpg 1536w, https:\/\/rotary.zamosc.pl\/wp-content\/uploads\/2022\/12\/Razem-dla-Nadziei-2022.12-12-800x600.jpg 800w, https:\/\/rotary.zamosc.pl\/wp-content\/uploads\/2022\/12\/Razem-dla-Nadziei-2022.12-12-80x60.jpg 80w, https:\/\/rotary.zamosc.pl\/wp-content\/uploads\/2022\/12\/Razem-dla-Nadziei-2022.12-12.jpg 2048w\" sizes=\"(max-width: 700px) 100vw, 700px\" \/><\/figure>\n\n\n\n<figure class=\"wp-block-image size-large\"><img loading=\"lazy\" decoding=\"async\" width=\"700\" height=\"933\" data-id=\"3141\" src=\"https:\/\/rotary.zamosc.pl\/wp-content\/uploads\/2022\/12\/Razem-dla-Nadziei-2022.12-11-700x933.jpg\" alt=\"\" class=\"wp-image-3141\" srcset=\"https:\/\/rotary.zamosc.pl\/wp-content\/uploads\/2022\/12\/Razem-dla-Nadziei-2022.12-11-700x933.jpg 700w, https:\/\/rotary.zamosc.pl\/wp-content\/uploads\/2022\/12\/Razem-dla-Nadziei-2022.12-11-225x300.jpg 225w, https:\/\/rotary.zamosc.pl\/wp-content\/uploads\/2022\/12\/Razem-dla-Nadziei-2022.12-11-768x1024.jpg 768w, https:\/\/rotary.zamosc.pl\/wp-content\/uploads\/2022\/12\/Razem-dla-Nadziei-2022.12-11-1152x1536.jpg 1152w, https:\/\/rotary.zamosc.pl\/wp-content\/uploads\/2022\/12\/Razem-dla-Nadziei-2022.12-11-800x1067.jpg 800w, https:\/\/rotary.zamosc.pl\/wp-content\/uploads\/2022\/12\/Razem-dla-Nadziei-2022.12-11.jpg 1536w\" sizes=\"(max-width: 700px) 100vw, 700px\" \/><\/figure>\n\n\n\n<figure class=\"wp-block-image size-large\"><img loading=\"lazy\" decoding=\"async\" width=\"700\" height=\"1160\" data-id=\"3140\" src=\"https:\/\/rotary.zamosc.pl\/wp-content\/uploads\/2022\/12\/Razem-dla-Nadziei-2022.12-10-700x1160.jpg\" alt=\"\" class=\"wp-image-3140\" srcset=\"https:\/\/rotary.zamosc.pl\/wp-content\/uploads\/2022\/12\/Razem-dla-Nadziei-2022.12-10-700x1160.jpg 700w, https:\/\/rotary.zamosc.pl\/wp-content\/uploads\/2022\/12\/Razem-dla-Nadziei-2022.12-10-181x300.jpg 181w, https:\/\/rotary.zamosc.pl\/wp-content\/uploads\/2022\/12\/Razem-dla-Nadziei-2022.12-10-768x1273.jpg 768w, https:\/\/rotary.zamosc.pl\/wp-content\/uploads\/2022\/12\/Razem-dla-Nadziei-2022.12-10-927x1536.jpg 927w, https:\/\/rotary.zamosc.pl\/wp-content\/uploads\/2022\/12\/Razem-dla-Nadziei-2022.12-10-800x1326.jpg 800w, https:\/\/rotary.zamosc.pl\/wp-content\/uploads\/2022\/12\/Razem-dla-Nadziei-2022.12-10.jpg 1236w\" sizes=\"(max-width: 700px) 100vw, 700px\" \/><\/figure>\n\n\n\n<figure class=\"wp-block-image size-large\"><img loading=\"lazy\" decoding=\"async\" width=\"700\" height=\"525\" data-id=\"3139\" src=\"https:\/\/rotary.zamosc.pl\/wp-content\/uploads\/2022\/12\/Razem-dla-Nadziei-2022.12-9-700x525.jpg\" alt=\"\" class=\"wp-image-3139\" srcset=\"https:\/\/rotary.zamosc.pl\/wp-content\/uploads\/2022\/12\/Razem-dla-Nadziei-2022.12-9-700x525.jpg 700w, https:\/\/rotary.zamosc.pl\/wp-content\/uploads\/2022\/12\/Razem-dla-Nadziei-2022.12-9-300x225.jpg 300w, https:\/\/rotary.zamosc.pl\/wp-content\/uploads\/2022\/12\/Razem-dla-Nadziei-2022.12-9-768x576.jpg 768w, https:\/\/rotary.zamosc.pl\/wp-content\/uploads\/2022\/12\/Razem-dla-Nadziei-2022.12-9-1536x1152.jpg 1536w, https:\/\/rotary.zamosc.pl\/wp-content\/uploads\/2022\/12\/Razem-dla-Nadziei-2022.12-9-800x600.jpg 800w, https:\/\/rotary.zamosc.pl\/wp-content\/uploads\/2022\/12\/Razem-dla-Nadziei-2022.12-9-80x60.jpg 80w, https:\/\/rotary.zamosc.pl\/wp-content\/uploads\/2022\/12\/Razem-dla-Nadziei-2022.12-9.jpg 1600w\" sizes=\"(max-width: 700px) 100vw, 700px\" \/><\/figure>\n\n\n\n<figure class=\"wp-block-image size-large\"><img loading=\"lazy\" decoding=\"async\" width=\"700\" height=\"525\" data-id=\"3138\" src=\"https:\/\/rotary.zamosc.pl\/wp-content\/uploads\/2022\/12\/Razem-dla-Nadziei-2022.12-8-700x525.jpg\" alt=\"\" class=\"wp-image-3138\" srcset=\"https:\/\/rotary.zamosc.pl\/wp-content\/uploads\/2022\/12\/Razem-dla-Nadziei-2022.12-8-700x525.jpg 700w, https:\/\/rotary.zamosc.pl\/wp-content\/uploads\/2022\/12\/Razem-dla-Nadziei-2022.12-8-300x225.jpg 300w, https:\/\/rotary.zamosc.pl\/wp-content\/uploads\/2022\/12\/Razem-dla-Nadziei-2022.12-8-768x576.jpg 768w, https:\/\/rotary.zamosc.pl\/wp-content\/uploads\/2022\/12\/Razem-dla-Nadziei-2022.12-8-1536x1152.jpg 1536w, https:\/\/rotary.zamosc.pl\/wp-content\/uploads\/2022\/12\/Razem-dla-Nadziei-2022.12-8-800x600.jpg 800w, https:\/\/rotary.zamosc.pl\/wp-content\/uploads\/2022\/12\/Razem-dla-Nadziei-2022.12-8-80x60.jpg 80w, https:\/\/rotary.zamosc.pl\/wp-content\/uploads\/2022\/12\/Razem-dla-Nadziei-2022.12-8.jpg 1600w\" sizes=\"(max-width: 700px) 100vw, 700px\" \/><\/figure>\n\n\n\n<figure class=\"wp-block-image size-large\"><img loading=\"lazy\" decoding=\"async\" width=\"700\" height=\"525\" data-id=\"3137\" src=\"https:\/\/rotary.zamosc.pl\/wp-content\/uploads\/2022\/12\/Razem-dla-Nadziei-2022.12-7-700x525.jpg\" alt=\"\" class=\"wp-image-3137\" srcset=\"https:\/\/rotary.zamosc.pl\/wp-content\/uploads\/2022\/12\/Razem-dla-Nadziei-2022.12-7-700x525.jpg 700w, https:\/\/rotary.zamosc.pl\/wp-content\/uploads\/2022\/12\/Razem-dla-Nadziei-2022.12-7-300x225.jpg 300w, https:\/\/rotary.zamosc.pl\/wp-content\/uploads\/2022\/12\/Razem-dla-Nadziei-2022.12-7-768x576.jpg 768w, https:\/\/rotary.zamosc.pl\/wp-content\/uploads\/2022\/12\/Razem-dla-Nadziei-2022.12-7-1536x1152.jpg 1536w, https:\/\/rotary.zamosc.pl\/wp-content\/uploads\/2022\/12\/Razem-dla-Nadziei-2022.12-7-800x600.jpg 800w, https:\/\/rotary.zamosc.pl\/wp-content\/uploads\/2022\/12\/Razem-dla-Nadziei-2022.12-7-80x60.jpg 80w, https:\/\/rotary.zamosc.pl\/wp-content\/uploads\/2022\/12\/Razem-dla-Nadziei-2022.12-7.jpg 1600w\" sizes=\"(max-width: 700px) 100vw, 700px\" \/><\/figure>\n\n\n\n<figure class=\"wp-block-image size-large\"><img loading=\"lazy\" decoding=\"async\" width=\"700\" height=\"525\" data-id=\"3136\" src=\"https:\/\/rotary.zamosc.pl\/wp-content\/uploads\/2022\/12\/Razem-dla-Nadziei-2022.12-6-700x525.jpg\" alt=\"\" class=\"wp-image-3136\" srcset=\"https:\/\/rotary.zamosc.pl\/wp-content\/uploads\/2022\/12\/Razem-dla-Nadziei-2022.12-6-700x525.jpg 700w, https:\/\/rotary.zamosc.pl\/wp-content\/uploads\/2022\/12\/Razem-dla-Nadziei-2022.12-6-300x225.jpg 300w, https:\/\/rotary.zamosc.pl\/wp-content\/uploads\/2022\/12\/Razem-dla-Nadziei-2022.12-6-768x576.jpg 768w, https:\/\/rotary.zamosc.pl\/wp-content\/uploads\/2022\/12\/Razem-dla-Nadziei-2022.12-6-1536x1152.jpg 1536w, https:\/\/rotary.zamosc.pl\/wp-content\/uploads\/2022\/12\/Razem-dla-Nadziei-2022.12-6-800x600.jpg 800w, https:\/\/rotary.zamosc.pl\/wp-content\/uploads\/2022\/12\/Razem-dla-Nadziei-2022.12-6-80x60.jpg 80w, https:\/\/rotary.zamosc.pl\/wp-content\/uploads\/2022\/12\/Razem-dla-Nadziei-2022.12-6.jpg 1600w\" sizes=\"(max-width: 700px) 100vw, 700px\" \/><\/figure>\n\n\n\n<figure class=\"wp-block-image size-large\"><img loading=\"lazy\" decoding=\"async\" width=\"700\" height=\"525\" data-id=\"3135\" src=\"https:\/\/rotary.zamosc.pl\/wp-content\/uploads\/2022\/12\/Razem-dla-Nadziei-2022.12-5-700x525.jpg\" alt=\"\" class=\"wp-image-3135\" srcset=\"https:\/\/rotary.zamosc.pl\/wp-content\/uploads\/2022\/12\/Razem-dla-Nadziei-2022.12-5-700x525.jpg 700w, https:\/\/rotary.zamosc.pl\/wp-content\/uploads\/2022\/12\/Razem-dla-Nadziei-2022.12-5-300x225.jpg 300w, https:\/\/rotary.zamosc.pl\/wp-content\/uploads\/2022\/12\/Razem-dla-Nadziei-2022.12-5-768x576.jpg 768w, https:\/\/rotary.zamosc.pl\/wp-content\/uploads\/2022\/12\/Razem-dla-Nadziei-2022.12-5-1536x1152.jpg 1536w, https:\/\/rotary.zamosc.pl\/wp-content\/uploads\/2022\/12\/Razem-dla-Nadziei-2022.12-5-800x600.jpg 800w, https:\/\/rotary.zamosc.pl\/wp-content\/uploads\/2022\/12\/Razem-dla-Nadziei-2022.12-5-80x60.jpg 80w, https:\/\/rotary.zamosc.pl\/wp-content\/uploads\/2022\/12\/Razem-dla-Nadziei-2022.12-5.jpg 1600w\" sizes=\"(max-width: 700px) 100vw, 700px\" \/><\/figure>\n\n\n\n<figure class=\"wp-block-image size-large\"><img loading=\"lazy\" decoding=\"async\" width=\"700\" height=\"525\" data-id=\"3134\" src=\"https:\/\/rotary.zamosc.pl\/wp-content\/uploads\/2022\/12\/Razem-dla-Nadziei-2022.12-4-700x525.jpg\" alt=\"\" class=\"wp-image-3134\" srcset=\"https:\/\/rotary.zamosc.pl\/wp-content\/uploads\/2022\/12\/Razem-dla-Nadziei-2022.12-4-700x525.jpg 700w, https:\/\/rotary.zamosc.pl\/wp-content\/uploads\/2022\/12\/Razem-dla-Nadziei-2022.12-4-300x225.jpg 300w, https:\/\/rotary.zamosc.pl\/wp-content\/uploads\/2022\/12\/Razem-dla-Nadziei-2022.12-4-768x576.jpg 768w, https:\/\/rotary.zamosc.pl\/wp-content\/uploads\/2022\/12\/Razem-dla-Nadziei-2022.12-4-1536x1152.jpg 1536w, https:\/\/rotary.zamosc.pl\/wp-content\/uploads\/2022\/12\/Razem-dla-Nadziei-2022.12-4-800x600.jpg 800w, https:\/\/rotary.zamosc.pl\/wp-content\/uploads\/2022\/12\/Razem-dla-Nadziei-2022.12-4-80x60.jpg 80w, https:\/\/rotary.zamosc.pl\/wp-content\/uploads\/2022\/12\/Razem-dla-Nadziei-2022.12-4.jpg 1600w\" sizes=\"(max-width: 700px) 100vw, 700px\" \/><\/figure>\n\n\n\n<figure class=\"wp-block-image size-large\"><img loading=\"lazy\" decoding=\"async\" width=\"700\" height=\"525\" data-id=\"3133\" src=\"https:\/\/rotary.zamosc.pl\/wp-content\/uploads\/2022\/12\/Razem-dla-Nadziei-2022.12-3-700x525.jpg\" alt=\"\" class=\"wp-image-3133\" srcset=\"https:\/\/rotary.zamosc.pl\/wp-content\/uploads\/2022\/12\/Razem-dla-Nadziei-2022.12-3-700x525.jpg 700w, https:\/\/rotary.zamosc.pl\/wp-content\/uploads\/2022\/12\/Razem-dla-Nadziei-2022.12-3-300x225.jpg 300w, https:\/\/rotary.zamosc.pl\/wp-content\/uploads\/2022\/12\/Razem-dla-Nadziei-2022.12-3-768x576.jpg 768w, https:\/\/rotary.zamosc.pl\/wp-content\/uploads\/2022\/12\/Razem-dla-Nadziei-2022.12-3-1536x1152.jpg 1536w, https:\/\/rotary.zamosc.pl\/wp-content\/uploads\/2022\/12\/Razem-dla-Nadziei-2022.12-3-800x600.jpg 800w, https:\/\/rotary.zamosc.pl\/wp-content\/uploads\/2022\/12\/Razem-dla-Nadziei-2022.12-3-80x60.jpg 80w, https:\/\/rotary.zamosc.pl\/wp-content\/uploads\/2022\/12\/Razem-dla-Nadziei-2022.12-3.jpg 1600w\" sizes=\"(max-width: 700px) 100vw, 700px\" \/><\/figure>\n\n\n\n<figure class=\"wp-block-image size-large\"><img loading=\"lazy\" decoding=\"async\" width=\"700\" height=\"525\" data-id=\"3131\" src=\"https:\/\/rotary.zamosc.pl\/wp-content\/uploads\/2022\/12\/Razem-dla-Nadziei-2022.12-1-700x525.jpg\" alt=\"\" class=\"wp-image-3131\" srcset=\"https:\/\/rotary.zamosc.pl\/wp-content\/uploads\/2022\/12\/Razem-dla-Nadziei-2022.12-1-700x525.jpg 700w, https:\/\/rotary.zamosc.pl\/wp-content\/uploads\/2022\/12\/Razem-dla-Nadziei-2022.12-1-300x225.jpg 300w, https:\/\/rotary.zamosc.pl\/wp-content\/uploads\/2022\/12\/Razem-dla-Nadziei-2022.12-1-768x576.jpg 768w, https:\/\/rotary.zamosc.pl\/wp-content\/uploads\/2022\/12\/Razem-dla-Nadziei-2022.12-1-1536x1152.jpg 1536w, https:\/\/rotary.zamosc.pl\/wp-content\/uploads\/2022\/12\/Razem-dla-Nadziei-2022.12-1-800x600.jpg 800w, https:\/\/rotary.zamosc.pl\/wp-content\/uploads\/2022\/12\/Razem-dla-Nadziei-2022.12-1-80x60.jpg 80w, https:\/\/rotary.zamosc.pl\/wp-content\/uploads\/2022\/12\/Razem-dla-Nadziei-2022.12-1.jpg 1600w\" sizes=\"(max-width: 700px) 100vw, 700px\" \/><\/figure>\n<\/figure>\n","protected":false},"excerpt":{"rendered":"<p>16 grudnia uczestniczyli\u015bmy, po raz kolejny, w Wieczorze Dobroczynno\u015bci, kt\u00f3ry odby\u0142 si\u0119 w Rodzinnym Domu, Stowarzyszenia Pomocy Dzieciom Niepe\u0142nosprawnych \u201eKrok za krokiem\u201d w Zamo\u015bciu. Tym razem celem wieczoru by\u0142a pomoc dla Stowarzyszenia dzieci z niepe\u0142nosprawno\u015bciami \u201eZorza Nadziei\u201d z Krzemie\u0144ca w Ukrainie. St\u0105d has\u0142o wieczoru \u201eRazem dla Nadziei\u201d. Licznie zebranych go\u015bci i delegacj\u0119 z Krzemie\u0144ca i&#8230;<\/p>\n","protected":false},"author":1,"featured_media":3132,"comment_status":"open","ping_status":"open","sticky":false,"template":"","format":"standard","meta":{"footnotes":""},"categories":[13],"tags":[],"class_list":["post-6553","post","type-post","status-publish","format-standard","has-post-thumbnail","hentry","category-13"],"rttpg_featured_image_url":{"full":["https:\/\/rotary.zamosc.pl\/wp-content\/uploads\/2022\/12\/Razem-dla-Nadziei-2022.12-2.jpg",1600,1200,false],"landscape":["https:\/\/rotary.zamosc.pl\/wp-content\/uploads\/2022\/12\/Razem-dla-Nadziei-2022.12-2.jpg",1600,1200,false],"portraits":["https:\/\/rotary.zamosc.pl\/wp-content\/uploads\/2022\/12\/Razem-dla-Nadziei-2022.12-2.jpg",1600,1200,false],"thumbnail":["https:\/\/rotary.zamosc.pl\/wp-content\/uploads\/2022\/12\/Razem-dla-Nadziei-2022.12-2-150x150.jpg",150,150,true],"medium":["https:\/\/rotary.zamosc.pl\/wp-content\/uploads\/2022\/12\/Razem-dla-Nadziei-2022.12-2-300x225.jpg",300,225,true],"large":["https:\/\/rotary.zamosc.pl\/wp-content\/uploads\/2022\/12\/Razem-dla-Nadziei-2022.12-2-700x525.jpg",700,525,true],"1536x1536":["https:\/\/rotary.zamosc.pl\/wp-content\/uploads\/2022\/12\/Razem-dla-Nadziei-2022.12-2-1536x1152.jpg",1536,1152,true],"2048x2048":["https:\/\/rotary.zamosc.pl\/wp-content\/uploads\/2022\/12\/Razem-dla-Nadziei-2022.12-2.jpg",1600,1200,false],"post-thumbnail":["https:\/\/rotary.zamosc.pl\/wp-content\/uploads\/2022\/12\/Razem-dla-Nadziei-2022.12-2-800x600.jpg",800,600,true],"graphy-post-thumbnail-large":["https:\/\/rotary.zamosc.pl\/wp-content\/uploads\/2022\/12\/Razem-dla-Nadziei-2022.12-2-1080x600.jpg",1080,600,true],"graphy-post-thumbnail-medium":["https:\/\/rotary.zamosc.pl\/wp-content\/uploads\/2022\/12\/Razem-dla-Nadziei-2022.12-2-482x300.jpg",482,300,true],"graphy-post-thumbnail-small":["https:\/\/rotary.zamosc.pl\/wp-content\/uploads\/2022\/12\/Razem-dla-Nadziei-2022.12-2-80x60.jpg",80,60,true],"graphy-page-thumbnail":["https:\/\/rotary.zamosc.pl\/wp-content\/uploads\/2022\/12\/Razem-dla-Nadziei-2022.12-2-1260x350.jpg",1260,350,true],"sow-carousel-default":["https:\/\/rotary.zamosc.pl\/wp-content\/uploads\/2022\/12\/Razem-dla-Nadziei-2022.12-2-272x182.jpg",272,182,true]},"rttpg_author":{"display_name":"rotaryzamosc","author_link":"https:\/\/rotary.zamosc.pl\/index.php\/author\/rotaryzamosc\/"},"rttpg_comment":0,"rttpg_category":"<a href=\"https:\/\/rotary.zamosc.pl\/index.php\/category\/2022\/\" rel=\"category tag\">2022<\/a>","rttpg_excerpt":"16 grudnia uczestniczyli\u015bmy, po raz kolejny, w Wieczorze Dobroczynno\u015bci, kt\u00f3ry odby\u0142 si\u0119 w Rodzinnym Domu, Stowarzyszenia Pomocy Dzieciom Niepe\u0142nosprawnych \u201eKrok za krokiem\u201d w Zamo\u015bciu. Tym razem celem wieczoru by\u0142a pomoc dla Stowarzyszenia dzieci z niepe\u0142nosprawno\u015bciami \u201eZorza Nadziei\u201d z Krzemie\u0144ca w Ukrainie. St\u0105d has\u0142o wieczoru \u201eRazem dla Nadziei\u201d. Licznie zebranych go\u015bci i delegacj\u0119 z Krzemie\u0144ca i...","_links":{"self":[{"href":"https:\/\/rotary.zamosc.pl\/index.php\/wp-json\/wp\/v2\/posts\/6553","targetHints":{"allow":["GET"]}}],"collection":[{"href":"https:\/\/rotary.zamosc.pl\/index.php\/wp-json\/wp\/v2\/posts"}],"about":[{"href":"https:\/\/rotary.zamosc.pl\/index.php\/wp-json\/wp\/v2\/types\/post"}],"author":[{"embeddable":true,"href":"https:\/\/rotary.zamosc.pl\/index.php\/wp-json\/wp\/v2\/users\/1"}],"replies":[{"embeddable":true,"href":"https:\/\/rotary.zamosc.pl\/index.php\/wp-json\/wp\/v2\/comments?post=6553"}],"version-history":[{"count":1,"href":"https:\/\/rotary.zamosc.pl\/index.php\/wp-json\/wp\/v2\/posts\/6553\/revisions"}],"predecessor-version":[{"id":6554,"href":"https:\/\/rotary.zamosc.pl\/index.php\/wp-json\/wp\/v2\/posts\/6553\/revisions\/6554"}],"wp:featuredmedia":[{"embeddable":true,"href":"https:\/\/rotary.zamosc.pl\/index.php\/wp-json\/wp\/v2\/media\/3132"}],"wp:attachment":[{"href":"https:\/\/rotary.zamosc.pl\/index.php\/wp-json\/wp\/v2\/media?parent=6553"}],"wp:term":[{"taxonomy":"category","embeddable":true,"href":"https:\/\/rotary.zamosc.pl\/index.php\/wp-json\/wp\/v2\/categories?post=6553"},{"taxonomy":"post_tag","embeddable":true,"href":"https:\/\/rotary.zamosc.pl\/index.php\/wp-json\/wp\/v2\/tags?post=6553"}],"curies":[{"name":"wp","href":"https:\/\/api.w.org\/{rel}","templated":true}]}}