{"id":6559,"date":"2022-11-05T08:44:00","date_gmt":"2022-11-05T07:44:00","guid":{"rendered":"https:\/\/rotary.zamosc.pl\/?p=6559"},"modified":"2026-03-18T08:46:01","modified_gmt":"2026-03-18T07:46:01","slug":"polaczone-sily-trzech-klubow-rotary-z-transportem-humanitarnym-dla-ukrainy","status":"publish","type":"post","link":"https:\/\/rotary.zamosc.pl\/index.php\/2022\/11\/05\/polaczone-sily-trzech-klubow-rotary-z-transportem-humanitarnym-dla-ukrainy\/","title":{"rendered":"Po\u0142\u0105czone si\u0142y trzech Klub\u00f3w Rotary z transportem humanitarnym dla Ukrainy"},"content":{"rendered":"\n<p class=\"wp-block-paragraph\">5 i 6 Listopada br do zaprzyja\u017anionego miasta Ko\u0142omyja w Ukrainie, z du\u017c\u0105 spo\u0142eczno\u015bci\u0105 polonijn\u0105, uda\u0142a si\u0119 po\u0142\u0105czona ekipa 12 rotarian z RC Zamo\u015b\u0107, RC Zamo\u015b\u0107 Ordynacki oraz RC Che\u0142m.<\/p>\n\n\n\n<p class=\"wp-block-paragraph\">Zabrali ze sob\u0105 dwa busy z \u017cywno\u015bci\u0105 oraz ciep\u0142\u0105 odzie\u017c\u0105. Po\u0142owa transportu zosta\u0142a przekazana Towarzystwu Kulltury Polskiej &#8222;Pokucie&#8221; i po\u0142owa Towarzystwu Pomocy Humanitarnej &#8222;Lokomotywa&#8221; (ktorzy przekazali transport od razu na front).<\/p>\n\n\n\n<p class=\"wp-block-paragraph\">Wyjazd zbieg\u0142 si\u0119 w czasie z 25-leciem Towarzystwa Kultury Polskiej &#8222;Pokucie&#8221;.<\/p>\n\n\n\n<p class=\"wp-block-paragraph\">Za wielkie zas\u0142ugi w dzia\u0142alno\u015bci na rzecz Polonii w Ukrainie, za kultywowanie tradycji polskich oraz w podzi\u0119kowaniu za wieloletni\u0105 przyja\u017a\u0144, jaka nas \u0142\u0105czy,Prezes Towarzystwa Kultury Polskiej, Pani Stanis\u0142awa Patkowska Ko\u0142ysenko zosta\u0142a przyj\u0119ta jako cz\u0142onek honorowy w poczet cz\u0142onk\u00f3w Rotary Club Zamo\u015b\u0107.<\/p>\n\n\n\n<p class=\"wp-block-paragraph\">Ceremonii sta\u0142o si\u0119 zado\u015b\u0107 w Szkole Polskiej w Ko\u0142omyji prowadzonej przez Towarzystwo &#8222;Pokucie&#8221;, a odznak\u0119 cz\u0142onka Kubu Rotary wpi\u0119\u0142a osobi\u015bcie Prezydent El\u017cbieta Szyma\u0144ska.<\/p>\n\n\n\n<p class=\"wp-block-paragraph\">Rotarianie przekazali na rzecz szko\u0142y agregat pr\u0105dotw\u00f3rczy. Wzi\u0119li r\u00f3wnie\u017c udzia\u0142 we wzruszaj\u0105cej uroczysto\u015bci zwi\u0105zanej ze \u015awi\u0119tem Niepodleg\u0142o\u015bci w wykonaniu dzieci ubranych w polskie i ukrai\u0144skie stroje tradycyjne, kt\u00f3re \u015bpiewa\u0142y pie\u015bni patriotyczne i recytowa\u0142y wiersze.<\/p>\n\n\n\n<p class=\"wp-block-paragraph\">Potem by\u0142 pcz\u0119stunek i serdeczne rozmowy.<\/p>\n\n\n\n<p class=\"wp-block-paragraph\">Wszystkie dzieci zosta\u0142y obdarowane upominkami. R\u00f3wnie\u017c wszyscy starsi cz\u0142onkowie wsp\u00f3lnoty polonijnej dostali od rotarian indywidualne paczki.<\/p>\n\n\n\n<p class=\"wp-block-paragraph\">Stanis\u0142awa Patkowska, kt\u00f3ra jest r\u00f3wnie\u017c dyrektorem sobotniej szko\u0142y polskiej w pi\u0119knych s\u0142owach podzi\u0119kowa\u0142a za kolejn\u0105 pomoc ze strony rotarian z Polski, kt\u00f3ra jest niezmiernie wa\u017cna w tym trudnym czasie wojny.<\/p>\n\n\n\n<p class=\"wp-block-paragraph\">W trakcie spotkania w szkole, rotarianie podj\u0119li wsp\u00f3ln\u0105 decyzj\u0119 o zakupie sprz\u0119tu komputerowego dla uczni\u00f3w.<\/p>\n\n\n\n<p class=\"wp-block-paragraph\">Przed wyjazdem z Ko\u0142omyji rotarianie odwiedzili miejscowy cmentarz, gdzie m.in.zapalili znicze i z\u0142o\u017cyli kwiaty pod pomnikiem walcz\u0105ch o wolno\u015b\u0107 Polski.<\/p>\n\n\n\n<figure class=\"wp-block-gallery has-nested-images columns-1 is-cropped wp-block-gallery-1 is-layout-flex wp-block-gallery-is-layout-flex\">\n<figure class=\"wp-block-image size-large\"><img fetchpriority=\"high\" decoding=\"async\" width=\"700\" height=\"394\" data-id=\"3082\" src=\"https:\/\/rotary.zamosc.pl\/wp-content\/uploads\/2022\/11\/Polaczone-sily-trzech-Klubow-Rotary-z-transportem-humanitarnym-dla-Ukrainy-5-6.11-16-700x394.jpg\" alt=\"\" class=\"wp-image-3082\" srcset=\"https:\/\/rotary.zamosc.pl\/wp-content\/uploads\/2022\/11\/Polaczone-sily-trzech-Klubow-Rotary-z-transportem-humanitarnym-dla-Ukrainy-5-6.11-16-700x394.jpg 700w, https:\/\/rotary.zamosc.pl\/wp-content\/uploads\/2022\/11\/Polaczone-sily-trzech-Klubow-Rotary-z-transportem-humanitarnym-dla-Ukrainy-5-6.11-16-300x169.jpg 300w, https:\/\/rotary.zamosc.pl\/wp-content\/uploads\/2022\/11\/Polaczone-sily-trzech-Klubow-Rotary-z-transportem-humanitarnym-dla-Ukrainy-5-6.11-16-768x432.jpg 768w, https:\/\/rotary.zamosc.pl\/wp-content\/uploads\/2022\/11\/Polaczone-sily-trzech-Klubow-Rotary-z-transportem-humanitarnym-dla-Ukrainy-5-6.11-16-1536x864.jpg 1536w, https:\/\/rotary.zamosc.pl\/wp-content\/uploads\/2022\/11\/Polaczone-sily-trzech-Klubow-Rotary-z-transportem-humanitarnym-dla-Ukrainy-5-6.11-16-800x450.jpg 800w, https:\/\/rotary.zamosc.pl\/wp-content\/uploads\/2022\/11\/Polaczone-sily-trzech-Klubow-Rotary-z-transportem-humanitarnym-dla-Ukrainy-5-6.11-16.jpg 1600w\" sizes=\"(max-width: 700px) 100vw, 700px\" \/><\/figure>\n\n\n\n<figure class=\"wp-block-image size-large\"><img decoding=\"async\" width=\"700\" height=\"1244\" data-id=\"3081\" src=\"https:\/\/rotary.zamosc.pl\/wp-content\/uploads\/2022\/11\/Polaczone-sily-trzech-Klubow-Rotary-z-transportem-humanitarnym-dla-Ukrainy-5-6.11-15-700x1244.jpg\" alt=\"\" class=\"wp-image-3081\" srcset=\"https:\/\/rotary.zamosc.pl\/wp-content\/uploads\/2022\/11\/Polaczone-sily-trzech-Klubow-Rotary-z-transportem-humanitarnym-dla-Ukrainy-5-6.11-15-700x1244.jpg 700w, https:\/\/rotary.zamosc.pl\/wp-content\/uploads\/2022\/11\/Polaczone-sily-trzech-Klubow-Rotary-z-transportem-humanitarnym-dla-Ukrainy-5-6.11-15-169x300.jpg 169w, https:\/\/rotary.zamosc.pl\/wp-content\/uploads\/2022\/11\/Polaczone-sily-trzech-Klubow-Rotary-z-transportem-humanitarnym-dla-Ukrainy-5-6.11-15-768x1365.jpg 768w, https:\/\/rotary.zamosc.pl\/wp-content\/uploads\/2022\/11\/Polaczone-sily-trzech-Klubow-Rotary-z-transportem-humanitarnym-dla-Ukrainy-5-6.11-15-864x1536.jpg 864w, https:\/\/rotary.zamosc.pl\/wp-content\/uploads\/2022\/11\/Polaczone-sily-trzech-Klubow-Rotary-z-transportem-humanitarnym-dla-Ukrainy-5-6.11-15-800x1422.jpg 800w, https:\/\/rotary.zamosc.pl\/wp-content\/uploads\/2022\/11\/Polaczone-sily-trzech-Klubow-Rotary-z-transportem-humanitarnym-dla-Ukrainy-5-6.11-15.jpg 900w\" sizes=\"(max-width: 700px) 100vw, 700px\" \/><\/figure>\n\n\n\n<figure class=\"wp-block-image size-large\"><img decoding=\"async\" width=\"700\" height=\"394\" data-id=\"3079\" src=\"https:\/\/rotary.zamosc.pl\/wp-content\/uploads\/2022\/11\/Polaczone-sily-trzech-Klubow-Rotary-z-transportem-humanitarnym-dla-Ukrainy-5-6.11-13-700x394.jpg\" alt=\"\" class=\"wp-image-3079\" srcset=\"https:\/\/rotary.zamosc.pl\/wp-content\/uploads\/2022\/11\/Polaczone-sily-trzech-Klubow-Rotary-z-transportem-humanitarnym-dla-Ukrainy-5-6.11-13-700x394.jpg 700w, https:\/\/rotary.zamosc.pl\/wp-content\/uploads\/2022\/11\/Polaczone-sily-trzech-Klubow-Rotary-z-transportem-humanitarnym-dla-Ukrainy-5-6.11-13-300x169.jpg 300w, https:\/\/rotary.zamosc.pl\/wp-content\/uploads\/2022\/11\/Polaczone-sily-trzech-Klubow-Rotary-z-transportem-humanitarnym-dla-Ukrainy-5-6.11-13-768x432.jpg 768w, https:\/\/rotary.zamosc.pl\/wp-content\/uploads\/2022\/11\/Polaczone-sily-trzech-Klubow-Rotary-z-transportem-humanitarnym-dla-Ukrainy-5-6.11-13-1536x864.jpg 1536w, https:\/\/rotary.zamosc.pl\/wp-content\/uploads\/2022\/11\/Polaczone-sily-trzech-Klubow-Rotary-z-transportem-humanitarnym-dla-Ukrainy-5-6.11-13-800x450.jpg 800w, https:\/\/rotary.zamosc.pl\/wp-content\/uploads\/2022\/11\/Polaczone-sily-trzech-Klubow-Rotary-z-transportem-humanitarnym-dla-Ukrainy-5-6.11-13.jpg 1600w\" sizes=\"(max-width: 700px) 100vw, 700px\" \/><\/figure>\n\n\n\n<figure class=\"wp-block-image size-large\"><img loading=\"lazy\" decoding=\"async\" width=\"700\" height=\"394\" data-id=\"3080\" src=\"https:\/\/rotary.zamosc.pl\/wp-content\/uploads\/2022\/11\/Polaczone-sily-trzech-Klubow-Rotary-z-transportem-humanitarnym-dla-Ukrainy-5-6.11-14-700x394.jpg\" alt=\"\" class=\"wp-image-3080\" srcset=\"https:\/\/rotary.zamosc.pl\/wp-content\/uploads\/2022\/11\/Polaczone-sily-trzech-Klubow-Rotary-z-transportem-humanitarnym-dla-Ukrainy-5-6.11-14-700x394.jpg 700w, https:\/\/rotary.zamosc.pl\/wp-content\/uploads\/2022\/11\/Polaczone-sily-trzech-Klubow-Rotary-z-transportem-humanitarnym-dla-Ukrainy-5-6.11-14-300x169.jpg 300w, https:\/\/rotary.zamosc.pl\/wp-content\/uploads\/2022\/11\/Polaczone-sily-trzech-Klubow-Rotary-z-transportem-humanitarnym-dla-Ukrainy-5-6.11-14-768x432.jpg 768w, https:\/\/rotary.zamosc.pl\/wp-content\/uploads\/2022\/11\/Polaczone-sily-trzech-Klubow-Rotary-z-transportem-humanitarnym-dla-Ukrainy-5-6.11-14-1536x864.jpg 1536w, https:\/\/rotary.zamosc.pl\/wp-content\/uploads\/2022\/11\/Polaczone-sily-trzech-Klubow-Rotary-z-transportem-humanitarnym-dla-Ukrainy-5-6.11-14-800x450.jpg 800w, https:\/\/rotary.zamosc.pl\/wp-content\/uploads\/2022\/11\/Polaczone-sily-trzech-Klubow-Rotary-z-transportem-humanitarnym-dla-Ukrainy-5-6.11-14.jpg 1600w\" sizes=\"(max-width: 700px) 100vw, 700px\" \/><\/figure>\n\n\n\n<figure class=\"wp-block-image size-large\"><img loading=\"lazy\" decoding=\"async\" width=\"700\" height=\"394\" data-id=\"3078\" src=\"https:\/\/rotary.zamosc.pl\/wp-content\/uploads\/2022\/11\/Polaczone-sily-trzech-Klubow-Rotary-z-transportem-humanitarnym-dla-Ukrainy-5-6.11-12-700x394.jpg\" alt=\"\" class=\"wp-image-3078\" srcset=\"https:\/\/rotary.zamosc.pl\/wp-content\/uploads\/2022\/11\/Polaczone-sily-trzech-Klubow-Rotary-z-transportem-humanitarnym-dla-Ukrainy-5-6.11-12-700x394.jpg 700w, https:\/\/rotary.zamosc.pl\/wp-content\/uploads\/2022\/11\/Polaczone-sily-trzech-Klubow-Rotary-z-transportem-humanitarnym-dla-Ukrainy-5-6.11-12-300x169.jpg 300w, https:\/\/rotary.zamosc.pl\/wp-content\/uploads\/2022\/11\/Polaczone-sily-trzech-Klubow-Rotary-z-transportem-humanitarnym-dla-Ukrainy-5-6.11-12-768x432.jpg 768w, https:\/\/rotary.zamosc.pl\/wp-content\/uploads\/2022\/11\/Polaczone-sily-trzech-Klubow-Rotary-z-transportem-humanitarnym-dla-Ukrainy-5-6.11-12-1536x864.jpg 1536w, https:\/\/rotary.zamosc.pl\/wp-content\/uploads\/2022\/11\/Polaczone-sily-trzech-Klubow-Rotary-z-transportem-humanitarnym-dla-Ukrainy-5-6.11-12-800x450.jpg 800w, https:\/\/rotary.zamosc.pl\/wp-content\/uploads\/2022\/11\/Polaczone-sily-trzech-Klubow-Rotary-z-transportem-humanitarnym-dla-Ukrainy-5-6.11-12.jpg 1600w\" sizes=\"(max-width: 700px) 100vw, 700px\" \/><\/figure>\n\n\n\n<figure class=\"wp-block-image size-large\"><img loading=\"lazy\" decoding=\"async\" width=\"700\" height=\"394\" data-id=\"3077\" src=\"https:\/\/rotary.zamosc.pl\/wp-content\/uploads\/2022\/11\/Polaczone-sily-trzech-Klubow-Rotary-z-transportem-humanitarnym-dla-Ukrainy-5-6.11-11-700x394.jpg\" alt=\"\" class=\"wp-image-3077\" srcset=\"https:\/\/rotary.zamosc.pl\/wp-content\/uploads\/2022\/11\/Polaczone-sily-trzech-Klubow-Rotary-z-transportem-humanitarnym-dla-Ukrainy-5-6.11-11-700x394.jpg 700w, https:\/\/rotary.zamosc.pl\/wp-content\/uploads\/2022\/11\/Polaczone-sily-trzech-Klubow-Rotary-z-transportem-humanitarnym-dla-Ukrainy-5-6.11-11-300x169.jpg 300w, https:\/\/rotary.zamosc.pl\/wp-content\/uploads\/2022\/11\/Polaczone-sily-trzech-Klubow-Rotary-z-transportem-humanitarnym-dla-Ukrainy-5-6.11-11-768x432.jpg 768w, https:\/\/rotary.zamosc.pl\/wp-content\/uploads\/2022\/11\/Polaczone-sily-trzech-Klubow-Rotary-z-transportem-humanitarnym-dla-Ukrainy-5-6.11-11-1536x864.jpg 1536w, https:\/\/rotary.zamosc.pl\/wp-content\/uploads\/2022\/11\/Polaczone-sily-trzech-Klubow-Rotary-z-transportem-humanitarnym-dla-Ukrainy-5-6.11-11-800x450.jpg 800w, https:\/\/rotary.zamosc.pl\/wp-content\/uploads\/2022\/11\/Polaczone-sily-trzech-Klubow-Rotary-z-transportem-humanitarnym-dla-Ukrainy-5-6.11-11.jpg 1600w\" sizes=\"(max-width: 700px) 100vw, 700px\" \/><\/figure>\n\n\n\n<figure class=\"wp-block-image size-large\"><img loading=\"lazy\" decoding=\"async\" width=\"700\" height=\"394\" data-id=\"3075\" src=\"https:\/\/rotary.zamosc.pl\/wp-content\/uploads\/2022\/11\/Polaczone-sily-trzech-Klubow-Rotary-z-transportem-humanitarnym-dla-Ukrainy-5-6.11-10-700x394.jpg\" alt=\"\" class=\"wp-image-3075\" srcset=\"https:\/\/rotary.zamosc.pl\/wp-content\/uploads\/2022\/11\/Polaczone-sily-trzech-Klubow-Rotary-z-transportem-humanitarnym-dla-Ukrainy-5-6.11-10-700x394.jpg 700w, https:\/\/rotary.zamosc.pl\/wp-content\/uploads\/2022\/11\/Polaczone-sily-trzech-Klubow-Rotary-z-transportem-humanitarnym-dla-Ukrainy-5-6.11-10-300x169.jpg 300w, https:\/\/rotary.zamosc.pl\/wp-content\/uploads\/2022\/11\/Polaczone-sily-trzech-Klubow-Rotary-z-transportem-humanitarnym-dla-Ukrainy-5-6.11-10-768x432.jpg 768w, https:\/\/rotary.zamosc.pl\/wp-content\/uploads\/2022\/11\/Polaczone-sily-trzech-Klubow-Rotary-z-transportem-humanitarnym-dla-Ukrainy-5-6.11-10-1536x864.jpg 1536w, https:\/\/rotary.zamosc.pl\/wp-content\/uploads\/2022\/11\/Polaczone-sily-trzech-Klubow-Rotary-z-transportem-humanitarnym-dla-Ukrainy-5-6.11-10-800x450.jpg 800w, https:\/\/rotary.zamosc.pl\/wp-content\/uploads\/2022\/11\/Polaczone-sily-trzech-Klubow-Rotary-z-transportem-humanitarnym-dla-Ukrainy-5-6.11-10.jpg 1600w\" sizes=\"(max-width: 700px) 100vw, 700px\" \/><\/figure>\n\n\n\n<figure class=\"wp-block-image size-large\"><img loading=\"lazy\" decoding=\"async\" width=\"700\" height=\"394\" data-id=\"3074\" src=\"https:\/\/rotary.zamosc.pl\/wp-content\/uploads\/2022\/11\/Polaczone-sily-trzech-Klubow-Rotary-z-transportem-humanitarnym-dla-Ukrainy-5-6.11-9-700x394.jpg\" alt=\"\" class=\"wp-image-3074\" srcset=\"https:\/\/rotary.zamosc.pl\/wp-content\/uploads\/2022\/11\/Polaczone-sily-trzech-Klubow-Rotary-z-transportem-humanitarnym-dla-Ukrainy-5-6.11-9-700x394.jpg 700w, https:\/\/rotary.zamosc.pl\/wp-content\/uploads\/2022\/11\/Polaczone-sily-trzech-Klubow-Rotary-z-transportem-humanitarnym-dla-Ukrainy-5-6.11-9-300x169.jpg 300w, https:\/\/rotary.zamosc.pl\/wp-content\/uploads\/2022\/11\/Polaczone-sily-trzech-Klubow-Rotary-z-transportem-humanitarnym-dla-Ukrainy-5-6.11-9-768x432.jpg 768w, https:\/\/rotary.zamosc.pl\/wp-content\/uploads\/2022\/11\/Polaczone-sily-trzech-Klubow-Rotary-z-transportem-humanitarnym-dla-Ukrainy-5-6.11-9-1536x864.jpg 1536w, https:\/\/rotary.zamosc.pl\/wp-content\/uploads\/2022\/11\/Polaczone-sily-trzech-Klubow-Rotary-z-transportem-humanitarnym-dla-Ukrainy-5-6.11-9-800x450.jpg 800w, https:\/\/rotary.zamosc.pl\/wp-content\/uploads\/2022\/11\/Polaczone-sily-trzech-Klubow-Rotary-z-transportem-humanitarnym-dla-Ukrainy-5-6.11-9.jpg 1600w\" sizes=\"(max-width: 700px) 100vw, 700px\" \/><\/figure>\n\n\n\n<figure class=\"wp-block-image size-large\"><img loading=\"lazy\" decoding=\"async\" width=\"700\" height=\"394\" data-id=\"3073\" src=\"https:\/\/rotary.zamosc.pl\/wp-content\/uploads\/2022\/11\/Polaczone-sily-trzech-Klubow-Rotary-z-transportem-humanitarnym-dla-Ukrainy-5-6.11-8-700x394.jpg\" alt=\"\" class=\"wp-image-3073\" srcset=\"https:\/\/rotary.zamosc.pl\/wp-content\/uploads\/2022\/11\/Polaczone-sily-trzech-Klubow-Rotary-z-transportem-humanitarnym-dla-Ukrainy-5-6.11-8-700x394.jpg 700w, https:\/\/rotary.zamosc.pl\/wp-content\/uploads\/2022\/11\/Polaczone-sily-trzech-Klubow-Rotary-z-transportem-humanitarnym-dla-Ukrainy-5-6.11-8-300x169.jpg 300w, https:\/\/rotary.zamosc.pl\/wp-content\/uploads\/2022\/11\/Polaczone-sily-trzech-Klubow-Rotary-z-transportem-humanitarnym-dla-Ukrainy-5-6.11-8-768x432.jpg 768w, https:\/\/rotary.zamosc.pl\/wp-content\/uploads\/2022\/11\/Polaczone-sily-trzech-Klubow-Rotary-z-transportem-humanitarnym-dla-Ukrainy-5-6.11-8-1536x864.jpg 1536w, https:\/\/rotary.zamosc.pl\/wp-content\/uploads\/2022\/11\/Polaczone-sily-trzech-Klubow-Rotary-z-transportem-humanitarnym-dla-Ukrainy-5-6.11-8-800x450.jpg 800w, https:\/\/rotary.zamosc.pl\/wp-content\/uploads\/2022\/11\/Polaczone-sily-trzech-Klubow-Rotary-z-transportem-humanitarnym-dla-Ukrainy-5-6.11-8.jpg 1600w\" sizes=\"(max-width: 700px) 100vw, 700px\" \/><\/figure>\n\n\n\n<figure class=\"wp-block-image size-large\"><img loading=\"lazy\" decoding=\"async\" width=\"700\" height=\"394\" data-id=\"3066\" src=\"https:\/\/rotary.zamosc.pl\/wp-content\/uploads\/2022\/11\/Polaczone-sily-trzech-Klubow-Rotary-z-transportem-humanitarnym-dla-Ukrainy-5-6.11-1-700x394.jpg\" alt=\"\" class=\"wp-image-3066\" srcset=\"https:\/\/rotary.zamosc.pl\/wp-content\/uploads\/2022\/11\/Polaczone-sily-trzech-Klubow-Rotary-z-transportem-humanitarnym-dla-Ukrainy-5-6.11-1-700x394.jpg 700w, https:\/\/rotary.zamosc.pl\/wp-content\/uploads\/2022\/11\/Polaczone-sily-trzech-Klubow-Rotary-z-transportem-humanitarnym-dla-Ukrainy-5-6.11-1-300x169.jpg 300w, https:\/\/rotary.zamosc.pl\/wp-content\/uploads\/2022\/11\/Polaczone-sily-trzech-Klubow-Rotary-z-transportem-humanitarnym-dla-Ukrainy-5-6.11-1-768x432.jpg 768w, https:\/\/rotary.zamosc.pl\/wp-content\/uploads\/2022\/11\/Polaczone-sily-trzech-Klubow-Rotary-z-transportem-humanitarnym-dla-Ukrainy-5-6.11-1-1536x864.jpg 1536w, https:\/\/rotary.zamosc.pl\/wp-content\/uploads\/2022\/11\/Polaczone-sily-trzech-Klubow-Rotary-z-transportem-humanitarnym-dla-Ukrainy-5-6.11-1-800x450.jpg 800w, https:\/\/rotary.zamosc.pl\/wp-content\/uploads\/2022\/11\/Polaczone-sily-trzech-Klubow-Rotary-z-transportem-humanitarnym-dla-Ukrainy-5-6.11-1.jpg 1600w\" sizes=\"(max-width: 700px) 100vw, 700px\" \/><\/figure>\n\n\n\n<figure class=\"wp-block-image size-large\"><img loading=\"lazy\" decoding=\"async\" width=\"700\" height=\"394\" data-id=\"3067\" src=\"https:\/\/rotary.zamosc.pl\/wp-content\/uploads\/2022\/11\/Polaczone-sily-trzech-Klubow-Rotary-z-transportem-humanitarnym-dla-Ukrainy-5-6.11-2-700x394.jpg\" alt=\"\" class=\"wp-image-3067\" srcset=\"https:\/\/rotary.zamosc.pl\/wp-content\/uploads\/2022\/11\/Polaczone-sily-trzech-Klubow-Rotary-z-transportem-humanitarnym-dla-Ukrainy-5-6.11-2-700x394.jpg 700w, https:\/\/rotary.zamosc.pl\/wp-content\/uploads\/2022\/11\/Polaczone-sily-trzech-Klubow-Rotary-z-transportem-humanitarnym-dla-Ukrainy-5-6.11-2-300x169.jpg 300w, https:\/\/rotary.zamosc.pl\/wp-content\/uploads\/2022\/11\/Polaczone-sily-trzech-Klubow-Rotary-z-transportem-humanitarnym-dla-Ukrainy-5-6.11-2-768x432.jpg 768w, https:\/\/rotary.zamosc.pl\/wp-content\/uploads\/2022\/11\/Polaczone-sily-trzech-Klubow-Rotary-z-transportem-humanitarnym-dla-Ukrainy-5-6.11-2-1536x864.jpg 1536w, https:\/\/rotary.zamosc.pl\/wp-content\/uploads\/2022\/11\/Polaczone-sily-trzech-Klubow-Rotary-z-transportem-humanitarnym-dla-Ukrainy-5-6.11-2-800x450.jpg 800w, https:\/\/rotary.zamosc.pl\/wp-content\/uploads\/2022\/11\/Polaczone-sily-trzech-Klubow-Rotary-z-transportem-humanitarnym-dla-Ukrainy-5-6.11-2.jpg 1600w\" sizes=\"(max-width: 700px) 100vw, 700px\" \/><\/figure>\n\n\n\n<figure class=\"wp-block-image size-large\"><img loading=\"lazy\" decoding=\"async\" width=\"700\" height=\"394\" data-id=\"3068\" src=\"https:\/\/rotary.zamosc.pl\/wp-content\/uploads\/2022\/11\/Polaczone-sily-trzech-Klubow-Rotary-z-transportem-humanitarnym-dla-Ukrainy-5-6.11-3-700x394.jpg\" alt=\"\" class=\"wp-image-3068\" srcset=\"https:\/\/rotary.zamosc.pl\/wp-content\/uploads\/2022\/11\/Polaczone-sily-trzech-Klubow-Rotary-z-transportem-humanitarnym-dla-Ukrainy-5-6.11-3-700x394.jpg 700w, https:\/\/rotary.zamosc.pl\/wp-content\/uploads\/2022\/11\/Polaczone-sily-trzech-Klubow-Rotary-z-transportem-humanitarnym-dla-Ukrainy-5-6.11-3-300x169.jpg 300w, https:\/\/rotary.zamosc.pl\/wp-content\/uploads\/2022\/11\/Polaczone-sily-trzech-Klubow-Rotary-z-transportem-humanitarnym-dla-Ukrainy-5-6.11-3-768x432.jpg 768w, https:\/\/rotary.zamosc.pl\/wp-content\/uploads\/2022\/11\/Polaczone-sily-trzech-Klubow-Rotary-z-transportem-humanitarnym-dla-Ukrainy-5-6.11-3-1536x864.jpg 1536w, https:\/\/rotary.zamosc.pl\/wp-content\/uploads\/2022\/11\/Polaczone-sily-trzech-Klubow-Rotary-z-transportem-humanitarnym-dla-Ukrainy-5-6.11-3-800x450.jpg 800w, https:\/\/rotary.zamosc.pl\/wp-content\/uploads\/2022\/11\/Polaczone-sily-trzech-Klubow-Rotary-z-transportem-humanitarnym-dla-Ukrainy-5-6.11-3.jpg 1600w\" sizes=\"(max-width: 700px) 100vw, 700px\" \/><\/figure>\n\n\n\n<figure class=\"wp-block-image size-large\"><img loading=\"lazy\" decoding=\"async\" width=\"700\" height=\"394\" data-id=\"3069\" src=\"https:\/\/rotary.zamosc.pl\/wp-content\/uploads\/2022\/11\/Polaczone-sily-trzech-Klubow-Rotary-z-transportem-humanitarnym-dla-Ukrainy-5-6.11-4-700x394.jpg\" alt=\"\" class=\"wp-image-3069\" srcset=\"https:\/\/rotary.zamosc.pl\/wp-content\/uploads\/2022\/11\/Polaczone-sily-trzech-Klubow-Rotary-z-transportem-humanitarnym-dla-Ukrainy-5-6.11-4-700x394.jpg 700w, https:\/\/rotary.zamosc.pl\/wp-content\/uploads\/2022\/11\/Polaczone-sily-trzech-Klubow-Rotary-z-transportem-humanitarnym-dla-Ukrainy-5-6.11-4-300x169.jpg 300w, https:\/\/rotary.zamosc.pl\/wp-content\/uploads\/2022\/11\/Polaczone-sily-trzech-Klubow-Rotary-z-transportem-humanitarnym-dla-Ukrainy-5-6.11-4-768x432.jpg 768w, https:\/\/rotary.zamosc.pl\/wp-content\/uploads\/2022\/11\/Polaczone-sily-trzech-Klubow-Rotary-z-transportem-humanitarnym-dla-Ukrainy-5-6.11-4-1536x864.jpg 1536w, https:\/\/rotary.zamosc.pl\/wp-content\/uploads\/2022\/11\/Polaczone-sily-trzech-Klubow-Rotary-z-transportem-humanitarnym-dla-Ukrainy-5-6.11-4-800x450.jpg 800w, https:\/\/rotary.zamosc.pl\/wp-content\/uploads\/2022\/11\/Polaczone-sily-trzech-Klubow-Rotary-z-transportem-humanitarnym-dla-Ukrainy-5-6.11-4.jpg 1600w\" sizes=\"(max-width: 700px) 100vw, 700px\" \/><\/figure>\n\n\n\n<figure class=\"wp-block-image size-large\"><img loading=\"lazy\" decoding=\"async\" width=\"700\" height=\"394\" data-id=\"3071\" src=\"https:\/\/rotary.zamosc.pl\/wp-content\/uploads\/2022\/11\/Polaczone-sily-trzech-Klubow-Rotary-z-transportem-humanitarnym-dla-Ukrainy-5-6.11-6-700x394.jpg\" alt=\"\" class=\"wp-image-3071\" srcset=\"https:\/\/rotary.zamosc.pl\/wp-content\/uploads\/2022\/11\/Polaczone-sily-trzech-Klubow-Rotary-z-transportem-humanitarnym-dla-Ukrainy-5-6.11-6-700x394.jpg 700w, https:\/\/rotary.zamosc.pl\/wp-content\/uploads\/2022\/11\/Polaczone-sily-trzech-Klubow-Rotary-z-transportem-humanitarnym-dla-Ukrainy-5-6.11-6-300x169.jpg 300w, https:\/\/rotary.zamosc.pl\/wp-content\/uploads\/2022\/11\/Polaczone-sily-trzech-Klubow-Rotary-z-transportem-humanitarnym-dla-Ukrainy-5-6.11-6-768x432.jpg 768w, https:\/\/rotary.zamosc.pl\/wp-content\/uploads\/2022\/11\/Polaczone-sily-trzech-Klubow-Rotary-z-transportem-humanitarnym-dla-Ukrainy-5-6.11-6-1536x864.jpg 1536w, https:\/\/rotary.zamosc.pl\/wp-content\/uploads\/2022\/11\/Polaczone-sily-trzech-Klubow-Rotary-z-transportem-humanitarnym-dla-Ukrainy-5-6.11-6-800x450.jpg 800w, https:\/\/rotary.zamosc.pl\/wp-content\/uploads\/2022\/11\/Polaczone-sily-trzech-Klubow-Rotary-z-transportem-humanitarnym-dla-Ukrainy-5-6.11-6.jpg 1600w\" sizes=\"(max-width: 700px) 100vw, 700px\" \/><\/figure>\n\n\n\n<figure class=\"wp-block-image size-large\"><img loading=\"lazy\" decoding=\"async\" width=\"700\" height=\"394\" data-id=\"3072\" src=\"https:\/\/rotary.zamosc.pl\/wp-content\/uploads\/2022\/11\/Polaczone-sily-trzech-Klubow-Rotary-z-transportem-humanitarnym-dla-Ukrainy-5-6.11-7-700x394.jpg\" alt=\"\" class=\"wp-image-3072\" srcset=\"https:\/\/rotary.zamosc.pl\/wp-content\/uploads\/2022\/11\/Polaczone-sily-trzech-Klubow-Rotary-z-transportem-humanitarnym-dla-Ukrainy-5-6.11-7-700x394.jpg 700w, https:\/\/rotary.zamosc.pl\/wp-content\/uploads\/2022\/11\/Polaczone-sily-trzech-Klubow-Rotary-z-transportem-humanitarnym-dla-Ukrainy-5-6.11-7-300x169.jpg 300w, https:\/\/rotary.zamosc.pl\/wp-content\/uploads\/2022\/11\/Polaczone-sily-trzech-Klubow-Rotary-z-transportem-humanitarnym-dla-Ukrainy-5-6.11-7-768x432.jpg 768w, https:\/\/rotary.zamosc.pl\/wp-content\/uploads\/2022\/11\/Polaczone-sily-trzech-Klubow-Rotary-z-transportem-humanitarnym-dla-Ukrainy-5-6.11-7-1536x864.jpg 1536w, https:\/\/rotary.zamosc.pl\/wp-content\/uploads\/2022\/11\/Polaczone-sily-trzech-Klubow-Rotary-z-transportem-humanitarnym-dla-Ukrainy-5-6.11-7-800x450.jpg 800w, https:\/\/rotary.zamosc.pl\/wp-content\/uploads\/2022\/11\/Polaczone-sily-trzech-Klubow-Rotary-z-transportem-humanitarnym-dla-Ukrainy-5-6.11-7.jpg 1600w\" sizes=\"(max-width: 700px) 100vw, 700px\" \/><\/figure>\n<\/figure>\n","protected":false},"excerpt":{"rendered":"<p>5 i 6 Listopada br do zaprzyja\u017anionego miasta Ko\u0142omyja w Ukrainie, z du\u017c\u0105 spo\u0142eczno\u015bci\u0105 polonijn\u0105, uda\u0142a si\u0119 po\u0142\u0105czona ekipa 12 rotarian z RC Zamo\u015b\u0107, RC Zamo\u015b\u0107 Ordynacki oraz RC Che\u0142m. Zabrali ze sob\u0105 dwa busy z \u017cywno\u015bci\u0105 oraz ciep\u0142\u0105 odzie\u017c\u0105. Po\u0142owa transportu zosta\u0142a przekazana Towarzystwu Kulltury Polskiej &#8222;Pokucie&#8221; i po\u0142owa Towarzystwu Pomocy Humanitarnej &#8222;Lokomotywa&#8221; (ktorzy&#8230;<\/p>\n","protected":false},"author":1,"featured_media":3070,"comment_status":"open","ping_status":"open","sticky":false,"template":"","format":"standard","meta":{"footnotes":""},"categories":[13,12],"tags":[],"class_list":["post-6559","post","type-post","status-publish","format-standard","has-post-thumbnail","hentry","category-13","category-pomoc-ukrainie"],"rttpg_featured_image_url":{"full":["https:\/\/rotary.zamosc.pl\/wp-content\/uploads\/2022\/11\/Polaczone-sily-trzech-Klubow-Rotary-z-transportem-humanitarnym-dla-Ukrainy-5-6.11-5.jpg",1600,900,false],"landscape":["https:\/\/rotary.zamosc.pl\/wp-content\/uploads\/2022\/11\/Polaczone-sily-trzech-Klubow-Rotary-z-transportem-humanitarnym-dla-Ukrainy-5-6.11-5.jpg",1600,900,false],"portraits":["https:\/\/rotary.zamosc.pl\/wp-content\/uploads\/2022\/11\/Polaczone-sily-trzech-Klubow-Rotary-z-transportem-humanitarnym-dla-Ukrainy-5-6.11-5.jpg",1600,900,false],"thumbnail":["https:\/\/rotary.zamosc.pl\/wp-content\/uploads\/2022\/11\/Polaczone-sily-trzech-Klubow-Rotary-z-transportem-humanitarnym-dla-Ukrainy-5-6.11-5-150x150.jpg",150,150,true],"medium":["https:\/\/rotary.zamosc.pl\/wp-content\/uploads\/2022\/11\/Polaczone-sily-trzech-Klubow-Rotary-z-transportem-humanitarnym-dla-Ukrainy-5-6.11-5-300x169.jpg",300,169,true],"large":["https:\/\/rotary.zamosc.pl\/wp-content\/uploads\/2022\/11\/Polaczone-sily-trzech-Klubow-Rotary-z-transportem-humanitarnym-dla-Ukrainy-5-6.11-5-700x394.jpg",700,394,true],"1536x1536":["https:\/\/rotary.zamosc.pl\/wp-content\/uploads\/2022\/11\/Polaczone-sily-trzech-Klubow-Rotary-z-transportem-humanitarnym-dla-Ukrainy-5-6.11-5-1536x864.jpg",1536,864,true],"2048x2048":["https:\/\/rotary.zamosc.pl\/wp-content\/uploads\/2022\/11\/Polaczone-sily-trzech-Klubow-Rotary-z-transportem-humanitarnym-dla-Ukrainy-5-6.11-5.jpg",1600,900,false],"post-thumbnail":["https:\/\/rotary.zamosc.pl\/wp-content\/uploads\/2022\/11\/Polaczone-sily-trzech-Klubow-Rotary-z-transportem-humanitarnym-dla-Ukrainy-5-6.11-5-800x450.jpg",800,450,true],"graphy-post-thumbnail-large":["https:\/\/rotary.zamosc.pl\/wp-content\/uploads\/2022\/11\/Polaczone-sily-trzech-Klubow-Rotary-z-transportem-humanitarnym-dla-Ukrainy-5-6.11-5-1080x600.jpg",1080,600,true],"graphy-post-thumbnail-medium":["https:\/\/rotary.zamosc.pl\/wp-content\/uploads\/2022\/11\/Polaczone-sily-trzech-Klubow-Rotary-z-transportem-humanitarnym-dla-Ukrainy-5-6.11-5-482x300.jpg",482,300,true],"graphy-post-thumbnail-small":["https:\/\/rotary.zamosc.pl\/wp-content\/uploads\/2022\/11\/Polaczone-sily-trzech-Klubow-Rotary-z-transportem-humanitarnym-dla-Ukrainy-5-6.11-5-80x60.jpg",80,60,true],"graphy-page-thumbnail":["https:\/\/rotary.zamosc.pl\/wp-content\/uploads\/2022\/11\/Polaczone-sily-trzech-Klubow-Rotary-z-transportem-humanitarnym-dla-Ukrainy-5-6.11-5-1260x350.jpg",1260,350,true],"sow-carousel-default":["https:\/\/rotary.zamosc.pl\/wp-content\/uploads\/2022\/11\/Polaczone-sily-trzech-Klubow-Rotary-z-transportem-humanitarnym-dla-Ukrainy-5-6.11-5-272x182.jpg",272,182,true]},"rttpg_author":{"display_name":"rotaryzamosc","author_link":"https:\/\/rotary.zamosc.pl\/index.php\/author\/rotaryzamosc\/"},"rttpg_comment":0,"rttpg_category":"<a href=\"https:\/\/rotary.zamosc.pl\/index.php\/category\/2022\/\" rel=\"category tag\">2022<\/a> <a href=\"https:\/\/rotary.zamosc.pl\/index.php\/category\/pomoc-ukrainie\/\" rel=\"category tag\">Pomoc Ukrainie<\/a>","rttpg_excerpt":"5 i 6 Listopada br do zaprzyja\u017anionego miasta Ko\u0142omyja w Ukrainie, z du\u017c\u0105 spo\u0142eczno\u015bci\u0105 polonijn\u0105, uda\u0142a si\u0119 po\u0142\u0105czona ekipa 12 rotarian z RC Zamo\u015b\u0107, RC Zamo\u015b\u0107 Ordynacki oraz RC Che\u0142m. Zabrali ze sob\u0105 dwa busy z \u017cywno\u015bci\u0105 oraz ciep\u0142\u0105 odzie\u017c\u0105. Po\u0142owa transportu zosta\u0142a przekazana Towarzystwu Kulltury Polskiej &#8222;Pokucie&#8221; i po\u0142owa Towarzystwu Pomocy Humanitarnej &#8222;Lokomotywa&#8221; (ktorzy...","_links":{"self":[{"href":"https:\/\/rotary.zamosc.pl\/index.php\/wp-json\/wp\/v2\/posts\/6559","targetHints":{"allow":["GET"]}}],"collection":[{"href":"https:\/\/rotary.zamosc.pl\/index.php\/wp-json\/wp\/v2\/posts"}],"about":[{"href":"https:\/\/rotary.zamosc.pl\/index.php\/wp-json\/wp\/v2\/types\/post"}],"author":[{"embeddable":true,"href":"https:\/\/rotary.zamosc.pl\/index.php\/wp-json\/wp\/v2\/users\/1"}],"replies":[{"embeddable":true,"href":"https:\/\/rotary.zamosc.pl\/index.php\/wp-json\/wp\/v2\/comments?post=6559"}],"version-history":[{"count":1,"href":"https:\/\/rotary.zamosc.pl\/index.php\/wp-json\/wp\/v2\/posts\/6559\/revisions"}],"predecessor-version":[{"id":6560,"href":"https:\/\/rotary.zamosc.pl\/index.php\/wp-json\/wp\/v2\/posts\/6559\/revisions\/6560"}],"wp:featuredmedia":[{"embeddable":true,"href":"https:\/\/rotary.zamosc.pl\/index.php\/wp-json\/wp\/v2\/media\/3070"}],"wp:attachment":[{"href":"https:\/\/rotary.zamosc.pl\/index.php\/wp-json\/wp\/v2\/media?parent=6559"}],"wp:term":[{"taxonomy":"category","embeddable":true,"href":"https:\/\/rotary.zamosc.pl\/index.php\/wp-json\/wp\/v2\/categories?post=6559"},{"taxonomy":"post_tag","embeddable":true,"href":"https:\/\/rotary.zamosc.pl\/index.php\/wp-json\/wp\/v2\/tags?post=6559"}],"curies":[{"name":"wp","href":"https:\/\/api.w.org\/{rel}","templated":true}]}}