{"id":6565,"date":"2022-11-11T08:50:00","date_gmt":"2022-11-11T07:50:00","guid":{"rendered":"https:\/\/rotary.zamosc.pl\/?p=6565"},"modified":"2026-03-18T08:51:17","modified_gmt":"2026-03-18T07:51:17","slug":"swieto-niepodleglosci-2022","status":"publish","type":"post","link":"https:\/\/rotary.zamosc.pl\/index.php\/2022\/11\/11\/swieto-niepodleglosci-2022\/","title":{"rendered":"\u015awi\u0119to Niepodleg\u0142o\u015bci 2022"},"content":{"rendered":"\n<p class=\"wp-block-paragraph\">Jak co roku, 11 listopada uczestniczyli\u015bmy razem z mieszka\u0144cami Zamo\u015bcia, w\u0142adzami miasta, radnymi, parlamentarzystami, samorz\u0105dowcami, m\u0142odzie\u017c\u0105 szkoln\u0105 w manifestacji patriotycznej na Rynku Wielkim w Zamo\u015bciu.<\/p>\n\n\n\n<p class=\"wp-block-paragraph\">W imieniu RC Zamo\u015b\u0107, kwiaty na p\u0142ycie upami\u0119tniaj\u0105cej wizyt\u0119 Marsza\u0142ka J\u00f3zefa Pi\u0142sudskiego w Zamo\u015bciu w 1922 r., z\u0142o\u017cy\u0142a Prezydent E<\/p>\n\n\n\n<figure class=\"wp-block-gallery has-nested-images columns-default is-cropped wp-block-gallery-1 is-layout-flex wp-block-gallery-is-layout-flex\">\n<figure class=\"wp-block-image size-large\"><img fetchpriority=\"high\" decoding=\"async\" width=\"700\" height=\"394\" data-id=\"3013\" src=\"https:\/\/rotary.zamosc.pl\/wp-content\/uploads\/2022\/11\/11-Listopada-RC-Zamosc-2022-2-700x394.jpg\" alt=\"\" class=\"wp-image-3013\" srcset=\"https:\/\/rotary.zamosc.pl\/wp-content\/uploads\/2022\/11\/11-Listopada-RC-Zamosc-2022-2-700x394.jpg 700w, https:\/\/rotary.zamosc.pl\/wp-content\/uploads\/2022\/11\/11-Listopada-RC-Zamosc-2022-2-300x169.jpg 300w, https:\/\/rotary.zamosc.pl\/wp-content\/uploads\/2022\/11\/11-Listopada-RC-Zamosc-2022-2-768x432.jpg 768w, https:\/\/rotary.zamosc.pl\/wp-content\/uploads\/2022\/11\/11-Listopada-RC-Zamosc-2022-2-1536x864.jpg 1536w, https:\/\/rotary.zamosc.pl\/wp-content\/uploads\/2022\/11\/11-Listopada-RC-Zamosc-2022-2-800x450.jpg 800w, https:\/\/rotary.zamosc.pl\/wp-content\/uploads\/2022\/11\/11-Listopada-RC-Zamosc-2022-2.jpg 1600w\" sizes=\"(max-width: 700px) 100vw, 700px\" \/><\/figure>\n<\/figure>\n","protected":false},"excerpt":{"rendered":"<p>Jak co roku, 11 listopada uczestniczyli\u015bmy razem z mieszka\u0144cami Zamo\u015bcia, w\u0142adzami miasta, radnymi, parlamentarzystami, samorz\u0105dowcami, m\u0142odzie\u017c\u0105 szkoln\u0105 w manifestacji patriotycznej na Rynku Wielkim w Zamo\u015bciu. W imieniu RC Zamo\u015b\u0107, kwiaty na p\u0142ycie upami\u0119tniaj\u0105cej wizyt\u0119 Marsza\u0142ka J\u00f3zefa Pi\u0142sudskiego w Zamo\u015bciu w 1922 r., z\u0142o\u017cy\u0142a Prezydent E<\/p>\n","protected":false},"author":1,"featured_media":3012,"comment_status":"open","ping_status":"open","sticky":false,"template":"","format":"standard","meta":{"footnotes":""},"categories":[13],"tags":[],"class_list":["post-6565","post","type-post","status-publish","format-standard","has-post-thumbnail","hentry","category-13"],"rttpg_featured_image_url":{"full":["https:\/\/rotary.zamosc.pl\/wp-content\/uploads\/2022\/11\/11-Listopada-RC-Zamosc-2022-1.jpg",1600,900,false],"landscape":["https:\/\/rotary.zamosc.pl\/wp-content\/uploads\/2022\/11\/11-Listopada-RC-Zamosc-2022-1.jpg",1600,900,false],"portraits":["https:\/\/rotary.zamosc.pl\/wp-content\/uploads\/2022\/11\/11-Listopada-RC-Zamosc-2022-1.jpg",1600,900,false],"thumbnail":["https:\/\/rotary.zamosc.pl\/wp-content\/uploads\/2022\/11\/11-Listopada-RC-Zamosc-2022-1-150x150.jpg",150,150,true],"medium":["https:\/\/rotary.zamosc.pl\/wp-content\/uploads\/2022\/11\/11-Listopada-RC-Zamosc-2022-1-300x169.jpg",300,169,true],"large":["https:\/\/rotary.zamosc.pl\/wp-content\/uploads\/2022\/11\/11-Listopada-RC-Zamosc-2022-1-700x394.jpg",700,394,true],"1536x1536":["https:\/\/rotary.zamosc.pl\/wp-content\/uploads\/2022\/11\/11-Listopada-RC-Zamosc-2022-1-1536x864.jpg",1536,864,true],"2048x2048":["https:\/\/rotary.zamosc.pl\/wp-content\/uploads\/2022\/11\/11-Listopada-RC-Zamosc-2022-1.jpg",1600,900,false],"post-thumbnail":["https:\/\/rotary.zamosc.pl\/wp-content\/uploads\/2022\/11\/11-Listopada-RC-Zamosc-2022-1-800x450.jpg",800,450,true],"graphy-post-thumbnail-large":["https:\/\/rotary.zamosc.pl\/wp-content\/uploads\/2022\/11\/11-Listopada-RC-Zamosc-2022-1-1080x600.jpg",1080,600,true],"graphy-post-thumbnail-medium":["https:\/\/rotary.zamosc.pl\/wp-content\/uploads\/2022\/11\/11-Listopada-RC-Zamosc-2022-1-482x300.jpg",482,300,true],"graphy-post-thumbnail-small":["https:\/\/rotary.zamosc.pl\/wp-content\/uploads\/2022\/11\/11-Listopada-RC-Zamosc-2022-1-80x60.jpg",80,60,true],"graphy-page-thumbnail":["https:\/\/rotary.zamosc.pl\/wp-content\/uploads\/2022\/11\/11-Listopada-RC-Zamosc-2022-1-1260x350.jpg",1260,350,true],"sow-carousel-default":["https:\/\/rotary.zamosc.pl\/wp-content\/uploads\/2022\/11\/11-Listopada-RC-Zamosc-2022-1-272x182.jpg",272,182,true]},"rttpg_author":{"display_name":"rotaryzamosc","author_link":"https:\/\/rotary.zamosc.pl\/index.php\/author\/rotaryzamosc\/"},"rttpg_comment":0,"rttpg_category":"<a href=\"https:\/\/rotary.zamosc.pl\/index.php\/category\/2022\/\" rel=\"category tag\">2022<\/a>","rttpg_excerpt":"Jak co roku, 11 listopada uczestniczyli\u015bmy razem z mieszka\u0144cami Zamo\u015bcia, w\u0142adzami miasta, radnymi, parlamentarzystami, samorz\u0105dowcami, m\u0142odzie\u017c\u0105 szkoln\u0105 w manifestacji patriotycznej na Rynku Wielkim w Zamo\u015bciu. W imieniu RC Zamo\u015b\u0107, kwiaty na p\u0142ycie upami\u0119tniaj\u0105cej wizyt\u0119 Marsza\u0142ka J\u00f3zefa Pi\u0142sudskiego w Zamo\u015bciu w 1922 r., z\u0142o\u017cy\u0142a Prezydent E","_links":{"self":[{"href":"https:\/\/rotary.zamosc.pl\/index.php\/wp-json\/wp\/v2\/posts\/6565","targetHints":{"allow":["GET"]}}],"collection":[{"href":"https:\/\/rotary.zamosc.pl\/index.php\/wp-json\/wp\/v2\/posts"}],"about":[{"href":"https:\/\/rotary.zamosc.pl\/index.php\/wp-json\/wp\/v2\/types\/post"}],"author":[{"embeddable":true,"href":"https:\/\/rotary.zamosc.pl\/index.php\/wp-json\/wp\/v2\/users\/1"}],"replies":[{"embeddable":true,"href":"https:\/\/rotary.zamosc.pl\/index.php\/wp-json\/wp\/v2\/comments?post=6565"}],"version-history":[{"count":1,"href":"https:\/\/rotary.zamosc.pl\/index.php\/wp-json\/wp\/v2\/posts\/6565\/revisions"}],"predecessor-version":[{"id":6566,"href":"https:\/\/rotary.zamosc.pl\/index.php\/wp-json\/wp\/v2\/posts\/6565\/revisions\/6566"}],"wp:featuredmedia":[{"embeddable":true,"href":"https:\/\/rotary.zamosc.pl\/index.php\/wp-json\/wp\/v2\/media\/3012"}],"wp:attachment":[{"href":"https:\/\/rotary.zamosc.pl\/index.php\/wp-json\/wp\/v2\/media?parent=6565"}],"wp:term":[{"taxonomy":"category","embeddable":true,"href":"https:\/\/rotary.zamosc.pl\/index.php\/wp-json\/wp\/v2\/categories?post=6565"},{"taxonomy":"post_tag","embeddable":true,"href":"https:\/\/rotary.zamosc.pl\/index.php\/wp-json\/wp\/v2\/tags?post=6565"}],"curies":[{"name":"wp","href":"https:\/\/api.w.org\/{rel}","templated":true}]}}