{"id":6571,"date":"2022-08-16T08:53:00","date_gmt":"2022-08-16T06:53:00","guid":{"rendered":"https:\/\/rotary.zamosc.pl\/?p=6571"},"modified":"2026-03-18T08:54:53","modified_gmt":"2026-03-18T07:54:53","slug":"zamojscy-rotarianie-z-pomoca-dla-pogotowia-ratunkowego-w-kolomyi","status":"publish","type":"post","link":"https:\/\/rotary.zamosc.pl\/index.php\/2022\/08\/16\/zamojscy-rotarianie-z-pomoca-dla-pogotowia-ratunkowego-w-kolomyi\/","title":{"rendered":"Zamojscy Rotarianie z pomoc\u0105 dla Pogotowia Ratunkowego w Kolomyi"},"content":{"rendered":"\n<p class=\"wp-block-paragraph\">W przepi\u0119kny gor\u0105cy lipcowy dzie\u0144 grupa Rotarian w sk\u0142adzie:<\/p>\n\n\n\n<p class=\"wp-block-paragraph\">Wojciech Majchrzycki &#8211; prezydent RC Pozna\u0144, El\u017cbieta Szyma\u0144ska &#8211; Prezydent RC Zamo\u015b\u0107, Bogdan Szyma\u0144ski i Rafa\u0142 Pasieka -RC Zamo\u015b\u0107, wybra\u0142a si\u0119 do ukochanej Kolomyi z niezb\u0119dn\u0105 pomoc\u0105 rzeczow\u0105 w postaci: kardiowerter\u00f3w, urz\u0105dze\u0144 do pomiaru ekg, manekin\u00f3w do \u0107wiczenia reanimacji, skaner\u00f3w \u017cy\u0142 i niezb\u0119dnych plecak\u00f3w ratunkowych Traumakit. Warto\u015b\u0107 przekazanego sprz\u0119tu opiewa na kwot\u0119 30.000 Dolar\u00f3w USA<\/p>\n\n\n\n<p class=\"wp-block-paragraph\">Sprz\u0119t dzi\u0119ki Pozna\u0144skiemu klubowi i przyjacio\u0142om z USA zosta\u0142 przekazany do Pogotowia Ratunkowego w Kolomyi.<\/p>\n\n\n\n<p class=\"wp-block-paragraph\">Na uroczysto\u015bci przybyli :Mer Miasta Kolomyi Bogdan Stanis\u0142awski, Generalny Dyrektor Obwodowego Centrum Ekstremalnej Pomocy i Medeycyny Katastrof Myron Matejko, G\u0142\u00f3wny lekarz Pogotowia w Kolomyi Stanislaw Olyjnik, Stanis\u0142awa Padkowska-Kolysenko &#8211; Prezes Towarzystwa Kultury Polskiej \u201ePokucie\u201d w Kolomyi, jak te\u017c Gubernator Rotary w Ukrainie Wlodymir Bondarenko z Ma\u0142\u017conk\u0105, Rotarianie z Klubu w Kolomyi, Lekarze, pracownicy Kolomyiskiej \u201ebolnicy\u201d, zaproszona prasa i lokalna telewizja.<\/p>\n\n\n\n<p class=\"wp-block-paragraph\">Po uroczystym przekazaniu rzeczy, delegacja Rotarian uda\u0142a si\u0119 do pobliskiego parku gdzie pod pomnikiem Adama Mickiewicza, kt\u00f3ry stoi w Kolomyi od 1897 roku, El\u017cbieta Szyma\u0144ska wraz z Wojciechem Majchrzyckim, z\u0142o\u017cyli wieniec.<\/p>\n\n\n\n<p class=\"wp-block-paragraph\">Po oficjalnych uroczysto\u015bciach w pi\u0119knym Kolomyjskim parku odby\u0142 si\u0119 koncert naszych kochanych dzieciak\u00f3w z zespo\u0142u \u201eKwiaty Pokucia\u201d, pie\u015b\u0144 \u201e&#8230;Daleko\u201d w naszych sercach jest od dawna&#8230;<\/p>\n\n\n\n<p class=\"wp-block-paragraph\">W pobliskiej kawiarni parkowej nasze Ko\u0142omyjskie \u201edzieciaki\u201d zjad\u0142y lody, a Rotarianie przeszli do rozm\u00f3w o bie\u017c\u0105cych i przysz\u0142ych potrzebach naszej Polonii i Ukrai\u0144skich Braci.<\/p>\n\n\n\n<p class=\"wp-block-paragraph\">Nied\u0142ugo Rotarianie wr\u00f3c\u0105 do tego pi\u0119knego miasta nad rzek\u0105 PRUT.<\/p>\n\n\n\n<figure class=\"wp-block-gallery has-nested-images columns-1 is-cropped wp-block-gallery-1 is-layout-flex wp-block-gallery-is-layout-flex\">\n<figure class=\"wp-block-image size-large\"><img fetchpriority=\"high\" decoding=\"async\" width=\"721\" height=\"1600\" data-id=\"2981\" src=\"https:\/\/rotary.zamosc.pl\/wp-content\/uploads\/2022\/08\/WhatsApp-Image-2022-08-16-at-10.03.475.jpeg\" alt=\"\" class=\"wp-image-2981\" srcset=\"https:\/\/rotary.zamosc.pl\/wp-content\/uploads\/2022\/08\/WhatsApp-Image-2022-08-16-at-10.03.475.jpeg 721w, https:\/\/rotary.zamosc.pl\/wp-content\/uploads\/2022\/08\/WhatsApp-Image-2022-08-16-at-10.03.475-135x300.jpeg 135w\" sizes=\"(max-width: 721px) 100vw, 721px\" \/><\/figure>\n\n\n\n<figure class=\"wp-block-image size-large\"><img decoding=\"async\" width=\"700\" height=\"315\" data-id=\"2980\" src=\"https:\/\/rotary.zamosc.pl\/wp-content\/uploads\/2022\/08\/WhatsApp-Image-2022-08-16-at-10.03.474-700x315.jpeg\" alt=\"\" class=\"wp-image-2980\" srcset=\"https:\/\/rotary.zamosc.pl\/wp-content\/uploads\/2022\/08\/WhatsApp-Image-2022-08-16-at-10.03.474-700x315.jpeg 700w, https:\/\/rotary.zamosc.pl\/wp-content\/uploads\/2022\/08\/WhatsApp-Image-2022-08-16-at-10.03.474-300x135.jpeg 300w, https:\/\/rotary.zamosc.pl\/wp-content\/uploads\/2022\/08\/WhatsApp-Image-2022-08-16-at-10.03.474-768x346.jpeg 768w, https:\/\/rotary.zamosc.pl\/wp-content\/uploads\/2022\/08\/WhatsApp-Image-2022-08-16-at-10.03.474-1536x691.jpeg 1536w, https:\/\/rotary.zamosc.pl\/wp-content\/uploads\/2022\/08\/WhatsApp-Image-2022-08-16-at-10.03.474-800x360.jpeg 800w, https:\/\/rotary.zamosc.pl\/wp-content\/uploads\/2022\/08\/WhatsApp-Image-2022-08-16-at-10.03.474.jpeg 1600w\" sizes=\"(max-width: 700px) 100vw, 700px\" \/><\/figure>\n\n\n\n<figure class=\"wp-block-image size-large\"><img decoding=\"async\" width=\"700\" height=\"315\" data-id=\"2979\" src=\"https:\/\/rotary.zamosc.pl\/wp-content\/uploads\/2022\/08\/WhatsApp-Image-2022-08-16-at-10.03.473-700x315.jpeg\" alt=\"\" class=\"wp-image-2979\" srcset=\"https:\/\/rotary.zamosc.pl\/wp-content\/uploads\/2022\/08\/WhatsApp-Image-2022-08-16-at-10.03.473-700x315.jpeg 700w, https:\/\/rotary.zamosc.pl\/wp-content\/uploads\/2022\/08\/WhatsApp-Image-2022-08-16-at-10.03.473-300x135.jpeg 300w, https:\/\/rotary.zamosc.pl\/wp-content\/uploads\/2022\/08\/WhatsApp-Image-2022-08-16-at-10.03.473-768x346.jpeg 768w, https:\/\/rotary.zamosc.pl\/wp-content\/uploads\/2022\/08\/WhatsApp-Image-2022-08-16-at-10.03.473-1536x691.jpeg 1536w, https:\/\/rotary.zamosc.pl\/wp-content\/uploads\/2022\/08\/WhatsApp-Image-2022-08-16-at-10.03.473-800x360.jpeg 800w, https:\/\/rotary.zamosc.pl\/wp-content\/uploads\/2022\/08\/WhatsApp-Image-2022-08-16-at-10.03.473.jpeg 1600w\" sizes=\"(max-width: 700px) 100vw, 700px\" \/><\/figure>\n\n\n\n<figure class=\"wp-block-image size-large\"><img loading=\"lazy\" decoding=\"async\" width=\"700\" height=\"315\" data-id=\"2978\" src=\"https:\/\/rotary.zamosc.pl\/wp-content\/uploads\/2022\/08\/WhatsApp-Image-2022-08-16-at-10.03.472-700x315.jpeg\" alt=\"\" class=\"wp-image-2978\" srcset=\"https:\/\/rotary.zamosc.pl\/wp-content\/uploads\/2022\/08\/WhatsApp-Image-2022-08-16-at-10.03.472-700x315.jpeg 700w, https:\/\/rotary.zamosc.pl\/wp-content\/uploads\/2022\/08\/WhatsApp-Image-2022-08-16-at-10.03.472-300x135.jpeg 300w, https:\/\/rotary.zamosc.pl\/wp-content\/uploads\/2022\/08\/WhatsApp-Image-2022-08-16-at-10.03.472-768x346.jpeg 768w, https:\/\/rotary.zamosc.pl\/wp-content\/uploads\/2022\/08\/WhatsApp-Image-2022-08-16-at-10.03.472-1536x691.jpeg 1536w, https:\/\/rotary.zamosc.pl\/wp-content\/uploads\/2022\/08\/WhatsApp-Image-2022-08-16-at-10.03.472-800x360.jpeg 800w, https:\/\/rotary.zamosc.pl\/wp-content\/uploads\/2022\/08\/WhatsApp-Image-2022-08-16-at-10.03.472.jpeg 1600w\" sizes=\"(max-width: 700px) 100vw, 700px\" \/><\/figure>\n\n\n\n<figure class=\"wp-block-image size-large\"><img loading=\"lazy\" decoding=\"async\" width=\"700\" height=\"1553\" data-id=\"2977\" src=\"https:\/\/rotary.zamosc.pl\/wp-content\/uploads\/2022\/08\/WhatsApp-Image-2022-08-16-at-10.03.471-700x1553.jpeg\" alt=\"\" class=\"wp-image-2977\" srcset=\"https:\/\/rotary.zamosc.pl\/wp-content\/uploads\/2022\/08\/WhatsApp-Image-2022-08-16-at-10.03.471-700x1553.jpeg 700w, https:\/\/rotary.zamosc.pl\/wp-content\/uploads\/2022\/08\/WhatsApp-Image-2022-08-16-at-10.03.471-135x300.jpeg 135w, https:\/\/rotary.zamosc.pl\/wp-content\/uploads\/2022\/08\/WhatsApp-Image-2022-08-16-at-10.03.471-692x1536.jpeg 692w, https:\/\/rotary.zamosc.pl\/wp-content\/uploads\/2022\/08\/WhatsApp-Image-2022-08-16-at-10.03.471.jpeg 721w\" sizes=\"(max-width: 700px) 100vw, 700px\" \/><\/figure>\n\n\n\n<figure class=\"wp-block-image size-large\"><img loading=\"lazy\" decoding=\"async\" width=\"700\" height=\"1553\" data-id=\"2976\" src=\"https:\/\/rotary.zamosc.pl\/wp-content\/uploads\/2022\/08\/WhatsApp-Image-2022-08-16-at-10.03.47-700x1553.jpeg\" alt=\"\" class=\"wp-image-2976\" srcset=\"https:\/\/rotary.zamosc.pl\/wp-content\/uploads\/2022\/08\/WhatsApp-Image-2022-08-16-at-10.03.47-700x1553.jpeg 700w, https:\/\/rotary.zamosc.pl\/wp-content\/uploads\/2022\/08\/WhatsApp-Image-2022-08-16-at-10.03.47-135x300.jpeg 135w, https:\/\/rotary.zamosc.pl\/wp-content\/uploads\/2022\/08\/WhatsApp-Image-2022-08-16-at-10.03.47-692x1536.jpeg 692w, https:\/\/rotary.zamosc.pl\/wp-content\/uploads\/2022\/08\/WhatsApp-Image-2022-08-16-at-10.03.47.jpeg 721w\" sizes=\"(max-width: 700px) 100vw, 700px\" \/><\/figure>\n<\/figure>\n","protected":false},"excerpt":{"rendered":"<p>W przepi\u0119kny gor\u0105cy lipcowy dzie\u0144 grupa Rotarian w sk\u0142adzie: Wojciech Majchrzycki &#8211; prezydent RC Pozna\u0144, El\u017cbieta Szyma\u0144ska &#8211; Prezydent RC Zamo\u015b\u0107, Bogdan Szyma\u0144ski i Rafa\u0142 Pasieka -RC Zamo\u015b\u0107, wybra\u0142a si\u0119 do ukochanej Kolomyi z niezb\u0119dn\u0105 pomoc\u0105 rzeczow\u0105 w postaci: kardiowerter\u00f3w, urz\u0105dze\u0144 do pomiaru ekg, manekin\u00f3w do \u0107wiczenia reanimacji, skaner\u00f3w \u017cy\u0142 i niezb\u0119dnych plecak\u00f3w ratunkowych Traumakit&#8230;.<\/p>\n","protected":false},"author":1,"featured_media":2983,"comment_status":"open","ping_status":"open","sticky":false,"template":"","format":"standard","meta":{"footnotes":""},"categories":[13,12],"tags":[],"class_list":["post-6571","post","type-post","status-publish","format-standard","has-post-thumbnail","hentry","category-13","category-pomoc-ukrainie"],"rttpg_featured_image_url":{"full":["https:\/\/rotary.zamosc.pl\/wp-content\/uploads\/2022\/08\/WhatsApp-Image-2022-08-16-at-10.03.48.jpeg",1600,720,false],"landscape":["https:\/\/rotary.zamosc.pl\/wp-content\/uploads\/2022\/08\/WhatsApp-Image-2022-08-16-at-10.03.48.jpeg",1600,720,false],"portraits":["https:\/\/rotary.zamosc.pl\/wp-content\/uploads\/2022\/08\/WhatsApp-Image-2022-08-16-at-10.03.48.jpeg",1600,720,false],"thumbnail":["https:\/\/rotary.zamosc.pl\/wp-content\/uploads\/2022\/08\/WhatsApp-Image-2022-08-16-at-10.03.48-150x150.jpeg",150,150,true],"medium":["https:\/\/rotary.zamosc.pl\/wp-content\/uploads\/2022\/08\/WhatsApp-Image-2022-08-16-at-10.03.48-300x135.jpeg",300,135,true],"large":["https:\/\/rotary.zamosc.pl\/wp-content\/uploads\/2022\/08\/WhatsApp-Image-2022-08-16-at-10.03.48-700x315.jpeg",700,315,true],"1536x1536":["https:\/\/rotary.zamosc.pl\/wp-content\/uploads\/2022\/08\/WhatsApp-Image-2022-08-16-at-10.03.48-1536x691.jpeg",1536,691,true],"2048x2048":["https:\/\/rotary.zamosc.pl\/wp-content\/uploads\/2022\/08\/WhatsApp-Image-2022-08-16-at-10.03.48.jpeg",1600,720,false],"post-thumbnail":["https:\/\/rotary.zamosc.pl\/wp-content\/uploads\/2022\/08\/WhatsApp-Image-2022-08-16-at-10.03.48-800x360.jpeg",800,360,true],"graphy-post-thumbnail-large":["https:\/\/rotary.zamosc.pl\/wp-content\/uploads\/2022\/08\/WhatsApp-Image-2022-08-16-at-10.03.48-1080x600.jpeg",1080,600,true],"graphy-post-thumbnail-medium":["https:\/\/rotary.zamosc.pl\/wp-content\/uploads\/2022\/08\/WhatsApp-Image-2022-08-16-at-10.03.48-482x300.jpeg",482,300,true],"graphy-post-thumbnail-small":["https:\/\/rotary.zamosc.pl\/wp-content\/uploads\/2022\/08\/WhatsApp-Image-2022-08-16-at-10.03.48-80x60.jpeg",80,60,true],"graphy-page-thumbnail":["https:\/\/rotary.zamosc.pl\/wp-content\/uploads\/2022\/08\/WhatsApp-Image-2022-08-16-at-10.03.48-1260x350.jpeg",1260,350,true],"sow-carousel-default":["https:\/\/rotary.zamosc.pl\/wp-content\/uploads\/2022\/08\/WhatsApp-Image-2022-08-16-at-10.03.48-272x182.jpeg",272,182,true]},"rttpg_author":{"display_name":"rotaryzamosc","author_link":"https:\/\/rotary.zamosc.pl\/index.php\/author\/rotaryzamosc\/"},"rttpg_comment":0,"rttpg_category":"<a href=\"https:\/\/rotary.zamosc.pl\/index.php\/category\/2022\/\" rel=\"category tag\">2022<\/a> <a href=\"https:\/\/rotary.zamosc.pl\/index.php\/category\/pomoc-ukrainie\/\" rel=\"category tag\">Pomoc Ukrainie<\/a>","rttpg_excerpt":"W przepi\u0119kny gor\u0105cy lipcowy dzie\u0144 grupa Rotarian w sk\u0142adzie: Wojciech Majchrzycki &#8211; prezydent RC Pozna\u0144, El\u017cbieta Szyma\u0144ska &#8211; Prezydent RC Zamo\u015b\u0107, Bogdan Szyma\u0144ski i Rafa\u0142 Pasieka -RC Zamo\u015b\u0107, wybra\u0142a si\u0119 do ukochanej Kolomyi z niezb\u0119dn\u0105 pomoc\u0105 rzeczow\u0105 w postaci: kardiowerter\u00f3w, urz\u0105dze\u0144 do pomiaru ekg, manekin\u00f3w do \u0107wiczenia reanimacji, skaner\u00f3w \u017cy\u0142 i niezb\u0119dnych plecak\u00f3w ratunkowych Traumakit....","_links":{"self":[{"href":"https:\/\/rotary.zamosc.pl\/index.php\/wp-json\/wp\/v2\/posts\/6571","targetHints":{"allow":["GET"]}}],"collection":[{"href":"https:\/\/rotary.zamosc.pl\/index.php\/wp-json\/wp\/v2\/posts"}],"about":[{"href":"https:\/\/rotary.zamosc.pl\/index.php\/wp-json\/wp\/v2\/types\/post"}],"author":[{"embeddable":true,"href":"https:\/\/rotary.zamosc.pl\/index.php\/wp-json\/wp\/v2\/users\/1"}],"replies":[{"embeddable":true,"href":"https:\/\/rotary.zamosc.pl\/index.php\/wp-json\/wp\/v2\/comments?post=6571"}],"version-history":[{"count":1,"href":"https:\/\/rotary.zamosc.pl\/index.php\/wp-json\/wp\/v2\/posts\/6571\/revisions"}],"predecessor-version":[{"id":6572,"href":"https:\/\/rotary.zamosc.pl\/index.php\/wp-json\/wp\/v2\/posts\/6571\/revisions\/6572"}],"wp:featuredmedia":[{"embeddable":true,"href":"https:\/\/rotary.zamosc.pl\/index.php\/wp-json\/wp\/v2\/media\/2983"}],"wp:attachment":[{"href":"https:\/\/rotary.zamosc.pl\/index.php\/wp-json\/wp\/v2\/media?parent=6571"}],"wp:term":[{"taxonomy":"category","embeddable":true,"href":"https:\/\/rotary.zamosc.pl\/index.php\/wp-json\/wp\/v2\/categories?post=6571"},{"taxonomy":"post_tag","embeddable":true,"href":"https:\/\/rotary.zamosc.pl\/index.php\/wp-json\/wp\/v2\/tags?post=6571"}],"curies":[{"name":"wp","href":"https:\/\/api.w.org\/{rel}","templated":true}]}}