{"id":6575,"date":"2022-06-21T08:56:00","date_gmt":"2022-06-21T06:56:00","guid":{"rendered":"https:\/\/rotary.zamosc.pl\/?p=6575"},"modified":"2026-03-18T08:57:37","modified_gmt":"2026-03-18T07:57:37","slug":"kolejny-transport-humanitarny-dla-ukrainy","status":"publish","type":"post","link":"https:\/\/rotary.zamosc.pl\/index.php\/2022\/06\/21\/kolejny-transport-humanitarny-dla-ukrainy\/","title":{"rendered":"Kolejny transport humanitarny dla Ukrainy"},"content":{"rendered":"\n<p class=\"wp-block-paragraph\">Nasz klub RC Zamo\u015b\u0107 za po\u015brednictwem naszych koleg\u00f3w Jurka Liberadzkiego i Mirka Piwkowskiego, pozyska\u0142 kolejny transport z pomoc\u0105 humanitarn\u0105 z Holandii.<\/p>\n\n\n\n<p class=\"wp-block-paragraph\">5 czerwca dotar\u0142 do Zamo\u015bcia bus wype\u0142niony odzie\u017c\u0105, po\u015bciel\u0105, puszkami z \u017cywno\u015bci\u0105, artyku\u0142ami medycznymi i chemi\u0105 gospodarcz\u0105.<\/p>\n\n\n\n<p class=\"wp-block-paragraph\">9 czerwca za po\u015brednictwem naszych przyjaci\u00f3\u0142 ze stowarzyszenia Wo\u0142y\u0144ski Rajd Motocyklowy pomoc z Holandii trafi\u0142a w okolice Kijowa, gdzie zosta\u0142a rozdysponowana.<\/p>\n\n\n\n<figure class=\"wp-block-gallery has-nested-images columns-1 is-cropped wp-block-gallery-1 is-layout-flex wp-block-gallery-is-layout-flex\">\n<figure class=\"wp-block-image size-large\"><img fetchpriority=\"high\" decoding=\"async\" width=\"700\" height=\"394\" data-id=\"2853\" src=\"https:\/\/rotary.zamosc.pl\/wp-content\/uploads\/2022\/06\/Kolejny-transport-humanitarny-dla-Ukrainy-4-700x394.jpg\" alt=\"\" class=\"wp-image-2853\" srcset=\"https:\/\/rotary.zamosc.pl\/wp-content\/uploads\/2022\/06\/Kolejny-transport-humanitarny-dla-Ukrainy-4-700x394.jpg 700w, https:\/\/rotary.zamosc.pl\/wp-content\/uploads\/2022\/06\/Kolejny-transport-humanitarny-dla-Ukrainy-4-300x169.jpg 300w, https:\/\/rotary.zamosc.pl\/wp-content\/uploads\/2022\/06\/Kolejny-transport-humanitarny-dla-Ukrainy-4-768x432.jpg 768w, https:\/\/rotary.zamosc.pl\/wp-content\/uploads\/2022\/06\/Kolejny-transport-humanitarny-dla-Ukrainy-4-1536x864.jpg 1536w, https:\/\/rotary.zamosc.pl\/wp-content\/uploads\/2022\/06\/Kolejny-transport-humanitarny-dla-Ukrainy-4-800x450.jpg 800w, https:\/\/rotary.zamosc.pl\/wp-content\/uploads\/2022\/06\/Kolejny-transport-humanitarny-dla-Ukrainy-4.jpg 2016w\" sizes=\"(max-width: 700px) 100vw, 700px\" \/><\/figure>\n\n\n\n<figure class=\"wp-block-image size-large\"><img decoding=\"async\" width=\"700\" height=\"394\" data-id=\"2852\" src=\"https:\/\/rotary.zamosc.pl\/wp-content\/uploads\/2022\/06\/Kolejny-transport-humanitarny-dla-Ukrainy-3-700x394.jpg\" alt=\"\" class=\"wp-image-2852\" srcset=\"https:\/\/rotary.zamosc.pl\/wp-content\/uploads\/2022\/06\/Kolejny-transport-humanitarny-dla-Ukrainy-3-700x394.jpg 700w, https:\/\/rotary.zamosc.pl\/wp-content\/uploads\/2022\/06\/Kolejny-transport-humanitarny-dla-Ukrainy-3-300x169.jpg 300w, https:\/\/rotary.zamosc.pl\/wp-content\/uploads\/2022\/06\/Kolejny-transport-humanitarny-dla-Ukrainy-3-768x432.jpg 768w, https:\/\/rotary.zamosc.pl\/wp-content\/uploads\/2022\/06\/Kolejny-transport-humanitarny-dla-Ukrainy-3-1536x864.jpg 1536w, https:\/\/rotary.zamosc.pl\/wp-content\/uploads\/2022\/06\/Kolejny-transport-humanitarny-dla-Ukrainy-3-800x450.jpg 800w, https:\/\/rotary.zamosc.pl\/wp-content\/uploads\/2022\/06\/Kolejny-transport-humanitarny-dla-Ukrainy-3.jpg 2016w\" sizes=\"(max-width: 700px) 100vw, 700px\" \/><\/figure>\n\n\n\n<figure class=\"wp-block-image size-large\"><img decoding=\"async\" width=\"700\" height=\"394\" data-id=\"2851\" src=\"https:\/\/rotary.zamosc.pl\/wp-content\/uploads\/2022\/06\/Kolejny-transport-humanitarny-dla-Ukrainy-2-700x394.jpg\" alt=\"\" class=\"wp-image-2851\" srcset=\"https:\/\/rotary.zamosc.pl\/wp-content\/uploads\/2022\/06\/Kolejny-transport-humanitarny-dla-Ukrainy-2-700x394.jpg 700w, https:\/\/rotary.zamosc.pl\/wp-content\/uploads\/2022\/06\/Kolejny-transport-humanitarny-dla-Ukrainy-2-300x169.jpg 300w, https:\/\/rotary.zamosc.pl\/wp-content\/uploads\/2022\/06\/Kolejny-transport-humanitarny-dla-Ukrainy-2-768x432.jpg 768w, https:\/\/rotary.zamosc.pl\/wp-content\/uploads\/2022\/06\/Kolejny-transport-humanitarny-dla-Ukrainy-2-1536x864.jpg 1536w, https:\/\/rotary.zamosc.pl\/wp-content\/uploads\/2022\/06\/Kolejny-transport-humanitarny-dla-Ukrainy-2-800x450.jpg 800w, https:\/\/rotary.zamosc.pl\/wp-content\/uploads\/2022\/06\/Kolejny-transport-humanitarny-dla-Ukrainy-2.jpg 2016w\" sizes=\"(max-width: 700px) 100vw, 700px\" \/><\/figure>\n<\/figure>\n","protected":false},"excerpt":{"rendered":"<p>Nasz klub RC Zamo\u015b\u0107 za po\u015brednictwem naszych koleg\u00f3w Jurka Liberadzkiego i Mirka Piwkowskiego, pozyska\u0142 kolejny transport z pomoc\u0105 humanitarn\u0105 z Holandii. 5 czerwca dotar\u0142 do Zamo\u015bcia bus wype\u0142niony odzie\u017c\u0105, po\u015bciel\u0105, puszkami z \u017cywno\u015bci\u0105, artyku\u0142ami medycznymi i chemi\u0105 gospodarcz\u0105. 9 czerwca za po\u015brednictwem naszych przyjaci\u00f3\u0142 ze stowarzyszenia Wo\u0142y\u0144ski Rajd Motocyklowy pomoc z Holandii trafi\u0142a w okolice&#8230;<\/p>\n","protected":false},"author":1,"featured_media":2850,"comment_status":"open","ping_status":"open","sticky":false,"template":"","format":"standard","meta":{"footnotes":""},"categories":[13,12],"tags":[],"class_list":["post-6575","post","type-post","status-publish","format-standard","has-post-thumbnail","hentry","category-13","category-pomoc-ukrainie"],"rttpg_featured_image_url":{"full":["https:\/\/rotary.zamosc.pl\/wp-content\/uploads\/2022\/06\/Kolejny-transport-humanitarny-dla-Ukrainy-1.jpg",2016,1134,false],"landscape":["https:\/\/rotary.zamosc.pl\/wp-content\/uploads\/2022\/06\/Kolejny-transport-humanitarny-dla-Ukrainy-1.jpg",2016,1134,false],"portraits":["https:\/\/rotary.zamosc.pl\/wp-content\/uploads\/2022\/06\/Kolejny-transport-humanitarny-dla-Ukrainy-1.jpg",2016,1134,false],"thumbnail":["https:\/\/rotary.zamosc.pl\/wp-content\/uploads\/2022\/06\/Kolejny-transport-humanitarny-dla-Ukrainy-1-150x150.jpg",150,150,true],"medium":["https:\/\/rotary.zamosc.pl\/wp-content\/uploads\/2022\/06\/Kolejny-transport-humanitarny-dla-Ukrainy-1-300x169.jpg",300,169,true],"large":["https:\/\/rotary.zamosc.pl\/wp-content\/uploads\/2022\/06\/Kolejny-transport-humanitarny-dla-Ukrainy-1-700x394.jpg",700,394,true],"1536x1536":["https:\/\/rotary.zamosc.pl\/wp-content\/uploads\/2022\/06\/Kolejny-transport-humanitarny-dla-Ukrainy-1-1536x864.jpg",1536,864,true],"2048x2048":["https:\/\/rotary.zamosc.pl\/wp-content\/uploads\/2022\/06\/Kolejny-transport-humanitarny-dla-Ukrainy-1.jpg",2016,1134,false],"post-thumbnail":["https:\/\/rotary.zamosc.pl\/wp-content\/uploads\/2022\/06\/Kolejny-transport-humanitarny-dla-Ukrainy-1-800x450.jpg",800,450,true],"graphy-post-thumbnail-large":["https:\/\/rotary.zamosc.pl\/wp-content\/uploads\/2022\/06\/Kolejny-transport-humanitarny-dla-Ukrainy-1-1080x600.jpg",1080,600,true],"graphy-post-thumbnail-medium":["https:\/\/rotary.zamosc.pl\/wp-content\/uploads\/2022\/06\/Kolejny-transport-humanitarny-dla-Ukrainy-1-482x300.jpg",482,300,true],"graphy-post-thumbnail-small":["https:\/\/rotary.zamosc.pl\/wp-content\/uploads\/2022\/06\/Kolejny-transport-humanitarny-dla-Ukrainy-1-80x60.jpg",80,60,true],"graphy-page-thumbnail":["https:\/\/rotary.zamosc.pl\/wp-content\/uploads\/2022\/06\/Kolejny-transport-humanitarny-dla-Ukrainy-1-1260x350.jpg",1260,350,true],"sow-carousel-default":["https:\/\/rotary.zamosc.pl\/wp-content\/uploads\/2022\/06\/Kolejny-transport-humanitarny-dla-Ukrainy-1-272x182.jpg",272,182,true]},"rttpg_author":{"display_name":"rotaryzamosc","author_link":"https:\/\/rotary.zamosc.pl\/index.php\/author\/rotaryzamosc\/"},"rttpg_comment":0,"rttpg_category":"<a href=\"https:\/\/rotary.zamosc.pl\/index.php\/category\/2022\/\" rel=\"category tag\">2022<\/a> <a href=\"https:\/\/rotary.zamosc.pl\/index.php\/category\/pomoc-ukrainie\/\" rel=\"category tag\">Pomoc Ukrainie<\/a>","rttpg_excerpt":"Nasz klub RC Zamo\u015b\u0107 za po\u015brednictwem naszych koleg\u00f3w Jurka Liberadzkiego i Mirka Piwkowskiego, pozyska\u0142 kolejny transport z pomoc\u0105 humanitarn\u0105 z Holandii. 5 czerwca dotar\u0142 do Zamo\u015bcia bus wype\u0142niony odzie\u017c\u0105, po\u015bciel\u0105, puszkami z \u017cywno\u015bci\u0105, artyku\u0142ami medycznymi i chemi\u0105 gospodarcz\u0105. 9 czerwca za po\u015brednictwem naszych przyjaci\u00f3\u0142 ze stowarzyszenia Wo\u0142y\u0144ski Rajd Motocyklowy pomoc z Holandii trafi\u0142a w okolice...","_links":{"self":[{"href":"https:\/\/rotary.zamosc.pl\/index.php\/wp-json\/wp\/v2\/posts\/6575","targetHints":{"allow":["GET"]}}],"collection":[{"href":"https:\/\/rotary.zamosc.pl\/index.php\/wp-json\/wp\/v2\/posts"}],"about":[{"href":"https:\/\/rotary.zamosc.pl\/index.php\/wp-json\/wp\/v2\/types\/post"}],"author":[{"embeddable":true,"href":"https:\/\/rotary.zamosc.pl\/index.php\/wp-json\/wp\/v2\/users\/1"}],"replies":[{"embeddable":true,"href":"https:\/\/rotary.zamosc.pl\/index.php\/wp-json\/wp\/v2\/comments?post=6575"}],"version-history":[{"count":1,"href":"https:\/\/rotary.zamosc.pl\/index.php\/wp-json\/wp\/v2\/posts\/6575\/revisions"}],"predecessor-version":[{"id":6576,"href":"https:\/\/rotary.zamosc.pl\/index.php\/wp-json\/wp\/v2\/posts\/6575\/revisions\/6576"}],"wp:featuredmedia":[{"embeddable":true,"href":"https:\/\/rotary.zamosc.pl\/index.php\/wp-json\/wp\/v2\/media\/2850"}],"wp:attachment":[{"href":"https:\/\/rotary.zamosc.pl\/index.php\/wp-json\/wp\/v2\/media?parent=6575"}],"wp:term":[{"taxonomy":"category","embeddable":true,"href":"https:\/\/rotary.zamosc.pl\/index.php\/wp-json\/wp\/v2\/categories?post=6575"},{"taxonomy":"post_tag","embeddable":true,"href":"https:\/\/rotary.zamosc.pl\/index.php\/wp-json\/wp\/v2\/tags?post=6575"}],"curies":[{"name":"wp","href":"https:\/\/api.w.org\/{rel}","templated":true}]}}