{"id":6577,"date":"2022-06-03T08:57:00","date_gmt":"2022-06-03T06:57:00","guid":{"rendered":"https:\/\/rotary.zamosc.pl\/?p=6577"},"modified":"2026-03-18T08:58:42","modified_gmt":"2026-03-18T07:58:42","slug":"nowa-kadencja-w-rc-zamosc-2022","status":"publish","type":"post","link":"https:\/\/rotary.zamosc.pl\/index.php\/2022\/06\/03\/nowa-kadencja-w-rc-zamosc-2022\/","title":{"rendered":"Nowa kadencja w RC Zamo\u015b\u0107 2022"},"content":{"rendered":"\n<p class=\"wp-block-paragraph\">3 czerwca 2022 roku w Hotelu Artis w Zamo\u015bciu, odby\u0142o si\u0119 uroczyste przekazanie s\u0142u\u017cby rotaria\u0144skiej. Tym samym, Prezydent Zbigniew \u017bukowski zako\u0144czy\u0142 swoj\u0105 kadencj\u0119 i przekaza\u0142 insygnia Prezydent Elekt El\u017cbiecie Szyma\u0144skiej, kt\u00f3ra jest pierwsz\u0105 kobiet\u0105 prezydentem, od powstania klubu w 1994 r.<\/p>\n\n\n\n<p class=\"wp-block-paragraph\">\u201eMottem przewodnim mojej kadencji niech b\u0119d\u0105 s\u0142owa zaczerpni\u0119te z tekstu piosenki Stanis\u0142awa Sojki \u201eTolerancja\u201d \u2013 powiedzia\u0142a Prezydent Ela Szyma\u0144ska:<\/p>\n\n\n\n<p class=\"wp-block-paragraph\">\u201e\u2026Na mi\u0142y B\u00f3g,<\/p>\n\n\n\n<p class=\"wp-block-paragraph\">\u017bycie nie tylko po to jest, by bra\u0107<\/p>\n\n\n\n<p class=\"wp-block-paragraph\">\u017bycie nie po to, by bezczynnie trwa\u0107<\/p>\n\n\n\n<p class=\"wp-block-paragraph\">I aby \u017cy\u0107 siebie samego trzeba da\u0107\u2026\u201d<\/p>\n\n\n\n<p class=\"wp-block-paragraph\">Funkcj\u0119 Vice Prezydenta b\u0119dzie pe\u0142ni\u0142 Janusz Nowosad.<\/p>\n\n\n\n<p class=\"wp-block-paragraph\">Gratulujemy i \u017cyczymy Pani Prezydent i nowemu zarz\u0105dowi ogromu satysfakcji z pe\u0142nienia tej zaszczytnej funkcji.<\/p>\n\n\n\n<p class=\"wp-block-paragraph\">Dzi\u0119kujemy Prezydentowi Zbyszkowi \u017bukowskiemu i Zarz\u0105dowi za owocn\u0105<\/p>\n\n\n\n<p class=\"wp-block-paragraph\">i pe\u0142n\u0105 pasji prac\u0119 w mijaj\u0105cej kadencji.<\/p>\n\n\n\n<p class=\"wp-block-paragraph\">Podczas przekazania s\u0142u\u017cby, na mocy podj\u0119tej wcze\u015bniej uchwa\u0142y Zgromadzenia Cz\u0142onk\u00f3w Klubu, mia\u0142o tak\u017ce miejsce uroczyste wr\u0119czenie honorowego cz\u0142onkostwa naszemu d\u0142ugoletniemu sympatykowi, nauczycielowi i podr\u00f3\u017cnikowi, Jackowi Podko\u015bcielnemu.<\/p>\n\n\n\n<p class=\"wp-block-paragraph\">Dzi\u0119ki Jackowi oraz platformie ZOOM, podczas pandemii podr\u00f3\u017cowali\u015bmy wirtualnie po \u015bwiecie poznaj\u0105c kontynenty i miejsca, kt\u00f3rych nie mogli\u015bmy zwiedzi\u0107 na \u017cywo. Z zainteresowaniem korzystali z tych \u201ewypraw\u201d nasi koledzy i sympatycy z Klub\u00f3w Rotary z ca\u0142ej Polski.<\/p>\n\n\n\n<p class=\"wp-block-paragraph\">Dzi\u0119kujemy Jacku i czekamy na ciekawe, barwne opowie\u015bci z kolejnych Twoich woja\u017cy.<\/p>\n\n\n\n<figure class=\"wp-block-gallery has-nested-images columns-1 is-cropped wp-block-gallery-1 is-layout-flex wp-block-gallery-is-layout-flex\">\n<figure class=\"wp-block-image size-large\"><img fetchpriority=\"high\" decoding=\"async\" width=\"700\" height=\"394\" data-id=\"2846\" src=\"https:\/\/rotary.zamosc.pl\/wp-content\/uploads\/2022\/06\/Nowa-kadencja-w-RC-Zamosc-2022-8-700x394.jpg\" alt=\"\" class=\"wp-image-2846\" srcset=\"https:\/\/rotary.zamosc.pl\/wp-content\/uploads\/2022\/06\/Nowa-kadencja-w-RC-Zamosc-2022-8-700x394.jpg 700w, https:\/\/rotary.zamosc.pl\/wp-content\/uploads\/2022\/06\/Nowa-kadencja-w-RC-Zamosc-2022-8-300x169.jpg 300w, https:\/\/rotary.zamosc.pl\/wp-content\/uploads\/2022\/06\/Nowa-kadencja-w-RC-Zamosc-2022-8-768x432.jpg 768w, https:\/\/rotary.zamosc.pl\/wp-content\/uploads\/2022\/06\/Nowa-kadencja-w-RC-Zamosc-2022-8-1536x864.jpg 1536w, https:\/\/rotary.zamosc.pl\/wp-content\/uploads\/2022\/06\/Nowa-kadencja-w-RC-Zamosc-2022-8-800x450.jpg 800w, https:\/\/rotary.zamosc.pl\/wp-content\/uploads\/2022\/06\/Nowa-kadencja-w-RC-Zamosc-2022-8.jpg 1600w\" sizes=\"(max-width: 700px) 100vw, 700px\" \/><\/figure>\n\n\n\n<figure class=\"wp-block-image size-large\"><img decoding=\"async\" width=\"700\" height=\"1556\" data-id=\"2845\" src=\"https:\/\/rotary.zamosc.pl\/wp-content\/uploads\/2022\/06\/Nowa-kadencja-w-RC-Zamosc-2022-7-700x1556.jpg\" alt=\"\" class=\"wp-image-2845\" srcset=\"https:\/\/rotary.zamosc.pl\/wp-content\/uploads\/2022\/06\/Nowa-kadencja-w-RC-Zamosc-2022-7-700x1556.jpg 700w, https:\/\/rotary.zamosc.pl\/wp-content\/uploads\/2022\/06\/Nowa-kadencja-w-RC-Zamosc-2022-7-135x300.jpg 135w, https:\/\/rotary.zamosc.pl\/wp-content\/uploads\/2022\/06\/Nowa-kadencja-w-RC-Zamosc-2022-7-768x1707.jpg 768w, https:\/\/rotary.zamosc.pl\/wp-content\/uploads\/2022\/06\/Nowa-kadencja-w-RC-Zamosc-2022-7-691x1536.jpg 691w, https:\/\/rotary.zamosc.pl\/wp-content\/uploads\/2022\/06\/Nowa-kadencja-w-RC-Zamosc-2022-7-800x1778.jpg 800w, https:\/\/rotary.zamosc.pl\/wp-content\/uploads\/2022\/06\/Nowa-kadencja-w-RC-Zamosc-2022-7.jpg 900w\" sizes=\"(max-width: 700px) 100vw, 700px\" \/><\/figure>\n\n\n\n<figure class=\"wp-block-image size-large\"><img decoding=\"async\" width=\"700\" height=\"1553\" data-id=\"2844\" src=\"https:\/\/rotary.zamosc.pl\/wp-content\/uploads\/2022\/06\/Nowa-kadencja-w-RC-Zamosc-2022-6-700x1553.jpg\" alt=\"\" class=\"wp-image-2844\" srcset=\"https:\/\/rotary.zamosc.pl\/wp-content\/uploads\/2022\/06\/Nowa-kadencja-w-RC-Zamosc-2022-6-700x1553.jpg 700w, https:\/\/rotary.zamosc.pl\/wp-content\/uploads\/2022\/06\/Nowa-kadencja-w-RC-Zamosc-2022-6-135x300.jpg 135w, https:\/\/rotary.zamosc.pl\/wp-content\/uploads\/2022\/06\/Nowa-kadencja-w-RC-Zamosc-2022-6-768x1704.jpg 768w, https:\/\/rotary.zamosc.pl\/wp-content\/uploads\/2022\/06\/Nowa-kadencja-w-RC-Zamosc-2022-6-692x1536.jpg 692w, https:\/\/rotary.zamosc.pl\/wp-content\/uploads\/2022\/06\/Nowa-kadencja-w-RC-Zamosc-2022-6-800x1775.jpg 800w, https:\/\/rotary.zamosc.pl\/wp-content\/uploads\/2022\/06\/Nowa-kadencja-w-RC-Zamosc-2022-6.jpg 923w\" sizes=\"(max-width: 700px) 100vw, 700px\" \/><\/figure>\n\n\n\n<figure class=\"wp-block-image size-large\"><img loading=\"lazy\" decoding=\"async\" width=\"700\" height=\"315\" data-id=\"2843\" src=\"https:\/\/rotary.zamosc.pl\/wp-content\/uploads\/2022\/06\/Nowa-kadencja-w-RC-Zamosc-2022-5-700x315.jpg\" alt=\"\" class=\"wp-image-2843\" srcset=\"https:\/\/rotary.zamosc.pl\/wp-content\/uploads\/2022\/06\/Nowa-kadencja-w-RC-Zamosc-2022-5-700x315.jpg 700w, https:\/\/rotary.zamosc.pl\/wp-content\/uploads\/2022\/06\/Nowa-kadencja-w-RC-Zamosc-2022-5-300x135.jpg 300w, https:\/\/rotary.zamosc.pl\/wp-content\/uploads\/2022\/06\/Nowa-kadencja-w-RC-Zamosc-2022-5-768x346.jpg 768w, https:\/\/rotary.zamosc.pl\/wp-content\/uploads\/2022\/06\/Nowa-kadencja-w-RC-Zamosc-2022-5-1536x692.jpg 1536w, https:\/\/rotary.zamosc.pl\/wp-content\/uploads\/2022\/06\/Nowa-kadencja-w-RC-Zamosc-2022-5-800x361.jpg 800w, https:\/\/rotary.zamosc.pl\/wp-content\/uploads\/2022\/06\/Nowa-kadencja-w-RC-Zamosc-2022-5.jpg 2048w\" sizes=\"(max-width: 700px) 100vw, 700px\" \/><\/figure>\n\n\n\n<figure class=\"wp-block-image size-large\"><img loading=\"lazy\" decoding=\"async\" width=\"700\" height=\"315\" data-id=\"2842\" src=\"https:\/\/rotary.zamosc.pl\/wp-content\/uploads\/2022\/06\/Nowa-kadencja-w-RC-Zamosc-2022-4-700x315.jpg\" alt=\"\" class=\"wp-image-2842\" srcset=\"https:\/\/rotary.zamosc.pl\/wp-content\/uploads\/2022\/06\/Nowa-kadencja-w-RC-Zamosc-2022-4-700x315.jpg 700w, https:\/\/rotary.zamosc.pl\/wp-content\/uploads\/2022\/06\/Nowa-kadencja-w-RC-Zamosc-2022-4-300x135.jpg 300w, https:\/\/rotary.zamosc.pl\/wp-content\/uploads\/2022\/06\/Nowa-kadencja-w-RC-Zamosc-2022-4-768x346.jpg 768w, https:\/\/rotary.zamosc.pl\/wp-content\/uploads\/2022\/06\/Nowa-kadencja-w-RC-Zamosc-2022-4-1536x692.jpg 1536w, https:\/\/rotary.zamosc.pl\/wp-content\/uploads\/2022\/06\/Nowa-kadencja-w-RC-Zamosc-2022-4-800x361.jpg 800w, https:\/\/rotary.zamosc.pl\/wp-content\/uploads\/2022\/06\/Nowa-kadencja-w-RC-Zamosc-2022-4.jpg 2048w\" sizes=\"(max-width: 700px) 100vw, 700px\" \/><\/figure>\n\n\n\n<figure class=\"wp-block-image size-large\"><img loading=\"lazy\" decoding=\"async\" width=\"700\" height=\"1553\" data-id=\"2841\" src=\"https:\/\/rotary.zamosc.pl\/wp-content\/uploads\/2022\/06\/Nowa-kadencja-w-RC-Zamosc-2022-3-700x1553.jpg\" alt=\"\" class=\"wp-image-2841\" srcset=\"https:\/\/rotary.zamosc.pl\/wp-content\/uploads\/2022\/06\/Nowa-kadencja-w-RC-Zamosc-2022-3-700x1553.jpg 700w, https:\/\/rotary.zamosc.pl\/wp-content\/uploads\/2022\/06\/Nowa-kadencja-w-RC-Zamosc-2022-3-135x300.jpg 135w, https:\/\/rotary.zamosc.pl\/wp-content\/uploads\/2022\/06\/Nowa-kadencja-w-RC-Zamosc-2022-3-768x1704.jpg 768w, https:\/\/rotary.zamosc.pl\/wp-content\/uploads\/2022\/06\/Nowa-kadencja-w-RC-Zamosc-2022-3-692x1536.jpg 692w, https:\/\/rotary.zamosc.pl\/wp-content\/uploads\/2022\/06\/Nowa-kadencja-w-RC-Zamosc-2022-3-800x1775.jpg 800w, https:\/\/rotary.zamosc.pl\/wp-content\/uploads\/2022\/06\/Nowa-kadencja-w-RC-Zamosc-2022-3.jpg 923w\" sizes=\"(max-width: 700px) 100vw, 700px\" \/><\/figure>\n\n\n\n<figure class=\"wp-block-image size-large\"><img loading=\"lazy\" decoding=\"async\" width=\"700\" height=\"1553\" data-id=\"2840\" src=\"https:\/\/rotary.zamosc.pl\/wp-content\/uploads\/2022\/06\/Nowa-kadencja-w-RC-Zamosc-2022-2-700x1553.jpg\" alt=\"\" class=\"wp-image-2840\" srcset=\"https:\/\/rotary.zamosc.pl\/wp-content\/uploads\/2022\/06\/Nowa-kadencja-w-RC-Zamosc-2022-2-700x1553.jpg 700w, https:\/\/rotary.zamosc.pl\/wp-content\/uploads\/2022\/06\/Nowa-kadencja-w-RC-Zamosc-2022-2-135x300.jpg 135w, https:\/\/rotary.zamosc.pl\/wp-content\/uploads\/2022\/06\/Nowa-kadencja-w-RC-Zamosc-2022-2-768x1704.jpg 768w, https:\/\/rotary.zamosc.pl\/wp-content\/uploads\/2022\/06\/Nowa-kadencja-w-RC-Zamosc-2022-2-692x1536.jpg 692w, https:\/\/rotary.zamosc.pl\/wp-content\/uploads\/2022\/06\/Nowa-kadencja-w-RC-Zamosc-2022-2-800x1775.jpg 800w, https:\/\/rotary.zamosc.pl\/wp-content\/uploads\/2022\/06\/Nowa-kadencja-w-RC-Zamosc-2022-2.jpg 923w\" sizes=\"(max-width: 700px) 100vw, 700px\" \/><\/figure>\n<\/figure>\n","protected":false},"excerpt":{"rendered":"<p>3 czerwca 2022 roku w Hotelu Artis w Zamo\u015bciu, odby\u0142o si\u0119 uroczyste przekazanie s\u0142u\u017cby rotaria\u0144skiej. Tym samym, Prezydent Zbigniew \u017bukowski zako\u0144czy\u0142 swoj\u0105 kadencj\u0119 i przekaza\u0142 insygnia Prezydent Elekt El\u017cbiecie Szyma\u0144skiej, kt\u00f3ra jest pierwsz\u0105 kobiet\u0105 prezydentem, od powstania klubu w 1994 r. \u201eMottem przewodnim mojej kadencji niech b\u0119d\u0105 s\u0142owa zaczerpni\u0119te z tekstu piosenki Stanis\u0142awa Sojki \u201eTolerancja\u201d&#8230;<\/p>\n","protected":false},"author":1,"featured_media":2839,"comment_status":"open","ping_status":"open","sticky":false,"template":"","format":"standard","meta":{"footnotes":""},"categories":[13,21],"tags":[],"class_list":["post-6577","post","type-post","status-publish","format-standard","has-post-thumbnail","hentry","category-13","category-przekazania-wladzy"],"rttpg_featured_image_url":{"full":["https:\/\/rotary.zamosc.pl\/wp-content\/uploads\/2022\/06\/Nowa-kadencja-w-RC-Zamosc-2022-1.jpg",923,2048,false],"landscape":["https:\/\/rotary.zamosc.pl\/wp-content\/uploads\/2022\/06\/Nowa-kadencja-w-RC-Zamosc-2022-1.jpg",923,2048,false],"portraits":["https:\/\/rotary.zamosc.pl\/wp-content\/uploads\/2022\/06\/Nowa-kadencja-w-RC-Zamosc-2022-1.jpg",923,2048,false],"thumbnail":["https:\/\/rotary.zamosc.pl\/wp-content\/uploads\/2022\/06\/Nowa-kadencja-w-RC-Zamosc-2022-1-150x150.jpg",150,150,true],"medium":["https:\/\/rotary.zamosc.pl\/wp-content\/uploads\/2022\/06\/Nowa-kadencja-w-RC-Zamosc-2022-1-135x300.jpg",135,300,true],"large":["https:\/\/rotary.zamosc.pl\/wp-content\/uploads\/2022\/06\/Nowa-kadencja-w-RC-Zamosc-2022-1-700x1553.jpg",700,1553,true],"1536x1536":["https:\/\/rotary.zamosc.pl\/wp-content\/uploads\/2022\/06\/Nowa-kadencja-w-RC-Zamosc-2022-1-692x1536.jpg",692,1536,true],"2048x2048":["https:\/\/rotary.zamosc.pl\/wp-content\/uploads\/2022\/06\/Nowa-kadencja-w-RC-Zamosc-2022-1.jpg",923,2048,false],"post-thumbnail":["https:\/\/rotary.zamosc.pl\/wp-content\/uploads\/2022\/06\/Nowa-kadencja-w-RC-Zamosc-2022-1-800x1775.jpg",800,1775,true],"graphy-post-thumbnail-large":["https:\/\/rotary.zamosc.pl\/wp-content\/uploads\/2022\/06\/Nowa-kadencja-w-RC-Zamosc-2022-1-923x600.jpg",923,600,true],"graphy-post-thumbnail-medium":["https:\/\/rotary.zamosc.pl\/wp-content\/uploads\/2022\/06\/Nowa-kadencja-w-RC-Zamosc-2022-1-482x300.jpg",482,300,true],"graphy-post-thumbnail-small":["https:\/\/rotary.zamosc.pl\/wp-content\/uploads\/2022\/06\/Nowa-kadencja-w-RC-Zamosc-2022-1-80x60.jpg",80,60,true],"graphy-page-thumbnail":["https:\/\/rotary.zamosc.pl\/wp-content\/uploads\/2022\/06\/Nowa-kadencja-w-RC-Zamosc-2022-1-923x350.jpg",923,350,true],"sow-carousel-default":["https:\/\/rotary.zamosc.pl\/wp-content\/uploads\/2022\/06\/Nowa-kadencja-w-RC-Zamosc-2022-1-272x182.jpg",272,182,true]},"rttpg_author":{"display_name":"rotaryzamosc","author_link":"https:\/\/rotary.zamosc.pl\/index.php\/author\/rotaryzamosc\/"},"rttpg_comment":0,"rttpg_category":"<a href=\"https:\/\/rotary.zamosc.pl\/index.php\/category\/2022\/\" rel=\"category tag\">2022<\/a> <a href=\"https:\/\/rotary.zamosc.pl\/index.php\/category\/przekazania-wladzy\/\" rel=\"category tag\">Przekazania w\u0142adzy<\/a>","rttpg_excerpt":"3 czerwca 2022 roku w Hotelu Artis w Zamo\u015bciu, odby\u0142o si\u0119 uroczyste przekazanie s\u0142u\u017cby rotaria\u0144skiej. Tym samym, Prezydent Zbigniew \u017bukowski zako\u0144czy\u0142 swoj\u0105 kadencj\u0119 i przekaza\u0142 insygnia Prezydent Elekt El\u017cbiecie Szyma\u0144skiej, kt\u00f3ra jest pierwsz\u0105 kobiet\u0105 prezydentem, od powstania klubu w 1994 r. \u201eMottem przewodnim mojej kadencji niech b\u0119d\u0105 s\u0142owa zaczerpni\u0119te z tekstu piosenki Stanis\u0142awa Sojki \u201eTolerancja\u201d...","_links":{"self":[{"href":"https:\/\/rotary.zamosc.pl\/index.php\/wp-json\/wp\/v2\/posts\/6577","targetHints":{"allow":["GET"]}}],"collection":[{"href":"https:\/\/rotary.zamosc.pl\/index.php\/wp-json\/wp\/v2\/posts"}],"about":[{"href":"https:\/\/rotary.zamosc.pl\/index.php\/wp-json\/wp\/v2\/types\/post"}],"author":[{"embeddable":true,"href":"https:\/\/rotary.zamosc.pl\/index.php\/wp-json\/wp\/v2\/users\/1"}],"replies":[{"embeddable":true,"href":"https:\/\/rotary.zamosc.pl\/index.php\/wp-json\/wp\/v2\/comments?post=6577"}],"version-history":[{"count":1,"href":"https:\/\/rotary.zamosc.pl\/index.php\/wp-json\/wp\/v2\/posts\/6577\/revisions"}],"predecessor-version":[{"id":6578,"href":"https:\/\/rotary.zamosc.pl\/index.php\/wp-json\/wp\/v2\/posts\/6577\/revisions\/6578"}],"wp:featuredmedia":[{"embeddable":true,"href":"https:\/\/rotary.zamosc.pl\/index.php\/wp-json\/wp\/v2\/media\/2839"}],"wp:attachment":[{"href":"https:\/\/rotary.zamosc.pl\/index.php\/wp-json\/wp\/v2\/media?parent=6577"}],"wp:term":[{"taxonomy":"category","embeddable":true,"href":"https:\/\/rotary.zamosc.pl\/index.php\/wp-json\/wp\/v2\/categories?post=6577"},{"taxonomy":"post_tag","embeddable":true,"href":"https:\/\/rotary.zamosc.pl\/index.php\/wp-json\/wp\/v2\/tags?post=6577"}],"curies":[{"name":"wp","href":"https:\/\/api.w.org\/{rel}","templated":true}]}}