{"id":6581,"date":"2022-05-03T09:00:00","date_gmt":"2022-05-03T07:00:00","guid":{"rendered":"https:\/\/rotary.zamosc.pl\/?p=6581"},"modified":"2026-03-18T09:06:21","modified_gmt":"2026-03-18T08:06:21","slug":"3-maj-2022","status":"publish","type":"post","link":"https:\/\/rotary.zamosc.pl\/index.php\/2022\/05\/03\/3-maj-2022\/","title":{"rendered":"3 maj 2022"},"content":{"rendered":"\n<p class=\"wp-block-paragraph\">Niezmiennie w dniu \u015bwi\u0119ta Narodowego 3 Maja \u2013 rocznicy uchwalenia Konstytucji w 1791 roku, delegacja RC Zamo\u015b\u0107 z\u0142o\u017cy\u0142a wi\u0105zank\u0119 kwiat\u00f3w na tablicy upami\u0119tniaj\u0105cej wizyt\u0119 Marsza\u0142ka J\u00f3zefa Pi\u0142sudskiego w Zamo\u015bciu w dniu 17.10.1922 roku. W tym roku nasz klub reprezentowali: El\u017cbieta Szyma\u0144ska\u2013 Prezydent Elekt RC Zamo\u015b\u0107, Zbigniew \u017bukowski \u2013 Prezydent Klubu oraz Jerzy Liberadzki \u2013 Past Prezydent.<\/p>\n\n\n\n<figure class=\"wp-block-gallery has-nested-images columns-1 is-cropped wp-block-gallery-1 is-layout-flex wp-block-gallery-is-layout-flex\">\n<figure class=\"wp-block-image size-large\"><img fetchpriority=\"high\" decoding=\"async\" width=\"700\" height=\"467\" data-id=\"2808\" src=\"https:\/\/rotary.zamosc.pl\/wp-content\/uploads\/2022\/05\/3-maj-2022-4-700x467.jpg\" alt=\"\" class=\"wp-image-2808\" srcset=\"https:\/\/rotary.zamosc.pl\/wp-content\/uploads\/2022\/05\/3-maj-2022-4-700x467.jpg 700w, https:\/\/rotary.zamosc.pl\/wp-content\/uploads\/2022\/05\/3-maj-2022-4-300x200.jpg 300w, https:\/\/rotary.zamosc.pl\/wp-content\/uploads\/2022\/05\/3-maj-2022-4-768x512.jpg 768w, https:\/\/rotary.zamosc.pl\/wp-content\/uploads\/2022\/05\/3-maj-2022-4-800x534.jpg 800w, https:\/\/rotary.zamosc.pl\/wp-content\/uploads\/2022\/05\/3-maj-2022-4-272x182.jpg 272w, https:\/\/rotary.zamosc.pl\/wp-content\/uploads\/2022\/05\/3-maj-2022-4.jpg 1000w\" sizes=\"(max-width: 700px) 100vw, 700px\" \/><\/figure>\n\n\n\n<figure class=\"wp-block-image size-large\"><img decoding=\"async\" width=\"700\" height=\"467\" data-id=\"2807\" src=\"https:\/\/rotary.zamosc.pl\/wp-content\/uploads\/2022\/05\/3-maj-2022-3-700x467.jpg\" alt=\"\" class=\"wp-image-2807\" srcset=\"https:\/\/rotary.zamosc.pl\/wp-content\/uploads\/2022\/05\/3-maj-2022-3-700x467.jpg 700w, https:\/\/rotary.zamosc.pl\/wp-content\/uploads\/2022\/05\/3-maj-2022-3-300x200.jpg 300w, https:\/\/rotary.zamosc.pl\/wp-content\/uploads\/2022\/05\/3-maj-2022-3-768x512.jpg 768w, https:\/\/rotary.zamosc.pl\/wp-content\/uploads\/2022\/05\/3-maj-2022-3-800x534.jpg 800w, https:\/\/rotary.zamosc.pl\/wp-content\/uploads\/2022\/05\/3-maj-2022-3-272x182.jpg 272w, https:\/\/rotary.zamosc.pl\/wp-content\/uploads\/2022\/05\/3-maj-2022-3.jpg 1000w\" sizes=\"(max-width: 700px) 100vw, 700px\" \/><\/figure>\n\n\n\n<figure class=\"wp-block-image size-large\"><img decoding=\"async\" width=\"700\" height=\"467\" data-id=\"2806\" src=\"https:\/\/rotary.zamosc.pl\/wp-content\/uploads\/2022\/05\/3-maj-2022-2-700x467.jpg\" alt=\"\" class=\"wp-image-2806\" srcset=\"https:\/\/rotary.zamosc.pl\/wp-content\/uploads\/2022\/05\/3-maj-2022-2-700x467.jpg 700w, https:\/\/rotary.zamosc.pl\/wp-content\/uploads\/2022\/05\/3-maj-2022-2-300x200.jpg 300w, https:\/\/rotary.zamosc.pl\/wp-content\/uploads\/2022\/05\/3-maj-2022-2-768x512.jpg 768w, https:\/\/rotary.zamosc.pl\/wp-content\/uploads\/2022\/05\/3-maj-2022-2-800x534.jpg 800w, https:\/\/rotary.zamosc.pl\/wp-content\/uploads\/2022\/05\/3-maj-2022-2-272x182.jpg 272w, https:\/\/rotary.zamosc.pl\/wp-content\/uploads\/2022\/05\/3-maj-2022-2.jpg 1000w\" sizes=\"(max-width: 700px) 100vw, 700px\" \/><\/figure>\n<\/figure>\n","protected":false},"excerpt":{"rendered":"<p>Niezmiennie w dniu \u015bwi\u0119ta Narodowego 3 Maja \u2013 rocznicy uchwalenia Konstytucji w 1791 roku, delegacja RC Zamo\u015b\u0107 z\u0142o\u017cy\u0142a wi\u0105zank\u0119 kwiat\u00f3w na tablicy upami\u0119tniaj\u0105cej wizyt\u0119 Marsza\u0142ka J\u00f3zefa Pi\u0142sudskiego w Zamo\u015bciu w dniu 17.10.1922 roku. W tym roku nasz klub reprezentowali: El\u017cbieta Szyma\u0144ska\u2013 Prezydent Elekt RC Zamo\u015b\u0107, Zbigniew \u017bukowski \u2013 Prezydent Klubu oraz Jerzy Liberadzki \u2013 Past&#8230;<\/p>\n","protected":false},"author":1,"featured_media":2805,"comment_status":"open","ping_status":"open","sticky":false,"template":"","format":"standard","meta":{"footnotes":""},"categories":[13],"tags":[],"class_list":["post-6581","post","type-post","status-publish","format-standard","has-post-thumbnail","hentry","category-13"],"rttpg_featured_image_url":{"full":["https:\/\/rotary.zamosc.pl\/wp-content\/uploads\/2022\/05\/3-maj-2022-1.jpg",1000,667,false],"landscape":["https:\/\/rotary.zamosc.pl\/wp-content\/uploads\/2022\/05\/3-maj-2022-1.jpg",1000,667,false],"portraits":["https:\/\/rotary.zamosc.pl\/wp-content\/uploads\/2022\/05\/3-maj-2022-1.jpg",1000,667,false],"thumbnail":["https:\/\/rotary.zamosc.pl\/wp-content\/uploads\/2022\/05\/3-maj-2022-1-150x150.jpg",150,150,true],"medium":["https:\/\/rotary.zamosc.pl\/wp-content\/uploads\/2022\/05\/3-maj-2022-1-300x200.jpg",300,200,true],"large":["https:\/\/rotary.zamosc.pl\/wp-content\/uploads\/2022\/05\/3-maj-2022-1-700x467.jpg",700,467,true],"1536x1536":["https:\/\/rotary.zamosc.pl\/wp-content\/uploads\/2022\/05\/3-maj-2022-1.jpg",1000,667,false],"2048x2048":["https:\/\/rotary.zamosc.pl\/wp-content\/uploads\/2022\/05\/3-maj-2022-1.jpg",1000,667,false],"post-thumbnail":["https:\/\/rotary.zamosc.pl\/wp-content\/uploads\/2022\/05\/3-maj-2022-1-800x534.jpg",800,534,true],"graphy-post-thumbnail-large":["https:\/\/rotary.zamosc.pl\/wp-content\/uploads\/2022\/05\/3-maj-2022-1-1000x600.jpg",1000,600,true],"graphy-post-thumbnail-medium":["https:\/\/rotary.zamosc.pl\/wp-content\/uploads\/2022\/05\/3-maj-2022-1-482x300.jpg",482,300,true],"graphy-post-thumbnail-small":["https:\/\/rotary.zamosc.pl\/wp-content\/uploads\/2022\/05\/3-maj-2022-1-80x60.jpg",80,60,true],"graphy-page-thumbnail":["https:\/\/rotary.zamosc.pl\/wp-content\/uploads\/2022\/05\/3-maj-2022-1-1000x350.jpg",1000,350,true],"sow-carousel-default":["https:\/\/rotary.zamosc.pl\/wp-content\/uploads\/2022\/05\/3-maj-2022-1-272x182.jpg",272,182,true]},"rttpg_author":{"display_name":"rotaryzamosc","author_link":"https:\/\/rotary.zamosc.pl\/index.php\/author\/rotaryzamosc\/"},"rttpg_comment":0,"rttpg_category":"<a href=\"https:\/\/rotary.zamosc.pl\/index.php\/category\/2022\/\" rel=\"category tag\">2022<\/a>","rttpg_excerpt":"Niezmiennie w dniu \u015bwi\u0119ta Narodowego 3 Maja \u2013 rocznicy uchwalenia Konstytucji w 1791 roku, delegacja RC Zamo\u015b\u0107 z\u0142o\u017cy\u0142a wi\u0105zank\u0119 kwiat\u00f3w na tablicy upami\u0119tniaj\u0105cej wizyt\u0119 Marsza\u0142ka J\u00f3zefa Pi\u0142sudskiego w Zamo\u015bciu w dniu 17.10.1922 roku. W tym roku nasz klub reprezentowali: El\u017cbieta Szyma\u0144ska\u2013 Prezydent Elekt RC Zamo\u015b\u0107, Zbigniew \u017bukowski \u2013 Prezydent Klubu oraz Jerzy Liberadzki \u2013 Past...","_links":{"self":[{"href":"https:\/\/rotary.zamosc.pl\/index.php\/wp-json\/wp\/v2\/posts\/6581","targetHints":{"allow":["GET"]}}],"collection":[{"href":"https:\/\/rotary.zamosc.pl\/index.php\/wp-json\/wp\/v2\/posts"}],"about":[{"href":"https:\/\/rotary.zamosc.pl\/index.php\/wp-json\/wp\/v2\/types\/post"}],"author":[{"embeddable":true,"href":"https:\/\/rotary.zamosc.pl\/index.php\/wp-json\/wp\/v2\/users\/1"}],"replies":[{"embeddable":true,"href":"https:\/\/rotary.zamosc.pl\/index.php\/wp-json\/wp\/v2\/comments?post=6581"}],"version-history":[{"count":1,"href":"https:\/\/rotary.zamosc.pl\/index.php\/wp-json\/wp\/v2\/posts\/6581\/revisions"}],"predecessor-version":[{"id":6582,"href":"https:\/\/rotary.zamosc.pl\/index.php\/wp-json\/wp\/v2\/posts\/6581\/revisions\/6582"}],"wp:featuredmedia":[{"embeddable":true,"href":"https:\/\/rotary.zamosc.pl\/index.php\/wp-json\/wp\/v2\/media\/2805"}],"wp:attachment":[{"href":"https:\/\/rotary.zamosc.pl\/index.php\/wp-json\/wp\/v2\/media?parent=6581"}],"wp:term":[{"taxonomy":"category","embeddable":true,"href":"https:\/\/rotary.zamosc.pl\/index.php\/wp-json\/wp\/v2\/categories?post=6581"},{"taxonomy":"post_tag","embeddable":true,"href":"https:\/\/rotary.zamosc.pl\/index.php\/wp-json\/wp\/v2\/tags?post=6581"}],"curies":[{"name":"wp","href":"https:\/\/api.w.org\/{rel}","templated":true}]}}