{"id":6589,"date":"2022-04-12T09:14:00","date_gmt":"2022-04-12T07:14:00","guid":{"rendered":"https:\/\/rotary.zamosc.pl\/?p=6589"},"modified":"2026-03-18T09:16:53","modified_gmt":"2026-03-18T08:16:53","slug":"pomoc-rc-zamosc-naszej-kolomyi","status":"publish","type":"post","link":"https:\/\/rotary.zamosc.pl\/index.php\/2022\/04\/12\/pomoc-rc-zamosc-naszej-kolomyi\/","title":{"rendered":"Pomoc RC Zamo\u015b\u0107 &#8211; Naszej Ko\u0142omyi"},"content":{"rendered":"\n<p class=\"wp-block-paragraph\">&#8230;..\u201d Elu mamy trudn\u0105 sytuacj\u0119 &#8230;.. jest wojna &#8230;.brakuje \u017cywno\u015bci i podstawowych artyku\u0142\u00f3w&#8230;\u201d taki telefon otrzyma\u0142a nasz kole\u017canka klubowa Ela Szyma\u0144ska od Stanis\u0142awy z Ko\u0142omyi Patronki naszych Polskich korzeni , kt\u00f3ra rzadko kiedy zwraca si\u0119 o pomoc&#8230;<\/p>\n\n\n\n<p class=\"wp-block-paragraph\">Nasze Rotaria\u0144skie telefony rozdzwoni\u0142y si\u0119 i w pi\u0105tek podj\u0119li\u015bmy decyzj\u0119 o zorganizowaniu \u201eSpecjalnego\u201d transportu z \u017cywno\u015bci\u0105 do Ko\u0142omyi.<\/p>\n\n\n\n<p class=\"wp-block-paragraph\">Czasu ma\u0142o&#8230;\u201dJedziemy w poniedzia\u0142ek&#8230;\u201d &#8211; dzi\u0119ki uprzejmo\u015bci Zamojskich Zak\u0142ad\u00f3w Zbo\u017cowych, Caritas Diecezji Zamojsko Lubaczowskiej, Sp\u00f3\u0142ek Skarbu Pa\u0144stwa &#8211; naszych hojnych darczy\u0144c\u00f3w kolega Rafa\u0142 Pasieka wyrusza w poniedzia\u0142ek 04.04.2022 roku z darami w drog\u0119 w Ukrain\u0119.<\/p>\n\n\n\n<p class=\"wp-block-paragraph\">Wje\u017cd\u017caj\u0105c w Ukrain\u0119 ujrzeli\u015bmy spokojnie trzepocz\u0105c\u0105 na wiosennym wietrze flag\u0119 Ukrainy&#8230;..Niebo by\u0142o tak b\u0142\u0119kitne.<\/p>\n\n\n\n<p class=\"wp-block-paragraph\">Przejazd przez kolejne punkty kontrolne i wieczorem trafili\u015bmy do NASZEJ KOLOMYI.<\/p>\n\n\n\n<p class=\"wp-block-paragraph\">U\u015bciski i uczucia by\u0142y nie do opisania, \u0142zy szcz\u0119\u015bcia &#8211; \u0142zy rado\u015bci &#8211; \u0142zy mi\u0142o\u015bci.<\/p>\n\n\n\n<p class=\"wp-block-paragraph\">Szybki roz\u0142adunek, w kt\u00f3rym bra\u0142a udzia\u0142 Polonia z \u201ePokucia\u201d wsp\u00f3lny roso\u0142ek jaki zosta\u0142 przygotowany, u\u015bciski i wracamy z sercami przepe\u0142nionymi w kierunku granicy, po drodze kilka kontroli, jeden komunikat bombowy powtarzany przed Ivano-Frankowskiem &#8211; tak dzi\u015b nazywa si\u0119 dawny Stanis\u0142aw\u00f3w.<\/p>\n\n\n\n<p class=\"wp-block-paragraph\">Wracamy do Polski z teren\u00f3w wojny gdzie wr\u00f3g zaatakowa\u0142 nad ranem bez ostrze\u017cenia&#8230;.<\/p>\n\n\n\n<p class=\"wp-block-paragraph\">Nie zostawimy Was &#8230;.nied\u0142ugo wr\u00f3cimy.<\/p>\n\n\n\n<figure class=\"wp-block-gallery has-nested-images columns-1 is-cropped wp-block-gallery-1 is-layout-flex wp-block-gallery-is-layout-flex\">\n<figure class=\"wp-block-image size-large\"><img fetchpriority=\"high\" decoding=\"async\" width=\"700\" height=\"934\" data-id=\"2719\" src=\"https:\/\/rotary.zamosc.pl\/wp-content\/uploads\/2022\/04\/Pomoc-Ukrainie-ciag-dalszy-4-700x934.jpg\" alt=\"\" class=\"wp-image-2719\" srcset=\"https:\/\/rotary.zamosc.pl\/wp-content\/uploads\/2022\/04\/Pomoc-Ukrainie-ciag-dalszy-4-700x934.jpg 700w, https:\/\/rotary.zamosc.pl\/wp-content\/uploads\/2022\/04\/Pomoc-Ukrainie-ciag-dalszy-4-225x300.jpg 225w, https:\/\/rotary.zamosc.pl\/wp-content\/uploads\/2022\/04\/Pomoc-Ukrainie-ciag-dalszy-4-768x1024.jpg 768w, https:\/\/rotary.zamosc.pl\/wp-content\/uploads\/2022\/04\/Pomoc-Ukrainie-ciag-dalszy-4-1152x1536.jpg 1152w, https:\/\/rotary.zamosc.pl\/wp-content\/uploads\/2022\/04\/Pomoc-Ukrainie-ciag-dalszy-4-800x1067.jpg 800w, https:\/\/rotary.zamosc.pl\/wp-content\/uploads\/2022\/04\/Pomoc-Ukrainie-ciag-dalszy-4.jpg 1387w\" sizes=\"(max-width: 700px) 100vw, 700px\" \/><\/figure>\n\n\n\n<figure class=\"wp-block-image size-large\"><img decoding=\"async\" width=\"700\" height=\"933\" data-id=\"2718\" src=\"https:\/\/rotary.zamosc.pl\/wp-content\/uploads\/2022\/04\/Pomoc-Ukrainie-ciag-dalszy-3-700x933.jpg\" alt=\"\" class=\"wp-image-2718\" srcset=\"https:\/\/rotary.zamosc.pl\/wp-content\/uploads\/2022\/04\/Pomoc-Ukrainie-ciag-dalszy-3-700x933.jpg 700w, https:\/\/rotary.zamosc.pl\/wp-content\/uploads\/2022\/04\/Pomoc-Ukrainie-ciag-dalszy-3-225x300.jpg 225w, https:\/\/rotary.zamosc.pl\/wp-content\/uploads\/2022\/04\/Pomoc-Ukrainie-ciag-dalszy-3-768x1024.jpg 768w, https:\/\/rotary.zamosc.pl\/wp-content\/uploads\/2022\/04\/Pomoc-Ukrainie-ciag-dalszy-3-1152x1536.jpg 1152w, https:\/\/rotary.zamosc.pl\/wp-content\/uploads\/2022\/04\/Pomoc-Ukrainie-ciag-dalszy-3-1536x2048.jpg 1536w, https:\/\/rotary.zamosc.pl\/wp-content\/uploads\/2022\/04\/Pomoc-Ukrainie-ciag-dalszy-3-800x1067.jpg 800w, https:\/\/rotary.zamosc.pl\/wp-content\/uploads\/2022\/04\/Pomoc-Ukrainie-ciag-dalszy-3-scaled.jpg 1920w\" sizes=\"(max-width: 700px) 100vw, 700px\" \/><\/figure>\n\n\n\n<figure class=\"wp-block-image size-large\"><img decoding=\"async\" width=\"700\" height=\"934\" data-id=\"2717\" src=\"https:\/\/rotary.zamosc.pl\/wp-content\/uploads\/2022\/04\/Pomoc-Ukrainie-ciag-dalszy-2-700x934.jpg\" alt=\"\" class=\"wp-image-2717\" srcset=\"https:\/\/rotary.zamosc.pl\/wp-content\/uploads\/2022\/04\/Pomoc-Ukrainie-ciag-dalszy-2-700x934.jpg 700w, https:\/\/rotary.zamosc.pl\/wp-content\/uploads\/2022\/04\/Pomoc-Ukrainie-ciag-dalszy-2-225x300.jpg 225w, https:\/\/rotary.zamosc.pl\/wp-content\/uploads\/2022\/04\/Pomoc-Ukrainie-ciag-dalszy-2-768x1024.jpg 768w, https:\/\/rotary.zamosc.pl\/wp-content\/uploads\/2022\/04\/Pomoc-Ukrainie-ciag-dalszy-2-1152x1536.jpg 1152w, https:\/\/rotary.zamosc.pl\/wp-content\/uploads\/2022\/04\/Pomoc-Ukrainie-ciag-dalszy-2-800x1067.jpg 800w, https:\/\/rotary.zamosc.pl\/wp-content\/uploads\/2022\/04\/Pomoc-Ukrainie-ciag-dalszy-2.jpg 1387w\" sizes=\"(max-width: 700px) 100vw, 700px\" \/><\/figure>\n\n\n\n<figure class=\"wp-block-image size-large\"><img loading=\"lazy\" decoding=\"async\" width=\"700\" height=\"934\" data-id=\"2716\" src=\"https:\/\/rotary.zamosc.pl\/wp-content\/uploads\/2022\/04\/Pomoc-Ukrainie-ciag-dalszy-1-700x934.jpg\" alt=\"\" class=\"wp-image-2716\" srcset=\"https:\/\/rotary.zamosc.pl\/wp-content\/uploads\/2022\/04\/Pomoc-Ukrainie-ciag-dalszy-1-700x934.jpg 700w, https:\/\/rotary.zamosc.pl\/wp-content\/uploads\/2022\/04\/Pomoc-Ukrainie-ciag-dalszy-1-225x300.jpg 225w, https:\/\/rotary.zamosc.pl\/wp-content\/uploads\/2022\/04\/Pomoc-Ukrainie-ciag-dalszy-1-768x1024.jpg 768w, https:\/\/rotary.zamosc.pl\/wp-content\/uploads\/2022\/04\/Pomoc-Ukrainie-ciag-dalszy-1-1152x1536.jpg 1152w, https:\/\/rotary.zamosc.pl\/wp-content\/uploads\/2022\/04\/Pomoc-Ukrainie-ciag-dalszy-1-800x1067.jpg 800w, https:\/\/rotary.zamosc.pl\/wp-content\/uploads\/2022\/04\/Pomoc-Ukrainie-ciag-dalszy-1.jpg 1387w\" sizes=\"(max-width: 700px) 100vw, 700px\" \/><\/figure>\n<\/figure>\n","protected":false},"excerpt":{"rendered":"<p>&#8230;..\u201d Elu mamy trudn\u0105 sytuacj\u0119 &#8230;.. jest wojna &#8230;.brakuje \u017cywno\u015bci i podstawowych artyku\u0142\u00f3w&#8230;\u201d taki telefon otrzyma\u0142a nasz kole\u017canka klubowa Ela Szyma\u0144ska od Stanis\u0142awy z Ko\u0142omyi Patronki naszych Polskich korzeni , kt\u00f3ra rzadko kiedy zwraca si\u0119 o pomoc&#8230; Nasze Rotaria\u0144skie telefony rozdzwoni\u0142y si\u0119 i w pi\u0105tek podj\u0119li\u015bmy decyzj\u0119 o zorganizowaniu \u201eSpecjalnego\u201d transportu z \u017cywno\u015bci\u0105 do Ko\u0142omyi&#8230;.<\/p>\n","protected":false},"author":1,"featured_media":2720,"comment_status":"open","ping_status":"open","sticky":false,"template":"","format":"standard","meta":{"footnotes":""},"categories":[13,12],"tags":[],"class_list":["post-6589","post","type-post","status-publish","format-standard","has-post-thumbnail","hentry","category-13","category-pomoc-ukrainie"],"rttpg_featured_image_url":{"full":["https:\/\/rotary.zamosc.pl\/wp-content\/uploads\/2022\/04\/Pomoc-Ukrainie-ciag-dalszy-5.jpg",1306,979,false],"landscape":["https:\/\/rotary.zamosc.pl\/wp-content\/uploads\/2022\/04\/Pomoc-Ukrainie-ciag-dalszy-5.jpg",1306,979,false],"portraits":["https:\/\/rotary.zamosc.pl\/wp-content\/uploads\/2022\/04\/Pomoc-Ukrainie-ciag-dalszy-5.jpg",1306,979,false],"thumbnail":["https:\/\/rotary.zamosc.pl\/wp-content\/uploads\/2022\/04\/Pomoc-Ukrainie-ciag-dalszy-5-150x150.jpg",150,150,true],"medium":["https:\/\/rotary.zamosc.pl\/wp-content\/uploads\/2022\/04\/Pomoc-Ukrainie-ciag-dalszy-5-300x225.jpg",300,225,true],"large":["https:\/\/rotary.zamosc.pl\/wp-content\/uploads\/2022\/04\/Pomoc-Ukrainie-ciag-dalszy-5-700x525.jpg",700,525,true],"1536x1536":["https:\/\/rotary.zamosc.pl\/wp-content\/uploads\/2022\/04\/Pomoc-Ukrainie-ciag-dalszy-5.jpg",1306,979,false],"2048x2048":["https:\/\/rotary.zamosc.pl\/wp-content\/uploads\/2022\/04\/Pomoc-Ukrainie-ciag-dalszy-5.jpg",1306,979,false],"post-thumbnail":["https:\/\/rotary.zamosc.pl\/wp-content\/uploads\/2022\/04\/Pomoc-Ukrainie-ciag-dalszy-5-800x600.jpg",800,600,true],"graphy-post-thumbnail-large":["https:\/\/rotary.zamosc.pl\/wp-content\/uploads\/2022\/04\/Pomoc-Ukrainie-ciag-dalszy-5-1080x600.jpg",1080,600,true],"graphy-post-thumbnail-medium":["https:\/\/rotary.zamosc.pl\/wp-content\/uploads\/2022\/04\/Pomoc-Ukrainie-ciag-dalszy-5-482x300.jpg",482,300,true],"graphy-post-thumbnail-small":["https:\/\/rotary.zamosc.pl\/wp-content\/uploads\/2022\/04\/Pomoc-Ukrainie-ciag-dalszy-5-80x60.jpg",80,60,true],"graphy-page-thumbnail":["https:\/\/rotary.zamosc.pl\/wp-content\/uploads\/2022\/04\/Pomoc-Ukrainie-ciag-dalszy-5-1260x350.jpg",1260,350,true],"sow-carousel-default":["https:\/\/rotary.zamosc.pl\/wp-content\/uploads\/2022\/04\/Pomoc-Ukrainie-ciag-dalszy-5-272x182.jpg",272,182,true]},"rttpg_author":{"display_name":"rotaryzamosc","author_link":"https:\/\/rotary.zamosc.pl\/index.php\/author\/rotaryzamosc\/"},"rttpg_comment":0,"rttpg_category":"<a href=\"https:\/\/rotary.zamosc.pl\/index.php\/category\/2022\/\" rel=\"category tag\">2022<\/a> <a href=\"https:\/\/rotary.zamosc.pl\/index.php\/category\/pomoc-ukrainie\/\" rel=\"category tag\">Pomoc Ukrainie<\/a>","rttpg_excerpt":"&#8230;..\u201d Elu mamy trudn\u0105 sytuacj\u0119 &#8230;.. jest wojna &#8230;.brakuje \u017cywno\u015bci i podstawowych artyku\u0142\u00f3w&#8230;\u201d taki telefon otrzyma\u0142a nasz kole\u017canka klubowa Ela Szyma\u0144ska od Stanis\u0142awy z Ko\u0142omyi Patronki naszych Polskich korzeni , kt\u00f3ra rzadko kiedy zwraca si\u0119 o pomoc&#8230; Nasze Rotaria\u0144skie telefony rozdzwoni\u0142y si\u0119 i w pi\u0105tek podj\u0119li\u015bmy decyzj\u0119 o zorganizowaniu \u201eSpecjalnego\u201d transportu z \u017cywno\u015bci\u0105 do Ko\u0142omyi....","_links":{"self":[{"href":"https:\/\/rotary.zamosc.pl\/index.php\/wp-json\/wp\/v2\/posts\/6589","targetHints":{"allow":["GET"]}}],"collection":[{"href":"https:\/\/rotary.zamosc.pl\/index.php\/wp-json\/wp\/v2\/posts"}],"about":[{"href":"https:\/\/rotary.zamosc.pl\/index.php\/wp-json\/wp\/v2\/types\/post"}],"author":[{"embeddable":true,"href":"https:\/\/rotary.zamosc.pl\/index.php\/wp-json\/wp\/v2\/users\/1"}],"replies":[{"embeddable":true,"href":"https:\/\/rotary.zamosc.pl\/index.php\/wp-json\/wp\/v2\/comments?post=6589"}],"version-history":[{"count":1,"href":"https:\/\/rotary.zamosc.pl\/index.php\/wp-json\/wp\/v2\/posts\/6589\/revisions"}],"predecessor-version":[{"id":6590,"href":"https:\/\/rotary.zamosc.pl\/index.php\/wp-json\/wp\/v2\/posts\/6589\/revisions\/6590"}],"wp:featuredmedia":[{"embeddable":true,"href":"https:\/\/rotary.zamosc.pl\/index.php\/wp-json\/wp\/v2\/media\/2720"}],"wp:attachment":[{"href":"https:\/\/rotary.zamosc.pl\/index.php\/wp-json\/wp\/v2\/media?parent=6589"}],"wp:term":[{"taxonomy":"category","embeddable":true,"href":"https:\/\/rotary.zamosc.pl\/index.php\/wp-json\/wp\/v2\/categories?post=6589"},{"taxonomy":"post_tag","embeddable":true,"href":"https:\/\/rotary.zamosc.pl\/index.php\/wp-json\/wp\/v2\/tags?post=6589"}],"curies":[{"name":"wp","href":"https:\/\/api.w.org\/{rel}","templated":true}]}}