{"id":6605,"date":"2022-02-18T09:31:00","date_gmt":"2022-02-18T08:31:00","guid":{"rendered":"https:\/\/rotary.zamosc.pl\/?p=6605"},"modified":"2026-03-18T09:32:19","modified_gmt":"2026-03-18T08:32:19","slug":"zegnaj-przyjacielu-witold-paszt","status":"publish","type":"post","link":"https:\/\/rotary.zamosc.pl\/index.php\/2022\/02\/18\/zegnaj-przyjacielu-witold-paszt\/","title":{"rendered":"\u017begnaj przyjacielu &#8211; Witold Paszt"},"content":{"rendered":"\n<p class=\"wp-block-paragraph\">W dniu 18.02.2022 roku zmar\u0142 Witold Paszt, nasz przyjaciel, wsp\u00f3\u0142za\u0142o\u017cyciel i wieloletni Cz\u0142onek Rotary Club Zamo\u015b\u0107. Witek by\u0142 muzykiem, kompozytorem i artyst\u0105 wielkiego formatu. W swojej ponad 40 letniej karierze estradowej go\u015bci\u0142 na scenach krajowych i zagranicznych, b\u0119d\u0105c wspania\u0142ym ambasadorem Polski i jego ukochanego Zamo\u015bcia. Ciep\u0142em kt\u00f3re emanowa\u0142o od niego dzieli\u0142 si\u0119 ze swoimi bliskimi, przyjaci\u00f3\u0142mi i wszystkimi kt\u00f3rzy go znali.<\/p>\n\n\n\n<p class=\"wp-block-paragraph\">B\u0119dzie nam brakowa\u0142o jego poczucia humoru i dobrej energii kt\u00f3re towarzyszy\u0142y mu przez ca\u0142e \u017cycie.<\/p>\n\n\n\n<p class=\"wp-block-paragraph\">\u017begnaj Witku. Na zawsze pozostaniesz w naszej pami\u0119ci.<\/p>\n\n\n\n<p class=\"wp-block-paragraph\">Cz\u0142onkowie RC Zamo\u015b\u0107<\/p>\n","protected":false},"excerpt":{"rendered":"<p>W dniu 18.02.2022 roku zmar\u0142 Witold Paszt, nasz przyjaciel, wsp\u00f3\u0142za\u0142o\u017cyciel i wieloletni Cz\u0142onek Rotary Club Zamo\u015b\u0107. Witek by\u0142 muzykiem, kompozytorem i artyst\u0105 wielkiego formatu. W swojej ponad 40 letniej karierze estradowej go\u015bci\u0142 na scenach krajowych i zagranicznych, b\u0119d\u0105c wspania\u0142ym ambasadorem Polski i jego ukochanego Zamo\u015bcia. Ciep\u0142em kt\u00f3re emanowa\u0142o od niego dzieli\u0142 si\u0119 ze swoimi bliskimi,&#8230;<\/p>\n","protected":false},"author":1,"featured_media":2552,"comment_status":"open","ping_status":"open","sticky":false,"template":"","format":"standard","meta":{"footnotes":""},"categories":[13],"tags":[],"class_list":["post-6605","post","type-post","status-publish","format-standard","has-post-thumbnail","hentry","category-13"],"rttpg_featured_image_url":{"full":["https:\/\/rotary.zamosc.pl\/wp-content\/uploads\/2022\/02\/Witold-Paszt-1.jpg",1024,637,false],"landscape":["https:\/\/rotary.zamosc.pl\/wp-content\/uploads\/2022\/02\/Witold-Paszt-1.jpg",1024,637,false],"portraits":["https:\/\/rotary.zamosc.pl\/wp-content\/uploads\/2022\/02\/Witold-Paszt-1.jpg",1024,637,false],"thumbnail":["https:\/\/rotary.zamosc.pl\/wp-content\/uploads\/2022\/02\/Witold-Paszt-1-150x150.jpg",150,150,true],"medium":["https:\/\/rotary.zamosc.pl\/wp-content\/uploads\/2022\/02\/Witold-Paszt-1-300x187.jpg",300,187,true],"large":["https:\/\/rotary.zamosc.pl\/wp-content\/uploads\/2022\/02\/Witold-Paszt-1-700x435.jpg",700,435,true],"1536x1536":["https:\/\/rotary.zamosc.pl\/wp-content\/uploads\/2022\/02\/Witold-Paszt-1.jpg",1024,637,false],"2048x2048":["https:\/\/rotary.zamosc.pl\/wp-content\/uploads\/2022\/02\/Witold-Paszt-1.jpg",1024,637,false],"post-thumbnail":["https:\/\/rotary.zamosc.pl\/wp-content\/uploads\/2022\/02\/Witold-Paszt-1-800x498.jpg",800,498,true],"graphy-post-thumbnail-large":["https:\/\/rotary.zamosc.pl\/wp-content\/uploads\/2022\/02\/Witold-Paszt-1-1024x600.jpg",1024,600,true],"graphy-post-thumbnail-medium":["https:\/\/rotary.zamosc.pl\/wp-content\/uploads\/2022\/02\/Witold-Paszt-1-482x300.jpg",482,300,true],"graphy-post-thumbnail-small":["https:\/\/rotary.zamosc.pl\/wp-content\/uploads\/2022\/02\/Witold-Paszt-1-80x60.jpg",80,60,true],"graphy-page-thumbnail":["https:\/\/rotary.zamosc.pl\/wp-content\/uploads\/2022\/02\/Witold-Paszt-1-1024x350.jpg",1024,350,true],"sow-carousel-default":["https:\/\/rotary.zamosc.pl\/wp-content\/uploads\/2022\/02\/Witold-Paszt-1-272x182.jpg",272,182,true]},"rttpg_author":{"display_name":"rotaryzamosc","author_link":"https:\/\/rotary.zamosc.pl\/index.php\/author\/rotaryzamosc\/"},"rttpg_comment":0,"rttpg_category":"<a href=\"https:\/\/rotary.zamosc.pl\/index.php\/category\/2022\/\" rel=\"category tag\">2022<\/a>","rttpg_excerpt":"W dniu 18.02.2022 roku zmar\u0142 Witold Paszt, nasz przyjaciel, wsp\u00f3\u0142za\u0142o\u017cyciel i wieloletni Cz\u0142onek Rotary Club Zamo\u015b\u0107. Witek by\u0142 muzykiem, kompozytorem i artyst\u0105 wielkiego formatu. W swojej ponad 40 letniej karierze estradowej go\u015bci\u0142 na scenach krajowych i zagranicznych, b\u0119d\u0105c wspania\u0142ym ambasadorem Polski i jego ukochanego Zamo\u015bcia. Ciep\u0142em kt\u00f3re emanowa\u0142o od niego dzieli\u0142 si\u0119 ze swoimi bliskimi,...","_links":{"self":[{"href":"https:\/\/rotary.zamosc.pl\/index.php\/wp-json\/wp\/v2\/posts\/6605","targetHints":{"allow":["GET"]}}],"collection":[{"href":"https:\/\/rotary.zamosc.pl\/index.php\/wp-json\/wp\/v2\/posts"}],"about":[{"href":"https:\/\/rotary.zamosc.pl\/index.php\/wp-json\/wp\/v2\/types\/post"}],"author":[{"embeddable":true,"href":"https:\/\/rotary.zamosc.pl\/index.php\/wp-json\/wp\/v2\/users\/1"}],"replies":[{"embeddable":true,"href":"https:\/\/rotary.zamosc.pl\/index.php\/wp-json\/wp\/v2\/comments?post=6605"}],"version-history":[{"count":1,"href":"https:\/\/rotary.zamosc.pl\/index.php\/wp-json\/wp\/v2\/posts\/6605\/revisions"}],"predecessor-version":[{"id":6606,"href":"https:\/\/rotary.zamosc.pl\/index.php\/wp-json\/wp\/v2\/posts\/6605\/revisions\/6606"}],"wp:featuredmedia":[{"embeddable":true,"href":"https:\/\/rotary.zamosc.pl\/index.php\/wp-json\/wp\/v2\/media\/2552"}],"wp:attachment":[{"href":"https:\/\/rotary.zamosc.pl\/index.php\/wp-json\/wp\/v2\/media?parent=6605"}],"wp:term":[{"taxonomy":"category","embeddable":true,"href":"https:\/\/rotary.zamosc.pl\/index.php\/wp-json\/wp\/v2\/categories?post=6605"},{"taxonomy":"post_tag","embeddable":true,"href":"https:\/\/rotary.zamosc.pl\/index.php\/wp-json\/wp\/v2\/tags?post=6605"}],"curies":[{"name":"wp","href":"https:\/\/api.w.org\/{rel}","templated":true}]}}