{"id":6611,"date":"2022-01-01T09:35:00","date_gmt":"2022-01-01T08:35:00","guid":{"rendered":"https:\/\/rotary.zamosc.pl\/?p=6611"},"modified":"2026-03-18T09:35:41","modified_gmt":"2026-03-18T08:35:41","slug":"smutny-poczatek-roku","status":"publish","type":"post","link":"https:\/\/rotary.zamosc.pl\/index.php\/2022\/01\/01\/smutny-poczatek-roku\/","title":{"rendered":"Smutny pocz\u0105tek roku."},"content":{"rendered":"\n<p class=\"wp-block-paragraph\">W dniu 01.01.2022 roku odszed\u0142 od nas nasz przyjaciel, wieloletni Cz\u0142onek Honorowy Rotary Club Zamo\u015b\u0107, Marian Szewera. Marian by\u0142 muzykiem, nauczycielem, kompozytorem i artyst\u0105 kabaretowym, ca\u0142ym sercem oddanym swojej pasji, ale te\u017c cz\u0142owiekiem wra\u017cliwym na krzywd\u0119 i zawsze ch\u0119tnym do pomocy.<\/p>\n\n\n\n<p class=\"wp-block-paragraph\">By\u0142 przez dziesi\u0119ciolecia animatorem kultury w Zamo\u015bciu i regionie. Przez wiele lat zwi\u0105zany z MDK w Zamo\u015bciu a w latach 1992-2002 dyrektor tej plac\u00f3wki. Wyst\u0119powa\u0142 tak\u017ce m.in. w Orkiestrze W\u0142o\u015bcia\u0144skiej, by\u0142 kierownikiem muzycznym zespo\u0142u \u201eZiemi Zamojskiej&#8221;, wsp\u00f3\u0142pracowa\u0142 z ZPiT Zamojszczyzna. Wsp\u00f3\u0142pracowa\u0142 z M\u0142odzie\u017cowym Teatrem Aktualno\u015bci, Teatrem Muzycznym, kabaretem Szara Eminencja. By\u0142 te\u017c m.in. tw\u00f3rc\u0105 projektu artystycznego \u201eZ podcienia- spod cienia&#8221;.<\/p>\n\n\n\n<p class=\"wp-block-paragraph\">B\u0119dzie nam Ciebie brakowa\u0142o. Odpoczywaj w pokoju.<\/p>\n\n\n\n<p class=\"wp-block-paragraph\">Cz\u0142onkowie RC Zamo\u015b\u0107<\/p>\n","protected":false},"excerpt":{"rendered":"<p>W dniu 01.01.2022 roku odszed\u0142 od nas nasz przyjaciel, wieloletni Cz\u0142onek Honorowy Rotary Club Zamo\u015b\u0107, Marian Szewera. Marian by\u0142 muzykiem, nauczycielem, kompozytorem i artyst\u0105 kabaretowym, ca\u0142ym sercem oddanym swojej pasji, ale te\u017c cz\u0142owiekiem wra\u017cliwym na krzywd\u0119 i zawsze ch\u0119tnym do pomocy. By\u0142 przez dziesi\u0119ciolecia animatorem kultury w Zamo\u015bciu i regionie. Przez wiele lat zwi\u0105zany z&#8230;<\/p>\n","protected":false},"author":1,"featured_media":2434,"comment_status":"open","ping_status":"open","sticky":false,"template":"","format":"standard","meta":{"footnotes":""},"categories":[13],"tags":[],"class_list":["post-6611","post","type-post","status-publish","format-standard","has-post-thumbnail","hentry","category-13"],"rttpg_featured_image_url":{"full":["https:\/\/rotary.zamosc.pl\/wp-content\/uploads\/2022\/01\/Marian-Szewera.jpg",586,1024,false],"landscape":["https:\/\/rotary.zamosc.pl\/wp-content\/uploads\/2022\/01\/Marian-Szewera.jpg",586,1024,false],"portraits":["https:\/\/rotary.zamosc.pl\/wp-content\/uploads\/2022\/01\/Marian-Szewera.jpg",586,1024,false],"thumbnail":["https:\/\/rotary.zamosc.pl\/wp-content\/uploads\/2022\/01\/Marian-Szewera-150x150.jpg",150,150,true],"medium":["https:\/\/rotary.zamosc.pl\/wp-content\/uploads\/2022\/01\/Marian-Szewera-172x300.jpg",172,300,true],"large":["https:\/\/rotary.zamosc.pl\/wp-content\/uploads\/2022\/01\/Marian-Szewera.jpg",586,1024,false],"1536x1536":["https:\/\/rotary.zamosc.pl\/wp-content\/uploads\/2022\/01\/Marian-Szewera.jpg",586,1024,false],"2048x2048":["https:\/\/rotary.zamosc.pl\/wp-content\/uploads\/2022\/01\/Marian-Szewera.jpg",586,1024,false],"post-thumbnail":["https:\/\/rotary.zamosc.pl\/wp-content\/uploads\/2022\/01\/Marian-Szewera.jpg",586,1024,false],"graphy-post-thumbnail-large":["https:\/\/rotary.zamosc.pl\/wp-content\/uploads\/2022\/01\/Marian-Szewera-586x600.jpg",586,600,true],"graphy-post-thumbnail-medium":["https:\/\/rotary.zamosc.pl\/wp-content\/uploads\/2022\/01\/Marian-Szewera-482x300.jpg",482,300,true],"graphy-post-thumbnail-small":["https:\/\/rotary.zamosc.pl\/wp-content\/uploads\/2022\/01\/Marian-Szewera-80x60.jpg",80,60,true],"graphy-page-thumbnail":["https:\/\/rotary.zamosc.pl\/wp-content\/uploads\/2022\/01\/Marian-Szewera-586x350.jpg",586,350,true],"sow-carousel-default":["https:\/\/rotary.zamosc.pl\/wp-content\/uploads\/2022\/01\/Marian-Szewera-272x182.jpg",272,182,true]},"rttpg_author":{"display_name":"rotaryzamosc","author_link":"https:\/\/rotary.zamosc.pl\/index.php\/author\/rotaryzamosc\/"},"rttpg_comment":0,"rttpg_category":"<a href=\"https:\/\/rotary.zamosc.pl\/index.php\/category\/2022\/\" rel=\"category tag\">2022<\/a>","rttpg_excerpt":"W dniu 01.01.2022 roku odszed\u0142 od nas nasz przyjaciel, wieloletni Cz\u0142onek Honorowy Rotary Club Zamo\u015b\u0107, Marian Szewera. Marian by\u0142 muzykiem, nauczycielem, kompozytorem i artyst\u0105 kabaretowym, ca\u0142ym sercem oddanym swojej pasji, ale te\u017c cz\u0142owiekiem wra\u017cliwym na krzywd\u0119 i zawsze ch\u0119tnym do pomocy. By\u0142 przez dziesi\u0119ciolecia animatorem kultury w Zamo\u015bciu i regionie. Przez wiele lat zwi\u0105zany z...","_links":{"self":[{"href":"https:\/\/rotary.zamosc.pl\/index.php\/wp-json\/wp\/v2\/posts\/6611","targetHints":{"allow":["GET"]}}],"collection":[{"href":"https:\/\/rotary.zamosc.pl\/index.php\/wp-json\/wp\/v2\/posts"}],"about":[{"href":"https:\/\/rotary.zamosc.pl\/index.php\/wp-json\/wp\/v2\/types\/post"}],"author":[{"embeddable":true,"href":"https:\/\/rotary.zamosc.pl\/index.php\/wp-json\/wp\/v2\/users\/1"}],"replies":[{"embeddable":true,"href":"https:\/\/rotary.zamosc.pl\/index.php\/wp-json\/wp\/v2\/comments?post=6611"}],"version-history":[{"count":1,"href":"https:\/\/rotary.zamosc.pl\/index.php\/wp-json\/wp\/v2\/posts\/6611\/revisions"}],"predecessor-version":[{"id":6612,"href":"https:\/\/rotary.zamosc.pl\/index.php\/wp-json\/wp\/v2\/posts\/6611\/revisions\/6612"}],"wp:featuredmedia":[{"embeddable":true,"href":"https:\/\/rotary.zamosc.pl\/index.php\/wp-json\/wp\/v2\/media\/2434"}],"wp:attachment":[{"href":"https:\/\/rotary.zamosc.pl\/index.php\/wp-json\/wp\/v2\/media?parent=6611"}],"wp:term":[{"taxonomy":"category","embeddable":true,"href":"https:\/\/rotary.zamosc.pl\/index.php\/wp-json\/wp\/v2\/categories?post=6611"},{"taxonomy":"post_tag","embeddable":true,"href":"https:\/\/rotary.zamosc.pl\/index.php\/wp-json\/wp\/v2\/tags?post=6611"}],"curies":[{"name":"wp","href":"https:\/\/api.w.org\/{rel}","templated":true}]}}