{"id":6613,"date":"2021-12-06T09:36:00","date_gmt":"2021-12-06T08:36:00","guid":{"rendered":"https:\/\/rotary.zamosc.pl\/?p=6613"},"modified":"2026-03-18T09:37:58","modified_gmt":"2026-03-18T08:37:58","slug":"koncert-mikolajkowo-bajkowy-2021","status":"publish","type":"post","link":"https:\/\/rotary.zamosc.pl\/index.php\/2021\/12\/06\/koncert-mikolajkowo-bajkowy-2021\/","title":{"rendered":"Koncert Miko\u0142ajkowo \u2013 Bajkowy 2021"},"content":{"rendered":"\n<p class=\"wp-block-paragraph\">6 grudnia, w poniedzia\u0142ek na godz. 18 zastali\u015bmy zaproszeni przez Dyrekcj\u0119 Pa\u0144stwowej Szko\u0142y Muzycznej w Zamo\u015bciu na uroczysty koncert Miko\u0142ajkowo \u2013 Bajkowy.<\/p>\n\n\n\n<p class=\"wp-block-paragraph\">Z rado\u015bci\u0105 przyj\u0119li\u015bmy zaproszenie, tym bardziej, \u017ce mamy wieloletnie kontakty z t\u0105 szko\u0142\u0105 i jak co roku wspieramy finansowo jej uczni\u00f3w. Oczywi\u015bcie by\u0142a to te\u017c okazja wys\u0142ucha\u0107 koncertu \u201ena \u017cywo\u201d, gdy jest niestety okres pandemii i takich wydarze\u0144 jest ma\u0142o, a je\u015bli s\u0105, to maj\u0105 wiele obostrze\u0144. W tym przypadku r\u00f3wnie\u017c tak by\u0142o, byli\u015bmy tylko 4 osobow\u0105 ograniczona grup\u0105, Prezydent Zbyszek \u017bukowski, Janusz Nowosad i skarbnik Ada\u015b Budzy\u0144ski wraz z \u017cona, a jako publiczno\u015b\u0107, rodzice uczni\u00f3w szko\u0142y muzycznej, te\u017c w ograniczonej ilo\u015bci, tylko jedna osoba spo\u015br\u00f3d rodzic\u00f3w. Niestety takie s\u0105 smutne skutki pandemii i zwi\u0105zanej z ni\u0105 ograniczenia.<\/p>\n\n\n\n<p class=\"wp-block-paragraph\">Ale chyba wszyscy zapomnieli\u015bmy o jej skutkach, bo koncert by\u0142 wspania\u0142y, a muzyka w wykonaniu m\u0142odzie\u017cy jest zawsze weso\u0142a i pe\u0142na rado\u015bci.<\/p>\n\n\n\n<p class=\"wp-block-paragraph\">My przy okazji, wykorzystali\u015bmy koncert do wr\u0119czenia stypendi\u00f3w dla szczeg\u00f3lnie pracowitych i uzdolnionych uczni\u00f3w tej szko\u0142y. Jak co roku ufundowali\u015bmy dwa stypendia. Uczni\u00f3w wytypowa\u0142o grono nauczycielskie. Docenianie ich pracy w tak m\u0142odym wieku jest dla nas bardzo wa\u017cne, a ich sukcesy o kt\u00f3rych wiemy, s\u0105 powodem do naszej dumy. Nasi dwaj stypendy\u015bci wyst\u0105pili ze wspania\u0142ym solowym wyst\u0119pem.<\/p>\n\n\n\n<p class=\"wp-block-paragraph\">Pierwszym stypendyst\u0105 jest ucze\u0144 VI klasy szko\u0142y \u015bredniej, w klasie tr\u0105bki, kt\u00f3rego uczy tata, nauczyciel z tej szko\u0142y, Bartek Kiecana. Wykona\u0142 solowy utw\u00f3r z repertuaru muzyki powa\u017cnej przy akopamencie Pani dyrektor Alicji S\u0142upskiej na fortepianie. Pi\u0119kny koncert. Trudny, ale wykonanie i kunszt \u015bwiadczy o wielkim talencie Bartka i jego pracy w opanowaniu tak trudnej kompozycji. Tak to ju\u017c jest, \u017ce najcz\u0119\u015bciej utwory muzyki powa\u017cnej s\u0105 \u201episane\u201d przez wirtuoz\u00f3w danego instrumentu, tak by tylko oni mogli go wykonywa\u0107, im trudniejszy tym wi\u0119ksza s\u0142awa i splendor. Dlatego byli\u015bmy pod bardzo du\u017cym wra\u017ceniem wykonaniu tak trudnego, ale te\u017c pi\u0119knego utworu przez Bartka.<\/p>\n\n\n\n<p class=\"wp-block-paragraph\">Drugim stypendyst\u0105 jest Piotrek Tymura w klasie fortepianu. Jest uczniem 6 klasy szko\u0142y podstawowej. Jest ju\u017c wybitnym m\u0142odym muzykiem. Od wielu lat koncertuje, a dorobek jego sukces\u00f3w w tak m\u0142odym wieku jest imponuj\u0105cy. Piotrek wykona\u0142 z wielkim kunsztem dwa utwory na fortepianie. By\u0142o wra\u017cenie, \u017ce jeste\u015bmy na koncercie w filharmonii i gra doros\u0142y do\u015bwiadczony pianista, a by\u0142 to tylko skromny m\u0142ody ch\u0142opiec. Gra\u0142 swobodnie i jednocze\u015bnie z wielk\u0105 pasj\u0105. Piotrek jest wielki.<\/p>\n\n\n\n<p class=\"wp-block-paragraph\">Po koncercie stypendyst\u00f3w na sal\u0119 wesz\u0142a szkolna orkiestra symfoniczna. Wszyscy byli poprzebierani w ozdoby miko\u0142ajkowe i \u015bwi\u0105teczne. Orkiestra by\u0142a wielka. Nie zmie\u015bci\u0142a si\u0119, na niema\u0142ej przecie\u017c scenie i cz\u0119\u015b\u0107 orkiestry by\u0142a poza ni\u0105, praktycznie obok widowni. Wra\u017cenie niesamowite. Jeszce nigdy tak blisko nie byli\u015bmy orkiestry. Pod batut\u0105 nauczyciela ze szko\u0142y m\u0142odzi muzycy wykonali specjalnie dobran\u0105 na t\u0105 okazj\u0119 bajkow\u0105 muzyk\u0119. Radosne i znane utwory, skomponowane przez \u015bwiatowej s\u0142awy kompozytor\u00f3w, a zwi\u0105zane z bajkowymi filmami z ostatnich lat. Mi\u0119dzy innymi \u201eKr\u00f3l Lew\u201d czy \u201eKraina Lodu\u201d. Co\u015b niesamowitego. Radosna, weso\u0142a, pi\u0119kna muzyka, cz\u0119sto skoczna, rytmiczna, a czasami melancholijna. Ogl\u0105daj\u0105c film, muzyka jest dla nas t\u0142em. A okazuje si\u0119 jak jest pi\u0119kna, bogata i ponadczasowa. Przedstawione utwory by\u0142y bardzo skomplikowane, bogata aran\u017cacja, przeplatane solowymi wyst\u0119pami przer\u00f3\u017cnych instrument\u00f3w. Byli\u015bmy pod wielkim wra\u017ceniem. Muzyka filmowa w takim wykonaniu jest r\u00f3wnie pi\u0119kna i wspania\u0142a jak powa\u017cne i znane utwory wielkich \u015bwiatowych kompozytor\u00f3w. Polecamy.<\/p>\n\n\n\n<p class=\"wp-block-paragraph\">Dzi\u0119kujemy naszym stypendystom, dzi\u0119kujemy szkolnej orkiestrze symfonicznej za wspania\u0142y koncert, niestety by\u0142 kr\u00f3tki, ale miejmy nadziej\u0119, \u017ce w przysz\u0142o\u015bci spotkamy si\u0119 w pe\u0142nym \u201ewymiarze\u201d.<\/p>\n\n\n\n<p class=\"wp-block-paragraph\">Dzi\u0119kujemy Dyrekcji i Gronu nauczycielskiemu za prac\u0119 w przygotowaniu tego koncertu i wk\u0142ad jaki Pa\u0144stwo wnosz\u0105 w nauk\u0119 przysz\u0142ych muzyk\u00f3w z Zamo\u015bcia.<\/p>\n\n\n\n<figure class=\"wp-block-gallery has-nested-images columns-1 is-cropped wp-block-gallery-1 is-layout-flex wp-block-gallery-is-layout-flex\">\n<figure class=\"wp-block-image size-large\"><img fetchpriority=\"high\" decoding=\"async\" width=\"700\" height=\"525\" data-id=\"2440\" src=\"https:\/\/rotary.zamosc.pl\/wp-content\/uploads\/2022\/01\/koncert-Mikolajkowo-\u2013-Bajkowy-2021-6-700x525.jpg\" alt=\"\" class=\"wp-image-2440\" srcset=\"https:\/\/rotary.zamosc.pl\/wp-content\/uploads\/2022\/01\/koncert-Mikolajkowo-\u2013-Bajkowy-2021-6-700x525.jpg 700w, https:\/\/rotary.zamosc.pl\/wp-content\/uploads\/2022\/01\/koncert-Mikolajkowo-\u2013-Bajkowy-2021-6-300x225.jpg 300w, https:\/\/rotary.zamosc.pl\/wp-content\/uploads\/2022\/01\/koncert-Mikolajkowo-\u2013-Bajkowy-2021-6-768x576.jpg 768w, https:\/\/rotary.zamosc.pl\/wp-content\/uploads\/2022\/01\/koncert-Mikolajkowo-\u2013-Bajkowy-2021-6-1536x1152.jpg 1536w, https:\/\/rotary.zamosc.pl\/wp-content\/uploads\/2022\/01\/koncert-Mikolajkowo-\u2013-Bajkowy-2021-6-2048x1536.jpg 2048w, https:\/\/rotary.zamosc.pl\/wp-content\/uploads\/2022\/01\/koncert-Mikolajkowo-\u2013-Bajkowy-2021-6-800x600.jpg 800w, https:\/\/rotary.zamosc.pl\/wp-content\/uploads\/2022\/01\/koncert-Mikolajkowo-\u2013-Bajkowy-2021-6-80x60.jpg 80w\" sizes=\"(max-width: 700px) 100vw, 700px\" \/><\/figure>\n\n\n\n<figure class=\"wp-block-image size-large\"><img decoding=\"async\" width=\"700\" height=\"525\" data-id=\"2439\" src=\"https:\/\/rotary.zamosc.pl\/wp-content\/uploads\/2022\/01\/koncert-Mikolajkowo-\u2013-Bajkowy-2021-5-700x525.jpg\" alt=\"\" class=\"wp-image-2439\" srcset=\"https:\/\/rotary.zamosc.pl\/wp-content\/uploads\/2022\/01\/koncert-Mikolajkowo-\u2013-Bajkowy-2021-5-700x525.jpg 700w, https:\/\/rotary.zamosc.pl\/wp-content\/uploads\/2022\/01\/koncert-Mikolajkowo-\u2013-Bajkowy-2021-5-300x225.jpg 300w, https:\/\/rotary.zamosc.pl\/wp-content\/uploads\/2022\/01\/koncert-Mikolajkowo-\u2013-Bajkowy-2021-5-768x576.jpg 768w, https:\/\/rotary.zamosc.pl\/wp-content\/uploads\/2022\/01\/koncert-Mikolajkowo-\u2013-Bajkowy-2021-5-1536x1152.jpg 1536w, https:\/\/rotary.zamosc.pl\/wp-content\/uploads\/2022\/01\/koncert-Mikolajkowo-\u2013-Bajkowy-2021-5-2048x1536.jpg 2048w, https:\/\/rotary.zamosc.pl\/wp-content\/uploads\/2022\/01\/koncert-Mikolajkowo-\u2013-Bajkowy-2021-5-800x600.jpg 800w, https:\/\/rotary.zamosc.pl\/wp-content\/uploads\/2022\/01\/koncert-Mikolajkowo-\u2013-Bajkowy-2021-5-80x60.jpg 80w\" sizes=\"(max-width: 700px) 100vw, 700px\" \/><\/figure>\n\n\n\n<figure class=\"wp-block-image size-large\"><img decoding=\"async\" width=\"700\" height=\"525\" data-id=\"2438\" src=\"https:\/\/rotary.zamosc.pl\/wp-content\/uploads\/2022\/01\/koncert-Mikolajkowo-\u2013-Bajkowy-2021-4-700x525.jpg\" alt=\"\" class=\"wp-image-2438\" srcset=\"https:\/\/rotary.zamosc.pl\/wp-content\/uploads\/2022\/01\/koncert-Mikolajkowo-\u2013-Bajkowy-2021-4-700x525.jpg 700w, https:\/\/rotary.zamosc.pl\/wp-content\/uploads\/2022\/01\/koncert-Mikolajkowo-\u2013-Bajkowy-2021-4-300x225.jpg 300w, https:\/\/rotary.zamosc.pl\/wp-content\/uploads\/2022\/01\/koncert-Mikolajkowo-\u2013-Bajkowy-2021-4-768x576.jpg 768w, https:\/\/rotary.zamosc.pl\/wp-content\/uploads\/2022\/01\/koncert-Mikolajkowo-\u2013-Bajkowy-2021-4-1536x1152.jpg 1536w, https:\/\/rotary.zamosc.pl\/wp-content\/uploads\/2022\/01\/koncert-Mikolajkowo-\u2013-Bajkowy-2021-4-2048x1536.jpg 2048w, https:\/\/rotary.zamosc.pl\/wp-content\/uploads\/2022\/01\/koncert-Mikolajkowo-\u2013-Bajkowy-2021-4-800x600.jpg 800w, https:\/\/rotary.zamosc.pl\/wp-content\/uploads\/2022\/01\/koncert-Mikolajkowo-\u2013-Bajkowy-2021-4-80x60.jpg 80w\" sizes=\"(max-width: 700px) 100vw, 700px\" \/><\/figure>\n\n\n\n<figure class=\"wp-block-image size-large\"><img loading=\"lazy\" decoding=\"async\" width=\"700\" height=\"525\" data-id=\"2437\" src=\"https:\/\/rotary.zamosc.pl\/wp-content\/uploads\/2022\/01\/koncert-Mikolajkowo-\u2013-Bajkowy-2021-3-700x525.jpg\" alt=\"\" class=\"wp-image-2437\" srcset=\"https:\/\/rotary.zamosc.pl\/wp-content\/uploads\/2022\/01\/koncert-Mikolajkowo-\u2013-Bajkowy-2021-3-700x525.jpg 700w, https:\/\/rotary.zamosc.pl\/wp-content\/uploads\/2022\/01\/koncert-Mikolajkowo-\u2013-Bajkowy-2021-3-300x225.jpg 300w, https:\/\/rotary.zamosc.pl\/wp-content\/uploads\/2022\/01\/koncert-Mikolajkowo-\u2013-Bajkowy-2021-3-768x576.jpg 768w, https:\/\/rotary.zamosc.pl\/wp-content\/uploads\/2022\/01\/koncert-Mikolajkowo-\u2013-Bajkowy-2021-3-1536x1152.jpg 1536w, https:\/\/rotary.zamosc.pl\/wp-content\/uploads\/2022\/01\/koncert-Mikolajkowo-\u2013-Bajkowy-2021-3-2048x1536.jpg 2048w, https:\/\/rotary.zamosc.pl\/wp-content\/uploads\/2022\/01\/koncert-Mikolajkowo-\u2013-Bajkowy-2021-3-800x600.jpg 800w, https:\/\/rotary.zamosc.pl\/wp-content\/uploads\/2022\/01\/koncert-Mikolajkowo-\u2013-Bajkowy-2021-3-80x60.jpg 80w\" sizes=\"(max-width: 700px) 100vw, 700px\" \/><\/figure>\n\n\n\n<figure class=\"wp-block-image size-large\"><img loading=\"lazy\" decoding=\"async\" width=\"700\" height=\"525\" data-id=\"2436\" src=\"https:\/\/rotary.zamosc.pl\/wp-content\/uploads\/2022\/01\/koncert-Mikolajkowo-\u2013-Bajkowy-2021-2-700x525.jpg\" alt=\"\" class=\"wp-image-2436\" srcset=\"https:\/\/rotary.zamosc.pl\/wp-content\/uploads\/2022\/01\/koncert-Mikolajkowo-\u2013-Bajkowy-2021-2-700x525.jpg 700w, https:\/\/rotary.zamosc.pl\/wp-content\/uploads\/2022\/01\/koncert-Mikolajkowo-\u2013-Bajkowy-2021-2-300x225.jpg 300w, https:\/\/rotary.zamosc.pl\/wp-content\/uploads\/2022\/01\/koncert-Mikolajkowo-\u2013-Bajkowy-2021-2-768x576.jpg 768w, https:\/\/rotary.zamosc.pl\/wp-content\/uploads\/2022\/01\/koncert-Mikolajkowo-\u2013-Bajkowy-2021-2-1536x1152.jpg 1536w, https:\/\/rotary.zamosc.pl\/wp-content\/uploads\/2022\/01\/koncert-Mikolajkowo-\u2013-Bajkowy-2021-2-2048x1536.jpg 2048w, https:\/\/rotary.zamosc.pl\/wp-content\/uploads\/2022\/01\/koncert-Mikolajkowo-\u2013-Bajkowy-2021-2-800x600.jpg 800w, https:\/\/rotary.zamosc.pl\/wp-content\/uploads\/2022\/01\/koncert-Mikolajkowo-\u2013-Bajkowy-2021-2-80x60.jpg 80w\" sizes=\"(max-width: 700px) 100vw, 700px\" \/><\/figure>\n\n\n\n<figure class=\"wp-block-image size-large\"><img loading=\"lazy\" decoding=\"async\" width=\"700\" height=\"525\" data-id=\"2435\" src=\"https:\/\/rotary.zamosc.pl\/wp-content\/uploads\/2022\/01\/koncert-Mikolajkowo-\u2013-Bajkowy-2021-1-700x525.jpg\" alt=\"\" class=\"wp-image-2435\" srcset=\"https:\/\/rotary.zamosc.pl\/wp-content\/uploads\/2022\/01\/koncert-Mikolajkowo-\u2013-Bajkowy-2021-1-700x525.jpg 700w, https:\/\/rotary.zamosc.pl\/wp-content\/uploads\/2022\/01\/koncert-Mikolajkowo-\u2013-Bajkowy-2021-1-300x225.jpg 300w, https:\/\/rotary.zamosc.pl\/wp-content\/uploads\/2022\/01\/koncert-Mikolajkowo-\u2013-Bajkowy-2021-1-768x576.jpg 768w, https:\/\/rotary.zamosc.pl\/wp-content\/uploads\/2022\/01\/koncert-Mikolajkowo-\u2013-Bajkowy-2021-1-1536x1152.jpg 1536w, https:\/\/rotary.zamosc.pl\/wp-content\/uploads\/2022\/01\/koncert-Mikolajkowo-\u2013-Bajkowy-2021-1-2048x1536.jpg 2048w, https:\/\/rotary.zamosc.pl\/wp-content\/uploads\/2022\/01\/koncert-Mikolajkowo-\u2013-Bajkowy-2021-1-800x600.jpg 800w, https:\/\/rotary.zamosc.pl\/wp-content\/uploads\/2022\/01\/koncert-Mikolajkowo-\u2013-Bajkowy-2021-1-80x60.jpg 80w\" sizes=\"(max-width: 700px) 100vw, 700px\" \/><\/figure>\n<\/figure>\n","protected":false},"excerpt":{"rendered":"<p>6 grudnia, w poniedzia\u0142ek na godz. 18 zastali\u015bmy zaproszeni przez Dyrekcj\u0119 Pa\u0144stwowej Szko\u0142y Muzycznej w Zamo\u015bciu na uroczysty koncert Miko\u0142ajkowo \u2013 Bajkowy. Z rado\u015bci\u0105 przyj\u0119li\u015bmy zaproszenie, tym bardziej, \u017ce mamy wieloletnie kontakty z t\u0105 szko\u0142\u0105 i jak co roku wspieramy finansowo jej uczni\u00f3w. Oczywi\u015bcie by\u0142a to te\u017c okazja wys\u0142ucha\u0107 koncertu \u201ena \u017cywo\u201d, gdy jest niestety&#8230;<\/p>\n","protected":false},"author":1,"featured_media":2441,"comment_status":"open","ping_status":"open","sticky":false,"template":"","format":"standard","meta":{"footnotes":""},"categories":[14],"tags":[],"class_list":["post-6613","post","type-post","status-publish","format-standard","has-post-thumbnail","hentry","category-14"],"rttpg_featured_image_url":{"full":["https:\/\/rotary.zamosc.pl\/wp-content\/uploads\/2022\/01\/koncert-Mikolajkowo-\u2013-Bajkowy-2021-7.jpg",1555,2074,false],"landscape":["https:\/\/rotary.zamosc.pl\/wp-content\/uploads\/2022\/01\/koncert-Mikolajkowo-\u2013-Bajkowy-2021-7.jpg",1555,2074,false],"portraits":["https:\/\/rotary.zamosc.pl\/wp-content\/uploads\/2022\/01\/koncert-Mikolajkowo-\u2013-Bajkowy-2021-7.jpg",1555,2074,false],"thumbnail":["https:\/\/rotary.zamosc.pl\/wp-content\/uploads\/2022\/01\/koncert-Mikolajkowo-\u2013-Bajkowy-2021-7-150x150.jpg",150,150,true],"medium":["https:\/\/rotary.zamosc.pl\/wp-content\/uploads\/2022\/01\/koncert-Mikolajkowo-\u2013-Bajkowy-2021-7-225x300.jpg",225,300,true],"large":["https:\/\/rotary.zamosc.pl\/wp-content\/uploads\/2022\/01\/koncert-Mikolajkowo-\u2013-Bajkowy-2021-7-700x934.jpg",700,934,true],"1536x1536":["https:\/\/rotary.zamosc.pl\/wp-content\/uploads\/2022\/01\/koncert-Mikolajkowo-\u2013-Bajkowy-2021-7-1152x1536.jpg",1152,1536,true],"2048x2048":["https:\/\/rotary.zamosc.pl\/wp-content\/uploads\/2022\/01\/koncert-Mikolajkowo-\u2013-Bajkowy-2021-7-1536x2048.jpg",1536,2048,true],"post-thumbnail":["https:\/\/rotary.zamosc.pl\/wp-content\/uploads\/2022\/01\/koncert-Mikolajkowo-\u2013-Bajkowy-2021-7-800x1067.jpg",800,1067,true],"graphy-post-thumbnail-large":["https:\/\/rotary.zamosc.pl\/wp-content\/uploads\/2022\/01\/koncert-Mikolajkowo-\u2013-Bajkowy-2021-7-1080x600.jpg",1080,600,true],"graphy-post-thumbnail-medium":["https:\/\/rotary.zamosc.pl\/wp-content\/uploads\/2022\/01\/koncert-Mikolajkowo-\u2013-Bajkowy-2021-7-482x300.jpg",482,300,true],"graphy-post-thumbnail-small":["https:\/\/rotary.zamosc.pl\/wp-content\/uploads\/2022\/01\/koncert-Mikolajkowo-\u2013-Bajkowy-2021-7-80x60.jpg",80,60,true],"graphy-page-thumbnail":["https:\/\/rotary.zamosc.pl\/wp-content\/uploads\/2022\/01\/koncert-Mikolajkowo-\u2013-Bajkowy-2021-7-1260x350.jpg",1260,350,true],"sow-carousel-default":["https:\/\/rotary.zamosc.pl\/wp-content\/uploads\/2022\/01\/koncert-Mikolajkowo-\u2013-Bajkowy-2021-7-272x182.jpg",272,182,true]},"rttpg_author":{"display_name":"rotaryzamosc","author_link":"https:\/\/rotary.zamosc.pl\/index.php\/author\/rotaryzamosc\/"},"rttpg_comment":0,"rttpg_category":"<a href=\"https:\/\/rotary.zamosc.pl\/index.php\/category\/2021\/\" rel=\"category tag\">2021<\/a>","rttpg_excerpt":"6 grudnia, w poniedzia\u0142ek na godz. 18 zastali\u015bmy zaproszeni przez Dyrekcj\u0119 Pa\u0144stwowej Szko\u0142y Muzycznej w Zamo\u015bciu na uroczysty koncert Miko\u0142ajkowo \u2013 Bajkowy. Z rado\u015bci\u0105 przyj\u0119li\u015bmy zaproszenie, tym bardziej, \u017ce mamy wieloletnie kontakty z t\u0105 szko\u0142\u0105 i jak co roku wspieramy finansowo jej uczni\u00f3w. Oczywi\u015bcie by\u0142a to te\u017c okazja wys\u0142ucha\u0107 koncertu \u201ena \u017cywo\u201d, gdy jest niestety...","_links":{"self":[{"href":"https:\/\/rotary.zamosc.pl\/index.php\/wp-json\/wp\/v2\/posts\/6613","targetHints":{"allow":["GET"]}}],"collection":[{"href":"https:\/\/rotary.zamosc.pl\/index.php\/wp-json\/wp\/v2\/posts"}],"about":[{"href":"https:\/\/rotary.zamosc.pl\/index.php\/wp-json\/wp\/v2\/types\/post"}],"author":[{"embeddable":true,"href":"https:\/\/rotary.zamosc.pl\/index.php\/wp-json\/wp\/v2\/users\/1"}],"replies":[{"embeddable":true,"href":"https:\/\/rotary.zamosc.pl\/index.php\/wp-json\/wp\/v2\/comments?post=6613"}],"version-history":[{"count":1,"href":"https:\/\/rotary.zamosc.pl\/index.php\/wp-json\/wp\/v2\/posts\/6613\/revisions"}],"predecessor-version":[{"id":6614,"href":"https:\/\/rotary.zamosc.pl\/index.php\/wp-json\/wp\/v2\/posts\/6613\/revisions\/6614"}],"wp:featuredmedia":[{"embeddable":true,"href":"https:\/\/rotary.zamosc.pl\/index.php\/wp-json\/wp\/v2\/media\/2441"}],"wp:attachment":[{"href":"https:\/\/rotary.zamosc.pl\/index.php\/wp-json\/wp\/v2\/media?parent=6613"}],"wp:term":[{"taxonomy":"category","embeddable":true,"href":"https:\/\/rotary.zamosc.pl\/index.php\/wp-json\/wp\/v2\/categories?post=6613"},{"taxonomy":"post_tag","embeddable":true,"href":"https:\/\/rotary.zamosc.pl\/index.php\/wp-json\/wp\/v2\/tags?post=6613"}],"curies":[{"name":"wp","href":"https:\/\/api.w.org\/{rel}","templated":true}]}}