{"id":6615,"date":"2021-12-30T09:45:00","date_gmt":"2021-12-30T08:45:00","guid":{"rendered":"https:\/\/rotary.zamosc.pl\/?p=6615"},"modified":"2026-03-18T09:47:23","modified_gmt":"2026-03-18T08:47:23","slug":"wigilia-w-dps-pod-patronatem-rc-zamosc","status":"publish","type":"post","link":"https:\/\/rotary.zamosc.pl\/index.php\/2021\/12\/30\/wigilia-w-dps-pod-patronatem-rc-zamosc\/","title":{"rendered":"Wigilia w DPS pod patronatem RC Zamo\u015b\u0107"},"content":{"rendered":"\n<p class=\"wp-block-paragraph\">To by\u0142a niesamowita wigilia. Przynios\u0142a rado\u015b\u0107 nie tylko Paniom z DPS, ale te\u017c jej organizatorom. By\u0142a burz\u0105 m\u00f3zg\u00f3w i potrzeb\u0105 zrobienia czego\u015b dobrego dla innych . Rotary Club Zamo\u015b\u0107 obj\u0105\u0142 swoim patronatem DPS przy ul \u017bdanowskiej, dzi\u0119ki czemu powsta\u0142a \u015bwietlica terapeutyczna. Ale przyszed\u0142 czas na spe\u0142nianie pragnie\u0144 osobistych. Ja by\u0142am pod wra\u017ceniem nie tyle pracy co wielkiego szacunku dyrekcji DPS dla Pa\u0144, kt\u00f3re tam przebywaj\u0105. Eli Szyma\u0144skiej, Wiesiowi Rakowi i autorce tekstu zale\u017ca\u0142o, by wigilia by\u0142a czym\u015b wyj\u0105tkowym. By\u0142a zatem choinka dowieziona przez Jurka Liberadzkiegio, pe\u0142na oczekiwania atmosfera i rado\u015b\u0107 na twarzach Pa\u0144.<\/p>\n\n\n\n<p class=\"wp-block-paragraph\">Spotkanie, po powitaniu przez pani\u0105 dyrektor rozpocz\u0119\u0142o si\u0119 koncertem pastora\u0142ek, recytacji i kol\u0119d w wykonaniu pensjonariuszek. Trzeba by\u0142o widzie\u0107 ich zaanga\u017cowanie, emocje i rado\u015b\u0107. Uczestnicy brawami dopingowali i bawili si\u0119 razem z nimi. Emocje. To by\u0142o niesamowite.<\/p>\n\n\n\n<p class=\"wp-block-paragraph\">W wigilii obok Pa\u0144 z DPS uczestniczyli cz\u0142onkowie klubu Rotary Zamo\u015b\u0107. Ela Szyma\u0144ska i Maria Zygo zaanga\u017cowane by\u0142y w przygotowanie prezent\u00f3w dla Pa\u0144. Jednym z pomys\u0142\u00f3w by\u0142o zebranie ozd\u00f3bek bi\u017cuteryjnych od naszych znajomych, co spotka\u0142o si\u0119 z du\u017cym odd\u017awi\u0119kiem. Pani Kasia Monachiewicz z Liceum Sztuk Plastycznych wraz z uczniami zaj\u0119\u0142a si\u0119 zapakowaniem prezent\u00f3w. W paczkach znalaz\u0142y si\u0119 te\u017c ba\u0144ki na choink\u0119 przygotowanie przez uczni\u00f3w. Dobrym pomys\u0142em by\u0142o przygotowanie dla ka\u017cdej Pani z DPSu portretu, kt\u00f3ry zosta\u0142 oprawiony w ramki. Te portrety sprawi\u0142y du\u017c\u0105 rado\u015b\u0107 obdarowanym. Miko\u0142aj, kt\u00f3rym by\u0142 ucze\u0144 PLSP wr\u0119cza\u0142 prezenty osobi\u015bcie. Opr\u00f3cz tego, by\u0142y te\u017c kwiaty czyli gwiazdy betlejemskie, kt\u00f3re b\u0119d\u0105 cieszy\u0107 pensjonariuszki w ich pokojach. Rozdawaniu prezent\u00f3w towarzyszy\u0142a rado\u015b\u0107, troch\u0119 rozgardiasz , robienie fotografii i u\u015bciski.<\/p>\n\n\n\n<p class=\"wp-block-paragraph\">Okazywanie blisko\u015bci by\u0142o tym, co by\u0142o potrzebne wszystkim. Go\u015bcie otrzymali w prezencie wielkie piernikowe serca. Pani Edyta Panas, cz\u0142onkini RC Zamo\u015b\u0107, przekaza\u0142a kosz s\u0142odyczy, a wolontariusze PLSP te\u017c zebrali do skarbony datki.<\/p>\n\n\n\n<p class=\"wp-block-paragraph\">Jestem pod wra\u017ceniem zar\u00f3wno m\u0142odzie\u017cy z PLSP jak i ich nauczycieli i wychowawc\u00f3w, kt\u00f3rzy byli obecni podczas wigilii i byli te\u017c zaanga\u017cowani w przygotowanie prezent\u00f3w. Wielkie dzi\u0119kuj\u0119. Mam nadziej\u0119, \u017ce to pocz\u0105tek naszej wsp\u00f3\u0142pracy dla dobra innych. Licz\u0119 te\u017c na nowe pomys\u0142y.<\/p>\n\n\n\n<p class=\"wp-block-paragraph\">Przyznam, \u017ce ta wigilia w DPS by\u0142a dla mnie czym\u015b wyj\u0105tkowym i d\u0142ugo jej nie zapomn\u0119. Widzie\u0107 u\u015bmiech, rado\u015b\u0107 i niecierpliwe otwieranie paczek to rzecz bezcenna. Zatem do siego roku.<\/p>\n\n\n\n<figure class=\"wp-block-gallery has-nested-images columns-1 is-cropped wp-block-gallery-1 is-layout-flex wp-block-gallery-is-layout-flex\">\n<figure class=\"wp-block-image size-large\"><img fetchpriority=\"high\" decoding=\"async\" width=\"700\" height=\"525\" data-id=\"2419\" src=\"https:\/\/rotary.zamosc.pl\/wp-content\/uploads\/2021\/12\/IMG-20211228-WA0020-700x525.jpg\" alt=\"\" class=\"wp-image-2419\" srcset=\"https:\/\/rotary.zamosc.pl\/wp-content\/uploads\/2021\/12\/IMG-20211228-WA0020-700x525.jpg 700w, https:\/\/rotary.zamosc.pl\/wp-content\/uploads\/2021\/12\/IMG-20211228-WA0020-300x225.jpg 300w, https:\/\/rotary.zamosc.pl\/wp-content\/uploads\/2021\/12\/IMG-20211228-WA0020-768x576.jpg 768w, https:\/\/rotary.zamosc.pl\/wp-content\/uploads\/2021\/12\/IMG-20211228-WA0020-1536x1152.jpg 1536w, https:\/\/rotary.zamosc.pl\/wp-content\/uploads\/2021\/12\/IMG-20211228-WA0020-800x600.jpg 800w, https:\/\/rotary.zamosc.pl\/wp-content\/uploads\/2021\/12\/IMG-20211228-WA0020-80x60.jpg 80w, https:\/\/rotary.zamosc.pl\/wp-content\/uploads\/2021\/12\/IMG-20211228-WA0020.jpg 2048w\" sizes=\"(max-width: 700px) 100vw, 700px\" \/><\/figure>\n\n\n\n<figure class=\"wp-block-image size-large\"><img decoding=\"async\" width=\"700\" height=\"525\" data-id=\"2418\" src=\"https:\/\/rotary.zamosc.pl\/wp-content\/uploads\/2021\/12\/IMG-20211228-WA0019-700x525.jpg\" alt=\"\" class=\"wp-image-2418\" srcset=\"https:\/\/rotary.zamosc.pl\/wp-content\/uploads\/2021\/12\/IMG-20211228-WA0019-700x525.jpg 700w, https:\/\/rotary.zamosc.pl\/wp-content\/uploads\/2021\/12\/IMG-20211228-WA0019-300x225.jpg 300w, https:\/\/rotary.zamosc.pl\/wp-content\/uploads\/2021\/12\/IMG-20211228-WA0019-768x576.jpg 768w, https:\/\/rotary.zamosc.pl\/wp-content\/uploads\/2021\/12\/IMG-20211228-WA0019-1536x1152.jpg 1536w, https:\/\/rotary.zamosc.pl\/wp-content\/uploads\/2021\/12\/IMG-20211228-WA0019-800x600.jpg 800w, https:\/\/rotary.zamosc.pl\/wp-content\/uploads\/2021\/12\/IMG-20211228-WA0019-80x60.jpg 80w, https:\/\/rotary.zamosc.pl\/wp-content\/uploads\/2021\/12\/IMG-20211228-WA0019.jpg 2048w\" sizes=\"(max-width: 700px) 100vw, 700px\" \/><\/figure>\n\n\n\n<figure class=\"wp-block-image size-large\"><img decoding=\"async\" width=\"700\" height=\"525\" data-id=\"2417\" src=\"https:\/\/rotary.zamosc.pl\/wp-content\/uploads\/2021\/12\/IMG-20211228-WA0018-700x525.jpg\" alt=\"\" class=\"wp-image-2417\" srcset=\"https:\/\/rotary.zamosc.pl\/wp-content\/uploads\/2021\/12\/IMG-20211228-WA0018-700x525.jpg 700w, https:\/\/rotary.zamosc.pl\/wp-content\/uploads\/2021\/12\/IMG-20211228-WA0018-300x225.jpg 300w, https:\/\/rotary.zamosc.pl\/wp-content\/uploads\/2021\/12\/IMG-20211228-WA0018-768x576.jpg 768w, https:\/\/rotary.zamosc.pl\/wp-content\/uploads\/2021\/12\/IMG-20211228-WA0018-1536x1152.jpg 1536w, https:\/\/rotary.zamosc.pl\/wp-content\/uploads\/2021\/12\/IMG-20211228-WA0018-800x600.jpg 800w, https:\/\/rotary.zamosc.pl\/wp-content\/uploads\/2021\/12\/IMG-20211228-WA0018-80x60.jpg 80w, https:\/\/rotary.zamosc.pl\/wp-content\/uploads\/2021\/12\/IMG-20211228-WA0018.jpg 2048w\" sizes=\"(max-width: 700px) 100vw, 700px\" \/><\/figure>\n\n\n\n<figure class=\"wp-block-image size-large\"><img loading=\"lazy\" decoding=\"async\" width=\"700\" height=\"525\" data-id=\"2416\" src=\"https:\/\/rotary.zamosc.pl\/wp-content\/uploads\/2021\/12\/IMG-20211228-WA0017-700x525.jpg\" alt=\"\" class=\"wp-image-2416\" srcset=\"https:\/\/rotary.zamosc.pl\/wp-content\/uploads\/2021\/12\/IMG-20211228-WA0017-700x525.jpg 700w, https:\/\/rotary.zamosc.pl\/wp-content\/uploads\/2021\/12\/IMG-20211228-WA0017-300x225.jpg 300w, https:\/\/rotary.zamosc.pl\/wp-content\/uploads\/2021\/12\/IMG-20211228-WA0017-768x576.jpg 768w, https:\/\/rotary.zamosc.pl\/wp-content\/uploads\/2021\/12\/IMG-20211228-WA0017-1536x1152.jpg 1536w, https:\/\/rotary.zamosc.pl\/wp-content\/uploads\/2021\/12\/IMG-20211228-WA0017-800x600.jpg 800w, https:\/\/rotary.zamosc.pl\/wp-content\/uploads\/2021\/12\/IMG-20211228-WA0017-80x60.jpg 80w, https:\/\/rotary.zamosc.pl\/wp-content\/uploads\/2021\/12\/IMG-20211228-WA0017.jpg 2048w\" sizes=\"(max-width: 700px) 100vw, 700px\" \/><\/figure>\n\n\n\n<figure class=\"wp-block-image size-large\"><img loading=\"lazy\" decoding=\"async\" width=\"700\" height=\"525\" data-id=\"2415\" src=\"https:\/\/rotary.zamosc.pl\/wp-content\/uploads\/2021\/12\/IMG-20211228-WA0016-700x525.jpg\" alt=\"\" class=\"wp-image-2415\" srcset=\"https:\/\/rotary.zamosc.pl\/wp-content\/uploads\/2021\/12\/IMG-20211228-WA0016-700x525.jpg 700w, https:\/\/rotary.zamosc.pl\/wp-content\/uploads\/2021\/12\/IMG-20211228-WA0016-300x225.jpg 300w, https:\/\/rotary.zamosc.pl\/wp-content\/uploads\/2021\/12\/IMG-20211228-WA0016-768x576.jpg 768w, https:\/\/rotary.zamosc.pl\/wp-content\/uploads\/2021\/12\/IMG-20211228-WA0016-1536x1152.jpg 1536w, https:\/\/rotary.zamosc.pl\/wp-content\/uploads\/2021\/12\/IMG-20211228-WA0016-800x600.jpg 800w, https:\/\/rotary.zamosc.pl\/wp-content\/uploads\/2021\/12\/IMG-20211228-WA0016-80x60.jpg 80w, https:\/\/rotary.zamosc.pl\/wp-content\/uploads\/2021\/12\/IMG-20211228-WA0016.jpg 2048w\" sizes=\"(max-width: 700px) 100vw, 700px\" \/><\/figure>\n\n\n\n<figure class=\"wp-block-image size-large\"><img loading=\"lazy\" decoding=\"async\" width=\"700\" height=\"525\" data-id=\"2414\" src=\"https:\/\/rotary.zamosc.pl\/wp-content\/uploads\/2021\/12\/IMG-20211228-WA0015-700x525.jpg\" alt=\"\" class=\"wp-image-2414\" srcset=\"https:\/\/rotary.zamosc.pl\/wp-content\/uploads\/2021\/12\/IMG-20211228-WA0015-700x525.jpg 700w, https:\/\/rotary.zamosc.pl\/wp-content\/uploads\/2021\/12\/IMG-20211228-WA0015-300x225.jpg 300w, https:\/\/rotary.zamosc.pl\/wp-content\/uploads\/2021\/12\/IMG-20211228-WA0015-768x576.jpg 768w, https:\/\/rotary.zamosc.pl\/wp-content\/uploads\/2021\/12\/IMG-20211228-WA0015-1536x1152.jpg 1536w, https:\/\/rotary.zamosc.pl\/wp-content\/uploads\/2021\/12\/IMG-20211228-WA0015-800x600.jpg 800w, https:\/\/rotary.zamosc.pl\/wp-content\/uploads\/2021\/12\/IMG-20211228-WA0015-80x60.jpg 80w, https:\/\/rotary.zamosc.pl\/wp-content\/uploads\/2021\/12\/IMG-20211228-WA0015.jpg 2048w\" sizes=\"(max-width: 700px) 100vw, 700px\" \/><\/figure>\n\n\n\n<figure class=\"wp-block-image size-large\"><img loading=\"lazy\" decoding=\"async\" width=\"700\" height=\"933\" data-id=\"2412\" src=\"https:\/\/rotary.zamosc.pl\/wp-content\/uploads\/2021\/12\/IMG-20211228-WA0013-700x933.jpg\" alt=\"\" class=\"wp-image-2412\" srcset=\"https:\/\/rotary.zamosc.pl\/wp-content\/uploads\/2021\/12\/IMG-20211228-WA0013-700x933.jpg 700w, https:\/\/rotary.zamosc.pl\/wp-content\/uploads\/2021\/12\/IMG-20211228-WA0013-225x300.jpg 225w, https:\/\/rotary.zamosc.pl\/wp-content\/uploads\/2021\/12\/IMG-20211228-WA0013-768x1024.jpg 768w, https:\/\/rotary.zamosc.pl\/wp-content\/uploads\/2021\/12\/IMG-20211228-WA0013-1152x1536.jpg 1152w, https:\/\/rotary.zamosc.pl\/wp-content\/uploads\/2021\/12\/IMG-20211228-WA0013-800x1067.jpg 800w, https:\/\/rotary.zamosc.pl\/wp-content\/uploads\/2021\/12\/IMG-20211228-WA0013.jpg 1536w\" sizes=\"(max-width: 700px) 100vw, 700px\" \/><\/figure>\n<\/figure>\n","protected":false},"excerpt":{"rendered":"<p>To by\u0142a niesamowita wigilia. Przynios\u0142a rado\u015b\u0107 nie tylko Paniom z DPS, ale te\u017c jej organizatorom. By\u0142a burz\u0105 m\u00f3zg\u00f3w i potrzeb\u0105 zrobienia czego\u015b dobrego dla innych . Rotary Club Zamo\u015b\u0107 obj\u0105\u0142 swoim patronatem DPS przy ul \u017bdanowskiej, dzi\u0119ki czemu powsta\u0142a \u015bwietlica terapeutyczna. Ale przyszed\u0142 czas na spe\u0142nianie pragnie\u0144 osobistych. Ja by\u0142am pod wra\u017ceniem nie tyle pracy&#8230;<\/p>\n","protected":false},"author":1,"featured_media":2413,"comment_status":"open","ping_status":"open","sticky":false,"template":"","format":"standard","meta":{"footnotes":""},"categories":[14],"tags":[],"class_list":["post-6615","post","type-post","status-publish","format-standard","has-post-thumbnail","hentry","category-14"],"rttpg_featured_image_url":{"full":["https:\/\/rotary.zamosc.pl\/wp-content\/uploads\/2021\/12\/IMG-20211228-WA0014.jpg",2048,1536,false],"landscape":["https:\/\/rotary.zamosc.pl\/wp-content\/uploads\/2021\/12\/IMG-20211228-WA0014.jpg",2048,1536,false],"portraits":["https:\/\/rotary.zamosc.pl\/wp-content\/uploads\/2021\/12\/IMG-20211228-WA0014.jpg",2048,1536,false],"thumbnail":["https:\/\/rotary.zamosc.pl\/wp-content\/uploads\/2021\/12\/IMG-20211228-WA0014-150x150.jpg",150,150,true],"medium":["https:\/\/rotary.zamosc.pl\/wp-content\/uploads\/2021\/12\/IMG-20211228-WA0014-300x225.jpg",300,225,true],"large":["https:\/\/rotary.zamosc.pl\/wp-content\/uploads\/2021\/12\/IMG-20211228-WA0014-700x525.jpg",700,525,true],"1536x1536":["https:\/\/rotary.zamosc.pl\/wp-content\/uploads\/2021\/12\/IMG-20211228-WA0014-1536x1152.jpg",1536,1152,true],"2048x2048":["https:\/\/rotary.zamosc.pl\/wp-content\/uploads\/2021\/12\/IMG-20211228-WA0014.jpg",2048,1536,false],"post-thumbnail":["https:\/\/rotary.zamosc.pl\/wp-content\/uploads\/2021\/12\/IMG-20211228-WA0014-800x600.jpg",800,600,true],"graphy-post-thumbnail-large":["https:\/\/rotary.zamosc.pl\/wp-content\/uploads\/2021\/12\/IMG-20211228-WA0014-1080x600.jpg",1080,600,true],"graphy-post-thumbnail-medium":["https:\/\/rotary.zamosc.pl\/wp-content\/uploads\/2021\/12\/IMG-20211228-WA0014-482x300.jpg",482,300,true],"graphy-post-thumbnail-small":["https:\/\/rotary.zamosc.pl\/wp-content\/uploads\/2021\/12\/IMG-20211228-WA0014-80x60.jpg",80,60,true],"graphy-page-thumbnail":["https:\/\/rotary.zamosc.pl\/wp-content\/uploads\/2021\/12\/IMG-20211228-WA0014-1260x350.jpg",1260,350,true],"sow-carousel-default":["https:\/\/rotary.zamosc.pl\/wp-content\/uploads\/2021\/12\/IMG-20211228-WA0014-272x182.jpg",272,182,true]},"rttpg_author":{"display_name":"rotaryzamosc","author_link":"https:\/\/rotary.zamosc.pl\/index.php\/author\/rotaryzamosc\/"},"rttpg_comment":0,"rttpg_category":"<a href=\"https:\/\/rotary.zamosc.pl\/index.php\/category\/2021\/\" rel=\"category tag\">2021<\/a>","rttpg_excerpt":"To by\u0142a niesamowita wigilia. Przynios\u0142a rado\u015b\u0107 nie tylko Paniom z DPS, ale te\u017c jej organizatorom. By\u0142a burz\u0105 m\u00f3zg\u00f3w i potrzeb\u0105 zrobienia czego\u015b dobrego dla innych . Rotary Club Zamo\u015b\u0107 obj\u0105\u0142 swoim patronatem DPS przy ul \u017bdanowskiej, dzi\u0119ki czemu powsta\u0142a \u015bwietlica terapeutyczna. Ale przyszed\u0142 czas na spe\u0142nianie pragnie\u0144 osobistych. Ja by\u0142am pod wra\u017ceniem nie tyle pracy...","_links":{"self":[{"href":"https:\/\/rotary.zamosc.pl\/index.php\/wp-json\/wp\/v2\/posts\/6615","targetHints":{"allow":["GET"]}}],"collection":[{"href":"https:\/\/rotary.zamosc.pl\/index.php\/wp-json\/wp\/v2\/posts"}],"about":[{"href":"https:\/\/rotary.zamosc.pl\/index.php\/wp-json\/wp\/v2\/types\/post"}],"author":[{"embeddable":true,"href":"https:\/\/rotary.zamosc.pl\/index.php\/wp-json\/wp\/v2\/users\/1"}],"replies":[{"embeddable":true,"href":"https:\/\/rotary.zamosc.pl\/index.php\/wp-json\/wp\/v2\/comments?post=6615"}],"version-history":[{"count":1,"href":"https:\/\/rotary.zamosc.pl\/index.php\/wp-json\/wp\/v2\/posts\/6615\/revisions"}],"predecessor-version":[{"id":6616,"href":"https:\/\/rotary.zamosc.pl\/index.php\/wp-json\/wp\/v2\/posts\/6615\/revisions\/6616"}],"wp:featuredmedia":[{"embeddable":true,"href":"https:\/\/rotary.zamosc.pl\/index.php\/wp-json\/wp\/v2\/media\/2413"}],"wp:attachment":[{"href":"https:\/\/rotary.zamosc.pl\/index.php\/wp-json\/wp\/v2\/media?parent=6615"}],"wp:term":[{"taxonomy":"category","embeddable":true,"href":"https:\/\/rotary.zamosc.pl\/index.php\/wp-json\/wp\/v2\/categories?post=6615"},{"taxonomy":"post_tag","embeddable":true,"href":"https:\/\/rotary.zamosc.pl\/index.php\/wp-json\/wp\/v2\/tags?post=6615"}],"curies":[{"name":"wp","href":"https:\/\/api.w.org\/{rel}","templated":true}]}}