{"id":6617,"date":"2021-12-17T09:48:00","date_gmt":"2021-12-17T08:48:00","guid":{"rendered":"https:\/\/rotary.zamosc.pl\/?p=6617"},"modified":"2026-03-18T09:50:32","modified_gmt":"2026-03-18T08:50:32","slug":"szlachetna-paczka-z-rotary-club-zamosc-2021","status":"publish","type":"post","link":"https:\/\/rotary.zamosc.pl\/index.php\/2021\/12\/17\/szlachetna-paczka-z-rotary-club-zamosc-2021\/","title":{"rendered":"SZLACHETNA PACZKA Z ROTARY CLUB ZAMO\u015a\u0106 &#8211; 2021"},"content":{"rendered":"\n<p class=\"wp-block-paragraph\">Drogi Darczy\u0144co,<\/p>\n\n\n\n<p class=\"wp-block-paragraph\">dzi\u0119kujemy, \u017ce razem z nami zmieniasz histori\u0119 Rodzin, kt\u00f3re maj\u0105 mniej szcz\u0119\u015bcia w \u017cyciu!<\/p>\n\n\n\n<p class=\"wp-block-paragraph\">Szlachetna Paczka to dla najbardziej potrzebuj\u0105cych nie tylko \u015bwi\u0105teczny prezent, ale przede wszystkim impuls do zmiany. To m\u0105dra pomoc polegaj\u0105ca na nawi\u0105zaniu relacji z drugim cz\u0142owiekiem, kt\u00f3ry potrzebuje uwagi i zainteresowania. Dzi\u0119ki Tobie i Twoim bliskim osoby dotkni\u0119te nieszcz\u0119\u015bciem wiedz\u0105, \u017ce jest kto\u015b, kto ich dostrzeg\u0142 i w nich wierzy. Odzyskanie nadziei na zmian\u0119 w \u017cyciu to najlepszy prezent, jaki mogli\u015bcie sprawi\u0107 w ten \u015bwi\u0105teczny czas.<\/p>\n\n\n\n<p class=\"wp-block-paragraph\">Dzi\u0119kujemy, \u017ce pomagasz osobom, kt\u00f3rym zabrak\u0142o szcz\u0119\u015bcia.<\/p>\n\n\n\n<p class=\"wp-block-paragraph\">Zapraszamy do przeczytania wra\u017ce\u0144 Rodziny (Pan Jacek z rodzin\u0105) i Wolontariusza z Weekendu Cud\u00f3w, w trakcie kt\u00f3rego Twoja paczka dotar\u0142a do Rodziny.<\/p>\n\n\n\n<p class=\"wp-block-paragraph\">Relacja ze spotkania z Rodzin\u0105 przy wr\u0119czeniu paczki<\/p>\n\n\n\n<p class=\"wp-block-paragraph\">Pan Jacek i pani Marta wraz dzie\u0107mi powitali nas z wielk\u0105 rado\u015bci\u0105 i jednoczesnym niedowierzaniem. Z entuzjazmem i wzruszeniem rozpakowywali przygotowane przez Pa\u0144stwo paczki i wielokrotnie wyra\u017cali ogrom wdzi\u0119czno\u015bci za pomoc, jak\u0105 uzyskali. Wielkie wra\u017cenie i niepohamowan\u0105 rado\u015b\u0107 sprawi\u0142 rodzinie podarowany przez Pa\u0144stwa laptop. Starszy z syn\u00f3w Micha\u0142 nie by\u0142 obecny podczas naszej wizyty, ale rodzice byli niezmiernie zaskoczeni wyczekiwanym przez niego pe\u0142nym nowym zestawem umundurowania, a tak\u017ce wymarzonymi s\u0142uchawkami dla syna. Pani Marta by\u0142a zachwycona liczb\u0105 i r\u00f3\u017cnorodno\u015bci\u0105 produkt\u00f3w bezglutenowych, jakie przekazali\u015bcie Pa\u0144stwo m\u0142odszemu z ch\u0142opc\u00f3w. Wywo\u0142a\u0142y one wielki u\u015bmiech na jego twarzy. Najm\u0142odsza Olga bezpo\u015brednio po otrzymaniu prezent\u00f3w przyst\u0105pi\u0142a do zabawy, a pan Jacek ucieszy\u0142 si\u0119 z du\u017cego zapasu kosmetyk\u00f3w. Nast\u0119pnego dnia wieczorem otrzyma\u0142am od rodziny fotografie szafy pi\u0119knie zagospodarowanej przez pani\u0105 Mart\u0119. Zdj\u0119ciom towarzyszy\u0142y s\u0142owa zachwytu nad jej wygl\u0105dem i pojemno\u015bci\u0105 oraz \u2013 wyra\u017cone ponowne \u2013 olbrzymie podzi\u0119kowania za dobro\u0107 i wszystkie otrzymane prezenty.<\/p>\n\n\n\n<p class=\"wp-block-paragraph\">S\u0142owo od Wolontariusza<\/p>\n\n\n\n<p class=\"wp-block-paragraph\">Jestem wdzi\u0119czna za przekazane przez Pa\u0144stwo wsparcie rodzinie pana Jacka. Jestem przekonana, \u017ce wszyscy jej cz\u0142onkowie szczerze doceniaj\u0105 i nale\u017cycie wykorzystaj\u0105 Otrzyman\u0105 pomoc. Zar\u00f3wno wzmocni ona ich wiar\u0119 w bezinteresown\u0105 pomoc, jak i zmotywuje do podejmowania dzia\u0142a\u0144 ukierunkowanych na popraw\u0119 swojego \u017cycia. Dostarczyli\u015bcie Pa\u0144stwo ogromnej przyjemno\u015bci i niespotykanych emocji. Pi\u0119knie dzi\u0119kuj\u0119 wszystkim osobom zaanga\u017cowanym w przygotowanie prezent\u00f3w. W imieniu swoim i rodziny \u017cycz\u0119 Spokojnych \u015awi\u0105t i wspania\u0142ego Nowego Roku!<\/p>\n\n\n\n<p class=\"wp-block-paragraph\">Dzi\u0119kujemy, \u017ce towarzyszysz nam w niesieniu pomocy tym, kt\u00f3rzy mieli mniej szcz\u0119\u015bcia w \u017cyciu. Tylko razem mo\u017cemy sprawi\u0107, \u017ce poruszaj\u0105cych historii, jak te opisane w Raporcie o Biedzie, b\u0119dzie tylko mniej.<\/p>\n\n\n\n<p class=\"wp-block-paragraph\">Dobrze, \u017ce jeste\u015b!<\/p>\n\n\n\n<p class=\"wp-block-paragraph\">Zesp\u00f3\u0142 Szlachetnej Paczki<\/p>\n\n\n\n<p class=\"wp-block-paragraph\">PS. W przypadku pyta\u0144 lub w\u0105tpliwo\u015bci mo\u017cesz tak\u017ce skontaktowa\u0107 si\u0119 z nami e-mailowo, wysy\u0142aj\u0105c wiadomo\u015b\u0107 na adres: darczynca@wiosna.org.pl<\/p>\n\n\n\n<p class=\"wp-block-paragraph\">Je\u015bli masz pytania zwi\u0105zane z przekazaniem paczki Rodzinie \u2013 skontaktuj si\u0119 z Wolontariuszem opiekuj\u0105cym si\u0119 Rodzin\u0105.<\/p>\n\n\n\n<p class=\"wp-block-paragraph\">Jak co roku, ju\u017c tradycyjnie, wzi\u0119li\u015bmy udzia\u0142 w og\u00f3lnopolskiej akcji pomocy potrzebuj\u0105cym \u201eSzlachetna Paczka\u201d.<\/p>\n\n\n\n<p class=\"wp-block-paragraph\">Odpowiedzialnym z ramienia naszego klubu Rotary by\u0142 Wiesiek Rak.<\/p>\n\n\n\n<p class=\"wp-block-paragraph\">Wiesiek sprawdzi\u0142 jakim osobom mo\u017cemy pom\u00f3c korzystaj\u0105c z informacji zamieszczonych na stronach fundacji \u201eWiosna\u201d, kt\u00f3ra sprawuje nadz\u00f3r nad t\u0105 akcj\u0105. Dzi\u0119ki swojemu du\u017cemu do\u015bwiadczeniu Wiesiek wytypowa\u0142 jedn\u0105 z pod zamojskich rodzin, b\u0119d\u0105c\u0105 w trudnej sytuacji bytowej i maj\u0105c\u0105 wiele \u017cyciowych problem\u00f3w. Oczywi\u015bcie zaakceptowali\u015bmy wsp\u00f3lnie wyb\u00f3r Wie\u015bka i zacz\u0119li\u015bmy prac\u0119 nad \u201estworzeniem\u201d \u201eSzlachetnej Paczki\u201d. Zdajemy sobie spraw\u0119, \u017ce nasza akcja nie rozwi\u0105\u017ce w pe\u0142ni wszelkich problem\u00f3w tej rodziny, ale mamy nadziej\u0119, \u017ce w przysz\u0142o\u015bci b\u0119dzie lepiej i b\u0119dziemy w miar\u0119 potrzeb i swoich mo\u017cliwo\u015bci pomaga\u0107 tej rodzinie.<\/p>\n\n\n\n<p class=\"wp-block-paragraph\">Wyb\u00f3r pad\u0142 na rodzin\u0119 Pana Jacka. Pan Jacek jest osob\u0105 niepe\u0142nosprawn\u0105, ma 39 lat. Wraz ze swoj\u0105 partnerk\u0105 wychowuje tr\u00f3j\u0119 dzieci, dw\u00f3ch ch\u0142opc\u00f3w (17 i 11 lat) oraz 4 letnia c\u00f3rk\u0119. Pan Jacek utrzymuje si\u0119 ze skromnej renty. Jedno z dzieci musi od\u017cywia\u0107 si\u0119 bezglutenow\u0105 \u017cywno\u015bci\u0105. Wolontariusze fundacji \u201eWiosna\u201d sporz\u0105dzili spis potrzebnych rzeczy \u201ena teraz\u201d dla rodziny Pana Jacka. Wywi\u0105zali\u015bmy si\u0119, miejmy nadziej\u0119, \u017ce w 100 %, z oczekiwa\u0144 i potrzeb na dzi\u015b, rodziny Pana Jacka.<\/p>\n\n\n\n<p class=\"wp-block-paragraph\">Zgodnie z zapotrzebowaniem, zakupili\u015bmy now\u0105 trzydrzwiow\u0105 szaf\u0119 na ubrania, nowy komputer do nauki zdalnej dla dzieci, mundur \u201emoro\u201d dla syna ucz\u0105cego si\u0119 w szkole mundurowej wraz z nowymi butami wojskowymi typu \u201eGROM\u201d, s\u0142uchawki bezprzewodowe, zestaw kosmetyk\u00f3w dla Pana Jacka, zabawki dla dziewczynki, du\u017co, maj\u0105cej d\u0142ugi termin wa\u017cno\u015bci spo\u017cycia, \u017cywno\u015bci bezglutenowej i na koniec pude\u0142ko myd\u0142a od firmy \u201eBETA\u201d z Bondyrza. Wspar\u0142o nas wiele os\u00f3b, firm i instytucji zar\u00f3wno rzeczowo jaki i finansowo. I z tego miejsca w naszym imieniu i w imieniu rodziny Pana Jacka serdecznie dzi\u0119kujemy wszystkim darczy\u0144com i sponsorom.<\/p>\n\n\n\n<p class=\"wp-block-paragraph\">Warto\u015b\u0107 ca\u0142ej paczki wyceniamy na kwot\u0119 oko\u0142o 4500 z\u0142. \u0141\u0105cznie \u201eSzlachetna Paczka\u201d dla rodziny Pana Jacka to 8 szt. r\u00f3\u017cnej wielko\u015bci pude\u0142 opakowanych w \u015bwi\u0105teczny papier. Wsp\u00f3lnie, Prezydent klubu Zbyszek \u017bukowski, Wiesiek Rak i Krzysztof Brok korzystaj\u0105c z samochodu dostawczego i pomocy jako kierowcy i \u201e\u0142adowacza\u201d Roberta Nowosada dostarczyli\u015bmy paczki do miejsca zbi\u00f3rki jakim by\u0142a sala gimnastyczna w szkole podstawowej nr 2 w Zamo\u015bciu. By\u0142o to 10 grudnia w godzinach wieczornych. Ruch w sali by\u0142 gigantyczny, wiele samochod\u00f3w i najcz\u0119\u015bciej m\u0142odych ludzi. Wnoszono paczki uk\u0142adaj\u0105c je w sali gimnastycznej. \u201eSzlachetnych Paczek\u201d by\u0142o wiele i mia\u0142y r\u00f3\u017cne wielko\u015bci od kilku, a\u017c do kilkudziesi\u0119ciu pakunk\u00f3w. Widok by\u0142 niesamowity. Ca\u0142o\u015bci\u0105 zarz\u0105dzali wolontariusze z fundacji. Dostali\u015bmy podzi\u0119kowanie, \u017cyczenia \u015bwi\u0105teczne, wieniec choinkowy i paczk\u0119 \u015bwi\u0105tecznych piernik\u00f3w.<\/p>\n\n\n\n<p class=\"wp-block-paragraph\">Jeste\u015bmy dumni. Dzi\u0119kujemy jeszcze raz wszystkim darczy\u0144com i tym cz\u0142onkom naszego klubu, kt\u00f3rzy w\u0142asn\u0105 prac\u0105 i kontaktami przyczynili si\u0119 do powstania naszej klubowej rotaria\u0144ski \u201eSzlachetnej Paczki\u201d.<\/p>\n\n\n\n<p class=\"wp-block-paragraph\">Spotykamy si\u0119 za rok.<\/p>\n\n\n\n<p class=\"wp-block-paragraph\">Z Rotaria\u0144skim Pozdrowieniem<\/p>\n\n\n\n<figure class=\"wp-block-gallery has-nested-images columns-1 is-cropped wp-block-gallery-1 is-layout-flex wp-block-gallery-is-layout-flex\">\n<figure class=\"wp-block-image size-large\"><img fetchpriority=\"high\" decoding=\"async\" width=\"700\" height=\"525\" data-id=\"2358\" src=\"https:\/\/rotary.zamosc.pl\/wp-content\/uploads\/2021\/12\/szlachetna-paczka-rotary-club-zamosc-2021-2-700x525.jpg\" alt=\"\" class=\"wp-image-2358\" srcset=\"https:\/\/rotary.zamosc.pl\/wp-content\/uploads\/2021\/12\/szlachetna-paczka-rotary-club-zamosc-2021-2-700x525.jpg 700w, https:\/\/rotary.zamosc.pl\/wp-content\/uploads\/2021\/12\/szlachetna-paczka-rotary-club-zamosc-2021-2-300x225.jpg 300w, https:\/\/rotary.zamosc.pl\/wp-content\/uploads\/2021\/12\/szlachetna-paczka-rotary-club-zamosc-2021-2-768x576.jpg 768w, https:\/\/rotary.zamosc.pl\/wp-content\/uploads\/2021\/12\/szlachetna-paczka-rotary-club-zamosc-2021-2-800x600.jpg 800w, https:\/\/rotary.zamosc.pl\/wp-content\/uploads\/2021\/12\/szlachetna-paczka-rotary-club-zamosc-2021-2-80x60.jpg 80w, https:\/\/rotary.zamosc.pl\/wp-content\/uploads\/2021\/12\/szlachetna-paczka-rotary-club-zamosc-2021-2.jpg 1000w\" sizes=\"(max-width: 700px) 100vw, 700px\" \/><\/figure>\n\n\n\n<figure class=\"wp-block-image size-large\"><img decoding=\"async\" width=\"700\" height=\"525\" data-id=\"2359\" src=\"https:\/\/rotary.zamosc.pl\/wp-content\/uploads\/2021\/12\/szlachetna-paczka-rotary-club-zamosc-2021-3-700x525.jpg\" alt=\"\" class=\"wp-image-2359\" srcset=\"https:\/\/rotary.zamosc.pl\/wp-content\/uploads\/2021\/12\/szlachetna-paczka-rotary-club-zamosc-2021-3-700x525.jpg 700w, https:\/\/rotary.zamosc.pl\/wp-content\/uploads\/2021\/12\/szlachetna-paczka-rotary-club-zamosc-2021-3-300x225.jpg 300w, https:\/\/rotary.zamosc.pl\/wp-content\/uploads\/2021\/12\/szlachetna-paczka-rotary-club-zamosc-2021-3-768x576.jpg 768w, https:\/\/rotary.zamosc.pl\/wp-content\/uploads\/2021\/12\/szlachetna-paczka-rotary-club-zamosc-2021-3-800x600.jpg 800w, https:\/\/rotary.zamosc.pl\/wp-content\/uploads\/2021\/12\/szlachetna-paczka-rotary-club-zamosc-2021-3-80x60.jpg 80w, https:\/\/rotary.zamosc.pl\/wp-content\/uploads\/2021\/12\/szlachetna-paczka-rotary-club-zamosc-2021-3.jpg 1000w\" sizes=\"(max-width: 700px) 100vw, 700px\" \/><\/figure>\n\n\n\n<figure class=\"wp-block-image size-large\"><img decoding=\"async\" width=\"700\" height=\"525\" data-id=\"2360\" src=\"https:\/\/rotary.zamosc.pl\/wp-content\/uploads\/2021\/12\/szlachetna-paczka-rotary-club-zamosc-2021-4-700x525.jpg\" alt=\"\" class=\"wp-image-2360\" srcset=\"https:\/\/rotary.zamosc.pl\/wp-content\/uploads\/2021\/12\/szlachetna-paczka-rotary-club-zamosc-2021-4-700x525.jpg 700w, https:\/\/rotary.zamosc.pl\/wp-content\/uploads\/2021\/12\/szlachetna-paczka-rotary-club-zamosc-2021-4-300x225.jpg 300w, https:\/\/rotary.zamosc.pl\/wp-content\/uploads\/2021\/12\/szlachetna-paczka-rotary-club-zamosc-2021-4-768x576.jpg 768w, https:\/\/rotary.zamosc.pl\/wp-content\/uploads\/2021\/12\/szlachetna-paczka-rotary-club-zamosc-2021-4-800x600.jpg 800w, https:\/\/rotary.zamosc.pl\/wp-content\/uploads\/2021\/12\/szlachetna-paczka-rotary-club-zamosc-2021-4-80x60.jpg 80w, https:\/\/rotary.zamosc.pl\/wp-content\/uploads\/2021\/12\/szlachetna-paczka-rotary-club-zamosc-2021-4.jpg 1000w\" sizes=\"(max-width: 700px) 100vw, 700px\" \/><\/figure>\n<\/figure>\n","protected":false},"excerpt":{"rendered":"<p>Drogi Darczy\u0144co, dzi\u0119kujemy, \u017ce razem z nami zmieniasz histori\u0119 Rodzin, kt\u00f3re maj\u0105 mniej szcz\u0119\u015bcia w \u017cyciu! Szlachetna Paczka to dla najbardziej potrzebuj\u0105cych nie tylko \u015bwi\u0105teczny prezent, ale przede wszystkim impuls do zmiany. To m\u0105dra pomoc polegaj\u0105ca na nawi\u0105zaniu relacji z drugim cz\u0142owiekiem, kt\u00f3ry potrzebuje uwagi i zainteresowania. Dzi\u0119ki Tobie i Twoim bliskim osoby dotkni\u0119te nieszcz\u0119\u015bciem&#8230;<\/p>\n","protected":false},"author":1,"featured_media":2357,"comment_status":"open","ping_status":"open","sticky":false,"template":"","format":"standard","meta":{"footnotes":""},"categories":[14],"tags":[],"class_list":["post-6617","post","type-post","status-publish","format-standard","has-post-thumbnail","hentry","category-14"],"rttpg_featured_image_url":{"full":["https:\/\/rotary.zamosc.pl\/wp-content\/uploads\/2021\/12\/szlachetna-paczka-rotary-club-zamosc-2021-1.jpg",1000,750,false],"landscape":["https:\/\/rotary.zamosc.pl\/wp-content\/uploads\/2021\/12\/szlachetna-paczka-rotary-club-zamosc-2021-1.jpg",1000,750,false],"portraits":["https:\/\/rotary.zamosc.pl\/wp-content\/uploads\/2021\/12\/szlachetna-paczka-rotary-club-zamosc-2021-1.jpg",1000,750,false],"thumbnail":["https:\/\/rotary.zamosc.pl\/wp-content\/uploads\/2021\/12\/szlachetna-paczka-rotary-club-zamosc-2021-1-150x150.jpg",150,150,true],"medium":["https:\/\/rotary.zamosc.pl\/wp-content\/uploads\/2021\/12\/szlachetna-paczka-rotary-club-zamosc-2021-1-300x225.jpg",300,225,true],"large":["https:\/\/rotary.zamosc.pl\/wp-content\/uploads\/2021\/12\/szlachetna-paczka-rotary-club-zamosc-2021-1-700x525.jpg",700,525,true],"1536x1536":["https:\/\/rotary.zamosc.pl\/wp-content\/uploads\/2021\/12\/szlachetna-paczka-rotary-club-zamosc-2021-1.jpg",1000,750,false],"2048x2048":["https:\/\/rotary.zamosc.pl\/wp-content\/uploads\/2021\/12\/szlachetna-paczka-rotary-club-zamosc-2021-1.jpg",1000,750,false],"post-thumbnail":["https:\/\/rotary.zamosc.pl\/wp-content\/uploads\/2021\/12\/szlachetna-paczka-rotary-club-zamosc-2021-1-800x600.jpg",800,600,true],"graphy-post-thumbnail-large":["https:\/\/rotary.zamosc.pl\/wp-content\/uploads\/2021\/12\/szlachetna-paczka-rotary-club-zamosc-2021-1-1000x600.jpg",1000,600,true],"graphy-post-thumbnail-medium":["https:\/\/rotary.zamosc.pl\/wp-content\/uploads\/2021\/12\/szlachetna-paczka-rotary-club-zamosc-2021-1-482x300.jpg",482,300,true],"graphy-post-thumbnail-small":["https:\/\/rotary.zamosc.pl\/wp-content\/uploads\/2021\/12\/szlachetna-paczka-rotary-club-zamosc-2021-1-80x60.jpg",80,60,true],"graphy-page-thumbnail":["https:\/\/rotary.zamosc.pl\/wp-content\/uploads\/2021\/12\/szlachetna-paczka-rotary-club-zamosc-2021-1-1000x350.jpg",1000,350,true],"sow-carousel-default":["https:\/\/rotary.zamosc.pl\/wp-content\/uploads\/2021\/12\/szlachetna-paczka-rotary-club-zamosc-2021-1-272x182.jpg",272,182,true]},"rttpg_author":{"display_name":"rotaryzamosc","author_link":"https:\/\/rotary.zamosc.pl\/index.php\/author\/rotaryzamosc\/"},"rttpg_comment":0,"rttpg_category":"<a href=\"https:\/\/rotary.zamosc.pl\/index.php\/category\/2021\/\" rel=\"category tag\">2021<\/a>","rttpg_excerpt":"Drogi Darczy\u0144co, dzi\u0119kujemy, \u017ce razem z nami zmieniasz histori\u0119 Rodzin, kt\u00f3re maj\u0105 mniej szcz\u0119\u015bcia w \u017cyciu! Szlachetna Paczka to dla najbardziej potrzebuj\u0105cych nie tylko \u015bwi\u0105teczny prezent, ale przede wszystkim impuls do zmiany. To m\u0105dra pomoc polegaj\u0105ca na nawi\u0105zaniu relacji z drugim cz\u0142owiekiem, kt\u00f3ry potrzebuje uwagi i zainteresowania. Dzi\u0119ki Tobie i Twoim bliskim osoby dotkni\u0119te nieszcz\u0119\u015bciem...","_links":{"self":[{"href":"https:\/\/rotary.zamosc.pl\/index.php\/wp-json\/wp\/v2\/posts\/6617","targetHints":{"allow":["GET"]}}],"collection":[{"href":"https:\/\/rotary.zamosc.pl\/index.php\/wp-json\/wp\/v2\/posts"}],"about":[{"href":"https:\/\/rotary.zamosc.pl\/index.php\/wp-json\/wp\/v2\/types\/post"}],"author":[{"embeddable":true,"href":"https:\/\/rotary.zamosc.pl\/index.php\/wp-json\/wp\/v2\/users\/1"}],"replies":[{"embeddable":true,"href":"https:\/\/rotary.zamosc.pl\/index.php\/wp-json\/wp\/v2\/comments?post=6617"}],"version-history":[{"count":1,"href":"https:\/\/rotary.zamosc.pl\/index.php\/wp-json\/wp\/v2\/posts\/6617\/revisions"}],"predecessor-version":[{"id":6618,"href":"https:\/\/rotary.zamosc.pl\/index.php\/wp-json\/wp\/v2\/posts\/6617\/revisions\/6618"}],"wp:featuredmedia":[{"embeddable":true,"href":"https:\/\/rotary.zamosc.pl\/index.php\/wp-json\/wp\/v2\/media\/2357"}],"wp:attachment":[{"href":"https:\/\/rotary.zamosc.pl\/index.php\/wp-json\/wp\/v2\/media?parent=6617"}],"wp:term":[{"taxonomy":"category","embeddable":true,"href":"https:\/\/rotary.zamosc.pl\/index.php\/wp-json\/wp\/v2\/categories?post=6617"},{"taxonomy":"post_tag","embeddable":true,"href":"https:\/\/rotary.zamosc.pl\/index.php\/wp-json\/wp\/v2\/tags?post=6617"}],"curies":[{"name":"wp","href":"https:\/\/api.w.org\/{rel}","templated":true}]}}