{"id":6621,"date":"2021-09-03T09:52:00","date_gmt":"2021-09-03T07:52:00","guid":{"rendered":"https:\/\/rotary.zamosc.pl\/?p=6621"},"modified":"2026-03-18T09:54:41","modified_gmt":"2026-03-18T08:54:41","slug":"wizyta-gubernatora-dystryktu-2231-3-09-2021","status":"publish","type":"post","link":"https:\/\/rotary.zamosc.pl\/index.php\/2021\/09\/03\/wizyta-gubernatora-dystryktu-2231-3-09-2021\/","title":{"rendered":"WIZYTA GUBERNATORA DYSTRYKTU 2231 &#8211; 3.09.2021"},"content":{"rendered":"\n<p class=\"wp-block-paragraph\">W dniu 3 wrze\u015bnia 2021 roku, w pi\u0105tek, odwiedzi\u0142 nas Gubernator Dystryktu 2231 Wojciech Wrzecionkowski wraz z ma\u0142\u017conk\u0105 El\u017cbiet\u0105. Jednym z obowi\u0105zk\u00f3w Gubernatora Dystryku ROTARY s\u0105 odwiedziny w ka\u017cdym klubie w czasie trwania swojej kadencji.<\/p>\n\n\n\n<p class=\"wp-block-paragraph\">Z naszym klubem spotka\u0142 si\u0119 o godz. 19 w jednej z sal Hotelu \u201ePolak\u201d w kt\u00f3rym si\u0119 zatrzyma\u0142. Mimo, \u017ce na spotkaniu nie by\u0142o wszystkich cz\u0142onk\u00f3w naszego klubu spotkanie odby\u0142o si\u0119 w serdecznej i przyjacielskiej atmosferze. Podczas wyst\u0105pienia Gubernatora us\u0142yszeli\u015bmy wiele s\u0142\u00f3w uznania i pochwa\u0142y na temat dokona\u0144 naszego Klubu.<\/p>\n\n\n\n<p class=\"wp-block-paragraph\">Otrzymali\u015bmy w prezencie przepi\u0119kny album wydany z okazji 30 lecia Klubu RC Olsztyn, z kt\u00f3rego pochodzi obecny Gubernator. Cz\u0142onkowie naszego Klubu przedstawili si\u0119 kr\u00f3tko prezentuj\u0105c to czym zajmujemy si\u0119 na co dzie\u0144, podaj\u0105c okresy cz\u0142onkostwa w Rotary i zajmowane funkcje w klubie.<\/p>\n\n\n\n<p class=\"wp-block-paragraph\">M\u00f3wili\u015bmy o naszym planach i niekt\u00f3rych dokonaniach. Mi\u0142ym akcentem by\u0142a uroczysta kolacja z Panem Gubernatorem i jego ma\u0142\u017conk\u0105 w kt\u00f3rej wzi\u0119li udzia\u0142 r\u00f3wnie\u017c nasi przyjaciele, cz\u0142onkowie RC Wolsztyn oraz RC S\u0142upsk, bior\u0105cy udzia\u0142 w Mistrzostwach Dystryktu w Strzelaniu z Broni Sportowej organizowanych przez nasz Klub nast\u0119pnego dnia.<\/p>\n\n\n\n<figure class=\"wp-block-gallery has-nested-images columns-1 is-cropped wp-block-gallery-1 is-layout-flex wp-block-gallery-is-layout-flex\">\n<figure class=\"wp-block-image size-large\"><img fetchpriority=\"high\" decoding=\"async\" width=\"700\" height=\"465\" data-id=\"6626\" src=\"https:\/\/rotary.zamosc.pl\/wp-content\/uploads\/2026\/03\/WIZYTA-GUBERNATORA-DYSTRYKTU-2231-3.09-5-700x465.jpg\" alt=\"\" class=\"wp-image-6626\" srcset=\"https:\/\/rotary.zamosc.pl\/wp-content\/uploads\/2026\/03\/WIZYTA-GUBERNATORA-DYSTRYKTU-2231-3.09-5-700x465.jpg 700w, https:\/\/rotary.zamosc.pl\/wp-content\/uploads\/2026\/03\/WIZYTA-GUBERNATORA-DYSTRYKTU-2231-3.09-5-300x199.jpg 300w, https:\/\/rotary.zamosc.pl\/wp-content\/uploads\/2026\/03\/WIZYTA-GUBERNATORA-DYSTRYKTU-2231-3.09-5-768x510.jpg 768w, https:\/\/rotary.zamosc.pl\/wp-content\/uploads\/2026\/03\/WIZYTA-GUBERNATORA-DYSTRYKTU-2231-3.09-5-800x531.jpg 800w, https:\/\/rotary.zamosc.pl\/wp-content\/uploads\/2026\/03\/WIZYTA-GUBERNATORA-DYSTRYKTU-2231-3.09-5-272x182.jpg 272w, https:\/\/rotary.zamosc.pl\/wp-content\/uploads\/2026\/03\/WIZYTA-GUBERNATORA-DYSTRYKTU-2231-3.09-5.jpg 1000w\" sizes=\"(max-width: 700px) 100vw, 700px\" \/><\/figure>\n\n\n\n<figure class=\"wp-block-image size-large\"><img decoding=\"async\" width=\"700\" height=\"525\" data-id=\"6625\" src=\"https:\/\/rotary.zamosc.pl\/wp-content\/uploads\/2026\/03\/WIZYTA-GUBERNATORA-DYSTRYKTU-2231-3.09-4-700x525.jpg\" alt=\"\" class=\"wp-image-6625\" srcset=\"https:\/\/rotary.zamosc.pl\/wp-content\/uploads\/2026\/03\/WIZYTA-GUBERNATORA-DYSTRYKTU-2231-3.09-4-700x525.jpg 700w, https:\/\/rotary.zamosc.pl\/wp-content\/uploads\/2026\/03\/WIZYTA-GUBERNATORA-DYSTRYKTU-2231-3.09-4-300x225.jpg 300w, https:\/\/rotary.zamosc.pl\/wp-content\/uploads\/2026\/03\/WIZYTA-GUBERNATORA-DYSTRYKTU-2231-3.09-4-768x576.jpg 768w, https:\/\/rotary.zamosc.pl\/wp-content\/uploads\/2026\/03\/WIZYTA-GUBERNATORA-DYSTRYKTU-2231-3.09-4-800x600.jpg 800w, https:\/\/rotary.zamosc.pl\/wp-content\/uploads\/2026\/03\/WIZYTA-GUBERNATORA-DYSTRYKTU-2231-3.09-4-80x60.jpg 80w, https:\/\/rotary.zamosc.pl\/wp-content\/uploads\/2026\/03\/WIZYTA-GUBERNATORA-DYSTRYKTU-2231-3.09-4.jpg 1000w\" sizes=\"(max-width: 700px) 100vw, 700px\" \/><\/figure>\n\n\n\n<figure class=\"wp-block-image size-large\"><img decoding=\"async\" width=\"700\" height=\"529\" data-id=\"6624\" src=\"https:\/\/rotary.zamosc.pl\/wp-content\/uploads\/2026\/03\/WIZYTA-GUBERNATORA-DYSTRYKTU-2231-3.09-3-700x529.jpg\" alt=\"\" class=\"wp-image-6624\" srcset=\"https:\/\/rotary.zamosc.pl\/wp-content\/uploads\/2026\/03\/WIZYTA-GUBERNATORA-DYSTRYKTU-2231-3.09-3-700x529.jpg 700w, https:\/\/rotary.zamosc.pl\/wp-content\/uploads\/2026\/03\/WIZYTA-GUBERNATORA-DYSTRYKTU-2231-3.09-3-300x227.jpg 300w, https:\/\/rotary.zamosc.pl\/wp-content\/uploads\/2026\/03\/WIZYTA-GUBERNATORA-DYSTRYKTU-2231-3.09-3-768x581.jpg 768w, https:\/\/rotary.zamosc.pl\/wp-content\/uploads\/2026\/03\/WIZYTA-GUBERNATORA-DYSTRYKTU-2231-3.09-3-800x605.jpg 800w, https:\/\/rotary.zamosc.pl\/wp-content\/uploads\/2026\/03\/WIZYTA-GUBERNATORA-DYSTRYKTU-2231-3.09-3-80x60.jpg 80w, https:\/\/rotary.zamosc.pl\/wp-content\/uploads\/2026\/03\/WIZYTA-GUBERNATORA-DYSTRYKTU-2231-3.09-3.jpg 1000w\" sizes=\"(max-width: 700px) 100vw, 700px\" \/><\/figure>\n\n\n\n<figure class=\"wp-block-image size-large\"><img loading=\"lazy\" decoding=\"async\" width=\"700\" height=\"525\" data-id=\"6623\" src=\"https:\/\/rotary.zamosc.pl\/wp-content\/uploads\/2026\/03\/WIZYTA-GUBERNATORA-DYSTRYKTU-2231-3.09-2-700x525.jpg\" alt=\"\" class=\"wp-image-6623\" srcset=\"https:\/\/rotary.zamosc.pl\/wp-content\/uploads\/2026\/03\/WIZYTA-GUBERNATORA-DYSTRYKTU-2231-3.09-2-700x525.jpg 700w, https:\/\/rotary.zamosc.pl\/wp-content\/uploads\/2026\/03\/WIZYTA-GUBERNATORA-DYSTRYKTU-2231-3.09-2-300x225.jpg 300w, https:\/\/rotary.zamosc.pl\/wp-content\/uploads\/2026\/03\/WIZYTA-GUBERNATORA-DYSTRYKTU-2231-3.09-2-768x576.jpg 768w, https:\/\/rotary.zamosc.pl\/wp-content\/uploads\/2026\/03\/WIZYTA-GUBERNATORA-DYSTRYKTU-2231-3.09-2-800x600.jpg 800w, https:\/\/rotary.zamosc.pl\/wp-content\/uploads\/2026\/03\/WIZYTA-GUBERNATORA-DYSTRYKTU-2231-3.09-2-80x60.jpg 80w, https:\/\/rotary.zamosc.pl\/wp-content\/uploads\/2026\/03\/WIZYTA-GUBERNATORA-DYSTRYKTU-2231-3.09-2.jpg 1000w\" sizes=\"(max-width: 700px) 100vw, 700px\" \/><\/figure>\n<\/figure>\n","protected":false},"excerpt":{"rendered":"<p>W dniu 3 wrze\u015bnia 2021 roku, w pi\u0105tek, odwiedzi\u0142 nas Gubernator Dystryktu 2231 Wojciech Wrzecionkowski wraz z ma\u0142\u017conk\u0105 El\u017cbiet\u0105. Jednym z obowi\u0105zk\u00f3w Gubernatora Dystryku ROTARY s\u0105 odwiedziny w ka\u017cdym klubie w czasie trwania swojej kadencji. Z naszym klubem spotka\u0142 si\u0119 o godz. 19 w jednej z sal Hotelu \u201ePolak\u201d w kt\u00f3rym si\u0119 zatrzyma\u0142. Mimo, \u017ce&#8230;<\/p>\n","protected":false},"author":1,"featured_media":6622,"comment_status":"open","ping_status":"open","sticky":false,"template":"","format":"standard","meta":{"footnotes":""},"categories":[14],"tags":[],"class_list":["post-6621","post","type-post","status-publish","format-standard","has-post-thumbnail","hentry","category-14"],"rttpg_featured_image_url":{"full":["https:\/\/rotary.zamosc.pl\/wp-content\/uploads\/2026\/03\/WIZYTA-GUBERNATORA-DYSTRYKTU-2231-3.09-1.jpg",1000,745,false],"landscape":["https:\/\/rotary.zamosc.pl\/wp-content\/uploads\/2026\/03\/WIZYTA-GUBERNATORA-DYSTRYKTU-2231-3.09-1.jpg",1000,745,false],"portraits":["https:\/\/rotary.zamosc.pl\/wp-content\/uploads\/2026\/03\/WIZYTA-GUBERNATORA-DYSTRYKTU-2231-3.09-1.jpg",1000,745,false],"thumbnail":["https:\/\/rotary.zamosc.pl\/wp-content\/uploads\/2026\/03\/WIZYTA-GUBERNATORA-DYSTRYKTU-2231-3.09-1-150x150.jpg",150,150,true],"medium":["https:\/\/rotary.zamosc.pl\/wp-content\/uploads\/2026\/03\/WIZYTA-GUBERNATORA-DYSTRYKTU-2231-3.09-1-300x224.jpg",300,224,true],"large":["https:\/\/rotary.zamosc.pl\/wp-content\/uploads\/2026\/03\/WIZYTA-GUBERNATORA-DYSTRYKTU-2231-3.09-1-700x522.jpg",700,522,true],"1536x1536":["https:\/\/rotary.zamosc.pl\/wp-content\/uploads\/2026\/03\/WIZYTA-GUBERNATORA-DYSTRYKTU-2231-3.09-1.jpg",1000,745,false],"2048x2048":["https:\/\/rotary.zamosc.pl\/wp-content\/uploads\/2026\/03\/WIZYTA-GUBERNATORA-DYSTRYKTU-2231-3.09-1.jpg",1000,745,false],"post-thumbnail":["https:\/\/rotary.zamosc.pl\/wp-content\/uploads\/2026\/03\/WIZYTA-GUBERNATORA-DYSTRYKTU-2231-3.09-1-800x596.jpg",800,596,true],"graphy-post-thumbnail-large":["https:\/\/rotary.zamosc.pl\/wp-content\/uploads\/2026\/03\/WIZYTA-GUBERNATORA-DYSTRYKTU-2231-3.09-1-1000x600.jpg",1000,600,true],"graphy-post-thumbnail-medium":["https:\/\/rotary.zamosc.pl\/wp-content\/uploads\/2026\/03\/WIZYTA-GUBERNATORA-DYSTRYKTU-2231-3.09-1-482x300.jpg",482,300,true],"graphy-post-thumbnail-small":["https:\/\/rotary.zamosc.pl\/wp-content\/uploads\/2026\/03\/WIZYTA-GUBERNATORA-DYSTRYKTU-2231-3.09-1-80x60.jpg",80,60,true],"graphy-page-thumbnail":["https:\/\/rotary.zamosc.pl\/wp-content\/uploads\/2026\/03\/WIZYTA-GUBERNATORA-DYSTRYKTU-2231-3.09-1-1000x350.jpg",1000,350,true],"sow-carousel-default":["https:\/\/rotary.zamosc.pl\/wp-content\/uploads\/2026\/03\/WIZYTA-GUBERNATORA-DYSTRYKTU-2231-3.09-1-272x182.jpg",272,182,true]},"rttpg_author":{"display_name":"rotaryzamosc","author_link":"https:\/\/rotary.zamosc.pl\/index.php\/author\/rotaryzamosc\/"},"rttpg_comment":0,"rttpg_category":"<a href=\"https:\/\/rotary.zamosc.pl\/index.php\/category\/2021\/\" rel=\"category tag\">2021<\/a>","rttpg_excerpt":"W dniu 3 wrze\u015bnia 2021 roku, w pi\u0105tek, odwiedzi\u0142 nas Gubernator Dystryktu 2231 Wojciech Wrzecionkowski wraz z ma\u0142\u017conk\u0105 El\u017cbiet\u0105. Jednym z obowi\u0105zk\u00f3w Gubernatora Dystryku ROTARY s\u0105 odwiedziny w ka\u017cdym klubie w czasie trwania swojej kadencji. Z naszym klubem spotka\u0142 si\u0119 o godz. 19 w jednej z sal Hotelu \u201ePolak\u201d w kt\u00f3rym si\u0119 zatrzyma\u0142. Mimo, \u017ce...","_links":{"self":[{"href":"https:\/\/rotary.zamosc.pl\/index.php\/wp-json\/wp\/v2\/posts\/6621","targetHints":{"allow":["GET"]}}],"collection":[{"href":"https:\/\/rotary.zamosc.pl\/index.php\/wp-json\/wp\/v2\/posts"}],"about":[{"href":"https:\/\/rotary.zamosc.pl\/index.php\/wp-json\/wp\/v2\/types\/post"}],"author":[{"embeddable":true,"href":"https:\/\/rotary.zamosc.pl\/index.php\/wp-json\/wp\/v2\/users\/1"}],"replies":[{"embeddable":true,"href":"https:\/\/rotary.zamosc.pl\/index.php\/wp-json\/wp\/v2\/comments?post=6621"}],"version-history":[{"count":1,"href":"https:\/\/rotary.zamosc.pl\/index.php\/wp-json\/wp\/v2\/posts\/6621\/revisions"}],"predecessor-version":[{"id":6627,"href":"https:\/\/rotary.zamosc.pl\/index.php\/wp-json\/wp\/v2\/posts\/6621\/revisions\/6627"}],"wp:featuredmedia":[{"embeddable":true,"href":"https:\/\/rotary.zamosc.pl\/index.php\/wp-json\/wp\/v2\/media\/6622"}],"wp:attachment":[{"href":"https:\/\/rotary.zamosc.pl\/index.php\/wp-json\/wp\/v2\/media?parent=6621"}],"wp:term":[{"taxonomy":"category","embeddable":true,"href":"https:\/\/rotary.zamosc.pl\/index.php\/wp-json\/wp\/v2\/categories?post=6621"},{"taxonomy":"post_tag","embeddable":true,"href":"https:\/\/rotary.zamosc.pl\/index.php\/wp-json\/wp\/v2\/tags?post=6621"}],"curies":[{"name":"wp","href":"https:\/\/api.w.org\/{rel}","templated":true}]}}