{"id":6632,"date":"2021-09-17T09:59:00","date_gmt":"2021-09-17T07:59:00","guid":{"rendered":"https:\/\/rotary.zamosc.pl\/?p=6632"},"modified":"2026-03-18T11:28:02","modified_gmt":"2026-03-18T10:28:02","slug":"rotrianska-jesien-w-bieszczadach","status":"publish","type":"post","link":"https:\/\/rotary.zamosc.pl\/index.php\/2021\/09\/17\/rotrianska-jesien-w-bieszczadach\/","title":{"rendered":"ROTRIA\u0143SKA JESIE\u0143 W BIESZCZADACH."},"content":{"rendered":"\n<p class=\"wp-block-paragraph\">Ju\u017c po raz 6-ty RC Jaros\u0142aw zorganizowa\u0142, s\u0142awn\u0105 ju\u017c, wycieczk\u0119 po Bieszczadach zwan\u0105 \u201eRotaria\u0144ska Jesie\u0144 w Bieszczadach\u201d. By\u0142a to wycieczka autokarowa w dniach 17, 18 i 19 wrze\u015bnia.<\/p>\n\n\n\n<p class=\"wp-block-paragraph\">Zbi\u00f3rka 17-go w hotelu \u201ePiast\u201d w Tucz\u0119pach pod Jaros\u0142awem, gdzie po zakwaterowaniu odby\u0142a si\u0119 w pi\u0105tek, w mi\u0142ej i radosnej atmosferze, uroczysta kolacja z udzia\u0142em wszystkich go\u015bci i Naszego Gubernatora Wojtka Wrzecionkowskiego. Podczas spotkania klub RC Jaros\u0142aw przedstawi\u0142 bogat\u0105 histori\u0119 swojej ju\u017c ponad 20 letniej klubowej dzia\u0142alno\u015bci. Poszczeg\u00f3lne kluby uczestnicz\u0105ce w wycieczce r\u00f3wnie\u017c przedstawia\u0142y si\u0119 i kr\u00f3tko charakteryzowa\u0142y swoja dzia\u0142alno\u015b\u0107. Opr\u00f3cz RC Zamo\u015b\u0107 w wycieczce uczestniczy\u0142y kluby z RC Lublin , RC Cz\u0119stochowa, RC Elbl\u0105g i RC Polanica. Od Nas, kolega z RC Jaros\u0142aw Mietek S\u0142oma jako reprezentant licznej grupy strzeleckiej z Jaros\u0142awia, otrzyma\u0142 ksi\u0105\u017ck\u0119, ju\u017c bardzo rzadk\u0105 na naszym rynku wydawniczym, dotycz\u0105c\u0105 strzelectwa sportowego \u201ePistolety i Rewolwery \u2013 wyb\u00f3r, selekcja , modyfikacja\u201d za swoje i dru\u017cyny strzeleckiej RC Jaros\u0142aw wyniki na ostatnich mistrzostwach strzeleckich naszego dystryktu.<\/p>\n\n\n\n<p class=\"wp-block-paragraph\">18 wrze\u015bnia, rano, skoro \u015bwit, autokarem udali\u015bmy si\u0119 na wycieczk\u0119. Pogoda by\u0142a kiepska. By\u0142o pochmurno, ale nie pada\u0142o, no mo\u017ce si\u0105pi\u0142 tzw. \u201ekapu\u015bniaczek\u201d. Dlatego te\u017c zrezygnowali\u015bmy z tradycyjnego wej\u015bcia na wie\u017c\u0119 widokow\u0105 w pa\u015bmie Jeliniowatego k. Mucznego. Ale za to, atmosfera w autobusie by\u0142a wspania\u0142a. Po uroczystej kolacji w pi\u0105tek wszyscy ju\u017c si\u0119 zali. By\u0142o fajnie i weso\u0142o, chyba opr\u00f3cz \u015bpiew\u00f3w, o ile pami\u0119tam by\u0142y kr\u00f3tkie przy\u015bpiewki.<\/p>\n\n\n\n<p class=\"wp-block-paragraph\">Zwiedzili\u015bmy na pocz\u0105tku Przemy\u015bl i katedr\u0119, potem by\u0142 zamek w Kra\u015bniczynie i muzeum Beksi\u0144skiego w Sanoku. Ca\u0142y czas autobusem przemieszczali\u015bmy si\u0119 po Bieszczadach podziwiaj\u0105c krajobraz. Mimo, \u017ce nie by\u0142a \u0142adna pogoda to nawet w taki pochmurny dzie\u0144 Bieszczady maj\u0105 sw\u00f3j niezapomniany i niepowtarzalny urok. Najwi\u0119ksze wra\u017cenie robi\u0105 \u201eparuj\u0105ce\u201d mg\u0142y nad g\u00f3rami obro\u015bni\u0119tymi, zielonymi, gdzieniegdzie ju\u017c opr\u00f3szonymi kolorowymi jesiennymi plamami, lasami. Widoki przepi\u0119kne. Na obiad byli\u015bmy w Cisnej, gdzie by\u0142 nocleg si\u0119 i gdzie o godz. 18 rozpocz\u0119\u0142a si\u0119 wielk\u0105 zabawa, ognisko, grill, biesiadna muzyka, \u015bpiewy, muzyka na \u017cywo z udzia\u0142em \u201eBieszczadzkiego Zakapiora\u201d (chyba to taki pseudonim artystyczny, bo wcale na zakapiora nie wygl\u0105da\u0142). Mim, \u017ce pada\u0142 deszcz to zabawa by\u0142a do p\u00f3\u017anych godzin nocnych, a \u017ce hotel by\u0142 na uboczu Cisnej, pewnie nikomu to nie przeszkadza\u0142o.<\/p>\n\n\n\n<p class=\"wp-block-paragraph\">W niedziel\u0119 19 wrze\u015bnia, po \u015bniadaniu odby\u0142 si\u0119 przejazd le\u015bn\u0105 kolejk\u0105 w\u0105skotorowa na trasie Cisna \u2013 Balica. Mimo pogody, wra\u017cenie niesamowite, otwarte wagoniki, powolna majestatyczna podr\u00f3\u017c lasami i bieszczadzkimi dolinami, okraszona w drodze powrotnej opowie\u015bciami \u201ehamulcowego\u201d w ostatnim wagonie, m\u0142odego pracownika tej kolejki, ratownika g\u00f3rskiego i pasjonata bieszczadzkiej przyrody. Niezapomniana wycieczka. Na koniec, obiad w Zatwarnicy, gdzie ko\u0144czy si\u0119 droga, potem ju\u017c tylko piesze szalki, mi\u0119dzy innymi na Po\u0142onin\u0119 Wetli\u0144ska, zwiedzanie chaty bojkowskiego i przej\u015bcie do najwi\u0119kszego wodospadu w Bieszczadach, kt\u00f3ry jest wodospadem sztucznym, tak, tak, sztucznym, ale wygl\u0105da jak by mia\u0142 tysi\u0105ce lat, jest przepi\u0119kny i urokliwy, ale dlaczego \u2013 sztuczny, to dowiecie si\u0119 sami jak go odwiedzicie. Polecamy.<\/p>\n\n\n\n<p class=\"wp-block-paragraph\">Zako\u0144czenie wycieczki oby\u0142o si\u0119 na dworze podczas wsp\u00f3lnego skromnego \u201ezimnego\u201d biesiadowania i wsp\u00f3lnymi zdj\u0119ciami gdzie\u015b na parkingu na \u201dP\u0119tli Bieszczadzkiej\u2019.<\/p>\n\n\n\n<p class=\"wp-block-paragraph\">Wspania\u0142a atmosfera, du\u017co u\u015bmiechu i pogodne rozmowy, nowe znajomo\u015bci i przyja\u017anie, mimo pogody, niezapomniane widoki i podziw na pi\u0119kno tej krainy, to cechy tej niezapomnianej wycieczki.<\/p>\n\n\n\n<p class=\"wp-block-paragraph\">Ale jedno jest najwa\u017cniejsze, \u017ce dzi\u0119ki wspania\u0142ym kolegom z RC Jaros\u0142aw Zbyszkowi Dziedzicowi, Markowi Po\u017adzikowi i Prezydentowi RC Jaros\u0142aw Piotrkowi Balickiemu atmosfera wycieczki by\u0142a niesamowita.<\/p>\n\n\n\n<p class=\"wp-block-paragraph\">Nie by\u0142a \u017cadnych, ale to \u017cadnych, problem\u00f3w. Nikt nikogo nie pogania\u0142, nikt nie ustala\u0142 \u201esztywnych\u201d termin\u00f3w i narzuca\u0142 zaplanowany program. Takie wycieczki i tak prowadzone wycieczki powinny by\u0107 na ca\u0142ym \u015bwiecie, a biura podr\u00f3\u017cy organizuj\u0105ce takie profesjonalne wyjazdy powinny uczy\u0107 si\u0119, jak tworzy\u0107 i jak organizowa\u0107, od koleg\u00f3w z RC Jaros\u0142aw.<\/p>\n\n\n\n<figure class=\"wp-block-gallery has-nested-images columns-1 is-cropped wp-block-gallery-1 is-layout-flex wp-block-gallery-is-layout-flex\">\n<figure class=\"wp-block-image size-large\"><img fetchpriority=\"high\" decoding=\"async\" width=\"700\" height=\"525\" data-id=\"2264\" src=\"https:\/\/rotary.zamosc.pl\/wp-content\/uploads\/2021\/10\/ROTRIANSKA-JESIEN-W-BIESZCZADACH.-2021-RC-Jaroslaw-8-700x525.jpg\" alt=\"\" class=\"wp-image-2264\" srcset=\"https:\/\/rotary.zamosc.pl\/wp-content\/uploads\/2021\/10\/ROTRIANSKA-JESIEN-W-BIESZCZADACH.-2021-RC-Jaroslaw-8-700x525.jpg 700w, https:\/\/rotary.zamosc.pl\/wp-content\/uploads\/2021\/10\/ROTRIANSKA-JESIEN-W-BIESZCZADACH.-2021-RC-Jaroslaw-8-300x225.jpg 300w, https:\/\/rotary.zamosc.pl\/wp-content\/uploads\/2021\/10\/ROTRIANSKA-JESIEN-W-BIESZCZADACH.-2021-RC-Jaroslaw-8-768x576.jpg 768w, https:\/\/rotary.zamosc.pl\/wp-content\/uploads\/2021\/10\/ROTRIANSKA-JESIEN-W-BIESZCZADACH.-2021-RC-Jaroslaw-8-1536x1152.jpg 1536w, https:\/\/rotary.zamosc.pl\/wp-content\/uploads\/2021\/10\/ROTRIANSKA-JESIEN-W-BIESZCZADACH.-2021-RC-Jaroslaw-8-2048x1536.jpg 2048w, https:\/\/rotary.zamosc.pl\/wp-content\/uploads\/2021\/10\/ROTRIANSKA-JESIEN-W-BIESZCZADACH.-2021-RC-Jaroslaw-8-800x600.jpg 800w, https:\/\/rotary.zamosc.pl\/wp-content\/uploads\/2021\/10\/ROTRIANSKA-JESIEN-W-BIESZCZADACH.-2021-RC-Jaroslaw-8-80x60.jpg 80w\" sizes=\"(max-width: 700px) 100vw, 700px\" \/><\/figure>\n\n\n\n<figure class=\"wp-block-image size-large\"><img decoding=\"async\" width=\"700\" height=\"525\" data-id=\"2262\" src=\"https:\/\/rotary.zamosc.pl\/wp-content\/uploads\/2021\/10\/ROTRIANSKA-JESIEN-W-BIESZCZADACH.-2021-RC-Jaroslaw-6-700x525.jpg\" alt=\"\" class=\"wp-image-2262\" srcset=\"https:\/\/rotary.zamosc.pl\/wp-content\/uploads\/2021\/10\/ROTRIANSKA-JESIEN-W-BIESZCZADACH.-2021-RC-Jaroslaw-6-700x525.jpg 700w, https:\/\/rotary.zamosc.pl\/wp-content\/uploads\/2021\/10\/ROTRIANSKA-JESIEN-W-BIESZCZADACH.-2021-RC-Jaroslaw-6-300x225.jpg 300w, https:\/\/rotary.zamosc.pl\/wp-content\/uploads\/2021\/10\/ROTRIANSKA-JESIEN-W-BIESZCZADACH.-2021-RC-Jaroslaw-6-768x576.jpg 768w, https:\/\/rotary.zamosc.pl\/wp-content\/uploads\/2021\/10\/ROTRIANSKA-JESIEN-W-BIESZCZADACH.-2021-RC-Jaroslaw-6-1536x1152.jpg 1536w, https:\/\/rotary.zamosc.pl\/wp-content\/uploads\/2021\/10\/ROTRIANSKA-JESIEN-W-BIESZCZADACH.-2021-RC-Jaroslaw-6-2048x1536.jpg 2048w, https:\/\/rotary.zamosc.pl\/wp-content\/uploads\/2021\/10\/ROTRIANSKA-JESIEN-W-BIESZCZADACH.-2021-RC-Jaroslaw-6-800x600.jpg 800w, https:\/\/rotary.zamosc.pl\/wp-content\/uploads\/2021\/10\/ROTRIANSKA-JESIEN-W-BIESZCZADACH.-2021-RC-Jaroslaw-6-80x60.jpg 80w\" sizes=\"(max-width: 700px) 100vw, 700px\" \/><\/figure>\n\n\n\n<figure class=\"wp-block-image size-large\"><img decoding=\"async\" width=\"700\" height=\"525\" data-id=\"2260\" src=\"https:\/\/rotary.zamosc.pl\/wp-content\/uploads\/2021\/10\/ROTRIANSKA-JESIEN-W-BIESZCZADACH.-2021-RC-Jaroslaw-5-700x525.jpg\" alt=\"\" class=\"wp-image-2260\" srcset=\"https:\/\/rotary.zamosc.pl\/wp-content\/uploads\/2021\/10\/ROTRIANSKA-JESIEN-W-BIESZCZADACH.-2021-RC-Jaroslaw-5-700x525.jpg 700w, https:\/\/rotary.zamosc.pl\/wp-content\/uploads\/2021\/10\/ROTRIANSKA-JESIEN-W-BIESZCZADACH.-2021-RC-Jaroslaw-5-300x225.jpg 300w, https:\/\/rotary.zamosc.pl\/wp-content\/uploads\/2021\/10\/ROTRIANSKA-JESIEN-W-BIESZCZADACH.-2021-RC-Jaroslaw-5-768x576.jpg 768w, https:\/\/rotary.zamosc.pl\/wp-content\/uploads\/2021\/10\/ROTRIANSKA-JESIEN-W-BIESZCZADACH.-2021-RC-Jaroslaw-5-1536x1152.jpg 1536w, https:\/\/rotary.zamosc.pl\/wp-content\/uploads\/2021\/10\/ROTRIANSKA-JESIEN-W-BIESZCZADACH.-2021-RC-Jaroslaw-5-2048x1536.jpg 2048w, https:\/\/rotary.zamosc.pl\/wp-content\/uploads\/2021\/10\/ROTRIANSKA-JESIEN-W-BIESZCZADACH.-2021-RC-Jaroslaw-5-800x600.jpg 800w, https:\/\/rotary.zamosc.pl\/wp-content\/uploads\/2021\/10\/ROTRIANSKA-JESIEN-W-BIESZCZADACH.-2021-RC-Jaroslaw-5-80x60.jpg 80w\" sizes=\"(max-width: 700px) 100vw, 700px\" \/><\/figure>\n\n\n\n<figure class=\"wp-block-image size-large\"><img loading=\"lazy\" decoding=\"async\" width=\"700\" height=\"934\" data-id=\"2259\" src=\"https:\/\/rotary.zamosc.pl\/wp-content\/uploads\/2021\/10\/ROTRIANSKA-JESIEN-W-BIESZCZADACH.-2021-RC-Jaroslaw-4-700x934.jpg\" alt=\"\" class=\"wp-image-2259\" srcset=\"https:\/\/rotary.zamosc.pl\/wp-content\/uploads\/2021\/10\/ROTRIANSKA-JESIEN-W-BIESZCZADACH.-2021-RC-Jaroslaw-4-700x934.jpg 700w, https:\/\/rotary.zamosc.pl\/wp-content\/uploads\/2021\/10\/ROTRIANSKA-JESIEN-W-BIESZCZADACH.-2021-RC-Jaroslaw-4-225x300.jpg 225w, https:\/\/rotary.zamosc.pl\/wp-content\/uploads\/2021\/10\/ROTRIANSKA-JESIEN-W-BIESZCZADACH.-2021-RC-Jaroslaw-4-768x1024.jpg 768w, https:\/\/rotary.zamosc.pl\/wp-content\/uploads\/2021\/10\/ROTRIANSKA-JESIEN-W-BIESZCZADACH.-2021-RC-Jaroslaw-4-1152x1536.jpg 1152w, https:\/\/rotary.zamosc.pl\/wp-content\/uploads\/2021\/10\/ROTRIANSKA-JESIEN-W-BIESZCZADACH.-2021-RC-Jaroslaw-4-1536x2048.jpg 1536w, https:\/\/rotary.zamosc.pl\/wp-content\/uploads\/2021\/10\/ROTRIANSKA-JESIEN-W-BIESZCZADACH.-2021-RC-Jaroslaw-4-800x1067.jpg 800w, https:\/\/rotary.zamosc.pl\/wp-content\/uploads\/2021\/10\/ROTRIANSKA-JESIEN-W-BIESZCZADACH.-2021-RC-Jaroslaw-4.jpg 1555w\" sizes=\"(max-width: 700px) 100vw, 700px\" \/><\/figure>\n\n\n\n<figure class=\"wp-block-image size-large\"><img loading=\"lazy\" decoding=\"async\" width=\"700\" height=\"525\" data-id=\"2258\" src=\"https:\/\/rotary.zamosc.pl\/wp-content\/uploads\/2021\/10\/ROTRIANSKA-JESIEN-W-BIESZCZADACH.-2021-RC-Jaroslaw-3-700x525.jpg\" alt=\"\" class=\"wp-image-2258\" srcset=\"https:\/\/rotary.zamosc.pl\/wp-content\/uploads\/2021\/10\/ROTRIANSKA-JESIEN-W-BIESZCZADACH.-2021-RC-Jaroslaw-3-700x525.jpg 700w, https:\/\/rotary.zamosc.pl\/wp-content\/uploads\/2021\/10\/ROTRIANSKA-JESIEN-W-BIESZCZADACH.-2021-RC-Jaroslaw-3-300x225.jpg 300w, https:\/\/rotary.zamosc.pl\/wp-content\/uploads\/2021\/10\/ROTRIANSKA-JESIEN-W-BIESZCZADACH.-2021-RC-Jaroslaw-3-768x576.jpg 768w, https:\/\/rotary.zamosc.pl\/wp-content\/uploads\/2021\/10\/ROTRIANSKA-JESIEN-W-BIESZCZADACH.-2021-RC-Jaroslaw-3-1536x1152.jpg 1536w, https:\/\/rotary.zamosc.pl\/wp-content\/uploads\/2021\/10\/ROTRIANSKA-JESIEN-W-BIESZCZADACH.-2021-RC-Jaroslaw-3-2048x1536.jpg 2048w, https:\/\/rotary.zamosc.pl\/wp-content\/uploads\/2021\/10\/ROTRIANSKA-JESIEN-W-BIESZCZADACH.-2021-RC-Jaroslaw-3-800x600.jpg 800w, https:\/\/rotary.zamosc.pl\/wp-content\/uploads\/2021\/10\/ROTRIANSKA-JESIEN-W-BIESZCZADACH.-2021-RC-Jaroslaw-3-80x60.jpg 80w\" sizes=\"(max-width: 700px) 100vw, 700px\" \/><\/figure>\n\n\n\n<figure class=\"wp-block-image size-large\"><img loading=\"lazy\" decoding=\"async\" width=\"700\" height=\"525\" data-id=\"2257\" src=\"https:\/\/rotary.zamosc.pl\/wp-content\/uploads\/2021\/10\/ROTRIANSKA-JESIEN-W-BIESZCZADACH.-2021-RC-Jaroslaw-2-700x525.jpg\" alt=\"\" class=\"wp-image-2257\" srcset=\"https:\/\/rotary.zamosc.pl\/wp-content\/uploads\/2021\/10\/ROTRIANSKA-JESIEN-W-BIESZCZADACH.-2021-RC-Jaroslaw-2-700x525.jpg 700w, https:\/\/rotary.zamosc.pl\/wp-content\/uploads\/2021\/10\/ROTRIANSKA-JESIEN-W-BIESZCZADACH.-2021-RC-Jaroslaw-2-300x225.jpg 300w, https:\/\/rotary.zamosc.pl\/wp-content\/uploads\/2021\/10\/ROTRIANSKA-JESIEN-W-BIESZCZADACH.-2021-RC-Jaroslaw-2-768x576.jpg 768w, https:\/\/rotary.zamosc.pl\/wp-content\/uploads\/2021\/10\/ROTRIANSKA-JESIEN-W-BIESZCZADACH.-2021-RC-Jaroslaw-2-1536x1152.jpg 1536w, https:\/\/rotary.zamosc.pl\/wp-content\/uploads\/2021\/10\/ROTRIANSKA-JESIEN-W-BIESZCZADACH.-2021-RC-Jaroslaw-2-2048x1536.jpg 2048w, https:\/\/rotary.zamosc.pl\/wp-content\/uploads\/2021\/10\/ROTRIANSKA-JESIEN-W-BIESZCZADACH.-2021-RC-Jaroslaw-2-800x600.jpg 800w, https:\/\/rotary.zamosc.pl\/wp-content\/uploads\/2021\/10\/ROTRIANSKA-JESIEN-W-BIESZCZADACH.-2021-RC-Jaroslaw-2-80x60.jpg 80w\" sizes=\"(max-width: 700px) 100vw, 700px\" \/><\/figure>\n\n\n\n<figure class=\"wp-block-image size-large\"><img loading=\"lazy\" decoding=\"async\" width=\"700\" height=\"525\" data-id=\"2256\" src=\"https:\/\/rotary.zamosc.pl\/wp-content\/uploads\/2021\/10\/ROTRIANSKA-JESIEN-W-BIESZCZADACH.-2021-RC-Jaroslaw-1-700x525.jpg\" alt=\"\" class=\"wp-image-2256\" srcset=\"https:\/\/rotary.zamosc.pl\/wp-content\/uploads\/2021\/10\/ROTRIANSKA-JESIEN-W-BIESZCZADACH.-2021-RC-Jaroslaw-1-700x525.jpg 700w, https:\/\/rotary.zamosc.pl\/wp-content\/uploads\/2021\/10\/ROTRIANSKA-JESIEN-W-BIESZCZADACH.-2021-RC-Jaroslaw-1-300x225.jpg 300w, https:\/\/rotary.zamosc.pl\/wp-content\/uploads\/2021\/10\/ROTRIANSKA-JESIEN-W-BIESZCZADACH.-2021-RC-Jaroslaw-1-768x576.jpg 768w, https:\/\/rotary.zamosc.pl\/wp-content\/uploads\/2021\/10\/ROTRIANSKA-JESIEN-W-BIESZCZADACH.-2021-RC-Jaroslaw-1-1536x1152.jpg 1536w, https:\/\/rotary.zamosc.pl\/wp-content\/uploads\/2021\/10\/ROTRIANSKA-JESIEN-W-BIESZCZADACH.-2021-RC-Jaroslaw-1-2048x1536.jpg 2048w, https:\/\/rotary.zamosc.pl\/wp-content\/uploads\/2021\/10\/ROTRIANSKA-JESIEN-W-BIESZCZADACH.-2021-RC-Jaroslaw-1-800x600.jpg 800w, https:\/\/rotary.zamosc.pl\/wp-content\/uploads\/2021\/10\/ROTRIANSKA-JESIEN-W-BIESZCZADACH.-2021-RC-Jaroslaw-1-80x60.jpg 80w\" sizes=\"(max-width: 700px) 100vw, 700px\" \/><\/figure>\n<\/figure>\n","protected":false},"excerpt":{"rendered":"<p>Ju\u017c po raz 6-ty RC Jaros\u0142aw zorganizowa\u0142, s\u0142awn\u0105 ju\u017c, wycieczk\u0119 po Bieszczadach zwan\u0105 \u201eRotaria\u0144ska Jesie\u0144 w Bieszczadach\u201d. By\u0142a to wycieczka autokarowa w dniach 17, 18 i 19 wrze\u015bnia. Zbi\u00f3rka 17-go w hotelu \u201ePiast\u201d w Tucz\u0119pach pod Jaros\u0142awem, gdzie po zakwaterowaniu odby\u0142a si\u0119 w pi\u0105tek, w mi\u0142ej i radosnej atmosferze, uroczysta kolacja z udzia\u0142em wszystkich go\u015bci&#8230;<\/p>\n","protected":false},"author":1,"featured_media":2263,"comment_status":"open","ping_status":"open","sticky":false,"template":"","format":"standard","meta":{"footnotes":""},"categories":[14],"tags":[],"class_list":["post-6632","post","type-post","status-publish","format-standard","has-post-thumbnail","hentry","category-14"],"rttpg_featured_image_url":{"full":["https:\/\/rotary.zamosc.pl\/wp-content\/uploads\/2021\/10\/ROTRIANSKA-JESIEN-W-BIESZCZADACH.-2021-RC-Jaroslaw-7.jpg",2074,1555,false],"landscape":["https:\/\/rotary.zamosc.pl\/wp-content\/uploads\/2021\/10\/ROTRIANSKA-JESIEN-W-BIESZCZADACH.-2021-RC-Jaroslaw-7.jpg",2074,1555,false],"portraits":["https:\/\/rotary.zamosc.pl\/wp-content\/uploads\/2021\/10\/ROTRIANSKA-JESIEN-W-BIESZCZADACH.-2021-RC-Jaroslaw-7.jpg",2074,1555,false],"thumbnail":["https:\/\/rotary.zamosc.pl\/wp-content\/uploads\/2021\/10\/ROTRIANSKA-JESIEN-W-BIESZCZADACH.-2021-RC-Jaroslaw-7-150x150.jpg",150,150,true],"medium":["https:\/\/rotary.zamosc.pl\/wp-content\/uploads\/2021\/10\/ROTRIANSKA-JESIEN-W-BIESZCZADACH.-2021-RC-Jaroslaw-7-300x225.jpg",300,225,true],"large":["https:\/\/rotary.zamosc.pl\/wp-content\/uploads\/2021\/10\/ROTRIANSKA-JESIEN-W-BIESZCZADACH.-2021-RC-Jaroslaw-7-700x525.jpg",700,525,true],"1536x1536":["https:\/\/rotary.zamosc.pl\/wp-content\/uploads\/2021\/10\/ROTRIANSKA-JESIEN-W-BIESZCZADACH.-2021-RC-Jaroslaw-7-1536x1152.jpg",1536,1152,true],"2048x2048":["https:\/\/rotary.zamosc.pl\/wp-content\/uploads\/2021\/10\/ROTRIANSKA-JESIEN-W-BIESZCZADACH.-2021-RC-Jaroslaw-7-2048x1536.jpg",2048,1536,true],"post-thumbnail":["https:\/\/rotary.zamosc.pl\/wp-content\/uploads\/2021\/10\/ROTRIANSKA-JESIEN-W-BIESZCZADACH.-2021-RC-Jaroslaw-7-800x600.jpg",800,600,true],"graphy-post-thumbnail-large":["https:\/\/rotary.zamosc.pl\/wp-content\/uploads\/2021\/10\/ROTRIANSKA-JESIEN-W-BIESZCZADACH.-2021-RC-Jaroslaw-7-1080x600.jpg",1080,600,true],"graphy-post-thumbnail-medium":["https:\/\/rotary.zamosc.pl\/wp-content\/uploads\/2021\/10\/ROTRIANSKA-JESIEN-W-BIESZCZADACH.-2021-RC-Jaroslaw-7-482x300.jpg",482,300,true],"graphy-post-thumbnail-small":["https:\/\/rotary.zamosc.pl\/wp-content\/uploads\/2021\/10\/ROTRIANSKA-JESIEN-W-BIESZCZADACH.-2021-RC-Jaroslaw-7-80x60.jpg",80,60,true],"graphy-page-thumbnail":["https:\/\/rotary.zamosc.pl\/wp-content\/uploads\/2021\/10\/ROTRIANSKA-JESIEN-W-BIESZCZADACH.-2021-RC-Jaroslaw-7-1260x350.jpg",1260,350,true],"sow-carousel-default":["https:\/\/rotary.zamosc.pl\/wp-content\/uploads\/2021\/10\/ROTRIANSKA-JESIEN-W-BIESZCZADACH.-2021-RC-Jaroslaw-7-272x182.jpg",272,182,true]},"rttpg_author":{"display_name":"rotaryzamosc","author_link":"https:\/\/rotary.zamosc.pl\/index.php\/author\/rotaryzamosc\/"},"rttpg_comment":0,"rttpg_category":"<a href=\"https:\/\/rotary.zamosc.pl\/index.php\/category\/2021\/\" rel=\"category tag\">2021<\/a>","rttpg_excerpt":"Ju\u017c po raz 6-ty RC Jaros\u0142aw zorganizowa\u0142, s\u0142awn\u0105 ju\u017c, wycieczk\u0119 po Bieszczadach zwan\u0105 \u201eRotaria\u0144ska Jesie\u0144 w Bieszczadach\u201d. By\u0142a to wycieczka autokarowa w dniach 17, 18 i 19 wrze\u015bnia. Zbi\u00f3rka 17-go w hotelu \u201ePiast\u201d w Tucz\u0119pach pod Jaros\u0142awem, gdzie po zakwaterowaniu odby\u0142a si\u0119 w pi\u0105tek, w mi\u0142ej i radosnej atmosferze, uroczysta kolacja z udzia\u0142em wszystkich go\u015bci...","_links":{"self":[{"href":"https:\/\/rotary.zamosc.pl\/index.php\/wp-json\/wp\/v2\/posts\/6632","targetHints":{"allow":["GET"]}}],"collection":[{"href":"https:\/\/rotary.zamosc.pl\/index.php\/wp-json\/wp\/v2\/posts"}],"about":[{"href":"https:\/\/rotary.zamosc.pl\/index.php\/wp-json\/wp\/v2\/types\/post"}],"author":[{"embeddable":true,"href":"https:\/\/rotary.zamosc.pl\/index.php\/wp-json\/wp\/v2\/users\/1"}],"replies":[{"embeddable":true,"href":"https:\/\/rotary.zamosc.pl\/index.php\/wp-json\/wp\/v2\/comments?post=6632"}],"version-history":[{"count":1,"href":"https:\/\/rotary.zamosc.pl\/index.php\/wp-json\/wp\/v2\/posts\/6632\/revisions"}],"predecessor-version":[{"id":6633,"href":"https:\/\/rotary.zamosc.pl\/index.php\/wp-json\/wp\/v2\/posts\/6632\/revisions\/6633"}],"wp:featuredmedia":[{"embeddable":true,"href":"https:\/\/rotary.zamosc.pl\/index.php\/wp-json\/wp\/v2\/media\/2263"}],"wp:attachment":[{"href":"https:\/\/rotary.zamosc.pl\/index.php\/wp-json\/wp\/v2\/media?parent=6632"}],"wp:term":[{"taxonomy":"category","embeddable":true,"href":"https:\/\/rotary.zamosc.pl\/index.php\/wp-json\/wp\/v2\/categories?post=6632"},{"taxonomy":"post_tag","embeddable":true,"href":"https:\/\/rotary.zamosc.pl\/index.php\/wp-json\/wp\/v2\/tags?post=6632"}],"curies":[{"name":"wp","href":"https:\/\/api.w.org\/{rel}","templated":true}]}}