{"id":6634,"date":"2021-11-04T10:01:00","date_gmt":"2021-11-04T09:01:00","guid":{"rendered":"https:\/\/rotary.zamosc.pl\/?p=6634"},"modified":"2026-03-18T10:02:42","modified_gmt":"2026-03-18T09:02:42","slug":"xv-miedzynarodowy-konkurs-skrzypcowy-im-karola-lipinskiego-i-henryka-wieniawskiego-w-lublinie","status":"publish","type":"post","link":"https:\/\/rotary.zamosc.pl\/index.php\/2021\/11\/04\/xv-miedzynarodowy-konkurs-skrzypcowy-im-karola-lipinskiego-i-henryka-wieniawskiego-w-lublinie\/","title":{"rendered":"XV MI\u0118DZYNARODOWY KONKURS SKRZYPCOWY im. Karola Lipi\u0144skiego i Henryka Wieniawskiego w Lublinie"},"content":{"rendered":"\n<p class=\"wp-block-paragraph\">W listopadzie 2011r podczas spotkania Klub\u00f3w Rotary regionu lubelskiego po\u015bwi\u0119conego pami\u0119ci zmar\u0142ego w 2010r Marcela Stefanskiego, z inicjatywy RC Lublin Centrum przyj\u0119ty zosta\u0142 projekt ufundowania przez Kluby Rotary Lubelszczyzny nagrody Jego imienia w kolejnych, odbywaj\u0105cych si\u0119 w Lublinie Mi\u0119dzynarodowych Konkursach M\u0142odych Skrzypk\u00f3w.<\/p>\n\n\n\n<p class=\"wp-block-paragraph\">W bie\u017c\u0105cym roku konkurs odby\u0142 si\u0119 w dniach 10-18 wrze\u015bnia. Patronat obj\u0105\u0142 Minister Kultury, Dziedzictwa Narodowego i Sportu Piotr Gli\u0144ski oraz Prezydent M. Lublina Krzysztof \u017buk. 10-osobowemu jury przewodniczy\u0142 \u015bwiatowej s\u0142awy skrzypek i pedagog Zakhar Bron. Wsp\u00f3\u0142zawodnictwo odby\u0142o si\u0119 w dw\u00f3ch kategoriach wiekowych. Laureatk\u0105 I-ej nagrody w grupie m\u0142odszej zosta\u0142a urodzona w 2005r Zofia Olesik \u2013 w trakcie koncertu ko\u0144cz\u0105cego konkurs wykona\u0142a koncert skrzypcowy d-moll A. Chaczaturiana. W grupie starszej zwyci\u0119zc\u0105 zosta\u0142a urodzona w 2001r Ines Issel Burzy\u0144ska- r\u00f3wnie\u017c Polka urodzona w Hiszpanii kszta\u0142c\u0105ca si\u0119 pod kierunkiem prof. Zakhara Brona. Z niesamowit\u0105 wirtuozeri\u0105 wykona\u0142a Kaprys Baskijski op.24 P. Sarasatego.<\/p>\n\n\n\n<p class=\"wp-block-paragraph\">Obie skrzypaczki otrzyma\u0142y szereg nagr\u00f3d pozaregulaminowych, w tym Nagrod\u0119 im. Dr Marcela Stefanskiego ufundowane przez Kluby Rotary Lubelszczyzny. Symboliczne czeki opiewaj\u0105ce na kwoty 3500z\u0142 ka\u017cdy mia\u0142 przyjemno\u015b\u0107 wr\u0119czy\u0107 cz\u0142onek RC Zamo\u015b\u0107, piszacy te s\u0142owa Jerzy Liberadzki w towarzystwie PGD L.A. Gzelli.<\/p>\n\n\n\n<figure class=\"wp-block-gallery has-nested-images columns-1 is-cropped wp-block-gallery-1 is-layout-flex wp-block-gallery-is-layout-flex\">\n<figure class=\"wp-block-image size-large\"><img fetchpriority=\"high\" decoding=\"async\" width=\"700\" height=\"762\" data-id=\"2243\" src=\"https:\/\/rotary.zamosc.pl\/wp-content\/uploads\/2021\/09\/20210918_175922-700x762.jpg\" alt=\"\" class=\"wp-image-2243\" srcset=\"https:\/\/rotary.zamosc.pl\/wp-content\/uploads\/2021\/09\/20210918_175922-700x762.jpg 700w, https:\/\/rotary.zamosc.pl\/wp-content\/uploads\/2021\/09\/20210918_175922-275x300.jpg 275w, https:\/\/rotary.zamosc.pl\/wp-content\/uploads\/2021\/09\/20210918_175922-768x836.jpg 768w, https:\/\/rotary.zamosc.pl\/wp-content\/uploads\/2021\/09\/20210918_175922-800x871.jpg 800w, https:\/\/rotary.zamosc.pl\/wp-content\/uploads\/2021\/09\/20210918_175922.jpg 1000w\" sizes=\"(max-width: 700px) 100vw, 700px\" \/><\/figure>\n\n\n\n<figure class=\"wp-block-image size-large\"><img decoding=\"async\" width=\"700\" height=\"601\" data-id=\"2241\" src=\"https:\/\/rotary.zamosc.pl\/wp-content\/uploads\/2021\/09\/20210918_173620-700x601.jpg\" alt=\"\" class=\"wp-image-2241\" srcset=\"https:\/\/rotary.zamosc.pl\/wp-content\/uploads\/2021\/09\/20210918_173620-700x601.jpg 700w, https:\/\/rotary.zamosc.pl\/wp-content\/uploads\/2021\/09\/20210918_173620-300x257.jpg 300w, https:\/\/rotary.zamosc.pl\/wp-content\/uploads\/2021\/09\/20210918_173620-768x659.jpg 768w, https:\/\/rotary.zamosc.pl\/wp-content\/uploads\/2021\/09\/20210918_173620-800x686.jpg 800w, https:\/\/rotary.zamosc.pl\/wp-content\/uploads\/2021\/09\/20210918_173620.jpg 1000w\" sizes=\"(max-width: 700px) 100vw, 700px\" \/><\/figure>\n<\/figure>\n","protected":false},"excerpt":{"rendered":"<p>W listopadzie 2011r podczas spotkania Klub\u00f3w Rotary regionu lubelskiego po\u015bwi\u0119conego pami\u0119ci zmar\u0142ego w 2010r Marcela Stefanskiego, z inicjatywy RC Lublin Centrum przyj\u0119ty zosta\u0142 projekt ufundowania przez Kluby Rotary Lubelszczyzny nagrody Jego imienia w kolejnych, odbywaj\u0105cych si\u0119 w Lublinie Mi\u0119dzynarodowych Konkursach M\u0142odych Skrzypk\u00f3w. W bie\u017c\u0105cym roku konkurs odby\u0142 si\u0119 w dniach 10-18 wrze\u015bnia. Patronat obj\u0105\u0142 Minister&#8230;<\/p>\n","protected":false},"author":1,"featured_media":2242,"comment_status":"open","ping_status":"open","sticky":false,"template":"","format":"standard","meta":{"footnotes":""},"categories":[14,16],"tags":[],"class_list":["post-6634","post","type-post","status-publish","format-standard","has-post-thumbnail","hentry","category-14","category-nagrody"],"rttpg_featured_image_url":{"full":["https:\/\/rotary.zamosc.pl\/wp-content\/uploads\/2021\/09\/20210918_173700.jpg",1000,934,false],"landscape":["https:\/\/rotary.zamosc.pl\/wp-content\/uploads\/2021\/09\/20210918_173700.jpg",1000,934,false],"portraits":["https:\/\/rotary.zamosc.pl\/wp-content\/uploads\/2021\/09\/20210918_173700.jpg",1000,934,false],"thumbnail":["https:\/\/rotary.zamosc.pl\/wp-content\/uploads\/2021\/09\/20210918_173700-150x150.jpg",150,150,true],"medium":["https:\/\/rotary.zamosc.pl\/wp-content\/uploads\/2021\/09\/20210918_173700-300x280.jpg",300,280,true],"large":["https:\/\/rotary.zamosc.pl\/wp-content\/uploads\/2021\/09\/20210918_173700-700x654.jpg",700,654,true],"1536x1536":["https:\/\/rotary.zamosc.pl\/wp-content\/uploads\/2021\/09\/20210918_173700.jpg",1000,934,false],"2048x2048":["https:\/\/rotary.zamosc.pl\/wp-content\/uploads\/2021\/09\/20210918_173700.jpg",1000,934,false],"post-thumbnail":["https:\/\/rotary.zamosc.pl\/wp-content\/uploads\/2021\/09\/20210918_173700-800x747.jpg",800,747,true],"graphy-post-thumbnail-large":["https:\/\/rotary.zamosc.pl\/wp-content\/uploads\/2021\/09\/20210918_173700-1000x600.jpg",1000,600,true],"graphy-post-thumbnail-medium":["https:\/\/rotary.zamosc.pl\/wp-content\/uploads\/2021\/09\/20210918_173700-482x300.jpg",482,300,true],"graphy-post-thumbnail-small":["https:\/\/rotary.zamosc.pl\/wp-content\/uploads\/2021\/09\/20210918_173700-80x60.jpg",80,60,true],"graphy-page-thumbnail":["https:\/\/rotary.zamosc.pl\/wp-content\/uploads\/2021\/09\/20210918_173700-1000x350.jpg",1000,350,true],"sow-carousel-default":["https:\/\/rotary.zamosc.pl\/wp-content\/uploads\/2021\/09\/20210918_173700-272x182.jpg",272,182,true]},"rttpg_author":{"display_name":"rotaryzamosc","author_link":"https:\/\/rotary.zamosc.pl\/index.php\/author\/rotaryzamosc\/"},"rttpg_comment":0,"rttpg_category":"<a href=\"https:\/\/rotary.zamosc.pl\/index.php\/category\/2021\/\" rel=\"category tag\">2021<\/a> <a href=\"https:\/\/rotary.zamosc.pl\/index.php\/category\/nagrody\/\" rel=\"category tag\">Nagrody<\/a>","rttpg_excerpt":"W listopadzie 2011r podczas spotkania Klub\u00f3w Rotary regionu lubelskiego po\u015bwi\u0119conego pami\u0119ci zmar\u0142ego w 2010r Marcela Stefanskiego, z inicjatywy RC Lublin Centrum przyj\u0119ty zosta\u0142 projekt ufundowania przez Kluby Rotary Lubelszczyzny nagrody Jego imienia w kolejnych, odbywaj\u0105cych si\u0119 w Lublinie Mi\u0119dzynarodowych Konkursach M\u0142odych Skrzypk\u00f3w. W bie\u017c\u0105cym roku konkurs odby\u0142 si\u0119 w dniach 10-18 wrze\u015bnia. Patronat obj\u0105\u0142 Minister...","_links":{"self":[{"href":"https:\/\/rotary.zamosc.pl\/index.php\/wp-json\/wp\/v2\/posts\/6634","targetHints":{"allow":["GET"]}}],"collection":[{"href":"https:\/\/rotary.zamosc.pl\/index.php\/wp-json\/wp\/v2\/posts"}],"about":[{"href":"https:\/\/rotary.zamosc.pl\/index.php\/wp-json\/wp\/v2\/types\/post"}],"author":[{"embeddable":true,"href":"https:\/\/rotary.zamosc.pl\/index.php\/wp-json\/wp\/v2\/users\/1"}],"replies":[{"embeddable":true,"href":"https:\/\/rotary.zamosc.pl\/index.php\/wp-json\/wp\/v2\/comments?post=6634"}],"version-history":[{"count":1,"href":"https:\/\/rotary.zamosc.pl\/index.php\/wp-json\/wp\/v2\/posts\/6634\/revisions"}],"predecessor-version":[{"id":6635,"href":"https:\/\/rotary.zamosc.pl\/index.php\/wp-json\/wp\/v2\/posts\/6634\/revisions\/6635"}],"wp:featuredmedia":[{"embeddable":true,"href":"https:\/\/rotary.zamosc.pl\/index.php\/wp-json\/wp\/v2\/media\/2242"}],"wp:attachment":[{"href":"https:\/\/rotary.zamosc.pl\/index.php\/wp-json\/wp\/v2\/media?parent=6634"}],"wp:term":[{"taxonomy":"category","embeddable":true,"href":"https:\/\/rotary.zamosc.pl\/index.php\/wp-json\/wp\/v2\/categories?post=6634"},{"taxonomy":"post_tag","embeddable":true,"href":"https:\/\/rotary.zamosc.pl\/index.php\/wp-json\/wp\/v2\/tags?post=6634"}],"curies":[{"name":"wp","href":"https:\/\/api.w.org\/{rel}","templated":true}]}}