{"id":6643,"date":"2021-07-21T10:10:00","date_gmt":"2021-07-21T08:10:00","guid":{"rendered":"https:\/\/rotary.zamosc.pl\/?p=6643"},"modified":"2026-03-18T10:11:43","modified_gmt":"2026-03-18T09:11:43","slug":"rc-zamosc-w-janowie-lubelskim","status":"publish","type":"post","link":"https:\/\/rotary.zamosc.pl\/index.php\/2021\/07\/21\/rc-zamosc-w-janowie-lubelskim\/","title":{"rendered":"RC Zamo\u015b\u0107 w Janowie Lubelskim"},"content":{"rendered":"\n<p class=\"wp-block-paragraph\">21 lipca 2021 roku, na zaproszenie Przyjaci\u00f3\u0142 z RC Jan\u00f3w Lubelski przedstawiciele naszego klubu wzi\u0119li udzia\u0142 w uroczysto\u015bciach przekazania insygni\u00f3w w\u0142adzy klubowej. Nowy Prezydent RC Zamo\u015b\u0107 \u2013 Zbyszek \u017bukowski z pierwsz\u0105 wizyt\u0105 uda\u0142 si\u0119 w towarzystwie kol. Ryszarda Antosa.<\/p>\n\n\n\n<p class=\"wp-block-paragraph\">Do Janowa Lub. zawsze wybieramy si\u0119 z wielk\u0105 przyjemno\u015bci\u0105, bo pewne s\u0105 tam dwie rzeczy: spotkanie z przyjaci\u00f3\u0142mi i wspania\u0142a atmosfera. Tak by\u0142o i tym razem na spotkaniu w restauracji \u201eHetma\u0144ska\u201d, co wida\u0107 na poni\u017cszych fotografiach.<\/p>\n\n\n\n<p class=\"wp-block-paragraph\">Prezydenckiej s\u0142u\u017cby w RC Jan\u00f3w Lub. nie m\u00f3g\u0142 obj\u0105\u0107 z powod\u00f3w zdrowotnych Prezydent Elekt Waldek Orze\u0142 (\u017cyczymy zdrowia), podj\u0105\u0142 j\u0105 wi\u0119c ju\u017c po raz si\u00f3dmy (!) Antoni Florczak zwany przez przyjaci\u00f3\u0142 Tolkiem. Najstarszemu sta\u017cem Rotarianinowi w Polsce z\u0142o\u017cyli\u015bmy \u017cyczenia kolejnych sukces\u00f3w i cz\u0119stych kontakt\u00f3w z naszym klubem.<\/p>\n\n\n\n<figure class=\"wp-block-gallery has-nested-images columns-1 is-cropped wp-block-gallery-1 is-layout-flex wp-block-gallery-is-layout-flex\">\n<figure class=\"wp-block-image size-large\"><img fetchpriority=\"high\" decoding=\"async\" width=\"700\" height=\"933\" data-id=\"2088\" src=\"https:\/\/rotary.zamosc.pl\/wp-content\/uploads\/2021\/08\/janow-lubelski-i-rc-zamosc-2021-6-700x933.jpg\" alt=\"\" class=\"wp-image-2088\" srcset=\"https:\/\/rotary.zamosc.pl\/wp-content\/uploads\/2021\/08\/janow-lubelski-i-rc-zamosc-2021-6-700x933.jpg 700w, https:\/\/rotary.zamosc.pl\/wp-content\/uploads\/2021\/08\/janow-lubelski-i-rc-zamosc-2021-6-225x300.jpg 225w, https:\/\/rotary.zamosc.pl\/wp-content\/uploads\/2021\/08\/janow-lubelski-i-rc-zamosc-2021-6-768x1024.jpg 768w, https:\/\/rotary.zamosc.pl\/wp-content\/uploads\/2021\/08\/janow-lubelski-i-rc-zamosc-2021-6-1152x1536.jpg 1152w, https:\/\/rotary.zamosc.pl\/wp-content\/uploads\/2021\/08\/janow-lubelski-i-rc-zamosc-2021-6-1536x2048.jpg 1536w, https:\/\/rotary.zamosc.pl\/wp-content\/uploads\/2021\/08\/janow-lubelski-i-rc-zamosc-2021-6-800x1067.jpg 800w, https:\/\/rotary.zamosc.pl\/wp-content\/uploads\/2021\/08\/janow-lubelski-i-rc-zamosc-2021-6-scaled.jpg 1920w\" sizes=\"(max-width: 700px) 100vw, 700px\" \/><\/figure>\n\n\n\n<figure class=\"wp-block-image size-large\"><img decoding=\"async\" width=\"700\" height=\"525\" data-id=\"2087\" src=\"https:\/\/rotary.zamosc.pl\/wp-content\/uploads\/2021\/08\/janow-lubelski-i-rc-zamosc-2021-5-700x525.jpg\" alt=\"\" class=\"wp-image-2087\" srcset=\"https:\/\/rotary.zamosc.pl\/wp-content\/uploads\/2021\/08\/janow-lubelski-i-rc-zamosc-2021-5-700x525.jpg 700w, https:\/\/rotary.zamosc.pl\/wp-content\/uploads\/2021\/08\/janow-lubelski-i-rc-zamosc-2021-5-300x225.jpg 300w, https:\/\/rotary.zamosc.pl\/wp-content\/uploads\/2021\/08\/janow-lubelski-i-rc-zamosc-2021-5-768x576.jpg 768w, https:\/\/rotary.zamosc.pl\/wp-content\/uploads\/2021\/08\/janow-lubelski-i-rc-zamosc-2021-5-1536x1152.jpg 1536w, https:\/\/rotary.zamosc.pl\/wp-content\/uploads\/2021\/08\/janow-lubelski-i-rc-zamosc-2021-5-2048x1536.jpg 2048w, https:\/\/rotary.zamosc.pl\/wp-content\/uploads\/2021\/08\/janow-lubelski-i-rc-zamosc-2021-5-800x600.jpg 800w, https:\/\/rotary.zamosc.pl\/wp-content\/uploads\/2021\/08\/janow-lubelski-i-rc-zamosc-2021-5-80x60.jpg 80w\" sizes=\"(max-width: 700px) 100vw, 700px\" \/><\/figure>\n\n\n\n<figure class=\"wp-block-image size-large\"><img decoding=\"async\" width=\"700\" height=\"525\" data-id=\"2084\" src=\"https:\/\/rotary.zamosc.pl\/wp-content\/uploads\/2021\/08\/janow-lubelski-i-rc-zamosc-2021-3-700x525.jpg\" alt=\"\" class=\"wp-image-2084\" srcset=\"https:\/\/rotary.zamosc.pl\/wp-content\/uploads\/2021\/08\/janow-lubelski-i-rc-zamosc-2021-3-700x525.jpg 700w, https:\/\/rotary.zamosc.pl\/wp-content\/uploads\/2021\/08\/janow-lubelski-i-rc-zamosc-2021-3-300x225.jpg 300w, https:\/\/rotary.zamosc.pl\/wp-content\/uploads\/2021\/08\/janow-lubelski-i-rc-zamosc-2021-3-768x576.jpg 768w, https:\/\/rotary.zamosc.pl\/wp-content\/uploads\/2021\/08\/janow-lubelski-i-rc-zamosc-2021-3-1536x1152.jpg 1536w, https:\/\/rotary.zamosc.pl\/wp-content\/uploads\/2021\/08\/janow-lubelski-i-rc-zamosc-2021-3-2048x1536.jpg 2048w, https:\/\/rotary.zamosc.pl\/wp-content\/uploads\/2021\/08\/janow-lubelski-i-rc-zamosc-2021-3-800x600.jpg 800w, https:\/\/rotary.zamosc.pl\/wp-content\/uploads\/2021\/08\/janow-lubelski-i-rc-zamosc-2021-3-80x60.jpg 80w\" sizes=\"(max-width: 700px) 100vw, 700px\" \/><\/figure>\n\n\n\n<figure class=\"wp-block-image size-large\"><img loading=\"lazy\" decoding=\"async\" width=\"700\" height=\"933\" data-id=\"2083\" src=\"https:\/\/rotary.zamosc.pl\/wp-content\/uploads\/2021\/08\/janow-lubelski-i-rc-zamosc-2021-2-700x933.jpg\" alt=\"\" class=\"wp-image-2083\" srcset=\"https:\/\/rotary.zamosc.pl\/wp-content\/uploads\/2021\/08\/janow-lubelski-i-rc-zamosc-2021-2-700x933.jpg 700w, https:\/\/rotary.zamosc.pl\/wp-content\/uploads\/2021\/08\/janow-lubelski-i-rc-zamosc-2021-2-225x300.jpg 225w, https:\/\/rotary.zamosc.pl\/wp-content\/uploads\/2021\/08\/janow-lubelski-i-rc-zamosc-2021-2-768x1024.jpg 768w, https:\/\/rotary.zamosc.pl\/wp-content\/uploads\/2021\/08\/janow-lubelski-i-rc-zamosc-2021-2-1152x1536.jpg 1152w, https:\/\/rotary.zamosc.pl\/wp-content\/uploads\/2021\/08\/janow-lubelski-i-rc-zamosc-2021-2-1536x2048.jpg 1536w, https:\/\/rotary.zamosc.pl\/wp-content\/uploads\/2021\/08\/janow-lubelski-i-rc-zamosc-2021-2-800x1067.jpg 800w, https:\/\/rotary.zamosc.pl\/wp-content\/uploads\/2021\/08\/janow-lubelski-i-rc-zamosc-2021-2-scaled.jpg 1920w\" sizes=\"(max-width: 700px) 100vw, 700px\" \/><\/figure>\n\n\n\n<figure class=\"wp-block-image size-large\"><img loading=\"lazy\" decoding=\"async\" width=\"700\" height=\"525\" data-id=\"2086\" src=\"https:\/\/rotary.zamosc.pl\/wp-content\/uploads\/2021\/08\/janow-lubelski-i-rc-zamosc-2021-4-700x525.jpg\" alt=\"\" class=\"wp-image-2086\" srcset=\"https:\/\/rotary.zamosc.pl\/wp-content\/uploads\/2021\/08\/janow-lubelski-i-rc-zamosc-2021-4-700x525.jpg 700w, https:\/\/rotary.zamosc.pl\/wp-content\/uploads\/2021\/08\/janow-lubelski-i-rc-zamosc-2021-4-300x225.jpg 300w, https:\/\/rotary.zamosc.pl\/wp-content\/uploads\/2021\/08\/janow-lubelski-i-rc-zamosc-2021-4-768x576.jpg 768w, https:\/\/rotary.zamosc.pl\/wp-content\/uploads\/2021\/08\/janow-lubelski-i-rc-zamosc-2021-4-1536x1152.jpg 1536w, https:\/\/rotary.zamosc.pl\/wp-content\/uploads\/2021\/08\/janow-lubelski-i-rc-zamosc-2021-4-2048x1536.jpg 2048w, https:\/\/rotary.zamosc.pl\/wp-content\/uploads\/2021\/08\/janow-lubelski-i-rc-zamosc-2021-4-800x600.jpg 800w, https:\/\/rotary.zamosc.pl\/wp-content\/uploads\/2021\/08\/janow-lubelski-i-rc-zamosc-2021-4-80x60.jpg 80w\" sizes=\"(max-width: 700px) 100vw, 700px\" \/><\/figure>\n\n\n\n<figure class=\"wp-block-image size-large\"><img loading=\"lazy\" decoding=\"async\" width=\"700\" height=\"525\" data-id=\"2082\" src=\"https:\/\/rotary.zamosc.pl\/wp-content\/uploads\/2021\/08\/janow-lubelski-i-rc-zamosc-2021-1-700x525.jpg\" alt=\"\" class=\"wp-image-2082\" srcset=\"https:\/\/rotary.zamosc.pl\/wp-content\/uploads\/2021\/08\/janow-lubelski-i-rc-zamosc-2021-1-700x525.jpg 700w, https:\/\/rotary.zamosc.pl\/wp-content\/uploads\/2021\/08\/janow-lubelski-i-rc-zamosc-2021-1-300x225.jpg 300w, https:\/\/rotary.zamosc.pl\/wp-content\/uploads\/2021\/08\/janow-lubelski-i-rc-zamosc-2021-1-768x576.jpg 768w, https:\/\/rotary.zamosc.pl\/wp-content\/uploads\/2021\/08\/janow-lubelski-i-rc-zamosc-2021-1-1536x1152.jpg 1536w, https:\/\/rotary.zamosc.pl\/wp-content\/uploads\/2021\/08\/janow-lubelski-i-rc-zamosc-2021-1-2048x1536.jpg 2048w, https:\/\/rotary.zamosc.pl\/wp-content\/uploads\/2021\/08\/janow-lubelski-i-rc-zamosc-2021-1-800x600.jpg 800w, https:\/\/rotary.zamosc.pl\/wp-content\/uploads\/2021\/08\/janow-lubelski-i-rc-zamosc-2021-1-80x60.jpg 80w\" sizes=\"(max-width: 700px) 100vw, 700px\" \/><\/figure>\n<\/figure>\n","protected":false},"excerpt":{"rendered":"<p>21 lipca 2021 roku, na zaproszenie Przyjaci\u00f3\u0142 z RC Jan\u00f3w Lubelski przedstawiciele naszego klubu wzi\u0119li udzia\u0142 w uroczysto\u015bciach przekazania insygni\u00f3w w\u0142adzy klubowej. Nowy Prezydent RC Zamo\u015b\u0107 \u2013 Zbyszek \u017bukowski z pierwsz\u0105 wizyt\u0105 uda\u0142 si\u0119 w towarzystwie kol. Ryszarda Antosa. Do Janowa Lub. zawsze wybieramy si\u0119 z wielk\u0105 przyjemno\u015bci\u0105, bo pewne s\u0105 tam dwie rzeczy: spotkanie&#8230;<\/p>\n","protected":false},"author":1,"featured_media":2089,"comment_status":"open","ping_status":"open","sticky":false,"template":"","format":"standard","meta":{"footnotes":""},"categories":[14],"tags":[],"class_list":["post-6643","post","type-post","status-publish","format-standard","has-post-thumbnail","hentry","category-14"],"rttpg_featured_image_url":{"full":["https:\/\/rotary.zamosc.pl\/wp-content\/uploads\/2021\/08\/janow-lubelski-i-rc-zamosc-2021-7-scaled.jpg",1920,2560,false],"landscape":["https:\/\/rotary.zamosc.pl\/wp-content\/uploads\/2021\/08\/janow-lubelski-i-rc-zamosc-2021-7-scaled.jpg",1920,2560,false],"portraits":["https:\/\/rotary.zamosc.pl\/wp-content\/uploads\/2021\/08\/janow-lubelski-i-rc-zamosc-2021-7-scaled.jpg",1920,2560,false],"thumbnail":["https:\/\/rotary.zamosc.pl\/wp-content\/uploads\/2021\/08\/janow-lubelski-i-rc-zamosc-2021-7-150x150.jpg",150,150,true],"medium":["https:\/\/rotary.zamosc.pl\/wp-content\/uploads\/2021\/08\/janow-lubelski-i-rc-zamosc-2021-7-225x300.jpg",225,300,true],"large":["https:\/\/rotary.zamosc.pl\/wp-content\/uploads\/2021\/08\/janow-lubelski-i-rc-zamosc-2021-7-700x933.jpg",700,933,true],"1536x1536":["https:\/\/rotary.zamosc.pl\/wp-content\/uploads\/2021\/08\/janow-lubelski-i-rc-zamosc-2021-7-1152x1536.jpg",1152,1536,true],"2048x2048":["https:\/\/rotary.zamosc.pl\/wp-content\/uploads\/2021\/08\/janow-lubelski-i-rc-zamosc-2021-7-1536x2048.jpg",1536,2048,true],"post-thumbnail":["https:\/\/rotary.zamosc.pl\/wp-content\/uploads\/2021\/08\/janow-lubelski-i-rc-zamosc-2021-7-800x1067.jpg",800,1067,true],"graphy-post-thumbnail-large":["https:\/\/rotary.zamosc.pl\/wp-content\/uploads\/2021\/08\/janow-lubelski-i-rc-zamosc-2021-7-1080x600.jpg",1080,600,true],"graphy-post-thumbnail-medium":["https:\/\/rotary.zamosc.pl\/wp-content\/uploads\/2021\/08\/janow-lubelski-i-rc-zamosc-2021-7-482x300.jpg",482,300,true],"graphy-post-thumbnail-small":["https:\/\/rotary.zamosc.pl\/wp-content\/uploads\/2021\/08\/janow-lubelski-i-rc-zamosc-2021-7-80x60.jpg",80,60,true],"graphy-page-thumbnail":["https:\/\/rotary.zamosc.pl\/wp-content\/uploads\/2021\/08\/janow-lubelski-i-rc-zamosc-2021-7-1260x350.jpg",1260,350,true],"sow-carousel-default":["https:\/\/rotary.zamosc.pl\/wp-content\/uploads\/2021\/08\/janow-lubelski-i-rc-zamosc-2021-7-272x182.jpg",272,182,true]},"rttpg_author":{"display_name":"rotaryzamosc","author_link":"https:\/\/rotary.zamosc.pl\/index.php\/author\/rotaryzamosc\/"},"rttpg_comment":0,"rttpg_category":"<a href=\"https:\/\/rotary.zamosc.pl\/index.php\/category\/2021\/\" rel=\"category tag\">2021<\/a>","rttpg_excerpt":"21 lipca 2021 roku, na zaproszenie Przyjaci\u00f3\u0142 z RC Jan\u00f3w Lubelski przedstawiciele naszego klubu wzi\u0119li udzia\u0142 w uroczysto\u015bciach przekazania insygni\u00f3w w\u0142adzy klubowej. Nowy Prezydent RC Zamo\u015b\u0107 \u2013 Zbyszek \u017bukowski z pierwsz\u0105 wizyt\u0105 uda\u0142 si\u0119 w towarzystwie kol. Ryszarda Antosa. Do Janowa Lub. zawsze wybieramy si\u0119 z wielk\u0105 przyjemno\u015bci\u0105, bo pewne s\u0105 tam dwie rzeczy: spotkanie...","_links":{"self":[{"href":"https:\/\/rotary.zamosc.pl\/index.php\/wp-json\/wp\/v2\/posts\/6643","targetHints":{"allow":["GET"]}}],"collection":[{"href":"https:\/\/rotary.zamosc.pl\/index.php\/wp-json\/wp\/v2\/posts"}],"about":[{"href":"https:\/\/rotary.zamosc.pl\/index.php\/wp-json\/wp\/v2\/types\/post"}],"author":[{"embeddable":true,"href":"https:\/\/rotary.zamosc.pl\/index.php\/wp-json\/wp\/v2\/users\/1"}],"replies":[{"embeddable":true,"href":"https:\/\/rotary.zamosc.pl\/index.php\/wp-json\/wp\/v2\/comments?post=6643"}],"version-history":[{"count":1,"href":"https:\/\/rotary.zamosc.pl\/index.php\/wp-json\/wp\/v2\/posts\/6643\/revisions"}],"predecessor-version":[{"id":6644,"href":"https:\/\/rotary.zamosc.pl\/index.php\/wp-json\/wp\/v2\/posts\/6643\/revisions\/6644"}],"wp:featuredmedia":[{"embeddable":true,"href":"https:\/\/rotary.zamosc.pl\/index.php\/wp-json\/wp\/v2\/media\/2089"}],"wp:attachment":[{"href":"https:\/\/rotary.zamosc.pl\/index.php\/wp-json\/wp\/v2\/media?parent=6643"}],"wp:term":[{"taxonomy":"category","embeddable":true,"href":"https:\/\/rotary.zamosc.pl\/index.php\/wp-json\/wp\/v2\/categories?post=6643"},{"taxonomy":"post_tag","embeddable":true,"href":"https:\/\/rotary.zamosc.pl\/index.php\/wp-json\/wp\/v2\/tags?post=6643"}],"curies":[{"name":"wp","href":"https:\/\/api.w.org\/{rel}","templated":true}]}}