{"id":6645,"date":"2021-07-09T10:12:00","date_gmt":"2021-07-09T08:12:00","guid":{"rendered":"https:\/\/rotary.zamosc.pl\/?p=6645"},"modified":"2026-03-18T10:13:08","modified_gmt":"2026-03-18T09:13:08","slug":"pomnik-w-rownem","status":"publish","type":"post","link":"https:\/\/rotary.zamosc.pl\/index.php\/2021\/07\/09\/pomnik-w-rownem\/","title":{"rendered":"POMNIK W R\u00d3WNEM"},"content":{"rendered":"\n<p class=\"wp-block-paragraph\">W dniu 9 lipca 2021 roku z Wo\u0142y\u0144skim Rajdem Motocyklowym byli\u015bmy w R\u00f3wnem na cmentarzu Dubienieckim, gdzie odwiedzili\u015bmy kwater\u0119 \u017co\u0142nierzy polskich, kt\u00f3rzy zgin\u0119li w obronie R\u00f3wnego w 1920 roku w walce z bolszewikami. Po raz pierwszy widzieli\u015bmy Pomnik ufundowany przez <strong>Rotary Club Zamo\u015b\u0107<\/strong> w setn\u0105 rocznic\u0119 tamtych wydarze\u0144.&nbsp;<\/p>\n\n\n\n<p class=\"wp-block-paragraph\">Na zdj\u0119ciu przed pomnikiem widoczne s\u0105 wypalone znicze, kt\u00f3re by\u0142y z\u0142o\u017cone 5 lipca 2021 roku w 101 rocznic\u0119 bitwy o R\u00f3wne. Uroczysto\u015bci po raz pierwszy odby\u0142y si\u0119 przy nowo powsta\u0142ym pomniku.&nbsp;<\/p>\n\n\n\n<figure class=\"wp-block-gallery has-nested-images columns-1 is-cropped wp-block-gallery-1 is-layout-flex wp-block-gallery-is-layout-flex\">\n<figure class=\"wp-block-image size-large\"><img fetchpriority=\"high\" decoding=\"async\" width=\"700\" height=\"525\" data-id=\"2035\" src=\"https:\/\/rotary.zamosc.pl\/wp-content\/uploads\/2021\/07\/pomnijk-w-rownem-3-700x525.jpg\" alt=\"\" class=\"wp-image-2035\" srcset=\"https:\/\/rotary.zamosc.pl\/wp-content\/uploads\/2021\/07\/pomnijk-w-rownem-3-700x525.jpg 700w, https:\/\/rotary.zamosc.pl\/wp-content\/uploads\/2021\/07\/pomnijk-w-rownem-3-300x225.jpg 300w, https:\/\/rotary.zamosc.pl\/wp-content\/uploads\/2021\/07\/pomnijk-w-rownem-3-768x576.jpg 768w, https:\/\/rotary.zamosc.pl\/wp-content\/uploads\/2021\/07\/pomnijk-w-rownem-3-1536x1152.jpg 1536w, https:\/\/rotary.zamosc.pl\/wp-content\/uploads\/2021\/07\/pomnijk-w-rownem-3-800x600.jpg 800w, https:\/\/rotary.zamosc.pl\/wp-content\/uploads\/2021\/07\/pomnijk-w-rownem-3-80x60.jpg 80w, https:\/\/rotary.zamosc.pl\/wp-content\/uploads\/2021\/07\/pomnijk-w-rownem-3.jpg 1600w\" sizes=\"(max-width: 700px) 100vw, 700px\" \/><\/figure>\n\n\n\n<figure class=\"wp-block-image size-large\"><img decoding=\"async\" width=\"700\" height=\"525\" data-id=\"2034\" src=\"https:\/\/rotary.zamosc.pl\/wp-content\/uploads\/2021\/07\/pomnijk-w-rownem-2-700x525.jpg\" alt=\"\" class=\"wp-image-2034\" srcset=\"https:\/\/rotary.zamosc.pl\/wp-content\/uploads\/2021\/07\/pomnijk-w-rownem-2-700x525.jpg 700w, https:\/\/rotary.zamosc.pl\/wp-content\/uploads\/2021\/07\/pomnijk-w-rownem-2-300x225.jpg 300w, https:\/\/rotary.zamosc.pl\/wp-content\/uploads\/2021\/07\/pomnijk-w-rownem-2-768x576.jpg 768w, https:\/\/rotary.zamosc.pl\/wp-content\/uploads\/2021\/07\/pomnijk-w-rownem-2-1536x1152.jpg 1536w, https:\/\/rotary.zamosc.pl\/wp-content\/uploads\/2021\/07\/pomnijk-w-rownem-2-800x600.jpg 800w, https:\/\/rotary.zamosc.pl\/wp-content\/uploads\/2021\/07\/pomnijk-w-rownem-2-80x60.jpg 80w, https:\/\/rotary.zamosc.pl\/wp-content\/uploads\/2021\/07\/pomnijk-w-rownem-2.jpg 1600w\" sizes=\"(max-width: 700px) 100vw, 700px\" \/><\/figure>\n<\/figure>\n","protected":false},"excerpt":{"rendered":"<p>W dniu 9 lipca 2021 roku z Wo\u0142y\u0144skim Rajdem Motocyklowym byli\u015bmy w R\u00f3wnem na cmentarzu Dubienieckim, gdzie odwiedzili\u015bmy kwater\u0119 \u017co\u0142nierzy polskich, kt\u00f3rzy zgin\u0119li w obronie R\u00f3wnego w 1920 roku w walce z bolszewikami. Po raz pierwszy widzieli\u015bmy Pomnik ufundowany przez Rotary Club Zamo\u015b\u0107 w setn\u0105 rocznic\u0119 tamtych wydarze\u0144.&nbsp; Na zdj\u0119ciu przed pomnikiem widoczne s\u0105 wypalone&#8230;<\/p>\n","protected":false},"author":1,"featured_media":2033,"comment_status":"open","ping_status":"open","sticky":false,"template":"","format":"standard","meta":{"footnotes":""},"categories":[14],"tags":[],"class_list":["post-6645","post","type-post","status-publish","format-standard","has-post-thumbnail","hentry","category-14"],"rttpg_featured_image_url":{"full":["https:\/\/rotary.zamosc.pl\/wp-content\/uploads\/2021\/07\/pomnijk-w-rownem-1.jpg",1600,1200,false],"landscape":["https:\/\/rotary.zamosc.pl\/wp-content\/uploads\/2021\/07\/pomnijk-w-rownem-1.jpg",1600,1200,false],"portraits":["https:\/\/rotary.zamosc.pl\/wp-content\/uploads\/2021\/07\/pomnijk-w-rownem-1.jpg",1600,1200,false],"thumbnail":["https:\/\/rotary.zamosc.pl\/wp-content\/uploads\/2021\/07\/pomnijk-w-rownem-1-150x150.jpg",150,150,true],"medium":["https:\/\/rotary.zamosc.pl\/wp-content\/uploads\/2021\/07\/pomnijk-w-rownem-1-300x225.jpg",300,225,true],"large":["https:\/\/rotary.zamosc.pl\/wp-content\/uploads\/2021\/07\/pomnijk-w-rownem-1-700x525.jpg",700,525,true],"1536x1536":["https:\/\/rotary.zamosc.pl\/wp-content\/uploads\/2021\/07\/pomnijk-w-rownem-1-1536x1152.jpg",1536,1152,true],"2048x2048":["https:\/\/rotary.zamosc.pl\/wp-content\/uploads\/2021\/07\/pomnijk-w-rownem-1.jpg",1600,1200,false],"post-thumbnail":["https:\/\/rotary.zamosc.pl\/wp-content\/uploads\/2021\/07\/pomnijk-w-rownem-1-800x600.jpg",800,600,true],"graphy-post-thumbnail-large":["https:\/\/rotary.zamosc.pl\/wp-content\/uploads\/2021\/07\/pomnijk-w-rownem-1-1080x600.jpg",1080,600,true],"graphy-post-thumbnail-medium":["https:\/\/rotary.zamosc.pl\/wp-content\/uploads\/2021\/07\/pomnijk-w-rownem-1-482x300.jpg",482,300,true],"graphy-post-thumbnail-small":["https:\/\/rotary.zamosc.pl\/wp-content\/uploads\/2021\/07\/pomnijk-w-rownem-1-80x60.jpg",80,60,true],"graphy-page-thumbnail":["https:\/\/rotary.zamosc.pl\/wp-content\/uploads\/2021\/07\/pomnijk-w-rownem-1-1260x350.jpg",1260,350,true],"sow-carousel-default":["https:\/\/rotary.zamosc.pl\/wp-content\/uploads\/2021\/07\/pomnijk-w-rownem-1-272x182.jpg",272,182,true]},"rttpg_author":{"display_name":"rotaryzamosc","author_link":"https:\/\/rotary.zamosc.pl\/index.php\/author\/rotaryzamosc\/"},"rttpg_comment":0,"rttpg_category":"<a href=\"https:\/\/rotary.zamosc.pl\/index.php\/category\/2021\/\" rel=\"category tag\">2021<\/a>","rttpg_excerpt":"W dniu 9 lipca 2021 roku z Wo\u0142y\u0144skim Rajdem Motocyklowym byli\u015bmy w R\u00f3wnem na cmentarzu Dubienieckim, gdzie odwiedzili\u015bmy kwater\u0119 \u017co\u0142nierzy polskich, kt\u00f3rzy zgin\u0119li w obronie R\u00f3wnego w 1920 roku w walce z bolszewikami. Po raz pierwszy widzieli\u015bmy Pomnik ufundowany przez Rotary Club Zamo\u015b\u0107 w setn\u0105 rocznic\u0119 tamtych wydarze\u0144.&nbsp; Na zdj\u0119ciu przed pomnikiem widoczne s\u0105 wypalone...","_links":{"self":[{"href":"https:\/\/rotary.zamosc.pl\/index.php\/wp-json\/wp\/v2\/posts\/6645","targetHints":{"allow":["GET"]}}],"collection":[{"href":"https:\/\/rotary.zamosc.pl\/index.php\/wp-json\/wp\/v2\/posts"}],"about":[{"href":"https:\/\/rotary.zamosc.pl\/index.php\/wp-json\/wp\/v2\/types\/post"}],"author":[{"embeddable":true,"href":"https:\/\/rotary.zamosc.pl\/index.php\/wp-json\/wp\/v2\/users\/1"}],"replies":[{"embeddable":true,"href":"https:\/\/rotary.zamosc.pl\/index.php\/wp-json\/wp\/v2\/comments?post=6645"}],"version-history":[{"count":1,"href":"https:\/\/rotary.zamosc.pl\/index.php\/wp-json\/wp\/v2\/posts\/6645\/revisions"}],"predecessor-version":[{"id":6646,"href":"https:\/\/rotary.zamosc.pl\/index.php\/wp-json\/wp\/v2\/posts\/6645\/revisions\/6646"}],"wp:featuredmedia":[{"embeddable":true,"href":"https:\/\/rotary.zamosc.pl\/index.php\/wp-json\/wp\/v2\/media\/2033"}],"wp:attachment":[{"href":"https:\/\/rotary.zamosc.pl\/index.php\/wp-json\/wp\/v2\/media?parent=6645"}],"wp:term":[{"taxonomy":"category","embeddable":true,"href":"https:\/\/rotary.zamosc.pl\/index.php\/wp-json\/wp\/v2\/categories?post=6645"},{"taxonomy":"post_tag","embeddable":true,"href":"https:\/\/rotary.zamosc.pl\/index.php\/wp-json\/wp\/v2\/tags?post=6645"}],"curies":[{"name":"wp","href":"https:\/\/api.w.org\/{rel}","templated":true}]}}