{"id":6651,"date":"2021-06-22T10:18:00","date_gmt":"2021-06-22T08:18:00","guid":{"rendered":"https:\/\/rotary.zamosc.pl\/?p=6651"},"modified":"2026-03-18T10:20:41","modified_gmt":"2026-03-18T09:20:41","slug":"22-czerwca-2021-uroczystosc-przekazania-sluzby","status":"publish","type":"post","link":"https:\/\/rotary.zamosc.pl\/index.php\/2021\/06\/22\/22-czerwca-2021-uroczystosc-przekazania-sluzby\/","title":{"rendered":"22 CZERWCA 2021 UROCZYSTO\u015a\u0106 PRZEKAZANIA S\u0141U\u017bBY"},"content":{"rendered":"\n<p class=\"wp-block-paragraph\">W dniu 22 czerwca 2021 roku, w ogrodach Hotelu Artis w Zamo\u015bciu, mia\u0142o miejsce uroczyste zako\u0144czenie kadencji Zarz\u0105du RC Zamo\u015b\u0107 w roku rotaria\u0144skim 2020\/2021 oraz przekazanie s\u0142u\u017cby. Ko\u0144cz\u0105cy swoj\u0105 kadencj\u0119 Prezydent Jurek Liberadzki przekaza\u0142 insygnia Elektowi Zbyszkowi \u017bukowskiemu. Zarz\u0105d w obecnej kadencji tworz\u0105:<\/p>\n\n\n\n<p class=\"wp-block-paragraph\">Zbyszek \u017bukowski &nbsp;&nbsp;&nbsp;&nbsp;&nbsp;&nbsp;&nbsp;&nbsp;&nbsp;&nbsp;&nbsp;&nbsp;&nbsp;&nbsp;&nbsp;&nbsp;&nbsp; \u2013 Prezydent<\/p>\n\n\n\n<p class=\"wp-block-paragraph\">Sylwester Borkowski&nbsp;&nbsp;&nbsp;&nbsp;&nbsp;&nbsp;&nbsp;&nbsp;&nbsp;&nbsp;&nbsp;&nbsp;&nbsp; \u2013 V-ce prezydent<\/p>\n\n\n\n<p class=\"wp-block-paragraph\">Arek&nbsp; Gajewski&nbsp;&nbsp;&nbsp;&nbsp;&nbsp;&nbsp;&nbsp;&nbsp;&nbsp;&nbsp;&nbsp;&nbsp;&nbsp;&nbsp;&nbsp;&nbsp;&nbsp;&nbsp;&nbsp;&nbsp;&nbsp;&nbsp;&nbsp; \u2013 Sekretarz<\/p>\n\n\n\n<p class=\"wp-block-paragraph\">Adam Budzy\u0144ski&nbsp;&nbsp;&nbsp;&nbsp;&nbsp;&nbsp;&nbsp;&nbsp;&nbsp;&nbsp;&nbsp;&nbsp;&nbsp;&nbsp;&nbsp;&nbsp;&nbsp;&nbsp;&nbsp;&nbsp; \u2013 Skarbnik<\/p>\n\n\n\n<p class=\"wp-block-paragraph\">\u017byczymy wielu sukces\u00f3w i satysfakcji ze zrealizowanych projekt\u00f3w.<\/p>\n\n\n\n<p class=\"wp-block-paragraph\">Zarz\u0105d RC Zamo\u015b\u0107 2020\/2021<\/p>\n\n\n\n<figure class=\"wp-block-gallery has-nested-images columns-1 is-cropped wp-block-gallery-1 is-layout-flex wp-block-gallery-is-layout-flex\">\n<figure class=\"wp-block-image size-large\"><img fetchpriority=\"high\" decoding=\"async\" width=\"700\" height=\"509\" data-id=\"1998\" src=\"https:\/\/rotary.zamosc.pl\/wp-content\/uploads\/2021\/07\/przekazanie-wladzy-2020-2021-9-700x509.jpg\" alt=\"\" class=\"wp-image-1998\" srcset=\"https:\/\/rotary.zamosc.pl\/wp-content\/uploads\/2021\/07\/przekazanie-wladzy-2020-2021-9-700x509.jpg 700w, https:\/\/rotary.zamosc.pl\/wp-content\/uploads\/2021\/07\/przekazanie-wladzy-2020-2021-9-300x218.jpg 300w, https:\/\/rotary.zamosc.pl\/wp-content\/uploads\/2021\/07\/przekazanie-wladzy-2020-2021-9-768x558.jpg 768w, https:\/\/rotary.zamosc.pl\/wp-content\/uploads\/2021\/07\/przekazanie-wladzy-2020-2021-9-1536x1117.jpg 1536w, https:\/\/rotary.zamosc.pl\/wp-content\/uploads\/2021\/07\/przekazanie-wladzy-2020-2021-9-800x582.jpg 800w, https:\/\/rotary.zamosc.pl\/wp-content\/uploads\/2021\/07\/przekazanie-wladzy-2020-2021-9.jpg 1620w\" sizes=\"(max-width: 700px) 100vw, 700px\" \/><\/figure>\n\n\n\n<figure class=\"wp-block-image size-large\"><img decoding=\"async\" width=\"700\" height=\"466\" data-id=\"1997\" src=\"https:\/\/rotary.zamosc.pl\/wp-content\/uploads\/2021\/07\/przekazanie-wladzy-2020-2021-8-700x466.jpg\" alt=\"\" class=\"wp-image-1997\" srcset=\"https:\/\/rotary.zamosc.pl\/wp-content\/uploads\/2021\/07\/przekazanie-wladzy-2020-2021-8-700x466.jpg 700w, https:\/\/rotary.zamosc.pl\/wp-content\/uploads\/2021\/07\/przekazanie-wladzy-2020-2021-8-300x200.jpg 300w, https:\/\/rotary.zamosc.pl\/wp-content\/uploads\/2021\/07\/przekazanie-wladzy-2020-2021-8-768x512.jpg 768w, https:\/\/rotary.zamosc.pl\/wp-content\/uploads\/2021\/07\/przekazanie-wladzy-2020-2021-8-1536x1024.jpg 1536w, https:\/\/rotary.zamosc.pl\/wp-content\/uploads\/2021\/07\/przekazanie-wladzy-2020-2021-8-2048x1365.jpg 2048w, https:\/\/rotary.zamosc.pl\/wp-content\/uploads\/2021\/07\/przekazanie-wladzy-2020-2021-8-800x533.jpg 800w, https:\/\/rotary.zamosc.pl\/wp-content\/uploads\/2021\/07\/przekazanie-wladzy-2020-2021-8-272x182.jpg 272w\" sizes=\"(max-width: 700px) 100vw, 700px\" \/><\/figure>\n\n\n\n<figure class=\"wp-block-image size-large\"><img decoding=\"async\" width=\"700\" height=\"466\" data-id=\"1996\" src=\"https:\/\/rotary.zamosc.pl\/wp-content\/uploads\/2021\/07\/przekazanie-wladzy-2020-2021-7-700x466.jpg\" alt=\"\" class=\"wp-image-1996\" srcset=\"https:\/\/rotary.zamosc.pl\/wp-content\/uploads\/2021\/07\/przekazanie-wladzy-2020-2021-7-700x466.jpg 700w, https:\/\/rotary.zamosc.pl\/wp-content\/uploads\/2021\/07\/przekazanie-wladzy-2020-2021-7-300x200.jpg 300w, https:\/\/rotary.zamosc.pl\/wp-content\/uploads\/2021\/07\/przekazanie-wladzy-2020-2021-7-768x512.jpg 768w, https:\/\/rotary.zamosc.pl\/wp-content\/uploads\/2021\/07\/przekazanie-wladzy-2020-2021-7-1536x1024.jpg 1536w, https:\/\/rotary.zamosc.pl\/wp-content\/uploads\/2021\/07\/przekazanie-wladzy-2020-2021-7-2048x1365.jpg 2048w, https:\/\/rotary.zamosc.pl\/wp-content\/uploads\/2021\/07\/przekazanie-wladzy-2020-2021-7-800x533.jpg 800w, https:\/\/rotary.zamosc.pl\/wp-content\/uploads\/2021\/07\/przekazanie-wladzy-2020-2021-7-272x182.jpg 272w\" sizes=\"(max-width: 700px) 100vw, 700px\" \/><\/figure>\n\n\n\n<figure class=\"wp-block-image size-large\"><img loading=\"lazy\" decoding=\"async\" width=\"700\" height=\"1020\" data-id=\"1994\" src=\"https:\/\/rotary.zamosc.pl\/wp-content\/uploads\/2021\/07\/przekazanie-wladzy-2020-2021-5-700x1020.jpg\" alt=\"\" class=\"wp-image-1994\" srcset=\"https:\/\/rotary.zamosc.pl\/wp-content\/uploads\/2021\/07\/przekazanie-wladzy-2020-2021-5-700x1020.jpg 700w, https:\/\/rotary.zamosc.pl\/wp-content\/uploads\/2021\/07\/przekazanie-wladzy-2020-2021-5-206x300.jpg 206w, https:\/\/rotary.zamosc.pl\/wp-content\/uploads\/2021\/07\/przekazanie-wladzy-2020-2021-5-768x1119.jpg 768w, https:\/\/rotary.zamosc.pl\/wp-content\/uploads\/2021\/07\/przekazanie-wladzy-2020-2021-5-800x1166.jpg 800w, https:\/\/rotary.zamosc.pl\/wp-content\/uploads\/2021\/07\/przekazanie-wladzy-2020-2021-5.jpg 940w\" sizes=\"(max-width: 700px) 100vw, 700px\" \/><\/figure>\n\n\n\n<figure class=\"wp-block-image size-large\"><img loading=\"lazy\" decoding=\"async\" width=\"700\" height=\"466\" data-id=\"1993\" src=\"https:\/\/rotary.zamosc.pl\/wp-content\/uploads\/2021\/07\/przekazanie-wladzy-2020-2021-4-700x466.jpg\" alt=\"\" class=\"wp-image-1993\" srcset=\"https:\/\/rotary.zamosc.pl\/wp-content\/uploads\/2021\/07\/przekazanie-wladzy-2020-2021-4-700x466.jpg 700w, https:\/\/rotary.zamosc.pl\/wp-content\/uploads\/2021\/07\/przekazanie-wladzy-2020-2021-4-300x200.jpg 300w, https:\/\/rotary.zamosc.pl\/wp-content\/uploads\/2021\/07\/przekazanie-wladzy-2020-2021-4-768x512.jpg 768w, https:\/\/rotary.zamosc.pl\/wp-content\/uploads\/2021\/07\/przekazanie-wladzy-2020-2021-4-1536x1024.jpg 1536w, https:\/\/rotary.zamosc.pl\/wp-content\/uploads\/2021\/07\/przekazanie-wladzy-2020-2021-4-2048x1365.jpg 2048w, https:\/\/rotary.zamosc.pl\/wp-content\/uploads\/2021\/07\/przekazanie-wladzy-2020-2021-4-800x533.jpg 800w, https:\/\/rotary.zamosc.pl\/wp-content\/uploads\/2021\/07\/przekazanie-wladzy-2020-2021-4-272x182.jpg 272w\" sizes=\"(max-width: 700px) 100vw, 700px\" \/><\/figure>\n\n\n\n<figure class=\"wp-block-image size-large\"><img loading=\"lazy\" decoding=\"async\" width=\"700\" height=\"466\" data-id=\"1992\" src=\"https:\/\/rotary.zamosc.pl\/wp-content\/uploads\/2021\/07\/przekazanie-wladzy-2020-2021-3-700x466.jpg\" alt=\"\" class=\"wp-image-1992\" srcset=\"https:\/\/rotary.zamosc.pl\/wp-content\/uploads\/2021\/07\/przekazanie-wladzy-2020-2021-3-700x466.jpg 700w, https:\/\/rotary.zamosc.pl\/wp-content\/uploads\/2021\/07\/przekazanie-wladzy-2020-2021-3-300x200.jpg 300w, https:\/\/rotary.zamosc.pl\/wp-content\/uploads\/2021\/07\/przekazanie-wladzy-2020-2021-3-768x512.jpg 768w, https:\/\/rotary.zamosc.pl\/wp-content\/uploads\/2021\/07\/przekazanie-wladzy-2020-2021-3-1536x1024.jpg 1536w, https:\/\/rotary.zamosc.pl\/wp-content\/uploads\/2021\/07\/przekazanie-wladzy-2020-2021-3-2048x1365.jpg 2048w, https:\/\/rotary.zamosc.pl\/wp-content\/uploads\/2021\/07\/przekazanie-wladzy-2020-2021-3-800x533.jpg 800w, https:\/\/rotary.zamosc.pl\/wp-content\/uploads\/2021\/07\/przekazanie-wladzy-2020-2021-3-272x182.jpg 272w\" sizes=\"(max-width: 700px) 100vw, 700px\" \/><\/figure>\n\n\n\n<figure class=\"wp-block-image size-large\"><img loading=\"lazy\" decoding=\"async\" width=\"700\" height=\"466\" data-id=\"1991\" src=\"https:\/\/rotary.zamosc.pl\/wp-content\/uploads\/2021\/07\/przekazanie-wladzy-2020-2021-2-700x466.jpg\" alt=\"\" class=\"wp-image-1991\" srcset=\"https:\/\/rotary.zamosc.pl\/wp-content\/uploads\/2021\/07\/przekazanie-wladzy-2020-2021-2-700x466.jpg 700w, https:\/\/rotary.zamosc.pl\/wp-content\/uploads\/2021\/07\/przekazanie-wladzy-2020-2021-2-300x200.jpg 300w, https:\/\/rotary.zamosc.pl\/wp-content\/uploads\/2021\/07\/przekazanie-wladzy-2020-2021-2-768x512.jpg 768w, https:\/\/rotary.zamosc.pl\/wp-content\/uploads\/2021\/07\/przekazanie-wladzy-2020-2021-2-1536x1024.jpg 1536w, https:\/\/rotary.zamosc.pl\/wp-content\/uploads\/2021\/07\/przekazanie-wladzy-2020-2021-2-2048x1365.jpg 2048w, https:\/\/rotary.zamosc.pl\/wp-content\/uploads\/2021\/07\/przekazanie-wladzy-2020-2021-2-800x533.jpg 800w, https:\/\/rotary.zamosc.pl\/wp-content\/uploads\/2021\/07\/przekazanie-wladzy-2020-2021-2-272x182.jpg 272w\" sizes=\"(max-width: 700px) 100vw, 700px\" \/><\/figure>\n\n\n\n<figure class=\"wp-block-image size-large\"><img loading=\"lazy\" decoding=\"async\" width=\"700\" height=\"466\" data-id=\"1990\" src=\"https:\/\/rotary.zamosc.pl\/wp-content\/uploads\/2021\/07\/przekazanie-wladzy-2020-2021-1-700x466.jpg\" alt=\"\" class=\"wp-image-1990\" srcset=\"https:\/\/rotary.zamosc.pl\/wp-content\/uploads\/2021\/07\/przekazanie-wladzy-2020-2021-1-700x466.jpg 700w, https:\/\/rotary.zamosc.pl\/wp-content\/uploads\/2021\/07\/przekazanie-wladzy-2020-2021-1-300x200.jpg 300w, https:\/\/rotary.zamosc.pl\/wp-content\/uploads\/2021\/07\/przekazanie-wladzy-2020-2021-1-768x512.jpg 768w, https:\/\/rotary.zamosc.pl\/wp-content\/uploads\/2021\/07\/przekazanie-wladzy-2020-2021-1-1536x1024.jpg 1536w, https:\/\/rotary.zamosc.pl\/wp-content\/uploads\/2021\/07\/przekazanie-wladzy-2020-2021-1-2048x1365.jpg 2048w, https:\/\/rotary.zamosc.pl\/wp-content\/uploads\/2021\/07\/przekazanie-wladzy-2020-2021-1-800x533.jpg 800w, https:\/\/rotary.zamosc.pl\/wp-content\/uploads\/2021\/07\/przekazanie-wladzy-2020-2021-1-272x182.jpg 272w\" sizes=\"(max-width: 700px) 100vw, 700px\" \/><\/figure>\n<\/figure>\n","protected":false},"excerpt":{"rendered":"<p>W dniu 22 czerwca 2021 roku, w ogrodach Hotelu Artis w Zamo\u015bciu, mia\u0142o miejsce uroczyste zako\u0144czenie kadencji Zarz\u0105du RC Zamo\u015b\u0107 w roku rotaria\u0144skim 2020\/2021 oraz przekazanie s\u0142u\u017cby. Ko\u0144cz\u0105cy swoj\u0105 kadencj\u0119 Prezydent Jurek Liberadzki przekaza\u0142 insygnia Elektowi Zbyszkowi \u017bukowskiemu. Zarz\u0105d w obecnej kadencji tworz\u0105: Zbyszek \u017bukowski &nbsp;&nbsp;&nbsp;&nbsp;&nbsp;&nbsp;&nbsp;&nbsp;&nbsp;&nbsp;&nbsp;&nbsp;&nbsp;&nbsp;&nbsp;&nbsp;&nbsp; \u2013 Prezydent Sylwester Borkowski&nbsp;&nbsp;&nbsp;&nbsp;&nbsp;&nbsp;&nbsp;&nbsp;&nbsp;&nbsp;&nbsp;&nbsp;&nbsp; \u2013 V-ce prezydent Arek&nbsp; Gajewski&nbsp;&nbsp;&nbsp;&nbsp;&nbsp;&nbsp;&nbsp;&nbsp;&nbsp;&nbsp;&nbsp;&nbsp;&nbsp;&nbsp;&nbsp;&nbsp;&nbsp;&nbsp;&nbsp;&nbsp;&nbsp;&nbsp;&nbsp;&#8230;<\/p>\n","protected":false},"author":1,"featured_media":1995,"comment_status":"open","ping_status":"open","sticky":false,"template":"","format":"standard","meta":{"footnotes":""},"categories":[14,21],"tags":[],"class_list":["post-6651","post","type-post","status-publish","format-standard","has-post-thumbnail","hentry","category-14","category-przekazania-wladzy"],"rttpg_featured_image_url":{"full":["https:\/\/rotary.zamosc.pl\/wp-content\/uploads\/2021\/07\/przekazanie-wladzy-2020-2021-6.jpg",1235,1378,false],"landscape":["https:\/\/rotary.zamosc.pl\/wp-content\/uploads\/2021\/07\/przekazanie-wladzy-2020-2021-6.jpg",1235,1378,false],"portraits":["https:\/\/rotary.zamosc.pl\/wp-content\/uploads\/2021\/07\/przekazanie-wladzy-2020-2021-6.jpg",1235,1378,false],"thumbnail":["https:\/\/rotary.zamosc.pl\/wp-content\/uploads\/2021\/07\/przekazanie-wladzy-2020-2021-6-150x150.jpg",150,150,true],"medium":["https:\/\/rotary.zamosc.pl\/wp-content\/uploads\/2021\/07\/przekazanie-wladzy-2020-2021-6-269x300.jpg",269,300,true],"large":["https:\/\/rotary.zamosc.pl\/wp-content\/uploads\/2021\/07\/przekazanie-wladzy-2020-2021-6-700x781.jpg",700,781,true],"1536x1536":["https:\/\/rotary.zamosc.pl\/wp-content\/uploads\/2021\/07\/przekazanie-wladzy-2020-2021-6.jpg",1235,1378,false],"2048x2048":["https:\/\/rotary.zamosc.pl\/wp-content\/uploads\/2021\/07\/przekazanie-wladzy-2020-2021-6.jpg",1235,1378,false],"post-thumbnail":["https:\/\/rotary.zamosc.pl\/wp-content\/uploads\/2021\/07\/przekazanie-wladzy-2020-2021-6-800x893.jpg",800,893,true],"graphy-post-thumbnail-large":["https:\/\/rotary.zamosc.pl\/wp-content\/uploads\/2021\/07\/przekazanie-wladzy-2020-2021-6-1080x600.jpg",1080,600,true],"graphy-post-thumbnail-medium":["https:\/\/rotary.zamosc.pl\/wp-content\/uploads\/2021\/07\/przekazanie-wladzy-2020-2021-6-482x300.jpg",482,300,true],"graphy-post-thumbnail-small":["https:\/\/rotary.zamosc.pl\/wp-content\/uploads\/2021\/07\/przekazanie-wladzy-2020-2021-6-80x60.jpg",80,60,true],"graphy-page-thumbnail":["https:\/\/rotary.zamosc.pl\/wp-content\/uploads\/2021\/07\/przekazanie-wladzy-2020-2021-6-1235x350.jpg",1235,350,true],"sow-carousel-default":["https:\/\/rotary.zamosc.pl\/wp-content\/uploads\/2021\/07\/przekazanie-wladzy-2020-2021-6-272x182.jpg",272,182,true]},"rttpg_author":{"display_name":"rotaryzamosc","author_link":"https:\/\/rotary.zamosc.pl\/index.php\/author\/rotaryzamosc\/"},"rttpg_comment":0,"rttpg_category":"<a href=\"https:\/\/rotary.zamosc.pl\/index.php\/category\/2021\/\" rel=\"category tag\">2021<\/a> <a href=\"https:\/\/rotary.zamosc.pl\/index.php\/category\/przekazania-wladzy\/\" rel=\"category tag\">Przekazania w\u0142adzy<\/a>","rttpg_excerpt":"W dniu 22 czerwca 2021 roku, w ogrodach Hotelu Artis w Zamo\u015bciu, mia\u0142o miejsce uroczyste zako\u0144czenie kadencji Zarz\u0105du RC Zamo\u015b\u0107 w roku rotaria\u0144skim 2020\/2021 oraz przekazanie s\u0142u\u017cby. Ko\u0144cz\u0105cy swoj\u0105 kadencj\u0119 Prezydent Jurek Liberadzki przekaza\u0142 insygnia Elektowi Zbyszkowi \u017bukowskiemu. Zarz\u0105d w obecnej kadencji tworz\u0105: Zbyszek \u017bukowski &nbsp;&nbsp;&nbsp;&nbsp;&nbsp;&nbsp;&nbsp;&nbsp;&nbsp;&nbsp;&nbsp;&nbsp;&nbsp;&nbsp;&nbsp;&nbsp;&nbsp; \u2013 Prezydent Sylwester Borkowski&nbsp;&nbsp;&nbsp;&nbsp;&nbsp;&nbsp;&nbsp;&nbsp;&nbsp;&nbsp;&nbsp;&nbsp;&nbsp; \u2013 V-ce prezydent Arek&nbsp; Gajewski&nbsp;&nbsp;&nbsp;&nbsp;&nbsp;&nbsp;&nbsp;&nbsp;&nbsp;&nbsp;&nbsp;&nbsp;&nbsp;&nbsp;&nbsp;&nbsp;&nbsp;&nbsp;&nbsp;&nbsp;&nbsp;&nbsp;&nbsp;...","_links":{"self":[{"href":"https:\/\/rotary.zamosc.pl\/index.php\/wp-json\/wp\/v2\/posts\/6651","targetHints":{"allow":["GET"]}}],"collection":[{"href":"https:\/\/rotary.zamosc.pl\/index.php\/wp-json\/wp\/v2\/posts"}],"about":[{"href":"https:\/\/rotary.zamosc.pl\/index.php\/wp-json\/wp\/v2\/types\/post"}],"author":[{"embeddable":true,"href":"https:\/\/rotary.zamosc.pl\/index.php\/wp-json\/wp\/v2\/users\/1"}],"replies":[{"embeddable":true,"href":"https:\/\/rotary.zamosc.pl\/index.php\/wp-json\/wp\/v2\/comments?post=6651"}],"version-history":[{"count":1,"href":"https:\/\/rotary.zamosc.pl\/index.php\/wp-json\/wp\/v2\/posts\/6651\/revisions"}],"predecessor-version":[{"id":6652,"href":"https:\/\/rotary.zamosc.pl\/index.php\/wp-json\/wp\/v2\/posts\/6651\/revisions\/6652"}],"wp:featuredmedia":[{"embeddable":true,"href":"https:\/\/rotary.zamosc.pl\/index.php\/wp-json\/wp\/v2\/media\/1995"}],"wp:attachment":[{"href":"https:\/\/rotary.zamosc.pl\/index.php\/wp-json\/wp\/v2\/media?parent=6651"}],"wp:term":[{"taxonomy":"category","embeddable":true,"href":"https:\/\/rotary.zamosc.pl\/index.php\/wp-json\/wp\/v2\/categories?post=6651"},{"taxonomy":"post_tag","embeddable":true,"href":"https:\/\/rotary.zamosc.pl\/index.php\/wp-json\/wp\/v2\/tags?post=6651"}],"curies":[{"name":"wp","href":"https:\/\/api.w.org\/{rel}","templated":true}]}}