{"id":6653,"date":"2021-07-18T10:21:00","date_gmt":"2021-07-18T08:21:00","guid":{"rendered":"https:\/\/rotary.zamosc.pl\/?p=6653"},"modified":"2026-03-18T10:24:01","modified_gmt":"2026-03-18T09:24:01","slug":"nasi-stypendysci-nasza-duma","status":"publish","type":"post","link":"https:\/\/rotary.zamosc.pl\/index.php\/2021\/07\/18\/nasi-stypendysci-nasza-duma\/","title":{"rendered":"Nasi Stypendy\u015bci \u2013 Nasza Duma"},"content":{"rendered":"\n<p class=\"wp-block-paragraph\">Serce ro\u015bnie kiedy nasza uzdolniona m\u0142odzie\u017c rozwija swoje talenty. Doskona\u0142ym tego przyk\u0142adem jest Piotr Tymura, wspania\u0142y m\u0142ody pianista, stypendysta RC Zamo\u015b\u0107. Otrzymali\u015bmy ostatnio od mamy Piotra, wiadomo\u015b\u0107 kt\u00f3r\u0105 poni\u017cej zamieszczamy wraz ze zdj\u0119ciami.<\/p>\n\n\n\n<p class=\"wp-block-paragraph\">\u017byczymy kolejnych sukces\u00f3w i dalszego rozwoju talentu.<\/p>\n\n\n\n<p class=\"wp-block-paragraph\">Jerzy Liberadzki \u2013 Prezydent RC Zamo\u015b\u0107<\/p>\n\n\n\n<p class=\"wp-block-paragraph\"><strong>\u201e <em>Dzie\u0144 dobry. Nazywam si\u0119 Beata Tymura i jestem mam\u0105 Piotra , ma\u0142ego pianisty z Pa\u0144stwowej Szko\u0142y Muzycznej w Zamo\u015bciu. Razem z synem chcieli\u015bmy podzieli\u0107 si\u0119 nasz\u0105 rado\u015bci\u0105 i poinformowa\u0107, \u017ce dzi\u0119ki Pa\u0144stwa pomocy Piotrek&nbsp; po raz pierwszy m\u00f3g\u0142 wzi\u0105\u0107 udzia\u0142 w XVI Mi\u0119dzynarodowym Forum Pianistycznym \u201d Bieszczady bez granic\u201d. W tym roku warsztaty odbywa\u0142y si\u0119 w Warszawie, w dniach 03-09 maja.<\/em><\/strong><\/p>\n\n\n\n<p class=\"wp-block-paragraph\"><strong><em>Piotrek mia\u0142 lekcje mistrzowskie z profesorami polskimi i zagranicznymi. Uczestniczy\u0142 w licznych koncertach w wykonaniu mistrz\u00f3w i uczestnik\u00f3w Forum, w tym kandydat\u00f3w do Mi\u0119dzynarodowego Konkursu Chopinowskiego. Na zaj\u0119ciach tanecznych pozna\u0142 ta\u0144ce dworskie z XVII i XVIII wieku, a na zaj\u0119ciach z prof. Wile\u0144skim- podstawy improwizacji fortepianowej. W ramach Forum syn wzi\u0105\u0142 udzia\u0142 w konkursie \u201eM\u0142ody Wirtuoz\u201d i zosta\u0142 szcz\u0119\u015bliwym zdobywc\u0105 Grand Prix tego konkursu.<\/em><\/strong><\/p>\n\n\n\n<p class=\"wp-block-paragraph\"><strong><em>Udzia\u0142 w Forum Pianistycznym dostarczy\u0142 synowi wiele wra\u017ce\u0144 i pog\u0142\u0119bi\u0142 jego wiedz\u0119 muzyczn\u0105. Bardzo dzi\u0119kujemy za wsparcie.<\/em><\/strong><\/p>\n\n\n\n<p class=\"wp-block-paragraph\"><strong><em>Przesy\u0142am zdj\u0119cia Piotrka podczas lekcji z prof. Philippe Giusiano, laureatem II nagrody na XIII Mi\u0119dzynarodowym Konkursie Chopinowskim w 1995 roku. Na jednym ze zdj\u0119\u0107 Piotrek odbiera nagrod\u0119 za Grand Prix.<\/em><\/strong><\/p>\n\n\n\n<p class=\"wp-block-paragraph\"><strong><em>Jeszcze raz serdecznie dzi\u0119kujemy i pozdrawiamy- Piotr Tymura z mam\u0105<\/em><\/strong><strong>.\u201d<\/strong><\/p>\n\n\n\n<p class=\"wp-block-paragraph\"><em><u>Piotr Tymura- osi\u0105gni\u0119cia w roku szkolnym 2020\/2021<\/u><\/em><\/p>\n\n\n\n<p class=\"wp-block-paragraph\">listopad 2020&nbsp; \u2013 I miejsce w XII Og\u00f3lnopolskim Konkursie Dziesi\u0119ciolatk\u00f3w w Opolu-online<\/p>\n\n\n\n<p class=\"wp-block-paragraph\">grudzie\u0144 2020 \u2013 I miejsce w grupie I w X Chopinowskim Turnieju Pianistycznym im. Haliny&nbsp; i Ludwika Stefa\u0144skich w Krakowie- online<\/p>\n\n\n\n<p class=\"wp-block-paragraph\">&nbsp;&nbsp;&nbsp;&nbsp;&nbsp;&nbsp;&nbsp;&nbsp;&nbsp;&nbsp;&nbsp;&nbsp;&nbsp;&nbsp;&nbsp;&nbsp;&nbsp;&nbsp;&nbsp;&nbsp;&nbsp;&nbsp;&nbsp;&nbsp; \u2013 Laureat XXVIII Mi\u0119dzynarodowego Festiwalu Chopinowskiego na<\/p>\n\n\n\n<p class=\"wp-block-paragraph\">&nbsp;&nbsp;&nbsp;&nbsp;&nbsp;&nbsp;&nbsp;&nbsp;&nbsp;&nbsp;&nbsp;&nbsp;&nbsp;&nbsp;&nbsp;&nbsp;&nbsp;&nbsp;&nbsp;&nbsp;&nbsp;&nbsp;&nbsp;&nbsp;&nbsp; Mazowszu w Sochaczewie<\/p>\n\n\n\n<p class=\"wp-block-paragraph\">&nbsp;&nbsp;&nbsp;&nbsp;&nbsp;&nbsp;&nbsp;&nbsp;&nbsp;&nbsp;&nbsp;&nbsp;&nbsp;&nbsp;&nbsp;&nbsp;&nbsp;&nbsp;&nbsp;&nbsp;&nbsp;&nbsp;&nbsp; \u2013 I Miejsce w grupie II w VI Mi\u0119dzynarodowym Konkursie Pianistycznym w<\/p>\n\n\n\n<p class=\"wp-block-paragraph\">&nbsp;&nbsp;&nbsp;&nbsp;&nbsp;&nbsp;&nbsp;&nbsp;&nbsp;&nbsp;&nbsp;&nbsp;&nbsp;&nbsp;&nbsp;&nbsp;&nbsp;&nbsp;&nbsp;&nbsp;&nbsp;&nbsp;&nbsp;&nbsp;&nbsp; Trzcianie \u2013 online.<\/p>\n\n\n\n<p class=\"wp-block-paragraph\">stycze\u0144 2021 \u2013&nbsp;&nbsp; I miejsce w grupie II w XIV Og\u00f3lnopolskim Konkursie Pianistycznym im.<\/p>\n\n\n\n<ol class=\"wp-block-list\">\n<li>Paderewskiego w Tuchowie \u2013 online.<\/li>\n<\/ol>\n\n\n\n<p class=\"wp-block-paragraph\">kwiecie\u0144&nbsp; 2021 \u2013 XII Mi\u0119dzynarodowy Konkurs Pianistyczny \u201e M\u0142ody Wirtuoz \u2013 online\u201d \u2013<\/p>\n\n\n\n<p class=\"wp-block-paragraph\">&nbsp;&nbsp;&nbsp;&nbsp;&nbsp;&nbsp;&nbsp;&nbsp;&nbsp;&nbsp;&nbsp;&nbsp;&nbsp;&nbsp;&nbsp;&nbsp;&nbsp;&nbsp;&nbsp;&nbsp;&nbsp;&nbsp;&nbsp;&nbsp; Grand Prix.<\/p>\n\n\n\n<p class=\"wp-block-paragraph\">maj 2021&nbsp;&nbsp;&nbsp; \u2013&nbsp; wyr\u00f3\u017cnienie drugiego stopnia w grupie II w 28 Mi\u0119dzynarodowym Konkursie<\/p>\n\n\n\n<p class=\"wp-block-paragraph\">&nbsp;&nbsp;&nbsp;&nbsp;&nbsp;&nbsp;&nbsp;&nbsp;&nbsp;&nbsp;&nbsp;&nbsp;&nbsp;&nbsp;&nbsp;&nbsp;&nbsp;&nbsp;&nbsp;&nbsp;&nbsp; Pianistycznym dla Dzieci i M\u0142odzie\u017cy w Szafarni<\/p>\n\n\n\n<p class=\"wp-block-paragraph\">&nbsp;&nbsp;&nbsp;&nbsp;&nbsp;&nbsp;&nbsp;&nbsp;&nbsp;&nbsp;&nbsp;&nbsp;&nbsp;&nbsp;&nbsp;&nbsp;&nbsp;&nbsp;&nbsp; \u2013 II miejsce w grupie II w IX Mi\u0119dzynarodowym Konkursie im. Janiny Gar\u015bci<\/p>\n\n\n\n<p class=\"wp-block-paragraph\">&nbsp;&nbsp;&nbsp;&nbsp;&nbsp;&nbsp;&nbsp;&nbsp;&nbsp;&nbsp;&nbsp;&nbsp;&nbsp;&nbsp;&nbsp;&nbsp;&nbsp;&nbsp;&nbsp;&nbsp;&nbsp; w Stalowej Woli.<\/p>\n\n\n\n<p class=\"wp-block-paragraph\">&nbsp;&nbsp;&nbsp;&nbsp;&nbsp;&nbsp;&nbsp;&nbsp;&nbsp;&nbsp;&nbsp;&nbsp;&nbsp;&nbsp;&nbsp;&nbsp;&nbsp;&nbsp; \u2013 III miejsce w I Warmi\u0144skim Konkursie Chopinowskim dla Dzieci i M\u0142odzie\u017cy<\/p>\n\n\n\n<p class=\"wp-block-paragraph\">&nbsp;&nbsp;&nbsp;&nbsp;&nbsp;&nbsp;&nbsp;&nbsp;&nbsp;&nbsp;&nbsp;&nbsp;&nbsp;&nbsp;&nbsp;&nbsp; &nbsp;&nbsp;&nbsp;&nbsp;w Lidzbarku Warmi\u0144skim.<\/p>\n\n\n\n<p class=\"wp-block-paragraph\">&nbsp;&nbsp;&nbsp;&nbsp;&nbsp;&nbsp;&nbsp;&nbsp;&nbsp;&nbsp;&nbsp;&nbsp;&nbsp;&nbsp;&nbsp;&nbsp;&nbsp; \u2013 International Viennese Spring Music Competition, section I category B \u2013<\/p>\n\n\n\n<p class=\"wp-block-paragraph\">&nbsp;&nbsp;&nbsp;&nbsp;&nbsp;&nbsp;&nbsp;&nbsp;&nbsp;&nbsp;&nbsp;&nbsp;&nbsp;&nbsp;&nbsp;&nbsp;&nbsp;&nbsp;&nbsp; Grand Prix.<\/p>\n\n\n\n<figure class=\"wp-block-gallery has-nested-images columns-1 is-cropped wp-block-gallery-1 is-layout-flex wp-block-gallery-is-layout-flex\">\n<figure class=\"wp-block-image size-large\"><img fetchpriority=\"high\" decoding=\"async\" width=\"700\" height=\"467\" data-id=\"1974\" src=\"https:\/\/rotary.zamosc.pl\/wp-content\/uploads\/2021\/06\/2B5A1924-700x467.jpg\" alt=\"\" class=\"wp-image-1974\" srcset=\"https:\/\/rotary.zamosc.pl\/wp-content\/uploads\/2021\/06\/2B5A1924-700x467.jpg 700w, https:\/\/rotary.zamosc.pl\/wp-content\/uploads\/2021\/06\/2B5A1924-300x200.jpg 300w, https:\/\/rotary.zamosc.pl\/wp-content\/uploads\/2021\/06\/2B5A1924-768x512.jpg 768w, https:\/\/rotary.zamosc.pl\/wp-content\/uploads\/2021\/06\/2B5A1924-1536x1024.jpg 1536w, https:\/\/rotary.zamosc.pl\/wp-content\/uploads\/2021\/06\/2B5A1924-800x534.jpg 800w, https:\/\/rotary.zamosc.pl\/wp-content\/uploads\/2021\/06\/2B5A1924-272x182.jpg 272w, https:\/\/rotary.zamosc.pl\/wp-content\/uploads\/2021\/06\/2B5A1924.jpg 1600w\" sizes=\"(max-width: 700px) 100vw, 700px\" \/><\/figure>\n\n\n\n<figure class=\"wp-block-image size-large\"><img decoding=\"async\" width=\"700\" height=\"467\" data-id=\"1973\" src=\"https:\/\/rotary.zamosc.pl\/wp-content\/uploads\/2021\/06\/2B5A1920-700x467.jpg\" alt=\"\" class=\"wp-image-1973\" srcset=\"https:\/\/rotary.zamosc.pl\/wp-content\/uploads\/2021\/06\/2B5A1920-700x467.jpg 700w, https:\/\/rotary.zamosc.pl\/wp-content\/uploads\/2021\/06\/2B5A1920-300x200.jpg 300w, https:\/\/rotary.zamosc.pl\/wp-content\/uploads\/2021\/06\/2B5A1920-768x512.jpg 768w, https:\/\/rotary.zamosc.pl\/wp-content\/uploads\/2021\/06\/2B5A1920-1536x1024.jpg 1536w, https:\/\/rotary.zamosc.pl\/wp-content\/uploads\/2021\/06\/2B5A1920-800x534.jpg 800w, https:\/\/rotary.zamosc.pl\/wp-content\/uploads\/2021\/06\/2B5A1920-272x182.jpg 272w, https:\/\/rotary.zamosc.pl\/wp-content\/uploads\/2021\/06\/2B5A1920.jpg 1600w\" sizes=\"(max-width: 700px) 100vw, 700px\" \/><\/figure>\n<\/figure>\n","protected":false},"excerpt":{"rendered":"<p>Serce ro\u015bnie kiedy nasza uzdolniona m\u0142odzie\u017c rozwija swoje talenty. Doskona\u0142ym tego przyk\u0142adem jest Piotr Tymura, wspania\u0142y m\u0142ody pianista, stypendysta RC Zamo\u015b\u0107. Otrzymali\u015bmy ostatnio od mamy Piotra, wiadomo\u015b\u0107 kt\u00f3r\u0105 poni\u017cej zamieszczamy wraz ze zdj\u0119ciami. \u017byczymy kolejnych sukces\u00f3w i dalszego rozwoju talentu. Jerzy Liberadzki \u2013 Prezydent RC Zamo\u015b\u0107 \u201e Dzie\u0144 dobry. Nazywam si\u0119 Beata Tymura i jestem&#8230;<\/p>\n","protected":false},"author":1,"featured_media":1975,"comment_status":"open","ping_status":"open","sticky":false,"template":"","format":"standard","meta":{"footnotes":""},"categories":[14,17],"tags":[],"class_list":["post-6653","post","type-post","status-publish","format-standard","has-post-thumbnail","hentry","category-14","category-stypendia"],"rttpg_featured_image_url":{"full":["https:\/\/rotary.zamosc.pl\/wp-content\/uploads\/2021\/06\/2B5A3071.jpg",1600,1067,false],"landscape":["https:\/\/rotary.zamosc.pl\/wp-content\/uploads\/2021\/06\/2B5A3071.jpg",1600,1067,false],"portraits":["https:\/\/rotary.zamosc.pl\/wp-content\/uploads\/2021\/06\/2B5A3071.jpg",1600,1067,false],"thumbnail":["https:\/\/rotary.zamosc.pl\/wp-content\/uploads\/2021\/06\/2B5A3071-150x150.jpg",150,150,true],"medium":["https:\/\/rotary.zamosc.pl\/wp-content\/uploads\/2021\/06\/2B5A3071-300x200.jpg",300,200,true],"large":["https:\/\/rotary.zamosc.pl\/wp-content\/uploads\/2021\/06\/2B5A3071-700x467.jpg",700,467,true],"1536x1536":["https:\/\/rotary.zamosc.pl\/wp-content\/uploads\/2021\/06\/2B5A3071-1536x1024.jpg",1536,1024,true],"2048x2048":["https:\/\/rotary.zamosc.pl\/wp-content\/uploads\/2021\/06\/2B5A3071.jpg",1600,1067,false],"post-thumbnail":["https:\/\/rotary.zamosc.pl\/wp-content\/uploads\/2021\/06\/2B5A3071-800x534.jpg",800,534,true],"graphy-post-thumbnail-large":["https:\/\/rotary.zamosc.pl\/wp-content\/uploads\/2021\/06\/2B5A3071-1080x600.jpg",1080,600,true],"graphy-post-thumbnail-medium":["https:\/\/rotary.zamosc.pl\/wp-content\/uploads\/2021\/06\/2B5A3071-482x300.jpg",482,300,true],"graphy-post-thumbnail-small":["https:\/\/rotary.zamosc.pl\/wp-content\/uploads\/2021\/06\/2B5A3071-80x60.jpg",80,60,true],"graphy-page-thumbnail":["https:\/\/rotary.zamosc.pl\/wp-content\/uploads\/2021\/06\/2B5A3071-1260x350.jpg",1260,350,true],"sow-carousel-default":["https:\/\/rotary.zamosc.pl\/wp-content\/uploads\/2021\/06\/2B5A3071-272x182.jpg",272,182,true]},"rttpg_author":{"display_name":"rotaryzamosc","author_link":"https:\/\/rotary.zamosc.pl\/index.php\/author\/rotaryzamosc\/"},"rttpg_comment":0,"rttpg_category":"<a href=\"https:\/\/rotary.zamosc.pl\/index.php\/category\/2021\/\" rel=\"category tag\">2021<\/a> <a href=\"https:\/\/rotary.zamosc.pl\/index.php\/category\/stypendia\/\" rel=\"category tag\">Stypendia<\/a>","rttpg_excerpt":"Serce ro\u015bnie kiedy nasza uzdolniona m\u0142odzie\u017c rozwija swoje talenty. Doskona\u0142ym tego przyk\u0142adem jest Piotr Tymura, wspania\u0142y m\u0142ody pianista, stypendysta RC Zamo\u015b\u0107. Otrzymali\u015bmy ostatnio od mamy Piotra, wiadomo\u015b\u0107 kt\u00f3r\u0105 poni\u017cej zamieszczamy wraz ze zdj\u0119ciami. \u017byczymy kolejnych sukces\u00f3w i dalszego rozwoju talentu. Jerzy Liberadzki \u2013 Prezydent RC Zamo\u015b\u0107 \u201e Dzie\u0144 dobry. Nazywam si\u0119 Beata Tymura i jestem...","_links":{"self":[{"href":"https:\/\/rotary.zamosc.pl\/index.php\/wp-json\/wp\/v2\/posts\/6653","targetHints":{"allow":["GET"]}}],"collection":[{"href":"https:\/\/rotary.zamosc.pl\/index.php\/wp-json\/wp\/v2\/posts"}],"about":[{"href":"https:\/\/rotary.zamosc.pl\/index.php\/wp-json\/wp\/v2\/types\/post"}],"author":[{"embeddable":true,"href":"https:\/\/rotary.zamosc.pl\/index.php\/wp-json\/wp\/v2\/users\/1"}],"replies":[{"embeddable":true,"href":"https:\/\/rotary.zamosc.pl\/index.php\/wp-json\/wp\/v2\/comments?post=6653"}],"version-history":[{"count":1,"href":"https:\/\/rotary.zamosc.pl\/index.php\/wp-json\/wp\/v2\/posts\/6653\/revisions"}],"predecessor-version":[{"id":6654,"href":"https:\/\/rotary.zamosc.pl\/index.php\/wp-json\/wp\/v2\/posts\/6653\/revisions\/6654"}],"wp:featuredmedia":[{"embeddable":true,"href":"https:\/\/rotary.zamosc.pl\/index.php\/wp-json\/wp\/v2\/media\/1975"}],"wp:attachment":[{"href":"https:\/\/rotary.zamosc.pl\/index.php\/wp-json\/wp\/v2\/media?parent=6653"}],"wp:term":[{"taxonomy":"category","embeddable":true,"href":"https:\/\/rotary.zamosc.pl\/index.php\/wp-json\/wp\/v2\/categories?post=6653"},{"taxonomy":"post_tag","embeddable":true,"href":"https:\/\/rotary.zamosc.pl\/index.php\/wp-json\/wp\/v2\/tags?post=6653"}],"curies":[{"name":"wp","href":"https:\/\/api.w.org\/{rel}","templated":true}]}}