{"id":6661,"date":"2021-01-10T10:29:00","date_gmt":"2021-01-10T09:29:00","guid":{"rendered":"https:\/\/rotary.zamosc.pl\/?p=6661"},"modified":"2026-03-18T10:30:14","modified_gmt":"2026-03-18T09:30:14","slug":"wielka-orkiestra-swiatecznej-pomocy","status":"publish","type":"post","link":"https:\/\/rotary.zamosc.pl\/index.php\/2021\/01\/10\/wielka-orkiestra-swiatecznej-pomocy\/","title":{"rendered":"Wielka Orkiestra \u015awi\u0105tecznej Pomocy"},"content":{"rendered":"\n<p class=\"wp-block-paragraph\">bie\u017c\u0105cym roku&nbsp; cz\u0142onkowie RC Zamo\u015b\u0107 podj\u0119li decyzj\u0119 o przekazaniu na licytacj\u0119 w czasie fina\u0142u WO\u015aP w dniu 31.01.2021 r. obrazu ( pasteli ) p.t. \u201e Portret dziewczynki \u201e autorstwa Wandy Adamczyk.<\/p>\n\n\n\n<p class=\"wp-block-paragraph\">Proponowana cena wywo\u0142awcza 200 z\u0142 uros\u0142a podczas licytacji do poziomu 2950 z\u0142. Uzyskana kwota z licytacji w ca\u0142o\u015bci zasili\u0142a konto WO\u015aP. Z powodu pandemii licytacja odby\u0142a si\u0119 on-line.<\/p>\n\n\n\n<p class=\"wp-block-paragraph\">Autorka pracy ma w swoim dorobku kilkana\u015bcie wystaw w kraju i w Wlk. Brytanii. Jej prace mo\u017cna ogl\u0105da\u0107 mi\u0119dzy innymi w pa\u0142acu w Sasinie, Krojantach, w Avenie k. Krokowej oraz we Frogs Hall w Norfolk. Wiele jej prac cieszy oko prywatnych kolekcjoner\u00f3w w Szwecji, Niemczech, Kanadzie, Francji i Wlk. Brytanii.<\/p>\n\n\n\n<p class=\"wp-block-paragraph\">Prace tworzy w technice olejnej, akrylowej i pasteli.<\/p>\n\n\n\n<figure class=\"wp-block-gallery has-nested-images columns-default is-cropped wp-block-gallery-1 is-layout-flex wp-block-gallery-is-layout-flex\">\n<figure class=\"wp-block-image size-large\"><img fetchpriority=\"high\" decoding=\"async\" width=\"700\" height=\"636\" data-id=\"1733\" src=\"https:\/\/rotary.zamosc.pl\/wp-content\/uploads\/2021\/01\/20210114_123917-700x636.jpg\" alt=\"\" class=\"wp-image-1733\" srcset=\"https:\/\/rotary.zamosc.pl\/wp-content\/uploads\/2021\/01\/20210114_123917-700x636.jpg 700w, https:\/\/rotary.zamosc.pl\/wp-content\/uploads\/2021\/01\/20210114_123917-300x272.jpg 300w, https:\/\/rotary.zamosc.pl\/wp-content\/uploads\/2021\/01\/20210114_123917-768x697.jpg 768w, https:\/\/rotary.zamosc.pl\/wp-content\/uploads\/2021\/01\/20210114_123917-800x726.jpg 800w\" sizes=\"(max-width: 700px) 100vw, 700px\" \/><\/figure>\n<\/figure>\n","protected":false},"excerpt":{"rendered":"<p>bie\u017c\u0105cym roku&nbsp; cz\u0142onkowie RC Zamo\u015b\u0107 podj\u0119li decyzj\u0119 o przekazaniu na licytacj\u0119 w czasie fina\u0142u WO\u015aP w dniu 31.01.2021 r. obrazu ( pasteli ) p.t. \u201e Portret dziewczynki \u201e autorstwa Wandy Adamczyk. Proponowana cena wywo\u0142awcza 200 z\u0142 uros\u0142a podczas licytacji do poziomu 2950 z\u0142. Uzyskana kwota z licytacji w ca\u0142o\u015bci zasili\u0142a konto WO\u015aP. Z powodu pandemii&#8230;<\/p>\n","protected":false},"author":1,"featured_media":1740,"comment_status":"open","ping_status":"open","sticky":false,"template":"","format":"standard","meta":{"footnotes":""},"categories":[14],"tags":[],"class_list":["post-6661","post","type-post","status-publish","format-standard","has-post-thumbnail","hentry","category-14"],"rttpg_featured_image_url":{"full":["https:\/\/rotary.zamosc.pl\/wp-content\/uploads\/2021\/01\/wospp.png",1009,999,false],"landscape":["https:\/\/rotary.zamosc.pl\/wp-content\/uploads\/2021\/01\/wospp.png",1009,999,false],"portraits":["https:\/\/rotary.zamosc.pl\/wp-content\/uploads\/2021\/01\/wospp.png",1009,999,false],"thumbnail":["https:\/\/rotary.zamosc.pl\/wp-content\/uploads\/2021\/01\/wospp-150x150.png",150,150,true],"medium":["https:\/\/rotary.zamosc.pl\/wp-content\/uploads\/2021\/01\/wospp-300x297.png",300,297,true],"large":["https:\/\/rotary.zamosc.pl\/wp-content\/uploads\/2021\/01\/wospp-700x693.png",700,693,true],"1536x1536":["https:\/\/rotary.zamosc.pl\/wp-content\/uploads\/2021\/01\/wospp.png",1009,999,false],"2048x2048":["https:\/\/rotary.zamosc.pl\/wp-content\/uploads\/2021\/01\/wospp.png",1009,999,false],"post-thumbnail":["https:\/\/rotary.zamosc.pl\/wp-content\/uploads\/2021\/01\/wospp-800x792.png",800,792,true],"graphy-post-thumbnail-large":["https:\/\/rotary.zamosc.pl\/wp-content\/uploads\/2021\/01\/wospp-1009x600.png",1009,600,true],"graphy-post-thumbnail-medium":["https:\/\/rotary.zamosc.pl\/wp-content\/uploads\/2021\/01\/wospp-482x300.png",482,300,true],"graphy-post-thumbnail-small":["https:\/\/rotary.zamosc.pl\/wp-content\/uploads\/2021\/01\/wospp-80x60.png",80,60,true],"graphy-page-thumbnail":["https:\/\/rotary.zamosc.pl\/wp-content\/uploads\/2021\/01\/wospp-1009x350.png",1009,350,true],"sow-carousel-default":["https:\/\/rotary.zamosc.pl\/wp-content\/uploads\/2021\/01\/wospp-272x182.png",272,182,true]},"rttpg_author":{"display_name":"rotaryzamosc","author_link":"https:\/\/rotary.zamosc.pl\/index.php\/author\/rotaryzamosc\/"},"rttpg_comment":0,"rttpg_category":"<a href=\"https:\/\/rotary.zamosc.pl\/index.php\/category\/2021\/\" rel=\"category tag\">2021<\/a>","rttpg_excerpt":"bie\u017c\u0105cym roku&nbsp; cz\u0142onkowie RC Zamo\u015b\u0107 podj\u0119li decyzj\u0119 o przekazaniu na licytacj\u0119 w czasie fina\u0142u WO\u015aP w dniu 31.01.2021 r. obrazu ( pasteli ) p.t. \u201e Portret dziewczynki \u201e autorstwa Wandy Adamczyk. Proponowana cena wywo\u0142awcza 200 z\u0142 uros\u0142a podczas licytacji do poziomu 2950 z\u0142. Uzyskana kwota z licytacji w ca\u0142o\u015bci zasili\u0142a konto WO\u015aP. Z powodu pandemii...","_links":{"self":[{"href":"https:\/\/rotary.zamosc.pl\/index.php\/wp-json\/wp\/v2\/posts\/6661","targetHints":{"allow":["GET"]}}],"collection":[{"href":"https:\/\/rotary.zamosc.pl\/index.php\/wp-json\/wp\/v2\/posts"}],"about":[{"href":"https:\/\/rotary.zamosc.pl\/index.php\/wp-json\/wp\/v2\/types\/post"}],"author":[{"embeddable":true,"href":"https:\/\/rotary.zamosc.pl\/index.php\/wp-json\/wp\/v2\/users\/1"}],"replies":[{"embeddable":true,"href":"https:\/\/rotary.zamosc.pl\/index.php\/wp-json\/wp\/v2\/comments?post=6661"}],"version-history":[{"count":1,"href":"https:\/\/rotary.zamosc.pl\/index.php\/wp-json\/wp\/v2\/posts\/6661\/revisions"}],"predecessor-version":[{"id":6662,"href":"https:\/\/rotary.zamosc.pl\/index.php\/wp-json\/wp\/v2\/posts\/6661\/revisions\/6662"}],"wp:featuredmedia":[{"embeddable":true,"href":"https:\/\/rotary.zamosc.pl\/index.php\/wp-json\/wp\/v2\/media\/1740"}],"wp:attachment":[{"href":"https:\/\/rotary.zamosc.pl\/index.php\/wp-json\/wp\/v2\/media?parent=6661"}],"wp:term":[{"taxonomy":"category","embeddable":true,"href":"https:\/\/rotary.zamosc.pl\/index.php\/wp-json\/wp\/v2\/categories?post=6661"},{"taxonomy":"post_tag","embeddable":true,"href":"https:\/\/rotary.zamosc.pl\/index.php\/wp-json\/wp\/v2\/tags?post=6661"}],"curies":[{"name":"wp","href":"https:\/\/api.w.org\/{rel}","templated":true}]}}