{"id":6667,"date":"2020-12-22T11:13:00","date_gmt":"2020-12-22T10:13:00","guid":{"rendered":"https:\/\/rotary.zamosc.pl\/?p=6667"},"modified":"2026-03-18T11:16:16","modified_gmt":"2026-03-18T10:16:16","slug":"wigilia-nas-polaczyla","status":"publish","type":"post","link":"https:\/\/rotary.zamosc.pl\/index.php\/2020\/12\/22\/wigilia-nas-polaczyla\/","title":{"rendered":"WIGILIA NAS PO\u0141\u0104CZY\u0141A"},"content":{"rendered":"\n<p class=\"wp-block-paragraph\">Wsp\u00f3lnie z Przyjaci\u00f3\u0142mi z RC Wolsztyn w dn. 22.12.2020 roku na forum online RC Zamo\u015b\u0107 zorganizowali\u015bmy spotkanie wigilijne. Obecni byli go\u015bcie \u2013 cz\u0142onkowie niemieckich klub\u00f3w RC Berlin Brandenburg Airport i RC Berlin Zitadelle \u2013 partnerskich&nbsp; klub\u00f3w RC Wolsztyn, koledzy z RC Jan\u00f3w Lubelski i Zbyszek Dziedzic z RC Jaros\u0142aw.<\/p>\n\n\n\n<p class=\"wp-block-paragraph\">Wiecz\u00f3r zainaugurowa\u0142a nasza kole\u017canka Jagoda Dadia, wykonuj\u0105c a capella pi\u0119kn\u0105 kol\u0119d\u0119. By\u0142y \u017byczenia od Prezydent\u00f3w Klub\u00f3w i zaproszonych go\u015bci. Zaszczyci\u0142 nas swoj\u0105 obecno\u015bci\u0105 Rektor Seminarium w Watykanie \u2013 O. Oblat Wojciech Popielewski \u2013 cz\u0142onek honorowy wolszty\u0144skiego klubu. Drog\u0105 telefoniczn\u0105 po\u0142\u0105czyli\u015bmy si\u0119 z P. Stanis\u0142aw\u0105 Patkowsk\u0105-Ko\u0142ysenko, Prezesem Stowarzyszenia Kultury Polskiej \u201ePOKUCIE\u201d w Ko\u0142omyi.<\/p>\n\n\n\n<p class=\"wp-block-paragraph\">By\u0142o wiele serdeczno\u015bci, dobrych \u017cycze\u0144 powrotu do normalno\u015bci oraz toast za pomy\u015blno\u015b\u0107 w Nowym Roku. Nasz kolega Klubowy Krzysztof Bork przedstawi\u0142 bardzo trudn\u0105 sytuacj\u0119 materialn\u0105 naszych rodak\u00f3w w Ko\u0142omyi, wychodz\u0105c z inicjatyw\u0105 pomocy \u2013 otworzyli\u015bmy nasze konto dla dobrowolnych wp\u0142at. Zebrane pieni\u0105dze zostan\u0105 przekazane do w\/w Stowarzyszenia i podzielone wed\u0142ug potrzeb.<\/p>\n\n\n\n<figure class=\"wp-block-gallery has-nested-images columns-1 is-cropped wp-block-gallery-1 is-layout-flex wp-block-gallery-is-layout-flex\">\n<figure class=\"wp-block-image size-large\"><img fetchpriority=\"high\" decoding=\"async\" width=\"700\" height=\"490\" data-id=\"1696\" src=\"https:\/\/rotary.zamosc.pl\/wp-content\/uploads\/2020\/02\/wigilia-rc-zamosc-2020-swiateczeni-3-700x490.png\" alt=\"\" class=\"wp-image-1696\" srcset=\"https:\/\/rotary.zamosc.pl\/wp-content\/uploads\/2020\/02\/wigilia-rc-zamosc-2020-swiateczeni-3-700x490.png 700w, https:\/\/rotary.zamosc.pl\/wp-content\/uploads\/2020\/02\/wigilia-rc-zamosc-2020-swiateczeni-3-300x210.png 300w, https:\/\/rotary.zamosc.pl\/wp-content\/uploads\/2020\/02\/wigilia-rc-zamosc-2020-swiateczeni-3-768x538.png 768w, https:\/\/rotary.zamosc.pl\/wp-content\/uploads\/2020\/02\/wigilia-rc-zamosc-2020-swiateczeni-3.png 800w\" sizes=\"(max-width: 700px) 100vw, 700px\" \/><\/figure>\n\n\n\n<figure class=\"wp-block-image size-large\"><img decoding=\"async\" width=\"700\" height=\"490\" data-id=\"1695\" src=\"https:\/\/rotary.zamosc.pl\/wp-content\/uploads\/2020\/02\/wigilia-rc-zamosc-2020-swiateczeni-2-700x490.png\" alt=\"\" class=\"wp-image-1695\" srcset=\"https:\/\/rotary.zamosc.pl\/wp-content\/uploads\/2020\/02\/wigilia-rc-zamosc-2020-swiateczeni-2-700x490.png 700w, https:\/\/rotary.zamosc.pl\/wp-content\/uploads\/2020\/02\/wigilia-rc-zamosc-2020-swiateczeni-2-300x210.png 300w, https:\/\/rotary.zamosc.pl\/wp-content\/uploads\/2020\/02\/wigilia-rc-zamosc-2020-swiateczeni-2-768x538.png 768w, https:\/\/rotary.zamosc.pl\/wp-content\/uploads\/2020\/02\/wigilia-rc-zamosc-2020-swiateczeni-2.png 800w\" sizes=\"(max-width: 700px) 100vw, 700px\" \/><\/figure>\n<\/figure>\n","protected":false},"excerpt":{"rendered":"<p>Wsp\u00f3lnie z Przyjaci\u00f3\u0142mi z RC Wolsztyn w dn. 22.12.2020 roku na forum online RC Zamo\u015b\u0107 zorganizowali\u015bmy spotkanie wigilijne. Obecni byli go\u015bcie \u2013 cz\u0142onkowie niemieckich klub\u00f3w RC Berlin Brandenburg Airport i RC Berlin Zitadelle \u2013 partnerskich&nbsp; klub\u00f3w RC Wolsztyn, koledzy z RC Jan\u00f3w Lubelski i Zbyszek Dziedzic z RC Jaros\u0142aw. Wiecz\u00f3r zainaugurowa\u0142a nasza kole\u017canka Jagoda Dadia,&#8230;<\/p>\n","protected":false},"author":1,"featured_media":1695,"comment_status":"open","ping_status":"open","sticky":false,"template":"","format":"standard","meta":{"footnotes":""},"categories":[15],"tags":[],"class_list":["post-6667","post","type-post","status-publish","format-standard","has-post-thumbnail","hentry","category-15"],"rttpg_featured_image_url":{"full":["https:\/\/rotary.zamosc.pl\/wp-content\/uploads\/2020\/02\/wigilia-rc-zamosc-2020-swiateczeni-2.png",800,560,false],"landscape":["https:\/\/rotary.zamosc.pl\/wp-content\/uploads\/2020\/02\/wigilia-rc-zamosc-2020-swiateczeni-2.png",800,560,false],"portraits":["https:\/\/rotary.zamosc.pl\/wp-content\/uploads\/2020\/02\/wigilia-rc-zamosc-2020-swiateczeni-2.png",800,560,false],"thumbnail":["https:\/\/rotary.zamosc.pl\/wp-content\/uploads\/2020\/02\/wigilia-rc-zamosc-2020-swiateczeni-2-150x150.png",150,150,true],"medium":["https:\/\/rotary.zamosc.pl\/wp-content\/uploads\/2020\/02\/wigilia-rc-zamosc-2020-swiateczeni-2-300x210.png",300,210,true],"large":["https:\/\/rotary.zamosc.pl\/wp-content\/uploads\/2020\/02\/wigilia-rc-zamosc-2020-swiateczeni-2-700x490.png",700,490,true],"1536x1536":["https:\/\/rotary.zamosc.pl\/wp-content\/uploads\/2020\/02\/wigilia-rc-zamosc-2020-swiateczeni-2.png",800,560,false],"2048x2048":["https:\/\/rotary.zamosc.pl\/wp-content\/uploads\/2020\/02\/wigilia-rc-zamosc-2020-swiateczeni-2.png",800,560,false],"post-thumbnail":["https:\/\/rotary.zamosc.pl\/wp-content\/uploads\/2020\/02\/wigilia-rc-zamosc-2020-swiateczeni-2-800x560.png",800,560,true],"graphy-post-thumbnail-large":["https:\/\/rotary.zamosc.pl\/wp-content\/uploads\/2020\/02\/wigilia-rc-zamosc-2020-swiateczeni-2.png",800,560,false],"graphy-post-thumbnail-medium":["https:\/\/rotary.zamosc.pl\/wp-content\/uploads\/2020\/02\/wigilia-rc-zamosc-2020-swiateczeni-2-482x300.png",482,300,true],"graphy-post-thumbnail-small":["https:\/\/rotary.zamosc.pl\/wp-content\/uploads\/2020\/02\/wigilia-rc-zamosc-2020-swiateczeni-2-80x60.png",80,60,true],"graphy-page-thumbnail":["https:\/\/rotary.zamosc.pl\/wp-content\/uploads\/2020\/02\/wigilia-rc-zamosc-2020-swiateczeni-2-800x350.png",800,350,true],"sow-carousel-default":["https:\/\/rotary.zamosc.pl\/wp-content\/uploads\/2020\/02\/wigilia-rc-zamosc-2020-swiateczeni-2-272x182.png",272,182,true]},"rttpg_author":{"display_name":"rotaryzamosc","author_link":"https:\/\/rotary.zamosc.pl\/index.php\/author\/rotaryzamosc\/"},"rttpg_comment":0,"rttpg_category":"<a href=\"https:\/\/rotary.zamosc.pl\/index.php\/category\/2020\/\" rel=\"category tag\">2020<\/a>","rttpg_excerpt":"Wsp\u00f3lnie z Przyjaci\u00f3\u0142mi z RC Wolsztyn w dn. 22.12.2020 roku na forum online RC Zamo\u015b\u0107 zorganizowali\u015bmy spotkanie wigilijne. Obecni byli go\u015bcie \u2013 cz\u0142onkowie niemieckich klub\u00f3w RC Berlin Brandenburg Airport i RC Berlin Zitadelle \u2013 partnerskich&nbsp; klub\u00f3w RC Wolsztyn, koledzy z RC Jan\u00f3w Lubelski i Zbyszek Dziedzic z RC Jaros\u0142aw. Wiecz\u00f3r zainaugurowa\u0142a nasza kole\u017canka Jagoda Dadia,...","_links":{"self":[{"href":"https:\/\/rotary.zamosc.pl\/index.php\/wp-json\/wp\/v2\/posts\/6667","targetHints":{"allow":["GET"]}}],"collection":[{"href":"https:\/\/rotary.zamosc.pl\/index.php\/wp-json\/wp\/v2\/posts"}],"about":[{"href":"https:\/\/rotary.zamosc.pl\/index.php\/wp-json\/wp\/v2\/types\/post"}],"author":[{"embeddable":true,"href":"https:\/\/rotary.zamosc.pl\/index.php\/wp-json\/wp\/v2\/users\/1"}],"replies":[{"embeddable":true,"href":"https:\/\/rotary.zamosc.pl\/index.php\/wp-json\/wp\/v2\/comments?post=6667"}],"version-history":[{"count":1,"href":"https:\/\/rotary.zamosc.pl\/index.php\/wp-json\/wp\/v2\/posts\/6667\/revisions"}],"predecessor-version":[{"id":6668,"href":"https:\/\/rotary.zamosc.pl\/index.php\/wp-json\/wp\/v2\/posts\/6667\/revisions\/6668"}],"wp:featuredmedia":[{"embeddable":true,"href":"https:\/\/rotary.zamosc.pl\/index.php\/wp-json\/wp\/v2\/media\/1695"}],"wp:attachment":[{"href":"https:\/\/rotary.zamosc.pl\/index.php\/wp-json\/wp\/v2\/media?parent=6667"}],"wp:term":[{"taxonomy":"category","embeddable":true,"href":"https:\/\/rotary.zamosc.pl\/index.php\/wp-json\/wp\/v2\/categories?post=6667"},{"taxonomy":"post_tag","embeddable":true,"href":"https:\/\/rotary.zamosc.pl\/index.php\/wp-json\/wp\/v2\/tags?post=6667"}],"curies":[{"name":"wp","href":"https:\/\/api.w.org\/{rel}","templated":true}]}}