{"id":6669,"date":"2020-12-01T11:16:00","date_gmt":"2020-12-01T10:16:00","guid":{"rendered":"https:\/\/rotary.zamosc.pl\/?p=6669"},"modified":"2026-03-18T11:17:24","modified_gmt":"2026-03-18T10:17:24","slug":"nasi-goscie","status":"publish","type":"post","link":"https:\/\/rotary.zamosc.pl\/index.php\/2020\/12\/01\/nasi-goscie\/","title":{"rendered":"NASI GO\u015aCIE"},"content":{"rendered":"\n<p class=\"wp-block-paragraph\">W czasach pandemii dobrym zwyczajem uatrakcyjnienia naszych spotka\u0144 klubowych sta\u0142o si\u0119 zapraszanie go\u015bci \u2013 spiker\u00f3w. W\u015br\u00f3d nich znale\u017ali si\u0119 cz\u0142onkowie honorowi naszego Klubu: Zbyszek Dziedzic z RC Jaros\u0142aw, Antoni Florczak z RC Jan\u00f3w Lubelski czy Janusz Lisiecki z RC Wolsztyn.<br>Spotka\u0142 si\u0119 z nami Powiatowy Inspektor Sanitarny, co w czasie zagro\u017cenia infekcj\u0105 wirusem SARS-COV-2 wyda\u0142o si\u0119 ca\u0142kowicie uzasadnione. Dla uatrakcyjnienia tematyki spotka\u0144, go\u015bci\u0142 u nas na platformie ZOOM pan Kamil Kurantowicz z Zamo\u015bcia, reprezentuj\u0105cy firm\u0119 \u201eKamKing\u201d \u2013 profesjonalny salon auto detalingu.<br>Kolejna osoba to Rafa\u0142 Pasieka \u2013 cz\u0142onek naszego Klubu \u2013 pasjonat w\u0119dkarstwa.<\/p>\n\n\n\n<figure class=\"wp-block-gallery has-nested-images columns-1 is-cropped wp-block-gallery-1 is-layout-flex wp-block-gallery-is-layout-flex\">\n<figure class=\"wp-block-image size-large\"><img fetchpriority=\"high\" decoding=\"async\" width=\"700\" height=\"525\" data-id=\"1692\" src=\"https:\/\/rotary.zamosc.pl\/wp-content\/uploads\/2020\/02\/wigilia-RC-Zamo\u015b\u0107-22.12-3-700x525.jpeg\" alt=\"\" class=\"wp-image-1692\" srcset=\"https:\/\/rotary.zamosc.pl\/wp-content\/uploads\/2020\/02\/wigilia-RC-Zamo\u015b\u0107-22.12-3-700x525.jpeg 700w, https:\/\/rotary.zamosc.pl\/wp-content\/uploads\/2020\/02\/wigilia-RC-Zamo\u015b\u0107-22.12-3-300x225.jpeg 300w, https:\/\/rotary.zamosc.pl\/wp-content\/uploads\/2020\/02\/wigilia-RC-Zamo\u015b\u0107-22.12-3-768x576.jpeg 768w, https:\/\/rotary.zamosc.pl\/wp-content\/uploads\/2020\/02\/wigilia-RC-Zamo\u015b\u0107-22.12-3-800x600.jpeg 800w, https:\/\/rotary.zamosc.pl\/wp-content\/uploads\/2020\/02\/wigilia-RC-Zamo\u015b\u0107-22.12-3-80x60.jpeg 80w, https:\/\/rotary.zamosc.pl\/wp-content\/uploads\/2020\/02\/wigilia-RC-Zamo\u015b\u0107-22.12-3.jpeg 960w\" sizes=\"(max-width: 700px) 100vw, 700px\" \/><\/figure>\n\n\n\n<figure class=\"wp-block-image size-large\"><img decoding=\"async\" width=\"700\" height=\"525\" data-id=\"1691\" src=\"https:\/\/rotary.zamosc.pl\/wp-content\/uploads\/2020\/02\/wigilia-RC-Zamo\u015b\u0107-22.12-2-700x525.jpeg\" alt=\"\" class=\"wp-image-1691\" srcset=\"https:\/\/rotary.zamosc.pl\/wp-content\/uploads\/2020\/02\/wigilia-RC-Zamo\u015b\u0107-22.12-2-700x525.jpeg 700w, https:\/\/rotary.zamosc.pl\/wp-content\/uploads\/2020\/02\/wigilia-RC-Zamo\u015b\u0107-22.12-2-300x225.jpeg 300w, https:\/\/rotary.zamosc.pl\/wp-content\/uploads\/2020\/02\/wigilia-RC-Zamo\u015b\u0107-22.12-2-768x576.jpeg 768w, https:\/\/rotary.zamosc.pl\/wp-content\/uploads\/2020\/02\/wigilia-RC-Zamo\u015b\u0107-22.12-2-800x600.jpeg 800w, https:\/\/rotary.zamosc.pl\/wp-content\/uploads\/2020\/02\/wigilia-RC-Zamo\u015b\u0107-22.12-2-80x60.jpeg 80w, https:\/\/rotary.zamosc.pl\/wp-content\/uploads\/2020\/02\/wigilia-RC-Zamo\u015b\u0107-22.12-2.jpeg 960w\" sizes=\"(max-width: 700px) 100vw, 700px\" \/><\/figure>\n<\/figure>\n","protected":false},"excerpt":{"rendered":"<p>W czasach pandemii dobrym zwyczajem uatrakcyjnienia naszych spotka\u0144 klubowych sta\u0142o si\u0119 zapraszanie go\u015bci \u2013 spiker\u00f3w. W\u015br\u00f3d nich znale\u017ali si\u0119 cz\u0142onkowie honorowi naszego Klubu: Zbyszek Dziedzic z RC Jaros\u0142aw, Antoni Florczak z RC Jan\u00f3w Lubelski czy Janusz Lisiecki z RC Wolsztyn.Spotka\u0142 si\u0119 z nami Powiatowy Inspektor Sanitarny, co w czasie zagro\u017cenia infekcj\u0105 wirusem SARS-COV-2 wyda\u0142o si\u0119&#8230;<\/p>\n","protected":false},"author":1,"featured_media":1690,"comment_status":"open","ping_status":"open","sticky":false,"template":"","format":"standard","meta":{"footnotes":""},"categories":[15],"tags":[],"class_list":["post-6669","post","type-post","status-publish","format-standard","has-post-thumbnail","hentry","category-15"],"rttpg_featured_image_url":{"full":["https:\/\/rotary.zamosc.pl\/wp-content\/uploads\/2020\/02\/wigilia-RC-Zamo\u015b\u0107-22.12-1.jpeg",960,720,false],"landscape":["https:\/\/rotary.zamosc.pl\/wp-content\/uploads\/2020\/02\/wigilia-RC-Zamo\u015b\u0107-22.12-1.jpeg",960,720,false],"portraits":["https:\/\/rotary.zamosc.pl\/wp-content\/uploads\/2020\/02\/wigilia-RC-Zamo\u015b\u0107-22.12-1.jpeg",960,720,false],"thumbnail":["https:\/\/rotary.zamosc.pl\/wp-content\/uploads\/2020\/02\/wigilia-RC-Zamo\u015b\u0107-22.12-1-150x150.jpeg",150,150,true],"medium":["https:\/\/rotary.zamosc.pl\/wp-content\/uploads\/2020\/02\/wigilia-RC-Zamo\u015b\u0107-22.12-1-300x225.jpeg",300,225,true],"large":["https:\/\/rotary.zamosc.pl\/wp-content\/uploads\/2020\/02\/wigilia-RC-Zamo\u015b\u0107-22.12-1-700x525.jpeg",700,525,true],"1536x1536":["https:\/\/rotary.zamosc.pl\/wp-content\/uploads\/2020\/02\/wigilia-RC-Zamo\u015b\u0107-22.12-1.jpeg",960,720,false],"2048x2048":["https:\/\/rotary.zamosc.pl\/wp-content\/uploads\/2020\/02\/wigilia-RC-Zamo\u015b\u0107-22.12-1.jpeg",960,720,false],"post-thumbnail":["https:\/\/rotary.zamosc.pl\/wp-content\/uploads\/2020\/02\/wigilia-RC-Zamo\u015b\u0107-22.12-1-800x600.jpeg",800,600,true],"graphy-post-thumbnail-large":["https:\/\/rotary.zamosc.pl\/wp-content\/uploads\/2020\/02\/wigilia-RC-Zamo\u015b\u0107-22.12-1-960x600.jpeg",960,600,true],"graphy-post-thumbnail-medium":["https:\/\/rotary.zamosc.pl\/wp-content\/uploads\/2020\/02\/wigilia-RC-Zamo\u015b\u0107-22.12-1-482x300.jpeg",482,300,true],"graphy-post-thumbnail-small":["https:\/\/rotary.zamosc.pl\/wp-content\/uploads\/2020\/02\/wigilia-RC-Zamo\u015b\u0107-22.12-1-80x60.jpeg",80,60,true],"graphy-page-thumbnail":["https:\/\/rotary.zamosc.pl\/wp-content\/uploads\/2020\/02\/wigilia-RC-Zamo\u015b\u0107-22.12-1-960x350.jpeg",960,350,true],"sow-carousel-default":["https:\/\/rotary.zamosc.pl\/wp-content\/uploads\/2020\/02\/wigilia-RC-Zamo\u015b\u0107-22.12-1-272x182.jpeg",272,182,true]},"rttpg_author":{"display_name":"rotaryzamosc","author_link":"https:\/\/rotary.zamosc.pl\/index.php\/author\/rotaryzamosc\/"},"rttpg_comment":0,"rttpg_category":"<a href=\"https:\/\/rotary.zamosc.pl\/index.php\/category\/2020\/\" rel=\"category tag\">2020<\/a>","rttpg_excerpt":"W czasach pandemii dobrym zwyczajem uatrakcyjnienia naszych spotka\u0144 klubowych sta\u0142o si\u0119 zapraszanie go\u015bci \u2013 spiker\u00f3w. W\u015br\u00f3d nich znale\u017ali si\u0119 cz\u0142onkowie honorowi naszego Klubu: Zbyszek Dziedzic z RC Jaros\u0142aw, Antoni Florczak z RC Jan\u00f3w Lubelski czy Janusz Lisiecki z RC Wolsztyn.Spotka\u0142 si\u0119 z nami Powiatowy Inspektor Sanitarny, co w czasie zagro\u017cenia infekcj\u0105 wirusem SARS-COV-2 wyda\u0142o si\u0119...","_links":{"self":[{"href":"https:\/\/rotary.zamosc.pl\/index.php\/wp-json\/wp\/v2\/posts\/6669","targetHints":{"allow":["GET"]}}],"collection":[{"href":"https:\/\/rotary.zamosc.pl\/index.php\/wp-json\/wp\/v2\/posts"}],"about":[{"href":"https:\/\/rotary.zamosc.pl\/index.php\/wp-json\/wp\/v2\/types\/post"}],"author":[{"embeddable":true,"href":"https:\/\/rotary.zamosc.pl\/index.php\/wp-json\/wp\/v2\/users\/1"}],"replies":[{"embeddable":true,"href":"https:\/\/rotary.zamosc.pl\/index.php\/wp-json\/wp\/v2\/comments?post=6669"}],"version-history":[{"count":1,"href":"https:\/\/rotary.zamosc.pl\/index.php\/wp-json\/wp\/v2\/posts\/6669\/revisions"}],"predecessor-version":[{"id":6670,"href":"https:\/\/rotary.zamosc.pl\/index.php\/wp-json\/wp\/v2\/posts\/6669\/revisions\/6670"}],"wp:featuredmedia":[{"embeddable":true,"href":"https:\/\/rotary.zamosc.pl\/index.php\/wp-json\/wp\/v2\/media\/1690"}],"wp:attachment":[{"href":"https:\/\/rotary.zamosc.pl\/index.php\/wp-json\/wp\/v2\/media?parent=6669"}],"wp:term":[{"taxonomy":"category","embeddable":true,"href":"https:\/\/rotary.zamosc.pl\/index.php\/wp-json\/wp\/v2\/categories?post=6669"},{"taxonomy":"post_tag","embeddable":true,"href":"https:\/\/rotary.zamosc.pl\/index.php\/wp-json\/wp\/v2\/tags?post=6669"}],"curies":[{"name":"wp","href":"https:\/\/api.w.org\/{rel}","templated":true}]}}