{"id":6671,"date":"2020-12-20T11:17:00","date_gmt":"2020-12-20T10:17:00","guid":{"rendered":"https:\/\/rotary.zamosc.pl\/?p=6671"},"modified":"2026-03-18T11:20:08","modified_gmt":"2026-03-18T10:20:08","slug":"wigilia-dla-zwierzat-20-12-2020-roku","status":"publish","type":"post","link":"https:\/\/rotary.zamosc.pl\/index.php\/2020\/12\/20\/wigilia-dla-zwierzat-20-12-2020-roku\/","title":{"rendered":"WIGILIA DLA ZWIERZ\u0104T 20.12.2020 ROKU."},"content":{"rendered":"\n<p class=\"wp-block-paragraph\">Podobnie jak w ubieg\u0142ych latach z dobrowolnych sk\u0142adek cz\u0142onk\u00f3w Klubu wspomo\u017conych przez Skarbnika Klubu, kt\u00f3ry si\u0119gn\u0105\u0142 do klubowej kasy, zakupili\u015bmy such\u0105 karm\u0119 dla ps\u00f3w przebywaj\u0105cych w zamojskim azylu dla zwierz\u0105t.<br>Akcj\u0119 pilotowali cz\u0142onkowie Klubu \u2013 Ela i Danek Szyma\u0144scy.<\/p>\n\n\n\n<figure class=\"wp-block-gallery has-nested-images columns-1 is-cropped wp-block-gallery-1 is-layout-flex wp-block-gallery-is-layout-flex\">\n<figure class=\"wp-block-image size-large\"><img fetchpriority=\"high\" decoding=\"async\" width=\"700\" height=\"394\" data-id=\"1710\" src=\"https:\/\/rotary.zamosc.pl\/wp-content\/uploads\/2020\/02\/Wigilia-dla-zwierz\u0105t-2020-1-700x394.jpg\" alt=\"\" class=\"wp-image-1710\" srcset=\"https:\/\/rotary.zamosc.pl\/wp-content\/uploads\/2020\/02\/Wigilia-dla-zwierz\u0105t-2020-1-700x394.jpg 700w, https:\/\/rotary.zamosc.pl\/wp-content\/uploads\/2020\/02\/Wigilia-dla-zwierz\u0105t-2020-1-300x169.jpg 300w, https:\/\/rotary.zamosc.pl\/wp-content\/uploads\/2020\/02\/Wigilia-dla-zwierz\u0105t-2020-1-768x432.jpg 768w, https:\/\/rotary.zamosc.pl\/wp-content\/uploads\/2020\/02\/Wigilia-dla-zwierz\u0105t-2020-1-800x450.jpg 800w, https:\/\/rotary.zamosc.pl\/wp-content\/uploads\/2020\/02\/Wigilia-dla-zwierz\u0105t-2020-1.jpg 1632w\" sizes=\"(max-width: 700px) 100vw, 700px\" \/><\/figure>\n\n\n\n<figure class=\"wp-block-image size-large\"><img decoding=\"async\" width=\"700\" height=\"394\" data-id=\"1712\" src=\"https:\/\/rotary.zamosc.pl\/wp-content\/uploads\/2020\/02\/Wigilia-dla-zwierz\u0105t-2020-3-700x394.jpg\" alt=\"\" class=\"wp-image-1712\" srcset=\"https:\/\/rotary.zamosc.pl\/wp-content\/uploads\/2020\/02\/Wigilia-dla-zwierz\u0105t-2020-3-700x394.jpg 700w, https:\/\/rotary.zamosc.pl\/wp-content\/uploads\/2020\/02\/Wigilia-dla-zwierz\u0105t-2020-3-300x169.jpg 300w, https:\/\/rotary.zamosc.pl\/wp-content\/uploads\/2020\/02\/Wigilia-dla-zwierz\u0105t-2020-3-768x432.jpg 768w, https:\/\/rotary.zamosc.pl\/wp-content\/uploads\/2020\/02\/Wigilia-dla-zwierz\u0105t-2020-3-800x450.jpg 800w, https:\/\/rotary.zamosc.pl\/wp-content\/uploads\/2020\/02\/Wigilia-dla-zwierz\u0105t-2020-3.jpg 1632w\" sizes=\"(max-width: 700px) 100vw, 700px\" \/><\/figure>\n\n\n\n<figure class=\"wp-block-image size-large\"><img decoding=\"async\" width=\"700\" height=\"394\" data-id=\"1713\" src=\"https:\/\/rotary.zamosc.pl\/wp-content\/uploads\/2020\/02\/Wigilia-dla-zwierz\u0105t-2020-4-700x394.jpg\" alt=\"\" class=\"wp-image-1713\" srcset=\"https:\/\/rotary.zamosc.pl\/wp-content\/uploads\/2020\/02\/Wigilia-dla-zwierz\u0105t-2020-4-700x394.jpg 700w, https:\/\/rotary.zamosc.pl\/wp-content\/uploads\/2020\/02\/Wigilia-dla-zwierz\u0105t-2020-4-300x169.jpg 300w, https:\/\/rotary.zamosc.pl\/wp-content\/uploads\/2020\/02\/Wigilia-dla-zwierz\u0105t-2020-4-768x432.jpg 768w, https:\/\/rotary.zamosc.pl\/wp-content\/uploads\/2020\/02\/Wigilia-dla-zwierz\u0105t-2020-4-800x450.jpg 800w, https:\/\/rotary.zamosc.pl\/wp-content\/uploads\/2020\/02\/Wigilia-dla-zwierz\u0105t-2020-4.jpg 1632w\" sizes=\"(max-width: 700px) 100vw, 700px\" \/><\/figure>\n\n\n\n<figure class=\"wp-block-image size-large\"><img loading=\"lazy\" decoding=\"async\" width=\"700\" height=\"394\" data-id=\"1714\" src=\"https:\/\/rotary.zamosc.pl\/wp-content\/uploads\/2020\/02\/Wigilia-dla-zwierz\u0105t-2020-5-700x394.jpg\" alt=\"\" class=\"wp-image-1714\" srcset=\"https:\/\/rotary.zamosc.pl\/wp-content\/uploads\/2020\/02\/Wigilia-dla-zwierz\u0105t-2020-5-700x394.jpg 700w, https:\/\/rotary.zamosc.pl\/wp-content\/uploads\/2020\/02\/Wigilia-dla-zwierz\u0105t-2020-5-300x169.jpg 300w, https:\/\/rotary.zamosc.pl\/wp-content\/uploads\/2020\/02\/Wigilia-dla-zwierz\u0105t-2020-5-768x432.jpg 768w, https:\/\/rotary.zamosc.pl\/wp-content\/uploads\/2020\/02\/Wigilia-dla-zwierz\u0105t-2020-5-800x450.jpg 800w, https:\/\/rotary.zamosc.pl\/wp-content\/uploads\/2020\/02\/Wigilia-dla-zwierz\u0105t-2020-5.jpg 1632w\" sizes=\"(max-width: 700px) 100vw, 700px\" \/><\/figure>\n\n\n\n<figure class=\"wp-block-image size-large\"><img loading=\"lazy\" decoding=\"async\" width=\"700\" height=\"394\" data-id=\"1715\" src=\"https:\/\/rotary.zamosc.pl\/wp-content\/uploads\/2020\/02\/Wigilia-dla-zwierz\u0105t-2020-6-700x394.jpg\" alt=\"\" class=\"wp-image-1715\" srcset=\"https:\/\/rotary.zamosc.pl\/wp-content\/uploads\/2020\/02\/Wigilia-dla-zwierz\u0105t-2020-6-700x394.jpg 700w, https:\/\/rotary.zamosc.pl\/wp-content\/uploads\/2020\/02\/Wigilia-dla-zwierz\u0105t-2020-6-300x169.jpg 300w, https:\/\/rotary.zamosc.pl\/wp-content\/uploads\/2020\/02\/Wigilia-dla-zwierz\u0105t-2020-6-768x432.jpg 768w, https:\/\/rotary.zamosc.pl\/wp-content\/uploads\/2020\/02\/Wigilia-dla-zwierz\u0105t-2020-6-800x450.jpg 800w, https:\/\/rotary.zamosc.pl\/wp-content\/uploads\/2020\/02\/Wigilia-dla-zwierz\u0105t-2020-6.jpg 1632w\" sizes=\"(max-width: 700px) 100vw, 700px\" \/><\/figure>\n<\/figure>\n","protected":false},"excerpt":{"rendered":"<p>Podobnie jak w ubieg\u0142ych latach z dobrowolnych sk\u0142adek cz\u0142onk\u00f3w Klubu wspomo\u017conych przez Skarbnika Klubu, kt\u00f3ry si\u0119gn\u0105\u0142 do klubowej kasy, zakupili\u015bmy such\u0105 karm\u0119 dla ps\u00f3w przebywaj\u0105cych w zamojskim azylu dla zwierz\u0105t.Akcj\u0119 pilotowali cz\u0142onkowie Klubu \u2013 Ela i Danek Szyma\u0144scy.<\/p>\n","protected":false},"author":1,"featured_media":1711,"comment_status":"open","ping_status":"open","sticky":false,"template":"","format":"standard","meta":{"footnotes":""},"categories":[15],"tags":[],"class_list":["post-6671","post","type-post","status-publish","format-standard","has-post-thumbnail","hentry","category-15"],"rttpg_featured_image_url":{"full":["https:\/\/rotary.zamosc.pl\/wp-content\/uploads\/2020\/02\/Wigilia-dla-zwierz\u0105t-2020-2.jpg",1632,918,false],"landscape":["https:\/\/rotary.zamosc.pl\/wp-content\/uploads\/2020\/02\/Wigilia-dla-zwierz\u0105t-2020-2.jpg",1632,918,false],"portraits":["https:\/\/rotary.zamosc.pl\/wp-content\/uploads\/2020\/02\/Wigilia-dla-zwierz\u0105t-2020-2.jpg",1632,918,false],"thumbnail":["https:\/\/rotary.zamosc.pl\/wp-content\/uploads\/2020\/02\/Wigilia-dla-zwierz\u0105t-2020-2-150x150.jpg",150,150,true],"medium":["https:\/\/rotary.zamosc.pl\/wp-content\/uploads\/2020\/02\/Wigilia-dla-zwierz\u0105t-2020-2-300x169.jpg",300,169,true],"large":["https:\/\/rotary.zamosc.pl\/wp-content\/uploads\/2020\/02\/Wigilia-dla-zwierz\u0105t-2020-2-700x394.jpg",700,394,true],"1536x1536":["https:\/\/rotary.zamosc.pl\/wp-content\/uploads\/2020\/02\/Wigilia-dla-zwierz\u0105t-2020-2.jpg",1536,864,false],"2048x2048":["https:\/\/rotary.zamosc.pl\/wp-content\/uploads\/2020\/02\/Wigilia-dla-zwierz\u0105t-2020-2.jpg",1632,918,false],"post-thumbnail":["https:\/\/rotary.zamosc.pl\/wp-content\/uploads\/2020\/02\/Wigilia-dla-zwierz\u0105t-2020-2-800x450.jpg",800,450,true],"graphy-post-thumbnail-large":["https:\/\/rotary.zamosc.pl\/wp-content\/uploads\/2020\/02\/Wigilia-dla-zwierz\u0105t-2020-2-1080x600.jpg",1080,600,true],"graphy-post-thumbnail-medium":["https:\/\/rotary.zamosc.pl\/wp-content\/uploads\/2020\/02\/Wigilia-dla-zwierz\u0105t-2020-2-482x300.jpg",482,300,true],"graphy-post-thumbnail-small":["https:\/\/rotary.zamosc.pl\/wp-content\/uploads\/2020\/02\/Wigilia-dla-zwierz\u0105t-2020-2-80x60.jpg",80,60,true],"graphy-page-thumbnail":["https:\/\/rotary.zamosc.pl\/wp-content\/uploads\/2020\/02\/Wigilia-dla-zwierz\u0105t-2020-2-1260x350.jpg",1260,350,true],"sow-carousel-default":["https:\/\/rotary.zamosc.pl\/wp-content\/uploads\/2020\/02\/Wigilia-dla-zwierz\u0105t-2020-2-272x182.jpg",272,182,true]},"rttpg_author":{"display_name":"rotaryzamosc","author_link":"https:\/\/rotary.zamosc.pl\/index.php\/author\/rotaryzamosc\/"},"rttpg_comment":0,"rttpg_category":"<a href=\"https:\/\/rotary.zamosc.pl\/index.php\/category\/2020\/\" rel=\"category tag\">2020<\/a>","rttpg_excerpt":"Podobnie jak w ubieg\u0142ych latach z dobrowolnych sk\u0142adek cz\u0142onk\u00f3w Klubu wspomo\u017conych przez Skarbnika Klubu, kt\u00f3ry si\u0119gn\u0105\u0142 do klubowej kasy, zakupili\u015bmy such\u0105 karm\u0119 dla ps\u00f3w przebywaj\u0105cych w zamojskim azylu dla zwierz\u0105t.Akcj\u0119 pilotowali cz\u0142onkowie Klubu \u2013 Ela i Danek Szyma\u0144scy.","_links":{"self":[{"href":"https:\/\/rotary.zamosc.pl\/index.php\/wp-json\/wp\/v2\/posts\/6671","targetHints":{"allow":["GET"]}}],"collection":[{"href":"https:\/\/rotary.zamosc.pl\/index.php\/wp-json\/wp\/v2\/posts"}],"about":[{"href":"https:\/\/rotary.zamosc.pl\/index.php\/wp-json\/wp\/v2\/types\/post"}],"author":[{"embeddable":true,"href":"https:\/\/rotary.zamosc.pl\/index.php\/wp-json\/wp\/v2\/users\/1"}],"replies":[{"embeddable":true,"href":"https:\/\/rotary.zamosc.pl\/index.php\/wp-json\/wp\/v2\/comments?post=6671"}],"version-history":[{"count":1,"href":"https:\/\/rotary.zamosc.pl\/index.php\/wp-json\/wp\/v2\/posts\/6671\/revisions"}],"predecessor-version":[{"id":6672,"href":"https:\/\/rotary.zamosc.pl\/index.php\/wp-json\/wp\/v2\/posts\/6671\/revisions\/6672"}],"wp:featuredmedia":[{"embeddable":true,"href":"https:\/\/rotary.zamosc.pl\/index.php\/wp-json\/wp\/v2\/media\/1711"}],"wp:attachment":[{"href":"https:\/\/rotary.zamosc.pl\/index.php\/wp-json\/wp\/v2\/media?parent=6671"}],"wp:term":[{"taxonomy":"category","embeddable":true,"href":"https:\/\/rotary.zamosc.pl\/index.php\/wp-json\/wp\/v2\/categories?post=6671"},{"taxonomy":"post_tag","embeddable":true,"href":"https:\/\/rotary.zamosc.pl\/index.php\/wp-json\/wp\/v2\/tags?post=6671"}],"curies":[{"name":"wp","href":"https:\/\/api.w.org\/{rel}","templated":true}]}}