{"id":6673,"date":"2020-12-13T11:20:00","date_gmt":"2020-12-13T10:20:00","guid":{"rendered":"https:\/\/rotary.zamosc.pl\/?p=6673"},"modified":"2026-03-18T11:20:59","modified_gmt":"2026-03-18T10:20:59","slug":"brawo-edyta-13-12-2020-r","status":"publish","type":"post","link":"https:\/\/rotary.zamosc.pl\/index.php\/2020\/12\/13\/brawo-edyta-13-12-2020-r\/","title":{"rendered":"BRAWO EDYTA 13.12.2020 R."},"content":{"rendered":"\n<p class=\"wp-block-paragraph\">W bie\u017c\u0105cym roku nasz Klub kolejny raz sta\u0142 si\u0119 fundatorem \u201eSZLACHETNEJ PACZKI\u201d. 23 kartony wype\u0142nione by\u0142y \u015brodkami opatrunkowymi, trwa\u0142\u0105 \u017cywno\u015bci\u0105, \u015brodkami czysto\u015bci i higieny osobistej. Tapczan i kabina prysznicowa trafi\u0142y do wytypowanej przez organizator\u00f3w akcji samotnie mieszkaj\u0105cej ii chorej kobiety.<br>W zainicjowanym przez Rotarian przedsi\u0119wzi\u0119ciu wzi\u0119li udzia\u0142 anonimowi darczy\u0144cy i firmy. Warto\u015b\u0107 przekazanych dar\u00f3w wyceniamy na kilka tysi\u0119cy z\u0142otych. Inicjatork\u0105 i moderatorem wszelkich dzia\u0142a\u0144 by\u0142a cz\u0142onkini naszego Klubu Edyta Panas, kt\u00f3rej dzielnie sekundowali Wiesio Rak i Jurek Liberadzki.<\/p>\n","protected":false},"excerpt":{"rendered":"<p>W bie\u017c\u0105cym roku nasz Klub kolejny raz sta\u0142 si\u0119 fundatorem \u201eSZLACHETNEJ PACZKI\u201d. 23 kartony wype\u0142nione by\u0142y \u015brodkami opatrunkowymi, trwa\u0142\u0105 \u017cywno\u015bci\u0105, \u015brodkami czysto\u015bci i higieny osobistej. Tapczan i kabina prysznicowa trafi\u0142y do wytypowanej przez organizator\u00f3w akcji samotnie mieszkaj\u0105cej ii chorej kobiety.W zainicjowanym przez Rotarian przedsi\u0119wzi\u0119ciu wzi\u0119li udzia\u0142 anonimowi darczy\u0144cy i firmy. Warto\u015b\u0107 przekazanych dar\u00f3w wyceniamy na&#8230;<\/p>\n","protected":false},"author":1,"featured_media":1719,"comment_status":"open","ping_status":"open","sticky":false,"template":"","format":"standard","meta":{"footnotes":""},"categories":[15],"tags":[],"class_list":["post-6673","post","type-post","status-publish","format-standard","has-post-thumbnail","hentry","category-15"],"rttpg_featured_image_url":{"full":["https:\/\/rotary.zamosc.pl\/wp-content\/uploads\/2020\/02\/brawo-Edytka-rc-zamosc.jpg",639,906,false],"landscape":["https:\/\/rotary.zamosc.pl\/wp-content\/uploads\/2020\/02\/brawo-Edytka-rc-zamosc.jpg",639,906,false],"portraits":["https:\/\/rotary.zamosc.pl\/wp-content\/uploads\/2020\/02\/brawo-Edytka-rc-zamosc.jpg",639,906,false],"thumbnail":["https:\/\/rotary.zamosc.pl\/wp-content\/uploads\/2020\/02\/brawo-Edytka-rc-zamosc-150x150.jpg",150,150,true],"medium":["https:\/\/rotary.zamosc.pl\/wp-content\/uploads\/2020\/02\/brawo-Edytka-rc-zamosc-212x300.jpg",212,300,true],"large":["https:\/\/rotary.zamosc.pl\/wp-content\/uploads\/2020\/02\/brawo-Edytka-rc-zamosc.jpg",639,906,false],"1536x1536":["https:\/\/rotary.zamosc.pl\/wp-content\/uploads\/2020\/02\/brawo-Edytka-rc-zamosc.jpg",639,906,false],"2048x2048":["https:\/\/rotary.zamosc.pl\/wp-content\/uploads\/2020\/02\/brawo-Edytka-rc-zamosc.jpg",639,906,false],"post-thumbnail":["https:\/\/rotary.zamosc.pl\/wp-content\/uploads\/2020\/02\/brawo-Edytka-rc-zamosc.jpg",639,906,false],"graphy-post-thumbnail-large":["https:\/\/rotary.zamosc.pl\/wp-content\/uploads\/2020\/02\/brawo-Edytka-rc-zamosc-639x600.jpg",639,600,true],"graphy-post-thumbnail-medium":["https:\/\/rotary.zamosc.pl\/wp-content\/uploads\/2020\/02\/brawo-Edytka-rc-zamosc-482x300.jpg",482,300,true],"graphy-post-thumbnail-small":["https:\/\/rotary.zamosc.pl\/wp-content\/uploads\/2020\/02\/brawo-Edytka-rc-zamosc-80x60.jpg",80,60,true],"graphy-page-thumbnail":["https:\/\/rotary.zamosc.pl\/wp-content\/uploads\/2020\/02\/brawo-Edytka-rc-zamosc-639x350.jpg",639,350,true],"sow-carousel-default":["https:\/\/rotary.zamosc.pl\/wp-content\/uploads\/2020\/02\/brawo-Edytka-rc-zamosc-272x182.jpg",272,182,true]},"rttpg_author":{"display_name":"rotaryzamosc","author_link":"https:\/\/rotary.zamosc.pl\/index.php\/author\/rotaryzamosc\/"},"rttpg_comment":0,"rttpg_category":"<a href=\"https:\/\/rotary.zamosc.pl\/index.php\/category\/2020\/\" rel=\"category tag\">2020<\/a>","rttpg_excerpt":"W bie\u017c\u0105cym roku nasz Klub kolejny raz sta\u0142 si\u0119 fundatorem \u201eSZLACHETNEJ PACZKI\u201d. 23 kartony wype\u0142nione by\u0142y \u015brodkami opatrunkowymi, trwa\u0142\u0105 \u017cywno\u015bci\u0105, \u015brodkami czysto\u015bci i higieny osobistej. Tapczan i kabina prysznicowa trafi\u0142y do wytypowanej przez organizator\u00f3w akcji samotnie mieszkaj\u0105cej ii chorej kobiety.W zainicjowanym przez Rotarian przedsi\u0119wzi\u0119ciu wzi\u0119li udzia\u0142 anonimowi darczy\u0144cy i firmy. Warto\u015b\u0107 przekazanych dar\u00f3w wyceniamy na...","_links":{"self":[{"href":"https:\/\/rotary.zamosc.pl\/index.php\/wp-json\/wp\/v2\/posts\/6673","targetHints":{"allow":["GET"]}}],"collection":[{"href":"https:\/\/rotary.zamosc.pl\/index.php\/wp-json\/wp\/v2\/posts"}],"about":[{"href":"https:\/\/rotary.zamosc.pl\/index.php\/wp-json\/wp\/v2\/types\/post"}],"author":[{"embeddable":true,"href":"https:\/\/rotary.zamosc.pl\/index.php\/wp-json\/wp\/v2\/users\/1"}],"replies":[{"embeddable":true,"href":"https:\/\/rotary.zamosc.pl\/index.php\/wp-json\/wp\/v2\/comments?post=6673"}],"version-history":[{"count":1,"href":"https:\/\/rotary.zamosc.pl\/index.php\/wp-json\/wp\/v2\/posts\/6673\/revisions"}],"predecessor-version":[{"id":6674,"href":"https:\/\/rotary.zamosc.pl\/index.php\/wp-json\/wp\/v2\/posts\/6673\/revisions\/6674"}],"wp:featuredmedia":[{"embeddable":true,"href":"https:\/\/rotary.zamosc.pl\/index.php\/wp-json\/wp\/v2\/media\/1719"}],"wp:attachment":[{"href":"https:\/\/rotary.zamosc.pl\/index.php\/wp-json\/wp\/v2\/media?parent=6673"}],"wp:term":[{"taxonomy":"category","embeddable":true,"href":"https:\/\/rotary.zamosc.pl\/index.php\/wp-json\/wp\/v2\/categories?post=6673"},{"taxonomy":"post_tag","embeddable":true,"href":"https:\/\/rotary.zamosc.pl\/index.php\/wp-json\/wp\/v2\/tags?post=6673"}],"curies":[{"name":"wp","href":"https:\/\/api.w.org\/{rel}","templated":true}]}}