{"id":6677,"date":"2020-10-29T11:22:00","date_gmt":"2020-10-29T10:22:00","guid":{"rendered":"https:\/\/rotary.zamosc.pl\/?p=6677"},"modified":"2026-03-18T11:24:51","modified_gmt":"2026-03-18T10:24:51","slug":"projekt-emilka-29-10-2020","status":"publish","type":"post","link":"https:\/\/rotary.zamosc.pl\/index.php\/2020\/10\/29\/projekt-emilka-29-10-2020\/","title":{"rendered":"Projekt Emilka \u2013 29.10.2020"},"content":{"rendered":"\n<p class=\"wp-block-paragraph\">RC Zamo\u015b\u0107 rozpoczyna kolejny projekt charytatywny. Inwestycja dotyczy wymiany dachu na budynku, kt\u00f3ry kiedy\u015b pe\u0142ni\u0142 funkcj\u0119 obory a obecnie w cz\u0119\u015bci jest mieszkaniem w kt\u00f3rym zamieszkuje matka i jej trzy c\u00f3rki.<\/p>\n\n\n\n<p class=\"wp-block-paragraph\">Budynek w ca\u0142o\u015bci pokryty by\u0142 eternitem.&nbsp; Mieszkanie to sk\u0142ada si\u0119 z przybud\u00f3wki i dwu pomieszcze\u0144. Przybud\u00f3wka prowizorycznie zabezpiecza wej\u015bcie do mieszkania przed deszczem&nbsp; i wiatrem prowadzi do pomieszczenia s\u0142u\u017c\u0105cego jako kuchnia, w kt\u00f3rym znajduje si\u0119 &nbsp;du\u017ca w\u0119glowa kuchnia, miednica z szafk\u0105 spe\u0142niaj\u0105ce funkcje \u0142azienki i jedno spanie. Drugie pomieszczenie to pok\u00f3j z trzema spaniami. Budynek bez ocieplenia i wody.<\/p>\n\n\n\n<hr class=\"wp-block-separator has-alpha-channel-opacity\"\/>\n\n\n\n<p class=\"wp-block-paragraph\">Toaleta na podw\u00f3rzu.Projekt Emilka \u2013 chronologia dzia\u0142a\u0144 (uzupe\u0142niona)<\/p>\n\n\n\n<ol class=\"wp-block-list\">\n<li>17 grudzie\u0144 2019 r. pierwsza wizyta Eli i Mirka u rodziny w miejscowo\u015bci D\u0105browa k\/Zamo\u015bcia w odleg\u0142o\u015b\u0107 ok. 14 km. RC Zamo\u015b\u0107 przekaza\u0142 rodzinie komplet mebli kuchennych.<\/li>\n\n\n\n<li>Przekazanie informacji cz\u0142onkom Klubu o smutnej sytuacji mamy i trzech c\u00f3rek<\/li>\n\n\n\n<li>Podczas zimy dwa transporty drzewa zawi\u00f3z\u0142 Danek Szyma\u0144ski<\/li>\n\n\n\n<li>Paczki \u015bwi\u0105teczne-Wielkanocne przygotowa\u0142y rodziny P. Gumulinskich i Szymanskich<\/li>\n\n\n\n<li>\u015arodki dezynfekcyjne maseczki, r\u0119kawiczki przekazali Zbyszek Gumuli\u0144ski i Danek Szyma\u0144ski.<\/li>\n\n\n\n<li>Po \u015awi\u0119tach Wielkanocnych podj\u0119ta zosta\u0142a decyzja o szerszej pomocy rodzinie. Najpilniejszy do wymiany dach \u2013 wiosenne deszcze i topniej\u0105cy \u015bnieg zalewa pomieszczenia mieszkalne !<\/li>\n\n\n\n<li>W mi\u0119dzyczasie leczenie dermatologiczne ma\u0142ej Dagmary pilotowane i op\u0142acone przez El\u0119 Szyma\u0144sk\u0105.<\/li>\n\n\n\n<li>Rower dla P. Barbary \u201eokno na \u015bwiat\u201d podarowa\u0142 kolega P. Szyma\u0144skich- motocyklista z Rzeszowa, trzeba by\u0142o go tylko odebra\u0107. Przywieziony przez El\u0119 i Danka<\/li>\n\n\n\n<li>P\u00f3\u0142kolonie dla dziewczynek Dagmary i Emilki 3.08.- 14.08. 2020r. Dziewczynki wyliczy\u0142y wsp\u00f3lnego podr\u00f3\u017cowania przez 10 kolejnych dni ok.700 km. P\u00f3\u0142kolonie finansowa\u0142 Klub i dofinansowywa\u0142o TPD. Dziewczynki przywozi\u0142a do Zamo\u015bcia do TPD i odwozi\u0142a do domu Ela Szyma\u0144ska<\/li>\n\n\n\n<li>Prace zwi\u0105zane z wymian\u0105 dachu 03. 08. 13.08.2020 r.<\/li>\n\n\n\n<li>Styropian do ocieplenia stropu na budynku przekaza\u0142 nieodp\u0142atnie nasz kolega klubowy Ryszard Antos.<\/li>\n\n\n\n<li>Wywiezienie starych mebli z podw\u00f3rka transportem Leszka Sikory. Za\u0142adunek i wy\u0142adunek na wysypisku w Zamo\u015bciu Leszek i Danek.<\/li>\n\n\n\n<li>W tak zwanym mi\u0119dzyczasie rozmowy w Urz\u0119dzie Gminy z W\u00f3jtem w sprawie zabrania i utylizacji zdj\u0119tego eternitu prowadzili Ela Szyma\u0144ska, Jurek Liberadzki \u00a0i Janusz Nowosad.<\/li>\n\n\n\n<li>Rozmowy z W\u00f3jtem na temat zapomogi, ustalono post\u0119powanie w tej sprawie.<\/li>\n<\/ol>\n\n\n\n<p class=\"wp-block-paragraph\">Do pe\u0142ni szcz\u0119\u015bcia pozosta\u0142a zabudowa ganku chroni\u0105ca od wiatru, deszczu, \u015bniegu i zwi\u0119kszaj\u0105ca jednocze\u015bnie substancj\u0119 mieszkaln\u0105.<\/p>\n\n\n\n<ol start=\"15\" class=\"wp-block-list\">\n<li>10.20 r. zakup drzewa na ganek.<\/li>\n\n\n\n<li>10.20 r. ekipa stolarska Pana Jarka rozpocz\u0119\u0142a prac\u0119.<\/li>\n\n\n\n<li>10.20 r. zako\u0144czono prace stolarskie, powsta\u0142 \u0142adny ganek.<\/li>\n\n\n\n<li>10.20 r. ekipa Pana Paw\u0142a wstawi\u0142a okna i drzwi.<\/li>\n\n\n\n<li>Koszt projektu ok. 37 000 z\u0142<\/li>\n\n\n\n<li>10.20 r. zako\u0144czono Projekt Emilka.<\/li>\n<\/ol>\n\n\n\n<figure class=\"wp-block-gallery has-nested-images columns-1 is-cropped wp-block-gallery-1 is-layout-flex wp-block-gallery-is-layout-flex\">\n<figure class=\"wp-block-image size-large\"><img fetchpriority=\"high\" decoding=\"async\" width=\"700\" height=\"394\" data-id=\"1681\" src=\"https:\/\/rotary.zamosc.pl\/wp-content\/uploads\/2020\/02\/20200722_173626-700x394.jpg\" alt=\"\" class=\"wp-image-1681\" srcset=\"https:\/\/rotary.zamosc.pl\/wp-content\/uploads\/2020\/02\/20200722_173626-700x394.jpg 700w, https:\/\/rotary.zamosc.pl\/wp-content\/uploads\/2020\/02\/20200722_173626-300x169.jpg 300w, https:\/\/rotary.zamosc.pl\/wp-content\/uploads\/2020\/02\/20200722_173626-768x432.jpg 768w, https:\/\/rotary.zamosc.pl\/wp-content\/uploads\/2020\/02\/20200722_173626-800x450.jpg 800w\" sizes=\"(max-width: 700px) 100vw, 700px\" \/><\/figure>\n\n\n\n<figure class=\"wp-block-image size-large\"><img decoding=\"async\" width=\"700\" height=\"394\" data-id=\"1639\" src=\"https:\/\/rotary.zamosc.pl\/wp-content\/uploads\/2020\/02\/projekt-emilka-cd-2020-5-700x394.jpg\" alt=\"\" class=\"wp-image-1639\" srcset=\"https:\/\/rotary.zamosc.pl\/wp-content\/uploads\/2020\/02\/projekt-emilka-cd-2020-5-700x394.jpg 700w, https:\/\/rotary.zamosc.pl\/wp-content\/uploads\/2020\/02\/projekt-emilka-cd-2020-5-300x169.jpg 300w, https:\/\/rotary.zamosc.pl\/wp-content\/uploads\/2020\/02\/projekt-emilka-cd-2020-5-768x432.jpg 768w, https:\/\/rotary.zamosc.pl\/wp-content\/uploads\/2020\/02\/projekt-emilka-cd-2020-5-800x450.jpg 800w, https:\/\/rotary.zamosc.pl\/wp-content\/uploads\/2020\/02\/projekt-emilka-cd-2020-5.jpg 1000w\" sizes=\"(max-width: 700px) 100vw, 700px\" \/><\/figure>\n\n\n\n<figure class=\"wp-block-image size-large\"><img decoding=\"async\" width=\"700\" height=\"394\" data-id=\"1638\" src=\"https:\/\/rotary.zamosc.pl\/wp-content\/uploads\/2020\/02\/projekt-emilka-cd-2020-4-700x394.jpg\" alt=\"\" class=\"wp-image-1638\" srcset=\"https:\/\/rotary.zamosc.pl\/wp-content\/uploads\/2020\/02\/projekt-emilka-cd-2020-4-700x394.jpg 700w, https:\/\/rotary.zamosc.pl\/wp-content\/uploads\/2020\/02\/projekt-emilka-cd-2020-4-300x169.jpg 300w, https:\/\/rotary.zamosc.pl\/wp-content\/uploads\/2020\/02\/projekt-emilka-cd-2020-4-768x432.jpg 768w, https:\/\/rotary.zamosc.pl\/wp-content\/uploads\/2020\/02\/projekt-emilka-cd-2020-4-800x450.jpg 800w, https:\/\/rotary.zamosc.pl\/wp-content\/uploads\/2020\/02\/projekt-emilka-cd-2020-4.jpg 1000w\" sizes=\"(max-width: 700px) 100vw, 700px\" \/><\/figure>\n\n\n\n<figure class=\"wp-block-image size-large\"><img loading=\"lazy\" decoding=\"async\" width=\"700\" height=\"394\" data-id=\"1637\" src=\"https:\/\/rotary.zamosc.pl\/wp-content\/uploads\/2020\/02\/projekt-emilka-cd-2020-3-700x394.jpg\" alt=\"\" class=\"wp-image-1637\" srcset=\"https:\/\/rotary.zamosc.pl\/wp-content\/uploads\/2020\/02\/projekt-emilka-cd-2020-3-700x394.jpg 700w, https:\/\/rotary.zamosc.pl\/wp-content\/uploads\/2020\/02\/projekt-emilka-cd-2020-3-300x169.jpg 300w, https:\/\/rotary.zamosc.pl\/wp-content\/uploads\/2020\/02\/projekt-emilka-cd-2020-3-768x432.jpg 768w, https:\/\/rotary.zamosc.pl\/wp-content\/uploads\/2020\/02\/projekt-emilka-cd-2020-3-800x450.jpg 800w, https:\/\/rotary.zamosc.pl\/wp-content\/uploads\/2020\/02\/projekt-emilka-cd-2020-3.jpg 1000w\" sizes=\"(max-width: 700px) 100vw, 700px\" \/><\/figure>\n\n\n\n<figure class=\"wp-block-image size-large\"><img loading=\"lazy\" decoding=\"async\" width=\"700\" height=\"394\" data-id=\"1636\" src=\"https:\/\/rotary.zamosc.pl\/wp-content\/uploads\/2020\/02\/projekt-emilka-cd-2020-2-700x394.jpg\" alt=\"\" class=\"wp-image-1636\" srcset=\"https:\/\/rotary.zamosc.pl\/wp-content\/uploads\/2020\/02\/projekt-emilka-cd-2020-2-700x394.jpg 700w, https:\/\/rotary.zamosc.pl\/wp-content\/uploads\/2020\/02\/projekt-emilka-cd-2020-2-300x169.jpg 300w, https:\/\/rotary.zamosc.pl\/wp-content\/uploads\/2020\/02\/projekt-emilka-cd-2020-2-768x432.jpg 768w, https:\/\/rotary.zamosc.pl\/wp-content\/uploads\/2020\/02\/projekt-emilka-cd-2020-2-800x450.jpg 800w, https:\/\/rotary.zamosc.pl\/wp-content\/uploads\/2020\/02\/projekt-emilka-cd-2020-2.jpg 1000w\" sizes=\"(max-width: 700px) 100vw, 700px\" \/><\/figure>\n\n\n\n<figure class=\"wp-block-image size-large\"><img loading=\"lazy\" decoding=\"async\" width=\"700\" height=\"394\" data-id=\"1635\" src=\"https:\/\/rotary.zamosc.pl\/wp-content\/uploads\/2020\/02\/projekt-emilka-cd-2020-1-700x394.jpg\" alt=\"\" class=\"wp-image-1635\" srcset=\"https:\/\/rotary.zamosc.pl\/wp-content\/uploads\/2020\/02\/projekt-emilka-cd-2020-1-700x394.jpg 700w, https:\/\/rotary.zamosc.pl\/wp-content\/uploads\/2020\/02\/projekt-emilka-cd-2020-1-300x169.jpg 300w, https:\/\/rotary.zamosc.pl\/wp-content\/uploads\/2020\/02\/projekt-emilka-cd-2020-1-768x432.jpg 768w, https:\/\/rotary.zamosc.pl\/wp-content\/uploads\/2020\/02\/projekt-emilka-cd-2020-1-800x450.jpg 800w, https:\/\/rotary.zamosc.pl\/wp-content\/uploads\/2020\/02\/projekt-emilka-cd-2020-1.jpg 1000w\" sizes=\"(max-width: 700px) 100vw, 700px\" \/><\/figure>\n\n\n\n<figure class=\"wp-block-image size-large\"><img loading=\"lazy\" decoding=\"async\" width=\"700\" height=\"525\" data-id=\"1632\" src=\"https:\/\/rotary.zamosc.pl\/wp-content\/uploads\/2020\/02\/projekt-emilka-2020-3-1-700x525.jpg\" alt=\"\" class=\"wp-image-1632\" srcset=\"https:\/\/rotary.zamosc.pl\/wp-content\/uploads\/2020\/02\/projekt-emilka-2020-3-1-700x525.jpg 700w, https:\/\/rotary.zamosc.pl\/wp-content\/uploads\/2020\/02\/projekt-emilka-2020-3-1-300x225.jpg 300w, https:\/\/rotary.zamosc.pl\/wp-content\/uploads\/2020\/02\/projekt-emilka-2020-3-1-768x576.jpg 768w, https:\/\/rotary.zamosc.pl\/wp-content\/uploads\/2020\/02\/projekt-emilka-2020-3-1-800x600.jpg 800w, https:\/\/rotary.zamosc.pl\/wp-content\/uploads\/2020\/02\/projekt-emilka-2020-3-1-80x60.jpg 80w, https:\/\/rotary.zamosc.pl\/wp-content\/uploads\/2020\/02\/projekt-emilka-2020-3-1.jpg 1200w\" sizes=\"(max-width: 700px) 100vw, 700px\" \/><\/figure>\n\n\n\n<figure class=\"wp-block-image size-large\"><img loading=\"lazy\" decoding=\"async\" width=\"700\" height=\"525\" data-id=\"1631\" src=\"https:\/\/rotary.zamosc.pl\/wp-content\/uploads\/2020\/02\/projekt-emilka-2020-2-1-700x525.jpg\" alt=\"\" class=\"wp-image-1631\" srcset=\"https:\/\/rotary.zamosc.pl\/wp-content\/uploads\/2020\/02\/projekt-emilka-2020-2-1-700x525.jpg 700w, https:\/\/rotary.zamosc.pl\/wp-content\/uploads\/2020\/02\/projekt-emilka-2020-2-1-300x225.jpg 300w, https:\/\/rotary.zamosc.pl\/wp-content\/uploads\/2020\/02\/projekt-emilka-2020-2-1-768x576.jpg 768w, https:\/\/rotary.zamosc.pl\/wp-content\/uploads\/2020\/02\/projekt-emilka-2020-2-1-800x600.jpg 800w, https:\/\/rotary.zamosc.pl\/wp-content\/uploads\/2020\/02\/projekt-emilka-2020-2-1-80x60.jpg 80w, https:\/\/rotary.zamosc.pl\/wp-content\/uploads\/2020\/02\/projekt-emilka-2020-2-1.jpg 1200w\" sizes=\"(max-width: 700px) 100vw, 700px\" \/><\/figure>\n\n\n\n<figure class=\"wp-block-image size-large\"><img loading=\"lazy\" decoding=\"async\" width=\"700\" height=\"525\" data-id=\"1630\" src=\"https:\/\/rotary.zamosc.pl\/wp-content\/uploads\/2020\/02\/projekt-emilka-2020-1-1-700x525.jpg\" alt=\"\" class=\"wp-image-1630\" srcset=\"https:\/\/rotary.zamosc.pl\/wp-content\/uploads\/2020\/02\/projekt-emilka-2020-1-1-700x525.jpg 700w, https:\/\/rotary.zamosc.pl\/wp-content\/uploads\/2020\/02\/projekt-emilka-2020-1-1-300x225.jpg 300w, https:\/\/rotary.zamosc.pl\/wp-content\/uploads\/2020\/02\/projekt-emilka-2020-1-1-768x576.jpg 768w, https:\/\/rotary.zamosc.pl\/wp-content\/uploads\/2020\/02\/projekt-emilka-2020-1-1-800x600.jpg 800w, https:\/\/rotary.zamosc.pl\/wp-content\/uploads\/2020\/02\/projekt-emilka-2020-1-1-80x60.jpg 80w, https:\/\/rotary.zamosc.pl\/wp-content\/uploads\/2020\/02\/projekt-emilka-2020-1-1.jpg 1200w\" sizes=\"(max-width: 700px) 100vw, 700px\" \/><\/figure>\n\n\n\n<figure class=\"wp-block-image size-large\"><img loading=\"lazy\" decoding=\"async\" width=\"700\" height=\"394\" data-id=\"1622\" src=\"https:\/\/rotary.zamosc.pl\/wp-content\/uploads\/2020\/02\/projekt-emilka-2020-9-700x394.jpg\" alt=\"\" class=\"wp-image-1622\" srcset=\"https:\/\/rotary.zamosc.pl\/wp-content\/uploads\/2020\/02\/projekt-emilka-2020-9-700x394.jpg 700w, https:\/\/rotary.zamosc.pl\/wp-content\/uploads\/2020\/02\/projekt-emilka-2020-9-300x169.jpg 300w, https:\/\/rotary.zamosc.pl\/wp-content\/uploads\/2020\/02\/projekt-emilka-2020-9-768x432.jpg 768w, https:\/\/rotary.zamosc.pl\/wp-content\/uploads\/2020\/02\/projekt-emilka-2020-9-800x450.jpg 800w\" sizes=\"(max-width: 700px) 100vw, 700px\" \/><\/figure>\n\n\n\n<figure class=\"wp-block-image size-large\"><img loading=\"lazy\" decoding=\"async\" width=\"700\" height=\"394\" data-id=\"1621\" src=\"https:\/\/rotary.zamosc.pl\/wp-content\/uploads\/2020\/02\/projekt-emilka-2020-8-700x394.jpg\" alt=\"\" class=\"wp-image-1621\" srcset=\"https:\/\/rotary.zamosc.pl\/wp-content\/uploads\/2020\/02\/projekt-emilka-2020-8-700x394.jpg 700w, https:\/\/rotary.zamosc.pl\/wp-content\/uploads\/2020\/02\/projekt-emilka-2020-8-300x169.jpg 300w, https:\/\/rotary.zamosc.pl\/wp-content\/uploads\/2020\/02\/projekt-emilka-2020-8-768x432.jpg 768w, https:\/\/rotary.zamosc.pl\/wp-content\/uploads\/2020\/02\/projekt-emilka-2020-8-800x450.jpg 800w\" sizes=\"(max-width: 700px) 100vw, 700px\" \/><\/figure>\n\n\n\n<figure class=\"wp-block-image size-large\"><img loading=\"lazy\" decoding=\"async\" width=\"700\" height=\"394\" data-id=\"1620\" src=\"https:\/\/rotary.zamosc.pl\/wp-content\/uploads\/2020\/02\/projekt-emilka-2020-7-700x394.jpg\" alt=\"\" class=\"wp-image-1620\" srcset=\"https:\/\/rotary.zamosc.pl\/wp-content\/uploads\/2020\/02\/projekt-emilka-2020-7-700x394.jpg 700w, https:\/\/rotary.zamosc.pl\/wp-content\/uploads\/2020\/02\/projekt-emilka-2020-7-300x169.jpg 300w, https:\/\/rotary.zamosc.pl\/wp-content\/uploads\/2020\/02\/projekt-emilka-2020-7-768x432.jpg 768w, https:\/\/rotary.zamosc.pl\/wp-content\/uploads\/2020\/02\/projekt-emilka-2020-7-800x450.jpg 800w\" sizes=\"(max-width: 700px) 100vw, 700px\" \/><\/figure>\n\n\n\n<figure class=\"wp-block-image size-large\"><img loading=\"lazy\" decoding=\"async\" width=\"700\" height=\"394\" data-id=\"1619\" src=\"https:\/\/rotary.zamosc.pl\/wp-content\/uploads\/2020\/02\/projekt-emilka-2020-6-700x394.jpg\" alt=\"\" class=\"wp-image-1619\" srcset=\"https:\/\/rotary.zamosc.pl\/wp-content\/uploads\/2020\/02\/projekt-emilka-2020-6-700x394.jpg 700w, https:\/\/rotary.zamosc.pl\/wp-content\/uploads\/2020\/02\/projekt-emilka-2020-6-300x169.jpg 300w, https:\/\/rotary.zamosc.pl\/wp-content\/uploads\/2020\/02\/projekt-emilka-2020-6-768x432.jpg 768w, https:\/\/rotary.zamosc.pl\/wp-content\/uploads\/2020\/02\/projekt-emilka-2020-6-800x450.jpg 800w\" sizes=\"(max-width: 700px) 100vw, 700px\" \/><\/figure>\n\n\n\n<figure class=\"wp-block-image size-large\"><img loading=\"lazy\" decoding=\"async\" width=\"700\" height=\"394\" data-id=\"1618\" src=\"https:\/\/rotary.zamosc.pl\/wp-content\/uploads\/2020\/02\/projekt-emilka-2020-5-700x394.jpg\" alt=\"\" class=\"wp-image-1618\" srcset=\"https:\/\/rotary.zamosc.pl\/wp-content\/uploads\/2020\/02\/projekt-emilka-2020-5-700x394.jpg 700w, https:\/\/rotary.zamosc.pl\/wp-content\/uploads\/2020\/02\/projekt-emilka-2020-5-300x169.jpg 300w, https:\/\/rotary.zamosc.pl\/wp-content\/uploads\/2020\/02\/projekt-emilka-2020-5-768x432.jpg 768w, https:\/\/rotary.zamosc.pl\/wp-content\/uploads\/2020\/02\/projekt-emilka-2020-5-800x450.jpg 800w\" sizes=\"(max-width: 700px) 100vw, 700px\" \/><\/figure>\n\n\n\n<figure class=\"wp-block-image size-large\"><img loading=\"lazy\" decoding=\"async\" width=\"700\" height=\"394\" data-id=\"1616\" src=\"https:\/\/rotary.zamosc.pl\/wp-content\/uploads\/2020\/02\/projekt-emilka-2020-3-700x394.jpg\" alt=\"\" class=\"wp-image-1616\" srcset=\"https:\/\/rotary.zamosc.pl\/wp-content\/uploads\/2020\/02\/projekt-emilka-2020-3-700x394.jpg 700w, https:\/\/rotary.zamosc.pl\/wp-content\/uploads\/2020\/02\/projekt-emilka-2020-3-300x169.jpg 300w, https:\/\/rotary.zamosc.pl\/wp-content\/uploads\/2020\/02\/projekt-emilka-2020-3-768x432.jpg 768w, https:\/\/rotary.zamosc.pl\/wp-content\/uploads\/2020\/02\/projekt-emilka-2020-3-800x450.jpg 800w\" sizes=\"(max-width: 700px) 100vw, 700px\" \/><\/figure>\n\n\n\n<figure class=\"wp-block-image size-large\"><img loading=\"lazy\" decoding=\"async\" width=\"700\" height=\"394\" data-id=\"1617\" src=\"https:\/\/rotary.zamosc.pl\/wp-content\/uploads\/2020\/02\/projekt-emilka-2020-4-700x394.jpg\" alt=\"\" class=\"wp-image-1617\" srcset=\"https:\/\/rotary.zamosc.pl\/wp-content\/uploads\/2020\/02\/projekt-emilka-2020-4-700x394.jpg 700w, https:\/\/rotary.zamosc.pl\/wp-content\/uploads\/2020\/02\/projekt-emilka-2020-4-300x169.jpg 300w, https:\/\/rotary.zamosc.pl\/wp-content\/uploads\/2020\/02\/projekt-emilka-2020-4-768x432.jpg 768w, https:\/\/rotary.zamosc.pl\/wp-content\/uploads\/2020\/02\/projekt-emilka-2020-4-800x450.jpg 800w\" sizes=\"(max-width: 700px) 100vw, 700px\" \/><\/figure>\n\n\n\n<figure class=\"wp-block-image size-large\"><img loading=\"lazy\" decoding=\"async\" width=\"700\" height=\"394\" data-id=\"1615\" src=\"https:\/\/rotary.zamosc.pl\/wp-content\/uploads\/2020\/02\/projekt-emilka-2020-2-700x394.jpg\" alt=\"\" class=\"wp-image-1615\" srcset=\"https:\/\/rotary.zamosc.pl\/wp-content\/uploads\/2020\/02\/projekt-emilka-2020-2-700x394.jpg 700w, https:\/\/rotary.zamosc.pl\/wp-content\/uploads\/2020\/02\/projekt-emilka-2020-2-300x169.jpg 300w, https:\/\/rotary.zamosc.pl\/wp-content\/uploads\/2020\/02\/projekt-emilka-2020-2-768x432.jpg 768w, https:\/\/rotary.zamosc.pl\/wp-content\/uploads\/2020\/02\/projekt-emilka-2020-2-800x450.jpg 800w\" sizes=\"(max-width: 700px) 100vw, 700px\" \/><\/figure>\n\n\n\n<figure class=\"wp-block-image size-large\"><img loading=\"lazy\" decoding=\"async\" width=\"700\" height=\"394\" data-id=\"1614\" src=\"https:\/\/rotary.zamosc.pl\/wp-content\/uploads\/2020\/02\/projekt-emilka-2020-1-700x394.jpg\" alt=\"\" class=\"wp-image-1614\" srcset=\"https:\/\/rotary.zamosc.pl\/wp-content\/uploads\/2020\/02\/projekt-emilka-2020-1-700x394.jpg 700w, https:\/\/rotary.zamosc.pl\/wp-content\/uploads\/2020\/02\/projekt-emilka-2020-1-300x169.jpg 300w, https:\/\/rotary.zamosc.pl\/wp-content\/uploads\/2020\/02\/projekt-emilka-2020-1-768x432.jpg 768w, https:\/\/rotary.zamosc.pl\/wp-content\/uploads\/2020\/02\/projekt-emilka-2020-1-800x450.jpg 800w\" sizes=\"(max-width: 700px) 100vw, 700px\" \/><\/figure>\n<\/figure>\n","protected":false},"excerpt":{"rendered":"<p>RC Zamo\u015b\u0107 rozpoczyna kolejny projekt charytatywny. Inwestycja dotyczy wymiany dachu na budynku, kt\u00f3ry kiedy\u015b pe\u0142ni\u0142 funkcj\u0119 obory a obecnie w cz\u0119\u015bci jest mieszkaniem w kt\u00f3rym zamieszkuje matka i jej trzy c\u00f3rki. Budynek w ca\u0142o\u015bci pokryty by\u0142 eternitem.&nbsp; Mieszkanie to sk\u0142ada si\u0119 z przybud\u00f3wki i dwu pomieszcze\u0144. Przybud\u00f3wka prowizorycznie zabezpiecza wej\u015bcie do mieszkania przed deszczem&nbsp; i&#8230;<\/p>\n","protected":false},"author":1,"featured_media":1682,"comment_status":"open","ping_status":"open","sticky":false,"template":"","format":"standard","meta":{"footnotes":""},"categories":[15],"tags":[],"class_list":["post-6677","post","type-post","status-publish","format-standard","has-post-thumbnail","hentry","category-15"],"rttpg_featured_image_url":{"full":["https:\/\/rotary.zamosc.pl\/wp-content\/uploads\/2020\/02\/20201029_114856.jpg",3264,1836,false],"landscape":["https:\/\/rotary.zamosc.pl\/wp-content\/uploads\/2020\/02\/20201029_114856.jpg",3264,1836,false],"portraits":["https:\/\/rotary.zamosc.pl\/wp-content\/uploads\/2020\/02\/20201029_114856.jpg",3264,1836,false],"thumbnail":["https:\/\/rotary.zamosc.pl\/wp-content\/uploads\/2020\/02\/20201029_114856-150x150.jpg",150,150,true],"medium":["https:\/\/rotary.zamosc.pl\/wp-content\/uploads\/2020\/02\/20201029_114856-300x169.jpg",300,169,true],"large":["https:\/\/rotary.zamosc.pl\/wp-content\/uploads\/2020\/02\/20201029_114856-700x394.jpg",700,394,true],"1536x1536":["https:\/\/rotary.zamosc.pl\/wp-content\/uploads\/2020\/02\/20201029_114856.jpg",1536,864,false],"2048x2048":["https:\/\/rotary.zamosc.pl\/wp-content\/uploads\/2020\/02\/20201029_114856.jpg",2048,1152,false],"post-thumbnail":["https:\/\/rotary.zamosc.pl\/wp-content\/uploads\/2020\/02\/20201029_114856-800x450.jpg",800,450,true],"graphy-post-thumbnail-large":["https:\/\/rotary.zamosc.pl\/wp-content\/uploads\/2020\/02\/20201029_114856-1080x600.jpg",1080,600,true],"graphy-post-thumbnail-medium":["https:\/\/rotary.zamosc.pl\/wp-content\/uploads\/2020\/02\/20201029_114856-482x300.jpg",482,300,true],"graphy-post-thumbnail-small":["https:\/\/rotary.zamosc.pl\/wp-content\/uploads\/2020\/02\/20201029_114856-80x60.jpg",80,60,true],"graphy-page-thumbnail":["https:\/\/rotary.zamosc.pl\/wp-content\/uploads\/2020\/02\/20201029_114856-1260x350.jpg",1260,350,true],"sow-carousel-default":["https:\/\/rotary.zamosc.pl\/wp-content\/uploads\/2020\/02\/20201029_114856-272x182.jpg",272,182,true]},"rttpg_author":{"display_name":"rotaryzamosc","author_link":"https:\/\/rotary.zamosc.pl\/index.php\/author\/rotaryzamosc\/"},"rttpg_comment":0,"rttpg_category":"<a href=\"https:\/\/rotary.zamosc.pl\/index.php\/category\/2020\/\" rel=\"category tag\">2020<\/a>","rttpg_excerpt":"RC Zamo\u015b\u0107 rozpoczyna kolejny projekt charytatywny. Inwestycja dotyczy wymiany dachu na budynku, kt\u00f3ry kiedy\u015b pe\u0142ni\u0142 funkcj\u0119 obory a obecnie w cz\u0119\u015bci jest mieszkaniem w kt\u00f3rym zamieszkuje matka i jej trzy c\u00f3rki. Budynek w ca\u0142o\u015bci pokryty by\u0142 eternitem.&nbsp; Mieszkanie to sk\u0142ada si\u0119 z przybud\u00f3wki i dwu pomieszcze\u0144. Przybud\u00f3wka prowizorycznie zabezpiecza wej\u015bcie do mieszkania przed deszczem&nbsp; i...","_links":{"self":[{"href":"https:\/\/rotary.zamosc.pl\/index.php\/wp-json\/wp\/v2\/posts\/6677","targetHints":{"allow":["GET"]}}],"collection":[{"href":"https:\/\/rotary.zamosc.pl\/index.php\/wp-json\/wp\/v2\/posts"}],"about":[{"href":"https:\/\/rotary.zamosc.pl\/index.php\/wp-json\/wp\/v2\/types\/post"}],"author":[{"embeddable":true,"href":"https:\/\/rotary.zamosc.pl\/index.php\/wp-json\/wp\/v2\/users\/1"}],"replies":[{"embeddable":true,"href":"https:\/\/rotary.zamosc.pl\/index.php\/wp-json\/wp\/v2\/comments?post=6677"}],"version-history":[{"count":1,"href":"https:\/\/rotary.zamosc.pl\/index.php\/wp-json\/wp\/v2\/posts\/6677\/revisions"}],"predecessor-version":[{"id":6678,"href":"https:\/\/rotary.zamosc.pl\/index.php\/wp-json\/wp\/v2\/posts\/6677\/revisions\/6678"}],"wp:featuredmedia":[{"embeddable":true,"href":"https:\/\/rotary.zamosc.pl\/index.php\/wp-json\/wp\/v2\/media\/1682"}],"wp:attachment":[{"href":"https:\/\/rotary.zamosc.pl\/index.php\/wp-json\/wp\/v2\/media?parent=6677"}],"wp:term":[{"taxonomy":"category","embeddable":true,"href":"https:\/\/rotary.zamosc.pl\/index.php\/wp-json\/wp\/v2\/categories?post=6677"},{"taxonomy":"post_tag","embeddable":true,"href":"https:\/\/rotary.zamosc.pl\/index.php\/wp-json\/wp\/v2\/tags?post=6677"}],"curies":[{"name":"wp","href":"https:\/\/api.w.org\/{rel}","templated":true}]}}