{"id":6683,"date":"2020-08-11T11:29:00","date_gmt":"2020-08-11T09:29:00","guid":{"rendered":"https:\/\/rotary.zamosc.pl\/?p=6683"},"modified":"2026-03-18T11:30:41","modified_gmt":"2026-03-18T10:30:41","slug":"nowy-czlonek-w-rc-zamosc-11-08-2020","status":"publish","type":"post","link":"https:\/\/rotary.zamosc.pl\/index.php\/2020\/08\/11\/nowy-czlonek-w-rc-zamosc-11-08-2020\/","title":{"rendered":"Nowy Cz\u0142onek w RC Zamo\u015b\u0107 &#8211; 11.08.2020"},"content":{"rendered":"\n<p class=\"wp-block-paragraph\">W dniu 11 sierpnia 2020 roku szeregi naszego Klubu zasili\u0142 nowy kolega Wies\u0142aw Rak. Wies\u0142aw jest od wielu lat zaanga\u017cowany w dzia\u0142alno\u015b\u0107 charytatywn\u0105, prowadz\u0105c mi\u0119dzy innymi Warsztaty Terapiii Zaj\u0119ciowej dla os\u00f3b niepe\u0142no sprawnych. Jego wra\u017cliwo\u015b\u0107 na potrzeby innych idealnie wpisuje si\u0119 w ide\u0119 ruchu rotaria\u0144skiego.<\/p>\n\n\n\n<p class=\"wp-block-paragraph\">\u017byczymy Tobie Wiesiu wielu lat daj\u0105cej satysfakcj\u0119 s\u0142u\u017cby w my\u015bl maksymy \u201e service above self \u201e.<\/p>\n\n\n\n<figure class=\"wp-block-gallery has-nested-images columns-1 is-cropped wp-block-gallery-1 is-layout-flex wp-block-gallery-is-layout-flex\">\n<figure class=\"wp-block-image size-large\"><img fetchpriority=\"high\" decoding=\"async\" width=\"700\" height=\"525\" data-id=\"1642\" src=\"https:\/\/rotary.zamosc.pl\/wp-content\/uploads\/2020\/02\/DSCN0706-700x525.jpg\" alt=\"\" class=\"wp-image-1642\" srcset=\"https:\/\/rotary.zamosc.pl\/wp-content\/uploads\/2020\/02\/DSCN0706-700x525.jpg 700w, https:\/\/rotary.zamosc.pl\/wp-content\/uploads\/2020\/02\/DSCN0706-300x225.jpg 300w, https:\/\/rotary.zamosc.pl\/wp-content\/uploads\/2020\/02\/DSCN0706-768x576.jpg 768w, https:\/\/rotary.zamosc.pl\/wp-content\/uploads\/2020\/02\/DSCN0706-800x600.jpg 800w, https:\/\/rotary.zamosc.pl\/wp-content\/uploads\/2020\/02\/DSCN0706-80x60.jpg 80w, https:\/\/rotary.zamosc.pl\/wp-content\/uploads\/2020\/02\/DSCN0706.jpg 1600w\" sizes=\"(max-width: 700px) 100vw, 700px\" \/><\/figure>\n\n\n\n<figure class=\"wp-block-image size-large\"><img decoding=\"async\" width=\"700\" height=\"543\" data-id=\"1643\" src=\"https:\/\/rotary.zamosc.pl\/wp-content\/uploads\/2020\/02\/DSCN0707-700x543.jpg\" alt=\"\" class=\"wp-image-1643\" srcset=\"https:\/\/rotary.zamosc.pl\/wp-content\/uploads\/2020\/02\/DSCN0707-700x543.jpg 700w, https:\/\/rotary.zamosc.pl\/wp-content\/uploads\/2020\/02\/DSCN0707-300x233.jpg 300w, https:\/\/rotary.zamosc.pl\/wp-content\/uploads\/2020\/02\/DSCN0707-768x596.jpg 768w, https:\/\/rotary.zamosc.pl\/wp-content\/uploads\/2020\/02\/DSCN0707-800x620.jpg 800w, https:\/\/rotary.zamosc.pl\/wp-content\/uploads\/2020\/02\/DSCN0707.jpg 1483w\" sizes=\"(max-width: 700px) 100vw, 700px\" \/><\/figure>\n\n\n\n<figure class=\"wp-block-image size-large\"><img decoding=\"async\" width=\"700\" height=\"525\" data-id=\"1644\" src=\"https:\/\/rotary.zamosc.pl\/wp-content\/uploads\/2020\/02\/DSCN0710-700x525.jpg\" alt=\"\" class=\"wp-image-1644\" srcset=\"https:\/\/rotary.zamosc.pl\/wp-content\/uploads\/2020\/02\/DSCN0710-700x525.jpg 700w, https:\/\/rotary.zamosc.pl\/wp-content\/uploads\/2020\/02\/DSCN0710-300x225.jpg 300w, https:\/\/rotary.zamosc.pl\/wp-content\/uploads\/2020\/02\/DSCN0710-768x576.jpg 768w, https:\/\/rotary.zamosc.pl\/wp-content\/uploads\/2020\/02\/DSCN0710-800x600.jpg 800w, https:\/\/rotary.zamosc.pl\/wp-content\/uploads\/2020\/02\/DSCN0710-80x60.jpg 80w, https:\/\/rotary.zamosc.pl\/wp-content\/uploads\/2020\/02\/DSCN0710.jpg 1600w\" sizes=\"(max-width: 700px) 100vw, 700px\" \/><\/figure>\n<\/figure>\n","protected":false},"excerpt":{"rendered":"<p>W dniu 11 sierpnia 2020 roku szeregi naszego Klubu zasili\u0142 nowy kolega Wies\u0142aw Rak. Wies\u0142aw jest od wielu lat zaanga\u017cowany w dzia\u0142alno\u015b\u0107 charytatywn\u0105, prowadz\u0105c mi\u0119dzy innymi Warsztaty Terapiii Zaj\u0119ciowej dla os\u00f3b niepe\u0142no sprawnych. Jego wra\u017cliwo\u015b\u0107 na potrzeby innych idealnie wpisuje si\u0119 w ide\u0119 ruchu rotaria\u0144skiego. \u017byczymy Tobie Wiesiu wielu lat daj\u0105cej satysfakcj\u0119 s\u0142u\u017cby w my\u015bl&#8230;<\/p>\n","protected":false},"author":1,"featured_media":1641,"comment_status":"open","ping_status":"open","sticky":false,"template":"","format":"standard","meta":{"footnotes":""},"categories":[15],"tags":[],"class_list":["post-6683","post","type-post","status-publish","format-standard","has-post-thumbnail","hentry","category-15"],"rttpg_featured_image_url":{"full":["https:\/\/rotary.zamosc.pl\/wp-content\/uploads\/2020\/02\/DSCN0704.jpg",1600,1200,false],"landscape":["https:\/\/rotary.zamosc.pl\/wp-content\/uploads\/2020\/02\/DSCN0704.jpg",1600,1200,false],"portraits":["https:\/\/rotary.zamosc.pl\/wp-content\/uploads\/2020\/02\/DSCN0704.jpg",1600,1200,false],"thumbnail":["https:\/\/rotary.zamosc.pl\/wp-content\/uploads\/2020\/02\/DSCN0704-150x150.jpg",150,150,true],"medium":["https:\/\/rotary.zamosc.pl\/wp-content\/uploads\/2020\/02\/DSCN0704-300x225.jpg",300,225,true],"large":["https:\/\/rotary.zamosc.pl\/wp-content\/uploads\/2020\/02\/DSCN0704-700x525.jpg",700,525,true],"1536x1536":["https:\/\/rotary.zamosc.pl\/wp-content\/uploads\/2020\/02\/DSCN0704.jpg",1536,1152,false],"2048x2048":["https:\/\/rotary.zamosc.pl\/wp-content\/uploads\/2020\/02\/DSCN0704.jpg",1600,1200,false],"post-thumbnail":["https:\/\/rotary.zamosc.pl\/wp-content\/uploads\/2020\/02\/DSCN0704-800x600.jpg",800,600,true],"graphy-post-thumbnail-large":["https:\/\/rotary.zamosc.pl\/wp-content\/uploads\/2020\/02\/DSCN0704-1080x600.jpg",1080,600,true],"graphy-post-thumbnail-medium":["https:\/\/rotary.zamosc.pl\/wp-content\/uploads\/2020\/02\/DSCN0704-482x300.jpg",482,300,true],"graphy-post-thumbnail-small":["https:\/\/rotary.zamosc.pl\/wp-content\/uploads\/2020\/02\/DSCN0704-80x60.jpg",80,60,true],"graphy-page-thumbnail":["https:\/\/rotary.zamosc.pl\/wp-content\/uploads\/2020\/02\/DSCN0704-1260x350.jpg",1260,350,true],"sow-carousel-default":["https:\/\/rotary.zamosc.pl\/wp-content\/uploads\/2020\/02\/DSCN0704-272x182.jpg",272,182,true]},"rttpg_author":{"display_name":"rotaryzamosc","author_link":"https:\/\/rotary.zamosc.pl\/index.php\/author\/rotaryzamosc\/"},"rttpg_comment":0,"rttpg_category":"<a href=\"https:\/\/rotary.zamosc.pl\/index.php\/category\/2020\/\" rel=\"category tag\">2020<\/a>","rttpg_excerpt":"W dniu 11 sierpnia 2020 roku szeregi naszego Klubu zasili\u0142 nowy kolega Wies\u0142aw Rak. Wies\u0142aw jest od wielu lat zaanga\u017cowany w dzia\u0142alno\u015b\u0107 charytatywn\u0105, prowadz\u0105c mi\u0119dzy innymi Warsztaty Terapiii Zaj\u0119ciowej dla os\u00f3b niepe\u0142no sprawnych. Jego wra\u017cliwo\u015b\u0107 na potrzeby innych idealnie wpisuje si\u0119 w ide\u0119 ruchu rotaria\u0144skiego. \u017byczymy Tobie Wiesiu wielu lat daj\u0105cej satysfakcj\u0119 s\u0142u\u017cby w my\u015bl...","_links":{"self":[{"href":"https:\/\/rotary.zamosc.pl\/index.php\/wp-json\/wp\/v2\/posts\/6683","targetHints":{"allow":["GET"]}}],"collection":[{"href":"https:\/\/rotary.zamosc.pl\/index.php\/wp-json\/wp\/v2\/posts"}],"about":[{"href":"https:\/\/rotary.zamosc.pl\/index.php\/wp-json\/wp\/v2\/types\/post"}],"author":[{"embeddable":true,"href":"https:\/\/rotary.zamosc.pl\/index.php\/wp-json\/wp\/v2\/users\/1"}],"replies":[{"embeddable":true,"href":"https:\/\/rotary.zamosc.pl\/index.php\/wp-json\/wp\/v2\/comments?post=6683"}],"version-history":[{"count":1,"href":"https:\/\/rotary.zamosc.pl\/index.php\/wp-json\/wp\/v2\/posts\/6683\/revisions"}],"predecessor-version":[{"id":6684,"href":"https:\/\/rotary.zamosc.pl\/index.php\/wp-json\/wp\/v2\/posts\/6683\/revisions\/6684"}],"wp:featuredmedia":[{"embeddable":true,"href":"https:\/\/rotary.zamosc.pl\/index.php\/wp-json\/wp\/v2\/media\/1641"}],"wp:attachment":[{"href":"https:\/\/rotary.zamosc.pl\/index.php\/wp-json\/wp\/v2\/media?parent=6683"}],"wp:term":[{"taxonomy":"category","embeddable":true,"href":"https:\/\/rotary.zamosc.pl\/index.php\/wp-json\/wp\/v2\/categories?post=6683"},{"taxonomy":"post_tag","embeddable":true,"href":"https:\/\/rotary.zamosc.pl\/index.php\/wp-json\/wp\/v2\/tags?post=6683"}],"curies":[{"name":"wp","href":"https:\/\/api.w.org\/{rel}","templated":true}]}}