{"id":6685,"date":"2020-07-24T11:30:00","date_gmt":"2020-07-24T09:30:00","guid":{"rendered":"https:\/\/rotary.zamosc.pl\/?p=6685"},"modified":"2026-03-18T11:31:54","modified_gmt":"2026-03-18T10:31:54","slug":"przekazanie-sluzby-w-rc-janow-lubelski","status":"publish","type":"post","link":"https:\/\/rotary.zamosc.pl\/index.php\/2020\/07\/24\/przekazanie-sluzby-w-rc-janow-lubelski\/","title":{"rendered":"PRZEKAZANIE S\u0141U\u017bBY W RC JAN\u00d3W LUBELSKI"},"content":{"rendered":"\n<p class=\"wp-block-paragraph\">W dniu 24 lipca 2020 w zaprzyja\u017anionym Klubie RC Jan\u00f3w Lubelski, jak ka\u017cdego roku, nast\u0105pi\u0142o tradycyjne przekazanie s\u0142u\u017cby. Nowym Prezydentem w kadencji 2020\/2021 zosta\u0142 Tomasz Pietras. \u017byczymy wielu zrealizowanych projekt\u00f3w oraz du\u017co satysfakcji z pe\u0142nionej s\u0142u\u017cby.<\/p>\n\n\n\n<p class=\"wp-block-paragraph\">RC Zamo\u015b\u0107 reprezentowa\u0142 w trakcie uroczysto\u015bci skarbnik bie\u017c\u0105cej kadencji Adam Budzy\u0144ski wraz z ma\u0142\u017conk\u0105.<\/p>\n\n\n\n<figure class=\"wp-block-gallery has-nested-images columns-1 is-cropped wp-block-gallery-1 is-layout-flex wp-block-gallery-is-layout-flex\">\n<figure class=\"wp-block-image size-large\"><img fetchpriority=\"high\" decoding=\"async\" width=\"700\" height=\"525\" data-id=\"1646\" src=\"https:\/\/rotary.zamosc.pl\/wp-content\/uploads\/2020\/02\/przekazanie-s\u0142u\u017cby-RC-Jan\u00f3w-Lubelski-2020-1-700x525.jpg\" alt=\"\" class=\"wp-image-1646\" srcset=\"https:\/\/rotary.zamosc.pl\/wp-content\/uploads\/2020\/02\/przekazanie-s\u0142u\u017cby-RC-Jan\u00f3w-Lubelski-2020-1-700x525.jpg 700w, https:\/\/rotary.zamosc.pl\/wp-content\/uploads\/2020\/02\/przekazanie-s\u0142u\u017cby-RC-Jan\u00f3w-Lubelski-2020-1-300x225.jpg 300w, https:\/\/rotary.zamosc.pl\/wp-content\/uploads\/2020\/02\/przekazanie-s\u0142u\u017cby-RC-Jan\u00f3w-Lubelski-2020-1-768x576.jpg 768w, https:\/\/rotary.zamosc.pl\/wp-content\/uploads\/2020\/02\/przekazanie-s\u0142u\u017cby-RC-Jan\u00f3w-Lubelski-2020-1-800x600.jpg 800w, https:\/\/rotary.zamosc.pl\/wp-content\/uploads\/2020\/02\/przekazanie-s\u0142u\u017cby-RC-Jan\u00f3w-Lubelski-2020-1-80x60.jpg 80w, https:\/\/rotary.zamosc.pl\/wp-content\/uploads\/2020\/02\/przekazanie-s\u0142u\u017cby-RC-Jan\u00f3w-Lubelski-2020-1.jpg 1600w\" sizes=\"(max-width: 700px) 100vw, 700px\" \/><\/figure>\n\n\n\n<figure class=\"wp-block-image size-large\"><img decoding=\"async\" width=\"700\" height=\"525\" data-id=\"1648\" src=\"https:\/\/rotary.zamosc.pl\/wp-content\/uploads\/2020\/02\/przekazanie-s\u0142u\u017cby-RC-Jan\u00f3w-Lubelski-2020-3-700x525.jpg\" alt=\"\" class=\"wp-image-1648\" srcset=\"https:\/\/rotary.zamosc.pl\/wp-content\/uploads\/2020\/02\/przekazanie-s\u0142u\u017cby-RC-Jan\u00f3w-Lubelski-2020-3-700x525.jpg 700w, https:\/\/rotary.zamosc.pl\/wp-content\/uploads\/2020\/02\/przekazanie-s\u0142u\u017cby-RC-Jan\u00f3w-Lubelski-2020-3-300x225.jpg 300w, https:\/\/rotary.zamosc.pl\/wp-content\/uploads\/2020\/02\/przekazanie-s\u0142u\u017cby-RC-Jan\u00f3w-Lubelski-2020-3-768x576.jpg 768w, https:\/\/rotary.zamosc.pl\/wp-content\/uploads\/2020\/02\/przekazanie-s\u0142u\u017cby-RC-Jan\u00f3w-Lubelski-2020-3-800x600.jpg 800w, https:\/\/rotary.zamosc.pl\/wp-content\/uploads\/2020\/02\/przekazanie-s\u0142u\u017cby-RC-Jan\u00f3w-Lubelski-2020-3-80x60.jpg 80w, https:\/\/rotary.zamosc.pl\/wp-content\/uploads\/2020\/02\/przekazanie-s\u0142u\u017cby-RC-Jan\u00f3w-Lubelski-2020-3.jpg 1600w\" sizes=\"(max-width: 700px) 100vw, 700px\" \/><\/figure>\n<\/figure>\n","protected":false},"excerpt":{"rendered":"<p>W dniu 24 lipca 2020 w zaprzyja\u017anionym Klubie RC Jan\u00f3w Lubelski, jak ka\u017cdego roku, nast\u0105pi\u0142o tradycyjne przekazanie s\u0142u\u017cby. Nowym Prezydentem w kadencji 2020\/2021 zosta\u0142 Tomasz Pietras. \u017byczymy wielu zrealizowanych projekt\u00f3w oraz du\u017co satysfakcji z pe\u0142nionej s\u0142u\u017cby. RC Zamo\u015b\u0107 reprezentowa\u0142 w trakcie uroczysto\u015bci skarbnik bie\u017c\u0105cej kadencji Adam Budzy\u0144ski wraz z ma\u0142\u017conk\u0105.<\/p>\n","protected":false},"author":1,"featured_media":1649,"comment_status":"open","ping_status":"open","sticky":false,"template":"","format":"standard","meta":{"footnotes":""},"categories":[15],"tags":[],"class_list":["post-6685","post","type-post","status-publish","format-standard","has-post-thumbnail","hentry","category-15"],"rttpg_featured_image_url":{"full":["https:\/\/rotary.zamosc.pl\/wp-content\/uploads\/2020\/02\/przekazanie-s\u0142u\u017cby-RC-Jan\u00f3w-Lubelski-2020-2-1.jpg",1200,1600,false],"landscape":["https:\/\/rotary.zamosc.pl\/wp-content\/uploads\/2020\/02\/przekazanie-s\u0142u\u017cby-RC-Jan\u00f3w-Lubelski-2020-2-1.jpg",1200,1600,false],"portraits":["https:\/\/rotary.zamosc.pl\/wp-content\/uploads\/2020\/02\/przekazanie-s\u0142u\u017cby-RC-Jan\u00f3w-Lubelski-2020-2-1.jpg",1200,1600,false],"thumbnail":["https:\/\/rotary.zamosc.pl\/wp-content\/uploads\/2020\/02\/przekazanie-s\u0142u\u017cby-RC-Jan\u00f3w-Lubelski-2020-2-1-150x150.jpg",150,150,true],"medium":["https:\/\/rotary.zamosc.pl\/wp-content\/uploads\/2020\/02\/przekazanie-s\u0142u\u017cby-RC-Jan\u00f3w-Lubelski-2020-2-1-225x300.jpg",225,300,true],"large":["https:\/\/rotary.zamosc.pl\/wp-content\/uploads\/2020\/02\/przekazanie-s\u0142u\u017cby-RC-Jan\u00f3w-Lubelski-2020-2-1-700x933.jpg",700,933,true],"1536x1536":["https:\/\/rotary.zamosc.pl\/wp-content\/uploads\/2020\/02\/przekazanie-s\u0142u\u017cby-RC-Jan\u00f3w-Lubelski-2020-2-1.jpg",1152,1536,false],"2048x2048":["https:\/\/rotary.zamosc.pl\/wp-content\/uploads\/2020\/02\/przekazanie-s\u0142u\u017cby-RC-Jan\u00f3w-Lubelski-2020-2-1.jpg",1200,1600,false],"post-thumbnail":["https:\/\/rotary.zamosc.pl\/wp-content\/uploads\/2020\/02\/przekazanie-s\u0142u\u017cby-RC-Jan\u00f3w-Lubelski-2020-2-1-800x1067.jpg",800,1067,true],"graphy-post-thumbnail-large":["https:\/\/rotary.zamosc.pl\/wp-content\/uploads\/2020\/02\/przekazanie-s\u0142u\u017cby-RC-Jan\u00f3w-Lubelski-2020-2-1-1080x600.jpg",1080,600,true],"graphy-post-thumbnail-medium":["https:\/\/rotary.zamosc.pl\/wp-content\/uploads\/2020\/02\/przekazanie-s\u0142u\u017cby-RC-Jan\u00f3w-Lubelski-2020-2-1-482x300.jpg",482,300,true],"graphy-post-thumbnail-small":["https:\/\/rotary.zamosc.pl\/wp-content\/uploads\/2020\/02\/przekazanie-s\u0142u\u017cby-RC-Jan\u00f3w-Lubelski-2020-2-1-80x60.jpg",80,60,true],"graphy-page-thumbnail":["https:\/\/rotary.zamosc.pl\/wp-content\/uploads\/2020\/02\/przekazanie-s\u0142u\u017cby-RC-Jan\u00f3w-Lubelski-2020-2-1-1200x350.jpg",1200,350,true],"sow-carousel-default":["https:\/\/rotary.zamosc.pl\/wp-content\/uploads\/2020\/02\/przekazanie-s\u0142u\u017cby-RC-Jan\u00f3w-Lubelski-2020-2-1-272x182.jpg",272,182,true]},"rttpg_author":{"display_name":"rotaryzamosc","author_link":"https:\/\/rotary.zamosc.pl\/index.php\/author\/rotaryzamosc\/"},"rttpg_comment":0,"rttpg_category":"<a href=\"https:\/\/rotary.zamosc.pl\/index.php\/category\/2020\/\" rel=\"category tag\">2020<\/a>","rttpg_excerpt":"W dniu 24 lipca 2020 w zaprzyja\u017anionym Klubie RC Jan\u00f3w Lubelski, jak ka\u017cdego roku, nast\u0105pi\u0142o tradycyjne przekazanie s\u0142u\u017cby. Nowym Prezydentem w kadencji 2020\/2021 zosta\u0142 Tomasz Pietras. \u017byczymy wielu zrealizowanych projekt\u00f3w oraz du\u017co satysfakcji z pe\u0142nionej s\u0142u\u017cby. RC Zamo\u015b\u0107 reprezentowa\u0142 w trakcie uroczysto\u015bci skarbnik bie\u017c\u0105cej kadencji Adam Budzy\u0144ski wraz z ma\u0142\u017conk\u0105.","_links":{"self":[{"href":"https:\/\/rotary.zamosc.pl\/index.php\/wp-json\/wp\/v2\/posts\/6685","targetHints":{"allow":["GET"]}}],"collection":[{"href":"https:\/\/rotary.zamosc.pl\/index.php\/wp-json\/wp\/v2\/posts"}],"about":[{"href":"https:\/\/rotary.zamosc.pl\/index.php\/wp-json\/wp\/v2\/types\/post"}],"author":[{"embeddable":true,"href":"https:\/\/rotary.zamosc.pl\/index.php\/wp-json\/wp\/v2\/users\/1"}],"replies":[{"embeddable":true,"href":"https:\/\/rotary.zamosc.pl\/index.php\/wp-json\/wp\/v2\/comments?post=6685"}],"version-history":[{"count":1,"href":"https:\/\/rotary.zamosc.pl\/index.php\/wp-json\/wp\/v2\/posts\/6685\/revisions"}],"predecessor-version":[{"id":6686,"href":"https:\/\/rotary.zamosc.pl\/index.php\/wp-json\/wp\/v2\/posts\/6685\/revisions\/6686"}],"wp:featuredmedia":[{"embeddable":true,"href":"https:\/\/rotary.zamosc.pl\/index.php\/wp-json\/wp\/v2\/media\/1649"}],"wp:attachment":[{"href":"https:\/\/rotary.zamosc.pl\/index.php\/wp-json\/wp\/v2\/media?parent=6685"}],"wp:term":[{"taxonomy":"category","embeddable":true,"href":"https:\/\/rotary.zamosc.pl\/index.php\/wp-json\/wp\/v2\/categories?post=6685"},{"taxonomy":"post_tag","embeddable":true,"href":"https:\/\/rotary.zamosc.pl\/index.php\/wp-json\/wp\/v2\/tags?post=6685"}],"curies":[{"name":"wp","href":"https:\/\/api.w.org\/{rel}","templated":true}]}}