{"id":6689,"date":"2020-07-21T11:33:00","date_gmt":"2020-07-21T09:33:00","guid":{"rendered":"https:\/\/rotary.zamosc.pl\/?p=6689"},"modified":"2026-03-18T11:34:13","modified_gmt":"2026-03-18T10:34:13","slug":"rc-zamosc-w-czasie-pandemii","status":"publish","type":"post","link":"https:\/\/rotary.zamosc.pl\/index.php\/2020\/07\/21\/rc-zamosc-w-czasie-pandemii\/","title":{"rendered":"RC Zamo\u015b\u0107 w czasie pandemii"},"content":{"rendered":"\n<p class=\"wp-block-paragraph\">We wtorek 21 lipca 2020 roku, o godzinie 19.30, w ramach cotygodniowych spotka\u0144 RC Zamo\u015b\u0107, odb\u0119dzie si\u0119 wyk\u0142ad dr n med. Tomasza \u017b\u0105dkowskiego, urologa dzieci\u0119cego i wyk\u0142adowcy UM w Lublinie, na temat \u201e Zarz\u0105dzanie podmiotami gospodarczymi w okresie epidemii SARS COVID-19\u201d.<\/p>\n\n\n\n<p class=\"wp-block-paragraph\">Poniewa\u017c wyk\u0142ad b\u0119dzie transmitowany na platformie ZOOM, zainteresowani powinni mie\u0107 zainstalowan\u0105 aplikacj\u0119 na telefonie kom\u00f3rkowym lub komputerze.<\/p>\n\n\n\n<p class=\"wp-block-paragraph\">Link, ID i Meeting Passcode poni\u017cej:<br><a href=\"https:\/\/zoom.us\/j\/7898471357?pwd=Vmc5UWxTdjdmeEZwZlRHRVJELzV6dz09\">https:\/\/zoom.us\/j\/7898471357?pwd=Vmc5UWxTdjdmeEZwZlRHRVJELzV6dz09<\/a><br>Meeting ID: 789 847 1357<br>Passcode: 4nEqCm<br>Link b\u0119dzie aktywny 21.07.2020 od godziny 19:25<\/p>\n\n\n\n<p class=\"wp-block-paragraph\">Wyk\u0142ad dr Tomasza \u017b\u0105dkowskiego jest pierwsz\u0105 tego typu inicjatyw\u0105 RC Zamo\u015b\u0107. O nast\u0119pnych b\u0119dziemy powiadamiali naszych sympatyk\u00f3w na stronie <a href=\"http:\/\/www.rotary.zamosc.pl\">www.rotary.zamosc.pl<\/a> i na naszym facebooku.<\/p>\n\n\n\n<p class=\"wp-block-paragraph\"><\/p>\n","protected":false},"excerpt":{"rendered":"<p>We wtorek 21 lipca 2020 roku, o godzinie 19.30, w ramach cotygodniowych spotka\u0144 RC Zamo\u015b\u0107, odb\u0119dzie si\u0119 wyk\u0142ad dr n med. Tomasza \u017b\u0105dkowskiego, urologa dzieci\u0119cego i wyk\u0142adowcy UM w Lublinie, na temat \u201e Zarz\u0105dzanie podmiotami gospodarczymi w okresie epidemii SARS COVID-19\u201d. Poniewa\u017c wyk\u0142ad b\u0119dzie transmitowany na platformie ZOOM, zainteresowani powinni mie\u0107 zainstalowan\u0105 aplikacj\u0119 na telefonie&#8230;<\/p>\n","protected":false},"author":1,"featured_media":6119,"comment_status":"open","ping_status":"open","sticky":false,"template":"","format":"standard","meta":{"footnotes":""},"categories":[15],"tags":[],"class_list":["post-6689","post","type-post","status-publish","format-standard","has-post-thumbnail","hentry","category-15"],"rttpg_featured_image_url":{"full":["https:\/\/rotary.zamosc.pl\/wp-content\/uploads\/2025\/12\/rotary-logos.png",900,442,false],"landscape":["https:\/\/rotary.zamosc.pl\/wp-content\/uploads\/2025\/12\/rotary-logos.png",900,442,false],"portraits":["https:\/\/rotary.zamosc.pl\/wp-content\/uploads\/2025\/12\/rotary-logos.png",900,442,false],"thumbnail":["https:\/\/rotary.zamosc.pl\/wp-content\/uploads\/2025\/12\/rotary-logos-150x150.png",150,150,true],"medium":["https:\/\/rotary.zamosc.pl\/wp-content\/uploads\/2025\/12\/rotary-logos-300x147.png",300,147,true],"large":["https:\/\/rotary.zamosc.pl\/wp-content\/uploads\/2025\/12\/rotary-logos-700x344.png",700,344,true],"1536x1536":["https:\/\/rotary.zamosc.pl\/wp-content\/uploads\/2025\/12\/rotary-logos.png",900,442,false],"2048x2048":["https:\/\/rotary.zamosc.pl\/wp-content\/uploads\/2025\/12\/rotary-logos.png",900,442,false],"post-thumbnail":["https:\/\/rotary.zamosc.pl\/wp-content\/uploads\/2025\/12\/rotary-logos-800x393.png",800,393,true],"graphy-post-thumbnail-large":["https:\/\/rotary.zamosc.pl\/wp-content\/uploads\/2025\/12\/rotary-logos.png",900,442,false],"graphy-post-thumbnail-medium":["https:\/\/rotary.zamosc.pl\/wp-content\/uploads\/2025\/12\/rotary-logos-482x300.png",482,300,true],"graphy-post-thumbnail-small":["https:\/\/rotary.zamosc.pl\/wp-content\/uploads\/2025\/12\/rotary-logos-80x60.png",80,60,true],"graphy-page-thumbnail":["https:\/\/rotary.zamosc.pl\/wp-content\/uploads\/2025\/12\/rotary-logos-900x350.png",900,350,true],"sow-carousel-default":["https:\/\/rotary.zamosc.pl\/wp-content\/uploads\/2025\/12\/rotary-logos-272x182.png",272,182,true]},"rttpg_author":{"display_name":"rotaryzamosc","author_link":"https:\/\/rotary.zamosc.pl\/index.php\/author\/rotaryzamosc\/"},"rttpg_comment":0,"rttpg_category":"<a href=\"https:\/\/rotary.zamosc.pl\/index.php\/category\/2020\/\" rel=\"category tag\">2020<\/a>","rttpg_excerpt":"We wtorek 21 lipca 2020 roku, o godzinie 19.30, w ramach cotygodniowych spotka\u0144 RC Zamo\u015b\u0107, odb\u0119dzie si\u0119 wyk\u0142ad dr n med. Tomasza \u017b\u0105dkowskiego, urologa dzieci\u0119cego i wyk\u0142adowcy UM w Lublinie, na temat \u201e Zarz\u0105dzanie podmiotami gospodarczymi w okresie epidemii SARS COVID-19\u201d. Poniewa\u017c wyk\u0142ad b\u0119dzie transmitowany na platformie ZOOM, zainteresowani powinni mie\u0107 zainstalowan\u0105 aplikacj\u0119 na telefonie...","_links":{"self":[{"href":"https:\/\/rotary.zamosc.pl\/index.php\/wp-json\/wp\/v2\/posts\/6689","targetHints":{"allow":["GET"]}}],"collection":[{"href":"https:\/\/rotary.zamosc.pl\/index.php\/wp-json\/wp\/v2\/posts"}],"about":[{"href":"https:\/\/rotary.zamosc.pl\/index.php\/wp-json\/wp\/v2\/types\/post"}],"author":[{"embeddable":true,"href":"https:\/\/rotary.zamosc.pl\/index.php\/wp-json\/wp\/v2\/users\/1"}],"replies":[{"embeddable":true,"href":"https:\/\/rotary.zamosc.pl\/index.php\/wp-json\/wp\/v2\/comments?post=6689"}],"version-history":[{"count":1,"href":"https:\/\/rotary.zamosc.pl\/index.php\/wp-json\/wp\/v2\/posts\/6689\/revisions"}],"predecessor-version":[{"id":6690,"href":"https:\/\/rotary.zamosc.pl\/index.php\/wp-json\/wp\/v2\/posts\/6689\/revisions\/6690"}],"wp:featuredmedia":[{"embeddable":true,"href":"https:\/\/rotary.zamosc.pl\/index.php\/wp-json\/wp\/v2\/media\/6119"}],"wp:attachment":[{"href":"https:\/\/rotary.zamosc.pl\/index.php\/wp-json\/wp\/v2\/media?parent=6689"}],"wp:term":[{"taxonomy":"category","embeddable":true,"href":"https:\/\/rotary.zamosc.pl\/index.php\/wp-json\/wp\/v2\/categories?post=6689"},{"taxonomy":"post_tag","embeddable":true,"href":"https:\/\/rotary.zamosc.pl\/index.php\/wp-json\/wp\/v2\/tags?post=6689"}],"curies":[{"name":"wp","href":"https:\/\/api.w.org\/{rel}","templated":true}]}}