{"id":6699,"date":"2020-04-20T11:47:00","date_gmt":"2020-04-20T09:47:00","guid":{"rendered":"https:\/\/rotary.zamosc.pl\/?p=6699"},"modified":"2026-03-18T11:48:23","modified_gmt":"2026-03-18T10:48:23","slug":"drodzy-darczyncy-2","status":"publish","type":"post","link":"https:\/\/rotary.zamosc.pl\/index.php\/2020\/04\/20\/drodzy-darczyncy-2\/","title":{"rendered":"Drodzy darczy\u0144cy."},"content":{"rendered":"\n<p class=\"wp-block-paragraph\">Zgodnie z za\u0142o\u017ceniami akcji \u201eZamo\u015b\u0107 na zdrowie\u201d, za pieni\u0105\u017cki zgromadzone w skarbonce \u201e<a href=\"http:\/\/siepomaga.pl\/nazdrowie\" target=\"_blank\" rel=\"noreferrer noopener\">siepomaga.pl\/nazdrowie<\/a>\u201d, zosta\u0142y zakupione \u015brodki ochrony osobistej i preparaty dezynfekcyjne dla zamojskiej S\u0142u\u017cby Zdrowia i DPS-\u00f3w w naszym regionie. Przekazanie pierwszej transzy zakupionych materia\u0142\u00f3w w postaci przy\u0142bic mia\u0142o miejsce 20 kwietnia 2020 roku bezpo\u015brednio w plac\u00f3wkach S\u0142u\u017cby Zdrowia w Zamo\u015bciu, przy udziale Prezydenta Miasta Zamo\u015b\u0107, dyrektor\u00f3w zamojskich szpitali i Prezydenta Rotary Club Zamo\u015b\u0107.<\/p>\n\n\n\n<figure class=\"wp-block-gallery has-nested-images columns-1 is-cropped wp-block-gallery-1 is-layout-flex wp-block-gallery-is-layout-flex\">\n<figure class=\"wp-block-image size-large\"><img fetchpriority=\"high\" decoding=\"async\" width=\"700\" height=\"525\" data-id=\"1535\" src=\"https:\/\/rotary.zamosc.pl\/wp-content\/uploads\/2020\/02\/Zakup-maseczek-COVID19-Rotary-Zamo\u015b\u0107-Prezydent-Zamo\u015bcia-Andrzej-Wnuk-prezydent-RC-Zamo\u015b\u0107-Bork-2-700x525.jpg\" alt=\"\" class=\"wp-image-1535\" srcset=\"https:\/\/rotary.zamosc.pl\/wp-content\/uploads\/2020\/02\/Zakup-maseczek-COVID19-Rotary-Zamo\u015b\u0107-Prezydent-Zamo\u015bcia-Andrzej-Wnuk-prezydent-RC-Zamo\u015b\u0107-Bork-2-700x525.jpg 700w, https:\/\/rotary.zamosc.pl\/wp-content\/uploads\/2020\/02\/Zakup-maseczek-COVID19-Rotary-Zamo\u015b\u0107-Prezydent-Zamo\u015bcia-Andrzej-Wnuk-prezydent-RC-Zamo\u015b\u0107-Bork-2-300x225.jpg 300w, https:\/\/rotary.zamosc.pl\/wp-content\/uploads\/2020\/02\/Zakup-maseczek-COVID19-Rotary-Zamo\u015b\u0107-Prezydent-Zamo\u015bcia-Andrzej-Wnuk-prezydent-RC-Zamo\u015b\u0107-Bork-2-768x576.jpg 768w, https:\/\/rotary.zamosc.pl\/wp-content\/uploads\/2020\/02\/Zakup-maseczek-COVID19-Rotary-Zamo\u015b\u0107-Prezydent-Zamo\u015bcia-Andrzej-Wnuk-prezydent-RC-Zamo\u015b\u0107-Bork-2.jpg 800w, https:\/\/rotary.zamosc.pl\/wp-content\/uploads\/2020\/02\/Zakup-maseczek-COVID19-Rotary-Zamo\u015b\u0107-Prezydent-Zamo\u015bcia-Andrzej-Wnuk-prezydent-RC-Zamo\u015b\u0107-Bork-2-80x60.jpg 80w\" sizes=\"(max-width: 700px) 100vw, 700px\" \/><\/figure>\n\n\n\n<figure class=\"wp-block-image size-large\"><img decoding=\"async\" width=\"700\" height=\"700\" data-id=\"1534\" src=\"https:\/\/rotary.zamosc.pl\/wp-content\/uploads\/2020\/02\/Zakup-maseczek-COVID19-Rotary-Zamo\u015b\u0107-Prezydent-Zamo\u015bcia-Andrzej-Wnuk-prezydent-RC-Zamo\u015b\u0107-Bork-1-700x700.jpg\" alt=\"\" class=\"wp-image-1534\" srcset=\"https:\/\/rotary.zamosc.pl\/wp-content\/uploads\/2020\/02\/Zakup-maseczek-COVID19-Rotary-Zamo\u015b\u0107-Prezydent-Zamo\u015bcia-Andrzej-Wnuk-prezydent-RC-Zamo\u015b\u0107-Bork-1-700x700.jpg 700w, https:\/\/rotary.zamosc.pl\/wp-content\/uploads\/2020\/02\/Zakup-maseczek-COVID19-Rotary-Zamo\u015b\u0107-Prezydent-Zamo\u015bcia-Andrzej-Wnuk-prezydent-RC-Zamo\u015b\u0107-Bork-1-150x150.jpg 150w, https:\/\/rotary.zamosc.pl\/wp-content\/uploads\/2020\/02\/Zakup-maseczek-COVID19-Rotary-Zamo\u015b\u0107-Prezydent-Zamo\u015bcia-Andrzej-Wnuk-prezydent-RC-Zamo\u015b\u0107-Bork-1-300x300.jpg 300w, https:\/\/rotary.zamosc.pl\/wp-content\/uploads\/2020\/02\/Zakup-maseczek-COVID19-Rotary-Zamo\u015b\u0107-Prezydent-Zamo\u015bcia-Andrzej-Wnuk-prezydent-RC-Zamo\u015b\u0107-Bork-1-768x768.jpg 768w, https:\/\/rotary.zamosc.pl\/wp-content\/uploads\/2020\/02\/Zakup-maseczek-COVID19-Rotary-Zamo\u015b\u0107-Prezydent-Zamo\u015bcia-Andrzej-Wnuk-prezydent-RC-Zamo\u015b\u0107-Bork-1.jpg 800w\" sizes=\"(max-width: 700px) 100vw, 700px\" \/><\/figure>\n<\/figure>\n","protected":false},"excerpt":{"rendered":"<p>Zgodnie z za\u0142o\u017ceniami akcji \u201eZamo\u015b\u0107 na zdrowie\u201d, za pieni\u0105\u017cki zgromadzone w skarbonce \u201esiepomaga.pl\/nazdrowie\u201d, zosta\u0142y zakupione \u015brodki ochrony osobistej i preparaty dezynfekcyjne dla zamojskiej S\u0142u\u017cby Zdrowia i DPS-\u00f3w w naszym regionie. Przekazanie pierwszej transzy zakupionych materia\u0142\u00f3w w postaci przy\u0142bic mia\u0142o miejsce 20 kwietnia 2020 roku bezpo\u015brednio w plac\u00f3wkach S\u0142u\u017cby Zdrowia w Zamo\u015bciu, przy udziale Prezydenta Miasta&#8230;<\/p>\n","protected":false},"author":1,"featured_media":1534,"comment_status":"open","ping_status":"open","sticky":false,"template":"","format":"standard","meta":{"footnotes":""},"categories":[15],"tags":[],"class_list":["post-6699","post","type-post","status-publish","format-standard","has-post-thumbnail","hentry","category-15"],"rttpg_featured_image_url":{"full":["https:\/\/rotary.zamosc.pl\/wp-content\/uploads\/2020\/02\/Zakup-maseczek-COVID19-Rotary-Zamo\u015b\u0107-Prezydent-Zamo\u015bcia-Andrzej-Wnuk-prezydent-RC-Zamo\u015b\u0107-Bork-1.jpg",800,800,false],"landscape":["https:\/\/rotary.zamosc.pl\/wp-content\/uploads\/2020\/02\/Zakup-maseczek-COVID19-Rotary-Zamo\u015b\u0107-Prezydent-Zamo\u015bcia-Andrzej-Wnuk-prezydent-RC-Zamo\u015b\u0107-Bork-1.jpg",800,800,false],"portraits":["https:\/\/rotary.zamosc.pl\/wp-content\/uploads\/2020\/02\/Zakup-maseczek-COVID19-Rotary-Zamo\u015b\u0107-Prezydent-Zamo\u015bcia-Andrzej-Wnuk-prezydent-RC-Zamo\u015b\u0107-Bork-1.jpg",800,800,false],"thumbnail":["https:\/\/rotary.zamosc.pl\/wp-content\/uploads\/2020\/02\/Zakup-maseczek-COVID19-Rotary-Zamo\u015b\u0107-Prezydent-Zamo\u015bcia-Andrzej-Wnuk-prezydent-RC-Zamo\u015b\u0107-Bork-1-150x150.jpg",150,150,true],"medium":["https:\/\/rotary.zamosc.pl\/wp-content\/uploads\/2020\/02\/Zakup-maseczek-COVID19-Rotary-Zamo\u015b\u0107-Prezydent-Zamo\u015bcia-Andrzej-Wnuk-prezydent-RC-Zamo\u015b\u0107-Bork-1-300x300.jpg",300,300,true],"large":["https:\/\/rotary.zamosc.pl\/wp-content\/uploads\/2020\/02\/Zakup-maseczek-COVID19-Rotary-Zamo\u015b\u0107-Prezydent-Zamo\u015bcia-Andrzej-Wnuk-prezydent-RC-Zamo\u015b\u0107-Bork-1-700x700.jpg",700,700,true],"1536x1536":["https:\/\/rotary.zamosc.pl\/wp-content\/uploads\/2020\/02\/Zakup-maseczek-COVID19-Rotary-Zamo\u015b\u0107-Prezydent-Zamo\u015bcia-Andrzej-Wnuk-prezydent-RC-Zamo\u015b\u0107-Bork-1.jpg",800,800,false],"2048x2048":["https:\/\/rotary.zamosc.pl\/wp-content\/uploads\/2020\/02\/Zakup-maseczek-COVID19-Rotary-Zamo\u015b\u0107-Prezydent-Zamo\u015bcia-Andrzej-Wnuk-prezydent-RC-Zamo\u015b\u0107-Bork-1.jpg",800,800,false],"post-thumbnail":["https:\/\/rotary.zamosc.pl\/wp-content\/uploads\/2020\/02\/Zakup-maseczek-COVID19-Rotary-Zamo\u015b\u0107-Prezydent-Zamo\u015bcia-Andrzej-Wnuk-prezydent-RC-Zamo\u015b\u0107-Bork-1-800x800.jpg",800,800,true],"graphy-post-thumbnail-large":["https:\/\/rotary.zamosc.pl\/wp-content\/uploads\/2020\/02\/Zakup-maseczek-COVID19-Rotary-Zamo\u015b\u0107-Prezydent-Zamo\u015bcia-Andrzej-Wnuk-prezydent-RC-Zamo\u015b\u0107-Bork-1-800x600.jpg",800,600,true],"graphy-post-thumbnail-medium":["https:\/\/rotary.zamosc.pl\/wp-content\/uploads\/2020\/02\/Zakup-maseczek-COVID19-Rotary-Zamo\u015b\u0107-Prezydent-Zamo\u015bcia-Andrzej-Wnuk-prezydent-RC-Zamo\u015b\u0107-Bork-1-482x300.jpg",482,300,true],"graphy-post-thumbnail-small":["https:\/\/rotary.zamosc.pl\/wp-content\/uploads\/2020\/02\/Zakup-maseczek-COVID19-Rotary-Zamo\u015b\u0107-Prezydent-Zamo\u015bcia-Andrzej-Wnuk-prezydent-RC-Zamo\u015b\u0107-Bork-1-80x60.jpg",80,60,true],"graphy-page-thumbnail":["https:\/\/rotary.zamosc.pl\/wp-content\/uploads\/2020\/02\/Zakup-maseczek-COVID19-Rotary-Zamo\u015b\u0107-Prezydent-Zamo\u015bcia-Andrzej-Wnuk-prezydent-RC-Zamo\u015b\u0107-Bork-1-800x350.jpg",800,350,true],"sow-carousel-default":["https:\/\/rotary.zamosc.pl\/wp-content\/uploads\/2020\/02\/Zakup-maseczek-COVID19-Rotary-Zamo\u015b\u0107-Prezydent-Zamo\u015bcia-Andrzej-Wnuk-prezydent-RC-Zamo\u015b\u0107-Bork-1-272x182.jpg",272,182,true]},"rttpg_author":{"display_name":"rotaryzamosc","author_link":"https:\/\/rotary.zamosc.pl\/index.php\/author\/rotaryzamosc\/"},"rttpg_comment":0,"rttpg_category":"<a href=\"https:\/\/rotary.zamosc.pl\/index.php\/category\/2020\/\" rel=\"category tag\">2020<\/a>","rttpg_excerpt":"Zgodnie z za\u0142o\u017ceniami akcji \u201eZamo\u015b\u0107 na zdrowie\u201d, za pieni\u0105\u017cki zgromadzone w skarbonce \u201esiepomaga.pl\/nazdrowie\u201d, zosta\u0142y zakupione \u015brodki ochrony osobistej i preparaty dezynfekcyjne dla zamojskiej S\u0142u\u017cby Zdrowia i DPS-\u00f3w w naszym regionie. Przekazanie pierwszej transzy zakupionych materia\u0142\u00f3w w postaci przy\u0142bic mia\u0142o miejsce 20 kwietnia 2020 roku bezpo\u015brednio w plac\u00f3wkach S\u0142u\u017cby Zdrowia w Zamo\u015bciu, przy udziale Prezydenta Miasta...","_links":{"self":[{"href":"https:\/\/rotary.zamosc.pl\/index.php\/wp-json\/wp\/v2\/posts\/6699","targetHints":{"allow":["GET"]}}],"collection":[{"href":"https:\/\/rotary.zamosc.pl\/index.php\/wp-json\/wp\/v2\/posts"}],"about":[{"href":"https:\/\/rotary.zamosc.pl\/index.php\/wp-json\/wp\/v2\/types\/post"}],"author":[{"embeddable":true,"href":"https:\/\/rotary.zamosc.pl\/index.php\/wp-json\/wp\/v2\/users\/1"}],"replies":[{"embeddable":true,"href":"https:\/\/rotary.zamosc.pl\/index.php\/wp-json\/wp\/v2\/comments?post=6699"}],"version-history":[{"count":1,"href":"https:\/\/rotary.zamosc.pl\/index.php\/wp-json\/wp\/v2\/posts\/6699\/revisions"}],"predecessor-version":[{"id":6700,"href":"https:\/\/rotary.zamosc.pl\/index.php\/wp-json\/wp\/v2\/posts\/6699\/revisions\/6700"}],"wp:featuredmedia":[{"embeddable":true,"href":"https:\/\/rotary.zamosc.pl\/index.php\/wp-json\/wp\/v2\/media\/1534"}],"wp:attachment":[{"href":"https:\/\/rotary.zamosc.pl\/index.php\/wp-json\/wp\/v2\/media?parent=6699"}],"wp:term":[{"taxonomy":"category","embeddable":true,"href":"https:\/\/rotary.zamosc.pl\/index.php\/wp-json\/wp\/v2\/categories?post=6699"},{"taxonomy":"post_tag","embeddable":true,"href":"https:\/\/rotary.zamosc.pl\/index.php\/wp-json\/wp\/v2\/tags?post=6699"}],"curies":[{"name":"wp","href":"https:\/\/api.w.org\/{rel}","templated":true}]}}