{"id":6701,"date":"2020-03-20T11:49:00","date_gmt":"2020-03-20T10:49:00","guid":{"rendered":"https:\/\/rotary.zamosc.pl\/?p=6701"},"modified":"2026-03-18T11:50:27","modified_gmt":"2026-03-18T10:50:27","slug":"smutna-wiadomosc-z-wolsztyna","status":"publish","type":"post","link":"https:\/\/rotary.zamosc.pl\/index.php\/2020\/03\/20\/smutna-wiadomosc-z-wolsztyna\/","title":{"rendered":"SMUTNA WIADOMO\u015a\u0106 Z WOLSZTYNA."},"content":{"rendered":"\n<p class=\"wp-block-paragraph\">Dzisiaj rano Pan B\u00f3g zabra\u0142 do siebie naszego Wspania\u0142ego Przyjaciela Witka Koberskiego.<\/p>\n\n\n\n<p class=\"wp-block-paragraph\">Witek by\u0142, jest i b\u0119dzie legend\u0105 naszego klubu, jego filarem i fundamentem.<\/p>\n\n\n\n<p class=\"wp-block-paragraph\">Zak\u0142ada\u0142 ten klub, by\u0142 pierwszym, czarterowym Prezydentem RC Wolsztyn, trzykrotnym Prezydentem, wieloletnim sekretarzem klubu. Za swoj\u0105 dzia\u0142alno\u015b\u0107 rotaria\u0144sk\u0105 zosta\u0142 trzykrotnie wyr\u00f3\u017cniony Paul Harris Fellow. <strong>By\u0142 Honorowym Cz\u0142onkiem RC Zamo\u015b\u0107.<\/strong><\/p>\n\n\n\n<p class=\"wp-block-paragraph\">Jego naczeln\u0105 dewiz\u0105&nbsp; \u017cyciow\u0105 by\u0142o czynienie dobra i niesienie pomocy wszystkim, kt\u00f3rzy jej potrzebowali. Czyni\u0142 to jako \u015bwietny lekarz chirurg, jako Rotarianin i jako Cz\u0142owiek.<br>By\u0142 dobrym Cz\u0142owiekiem i wspania\u0142ym Przyjacielem, na kt\u00f3rego zawsze mogli\u015bmy liczy\u0107.<br>Witku, b\u0119dziesz z nami zawsze.<\/p>\n\n\n\n<p class=\"wp-block-paragraph\">Janusz Lisiecki<\/p>\n\n\n\n<p class=\"wp-block-paragraph\">RC Wolsztyn<\/p>\n","protected":false},"excerpt":{"rendered":"<p>Dzisiaj rano Pan B\u00f3g zabra\u0142 do siebie naszego Wspania\u0142ego Przyjaciela Witka Koberskiego. Witek by\u0142, jest i b\u0119dzie legend\u0105 naszego klubu, jego filarem i fundamentem. Zak\u0142ada\u0142 ten klub, by\u0142 pierwszym, czarterowym Prezydentem RC Wolsztyn, trzykrotnym Prezydentem, wieloletnim sekretarzem klubu. Za swoj\u0105 dzia\u0142alno\u015b\u0107 rotaria\u0144sk\u0105 zosta\u0142 trzykrotnie wyr\u00f3\u017cniony Paul Harris Fellow. By\u0142 Honorowym Cz\u0142onkiem RC Zamo\u015b\u0107. Jego naczeln\u0105&#8230;<\/p>\n","protected":false},"author":1,"featured_media":1524,"comment_status":"open","ping_status":"open","sticky":false,"template":"","format":"standard","meta":{"footnotes":""},"categories":[15],"tags":[],"class_list":["post-6701","post","type-post","status-publish","format-standard","has-post-thumbnail","hentry","category-15"],"rttpg_featured_image_url":{"full":["https:\/\/rotary.zamosc.pl\/wp-content\/uploads\/2020\/02\/DSC_0475c.jpg",778,1158,false],"landscape":["https:\/\/rotary.zamosc.pl\/wp-content\/uploads\/2020\/02\/DSC_0475c.jpg",778,1158,false],"portraits":["https:\/\/rotary.zamosc.pl\/wp-content\/uploads\/2020\/02\/DSC_0475c.jpg",778,1158,false],"thumbnail":["https:\/\/rotary.zamosc.pl\/wp-content\/uploads\/2020\/02\/DSC_0475c-150x150.jpg",150,150,true],"medium":["https:\/\/rotary.zamosc.pl\/wp-content\/uploads\/2020\/02\/DSC_0475c-202x300.jpg",202,300,true],"large":["https:\/\/rotary.zamosc.pl\/wp-content\/uploads\/2020\/02\/DSC_0475c-700x1042.jpg",700,1042,true],"1536x1536":["https:\/\/rotary.zamosc.pl\/wp-content\/uploads\/2020\/02\/DSC_0475c.jpg",778,1158,false],"2048x2048":["https:\/\/rotary.zamosc.pl\/wp-content\/uploads\/2020\/02\/DSC_0475c.jpg",778,1158,false],"post-thumbnail":["https:\/\/rotary.zamosc.pl\/wp-content\/uploads\/2020\/02\/DSC_0475c.jpg",778,1158,false],"graphy-post-thumbnail-large":["https:\/\/rotary.zamosc.pl\/wp-content\/uploads\/2020\/02\/DSC_0475c-778x600.jpg",778,600,true],"graphy-post-thumbnail-medium":["https:\/\/rotary.zamosc.pl\/wp-content\/uploads\/2020\/02\/DSC_0475c-482x300.jpg",482,300,true],"graphy-post-thumbnail-small":["https:\/\/rotary.zamosc.pl\/wp-content\/uploads\/2020\/02\/DSC_0475c-80x60.jpg",80,60,true],"graphy-page-thumbnail":["https:\/\/rotary.zamosc.pl\/wp-content\/uploads\/2020\/02\/DSC_0475c-778x350.jpg",778,350,true],"sow-carousel-default":["https:\/\/rotary.zamosc.pl\/wp-content\/uploads\/2020\/02\/DSC_0475c-272x182.jpg",272,182,true]},"rttpg_author":{"display_name":"rotaryzamosc","author_link":"https:\/\/rotary.zamosc.pl\/index.php\/author\/rotaryzamosc\/"},"rttpg_comment":0,"rttpg_category":"<a href=\"https:\/\/rotary.zamosc.pl\/index.php\/category\/2020\/\" rel=\"category tag\">2020<\/a>","rttpg_excerpt":"Dzisiaj rano Pan B\u00f3g zabra\u0142 do siebie naszego Wspania\u0142ego Przyjaciela Witka Koberskiego. Witek by\u0142, jest i b\u0119dzie legend\u0105 naszego klubu, jego filarem i fundamentem. Zak\u0142ada\u0142 ten klub, by\u0142 pierwszym, czarterowym Prezydentem RC Wolsztyn, trzykrotnym Prezydentem, wieloletnim sekretarzem klubu. Za swoj\u0105 dzia\u0142alno\u015b\u0107 rotaria\u0144sk\u0105 zosta\u0142 trzykrotnie wyr\u00f3\u017cniony Paul Harris Fellow. By\u0142 Honorowym Cz\u0142onkiem RC Zamo\u015b\u0107. Jego naczeln\u0105...","_links":{"self":[{"href":"https:\/\/rotary.zamosc.pl\/index.php\/wp-json\/wp\/v2\/posts\/6701","targetHints":{"allow":["GET"]}}],"collection":[{"href":"https:\/\/rotary.zamosc.pl\/index.php\/wp-json\/wp\/v2\/posts"}],"about":[{"href":"https:\/\/rotary.zamosc.pl\/index.php\/wp-json\/wp\/v2\/types\/post"}],"author":[{"embeddable":true,"href":"https:\/\/rotary.zamosc.pl\/index.php\/wp-json\/wp\/v2\/users\/1"}],"replies":[{"embeddable":true,"href":"https:\/\/rotary.zamosc.pl\/index.php\/wp-json\/wp\/v2\/comments?post=6701"}],"version-history":[{"count":1,"href":"https:\/\/rotary.zamosc.pl\/index.php\/wp-json\/wp\/v2\/posts\/6701\/revisions"}],"predecessor-version":[{"id":6702,"href":"https:\/\/rotary.zamosc.pl\/index.php\/wp-json\/wp\/v2\/posts\/6701\/revisions\/6702"}],"wp:featuredmedia":[{"embeddable":true,"href":"https:\/\/rotary.zamosc.pl\/index.php\/wp-json\/wp\/v2\/media\/1524"}],"wp:attachment":[{"href":"https:\/\/rotary.zamosc.pl\/index.php\/wp-json\/wp\/v2\/media?parent=6701"}],"wp:term":[{"taxonomy":"category","embeddable":true,"href":"https:\/\/rotary.zamosc.pl\/index.php\/wp-json\/wp\/v2\/categories?post=6701"},{"taxonomy":"post_tag","embeddable":true,"href":"https:\/\/rotary.zamosc.pl\/index.php\/wp-json\/wp\/v2\/tags?post=6701"}],"curies":[{"name":"wp","href":"https:\/\/api.w.org\/{rel}","templated":true}]}}