{"id":6705,"date":"2020-02-08T11:52:00","date_gmt":"2020-02-08T10:52:00","guid":{"rendered":"https:\/\/rotary.zamosc.pl\/?p=6705"},"modified":"2026-03-18T11:55:27","modified_gmt":"2026-03-18T10:55:27","slug":"20-lat-rc-jaroslaw","status":"publish","type":"post","link":"https:\/\/rotary.zamosc.pl\/index.php\/2020\/02\/08\/20-lat-rc-jaroslaw\/","title":{"rendered":"20 Lat RC Jaros\u0142aw"},"content":{"rendered":"\n<p class=\"wp-block-paragraph\">W dniach 08-09 lutego 2020 roku min\u0119\u0142o 20 lat od powo\u0142ania Rotary Club Jaros\u0142aw. W obchodach tego pi\u0119knego jubileuszu wzi\u0119li udzia\u0142 cz\u0142onkowie naszego klubu z osobami towarzysz\u0105cymi. Reprezentowali nas Jurek Liberadzki, Zbyszek \u017bukowski oraz Adam Budzy\u0144ski.<\/p>\n\n\n\n<figure class=\"wp-block-gallery has-nested-images columns-1 is-cropped wp-block-gallery-1 is-layout-flex wp-block-gallery-is-layout-flex\">\n<figure class=\"wp-block-image size-large\"><img fetchpriority=\"high\" decoding=\"async\" width=\"700\" height=\"525\" data-id=\"1505\" src=\"https:\/\/rotary.zamosc.pl\/wp-content\/uploads\/2020\/02\/20-lecie-rc-jaroslaw-13-700x525.jpg\" alt=\"\" class=\"wp-image-1505\" srcset=\"https:\/\/rotary.zamosc.pl\/wp-content\/uploads\/2020\/02\/20-lecie-rc-jaroslaw-13-700x525.jpg 700w, https:\/\/rotary.zamosc.pl\/wp-content\/uploads\/2020\/02\/20-lecie-rc-jaroslaw-13-300x225.jpg 300w, https:\/\/rotary.zamosc.pl\/wp-content\/uploads\/2020\/02\/20-lecie-rc-jaroslaw-13-768x576.jpg 768w, https:\/\/rotary.zamosc.pl\/wp-content\/uploads\/2020\/02\/20-lecie-rc-jaroslaw-13-800x600.jpg 800w, https:\/\/rotary.zamosc.pl\/wp-content\/uploads\/2020\/02\/20-lecie-rc-jaroslaw-13-80x60.jpg 80w, https:\/\/rotary.zamosc.pl\/wp-content\/uploads\/2020\/02\/20-lecie-rc-jaroslaw-13.jpg 1600w\" sizes=\"(max-width: 700px) 100vw, 700px\" \/><\/figure>\n\n\n\n<figure class=\"wp-block-image size-large\"><img decoding=\"async\" width=\"700\" height=\"525\" data-id=\"1504\" src=\"https:\/\/rotary.zamosc.pl\/wp-content\/uploads\/2020\/02\/20-lecie-rc-jaroslaw-12-700x525.jpg\" alt=\"\" class=\"wp-image-1504\" srcset=\"https:\/\/rotary.zamosc.pl\/wp-content\/uploads\/2020\/02\/20-lecie-rc-jaroslaw-12-700x525.jpg 700w, https:\/\/rotary.zamosc.pl\/wp-content\/uploads\/2020\/02\/20-lecie-rc-jaroslaw-12-300x225.jpg 300w, https:\/\/rotary.zamosc.pl\/wp-content\/uploads\/2020\/02\/20-lecie-rc-jaroslaw-12-768x576.jpg 768w, https:\/\/rotary.zamosc.pl\/wp-content\/uploads\/2020\/02\/20-lecie-rc-jaroslaw-12-800x600.jpg 800w, https:\/\/rotary.zamosc.pl\/wp-content\/uploads\/2020\/02\/20-lecie-rc-jaroslaw-12-80x60.jpg 80w, https:\/\/rotary.zamosc.pl\/wp-content\/uploads\/2020\/02\/20-lecie-rc-jaroslaw-12.jpg 1600w\" sizes=\"(max-width: 700px) 100vw, 700px\" \/><\/figure>\n\n\n\n<figure class=\"wp-block-image size-large\"><img decoding=\"async\" width=\"700\" height=\"525\" data-id=\"1503\" src=\"https:\/\/rotary.zamosc.pl\/wp-content\/uploads\/2020\/02\/20-lecie-rc-jaroslaw-11-700x525.jpg\" alt=\"\" class=\"wp-image-1503\" srcset=\"https:\/\/rotary.zamosc.pl\/wp-content\/uploads\/2020\/02\/20-lecie-rc-jaroslaw-11-700x525.jpg 700w, https:\/\/rotary.zamosc.pl\/wp-content\/uploads\/2020\/02\/20-lecie-rc-jaroslaw-11-300x225.jpg 300w, https:\/\/rotary.zamosc.pl\/wp-content\/uploads\/2020\/02\/20-lecie-rc-jaroslaw-11-768x576.jpg 768w, https:\/\/rotary.zamosc.pl\/wp-content\/uploads\/2020\/02\/20-lecie-rc-jaroslaw-11-800x600.jpg 800w, https:\/\/rotary.zamosc.pl\/wp-content\/uploads\/2020\/02\/20-lecie-rc-jaroslaw-11-80x60.jpg 80w, https:\/\/rotary.zamosc.pl\/wp-content\/uploads\/2020\/02\/20-lecie-rc-jaroslaw-11.jpg 1600w\" sizes=\"(max-width: 700px) 100vw, 700px\" \/><\/figure>\n\n\n\n<figure class=\"wp-block-image size-large\"><img loading=\"lazy\" decoding=\"async\" width=\"700\" height=\"525\" data-id=\"1502\" src=\"https:\/\/rotary.zamosc.pl\/wp-content\/uploads\/2020\/02\/20-lecie-rc-jaroslaw-10-700x525.jpg\" alt=\"\" class=\"wp-image-1502\" srcset=\"https:\/\/rotary.zamosc.pl\/wp-content\/uploads\/2020\/02\/20-lecie-rc-jaroslaw-10-700x525.jpg 700w, https:\/\/rotary.zamosc.pl\/wp-content\/uploads\/2020\/02\/20-lecie-rc-jaroslaw-10-300x225.jpg 300w, https:\/\/rotary.zamosc.pl\/wp-content\/uploads\/2020\/02\/20-lecie-rc-jaroslaw-10-768x576.jpg 768w, https:\/\/rotary.zamosc.pl\/wp-content\/uploads\/2020\/02\/20-lecie-rc-jaroslaw-10-800x600.jpg 800w, https:\/\/rotary.zamosc.pl\/wp-content\/uploads\/2020\/02\/20-lecie-rc-jaroslaw-10-80x60.jpg 80w, https:\/\/rotary.zamosc.pl\/wp-content\/uploads\/2020\/02\/20-lecie-rc-jaroslaw-10.jpg 1600w\" sizes=\"(max-width: 700px) 100vw, 700px\" \/><\/figure>\n\n\n\n<figure class=\"wp-block-image size-large\"><img loading=\"lazy\" decoding=\"async\" width=\"700\" height=\"525\" data-id=\"1501\" src=\"https:\/\/rotary.zamosc.pl\/wp-content\/uploads\/2020\/02\/20-lecie-rc-jaroslaw-9-700x525.jpg\" alt=\"\" class=\"wp-image-1501\" srcset=\"https:\/\/rotary.zamosc.pl\/wp-content\/uploads\/2020\/02\/20-lecie-rc-jaroslaw-9-700x525.jpg 700w, https:\/\/rotary.zamosc.pl\/wp-content\/uploads\/2020\/02\/20-lecie-rc-jaroslaw-9-300x225.jpg 300w, https:\/\/rotary.zamosc.pl\/wp-content\/uploads\/2020\/02\/20-lecie-rc-jaroslaw-9-768x576.jpg 768w, https:\/\/rotary.zamosc.pl\/wp-content\/uploads\/2020\/02\/20-lecie-rc-jaroslaw-9-800x600.jpg 800w, https:\/\/rotary.zamosc.pl\/wp-content\/uploads\/2020\/02\/20-lecie-rc-jaroslaw-9-80x60.jpg 80w, https:\/\/rotary.zamosc.pl\/wp-content\/uploads\/2020\/02\/20-lecie-rc-jaroslaw-9.jpg 1600w\" sizes=\"(max-width: 700px) 100vw, 700px\" \/><\/figure>\n\n\n\n<figure class=\"wp-block-image size-large\"><img loading=\"lazy\" decoding=\"async\" width=\"700\" height=\"525\" data-id=\"1500\" src=\"https:\/\/rotary.zamosc.pl\/wp-content\/uploads\/2020\/02\/20-lecie-rc-jaroslaw-8-700x525.jpg\" alt=\"\" class=\"wp-image-1500\" srcset=\"https:\/\/rotary.zamosc.pl\/wp-content\/uploads\/2020\/02\/20-lecie-rc-jaroslaw-8-700x525.jpg 700w, https:\/\/rotary.zamosc.pl\/wp-content\/uploads\/2020\/02\/20-lecie-rc-jaroslaw-8-300x225.jpg 300w, https:\/\/rotary.zamosc.pl\/wp-content\/uploads\/2020\/02\/20-lecie-rc-jaroslaw-8-768x576.jpg 768w, https:\/\/rotary.zamosc.pl\/wp-content\/uploads\/2020\/02\/20-lecie-rc-jaroslaw-8-800x600.jpg 800w, https:\/\/rotary.zamosc.pl\/wp-content\/uploads\/2020\/02\/20-lecie-rc-jaroslaw-8-80x60.jpg 80w, https:\/\/rotary.zamosc.pl\/wp-content\/uploads\/2020\/02\/20-lecie-rc-jaroslaw-8.jpg 1600w\" sizes=\"(max-width: 700px) 100vw, 700px\" \/><\/figure>\n\n\n\n<figure class=\"wp-block-image size-large\"><img loading=\"lazy\" decoding=\"async\" width=\"700\" height=\"525\" data-id=\"1499\" src=\"https:\/\/rotary.zamosc.pl\/wp-content\/uploads\/2020\/02\/20-lecie-rc-jaroslaw-7-700x525.jpg\" alt=\"\" class=\"wp-image-1499\" srcset=\"https:\/\/rotary.zamosc.pl\/wp-content\/uploads\/2020\/02\/20-lecie-rc-jaroslaw-7-700x525.jpg 700w, https:\/\/rotary.zamosc.pl\/wp-content\/uploads\/2020\/02\/20-lecie-rc-jaroslaw-7-300x225.jpg 300w, https:\/\/rotary.zamosc.pl\/wp-content\/uploads\/2020\/02\/20-lecie-rc-jaroslaw-7-768x576.jpg 768w, https:\/\/rotary.zamosc.pl\/wp-content\/uploads\/2020\/02\/20-lecie-rc-jaroslaw-7-800x600.jpg 800w, https:\/\/rotary.zamosc.pl\/wp-content\/uploads\/2020\/02\/20-lecie-rc-jaroslaw-7-80x60.jpg 80w, https:\/\/rotary.zamosc.pl\/wp-content\/uploads\/2020\/02\/20-lecie-rc-jaroslaw-7.jpg 1600w\" sizes=\"(max-width: 700px) 100vw, 700px\" \/><\/figure>\n\n\n\n<figure class=\"wp-block-image size-large\"><img loading=\"lazy\" decoding=\"async\" width=\"700\" height=\"525\" data-id=\"1498\" src=\"https:\/\/rotary.zamosc.pl\/wp-content\/uploads\/2020\/02\/20-lecie-rc-jaroslaw-6-700x525.jpg\" alt=\"\" class=\"wp-image-1498\" srcset=\"https:\/\/rotary.zamosc.pl\/wp-content\/uploads\/2020\/02\/20-lecie-rc-jaroslaw-6-700x525.jpg 700w, https:\/\/rotary.zamosc.pl\/wp-content\/uploads\/2020\/02\/20-lecie-rc-jaroslaw-6-300x225.jpg 300w, https:\/\/rotary.zamosc.pl\/wp-content\/uploads\/2020\/02\/20-lecie-rc-jaroslaw-6-768x576.jpg 768w, https:\/\/rotary.zamosc.pl\/wp-content\/uploads\/2020\/02\/20-lecie-rc-jaroslaw-6-800x600.jpg 800w, https:\/\/rotary.zamosc.pl\/wp-content\/uploads\/2020\/02\/20-lecie-rc-jaroslaw-6-80x60.jpg 80w, https:\/\/rotary.zamosc.pl\/wp-content\/uploads\/2020\/02\/20-lecie-rc-jaroslaw-6.jpg 1600w\" sizes=\"(max-width: 700px) 100vw, 700px\" \/><\/figure>\n\n\n\n<figure class=\"wp-block-image size-large\"><img loading=\"lazy\" decoding=\"async\" width=\"700\" height=\"525\" data-id=\"1497\" src=\"https:\/\/rotary.zamosc.pl\/wp-content\/uploads\/2020\/02\/20-lecie-rc-jaroslaw-5-700x525.jpg\" alt=\"\" class=\"wp-image-1497\" srcset=\"https:\/\/rotary.zamosc.pl\/wp-content\/uploads\/2020\/02\/20-lecie-rc-jaroslaw-5-700x525.jpg 700w, https:\/\/rotary.zamosc.pl\/wp-content\/uploads\/2020\/02\/20-lecie-rc-jaroslaw-5-300x225.jpg 300w, https:\/\/rotary.zamosc.pl\/wp-content\/uploads\/2020\/02\/20-lecie-rc-jaroslaw-5-768x576.jpg 768w, https:\/\/rotary.zamosc.pl\/wp-content\/uploads\/2020\/02\/20-lecie-rc-jaroslaw-5-800x600.jpg 800w, https:\/\/rotary.zamosc.pl\/wp-content\/uploads\/2020\/02\/20-lecie-rc-jaroslaw-5-80x60.jpg 80w, https:\/\/rotary.zamosc.pl\/wp-content\/uploads\/2020\/02\/20-lecie-rc-jaroslaw-5.jpg 1600w\" sizes=\"(max-width: 700px) 100vw, 700px\" \/><\/figure>\n\n\n\n<figure class=\"wp-block-image size-large\"><img loading=\"lazy\" decoding=\"async\" width=\"700\" height=\"525\" data-id=\"1496\" src=\"https:\/\/rotary.zamosc.pl\/wp-content\/uploads\/2020\/02\/20-lecie-rc-jaroslaw-4-700x525.jpg\" alt=\"\" class=\"wp-image-1496\" srcset=\"https:\/\/rotary.zamosc.pl\/wp-content\/uploads\/2020\/02\/20-lecie-rc-jaroslaw-4-700x525.jpg 700w, https:\/\/rotary.zamosc.pl\/wp-content\/uploads\/2020\/02\/20-lecie-rc-jaroslaw-4-300x225.jpg 300w, https:\/\/rotary.zamosc.pl\/wp-content\/uploads\/2020\/02\/20-lecie-rc-jaroslaw-4-768x576.jpg 768w, https:\/\/rotary.zamosc.pl\/wp-content\/uploads\/2020\/02\/20-lecie-rc-jaroslaw-4-800x600.jpg 800w, https:\/\/rotary.zamosc.pl\/wp-content\/uploads\/2020\/02\/20-lecie-rc-jaroslaw-4-80x60.jpg 80w, https:\/\/rotary.zamosc.pl\/wp-content\/uploads\/2020\/02\/20-lecie-rc-jaroslaw-4.jpg 1600w\" sizes=\"(max-width: 700px) 100vw, 700px\" \/><\/figure>\n\n\n\n<figure class=\"wp-block-image size-large\"><img loading=\"lazy\" decoding=\"async\" width=\"700\" height=\"525\" data-id=\"1495\" src=\"https:\/\/rotary.zamosc.pl\/wp-content\/uploads\/2020\/02\/20-lecie-rc-jaroslaw-3-700x525.jpg\" alt=\"\" class=\"wp-image-1495\" srcset=\"https:\/\/rotary.zamosc.pl\/wp-content\/uploads\/2020\/02\/20-lecie-rc-jaroslaw-3-700x525.jpg 700w, https:\/\/rotary.zamosc.pl\/wp-content\/uploads\/2020\/02\/20-lecie-rc-jaroslaw-3-300x225.jpg 300w, https:\/\/rotary.zamosc.pl\/wp-content\/uploads\/2020\/02\/20-lecie-rc-jaroslaw-3-768x576.jpg 768w, https:\/\/rotary.zamosc.pl\/wp-content\/uploads\/2020\/02\/20-lecie-rc-jaroslaw-3-800x600.jpg 800w, https:\/\/rotary.zamosc.pl\/wp-content\/uploads\/2020\/02\/20-lecie-rc-jaroslaw-3-80x60.jpg 80w, https:\/\/rotary.zamosc.pl\/wp-content\/uploads\/2020\/02\/20-lecie-rc-jaroslaw-3.jpg 1600w\" sizes=\"(max-width: 700px) 100vw, 700px\" \/><\/figure>\n\n\n\n<figure class=\"wp-block-image size-large\"><img loading=\"lazy\" decoding=\"async\" width=\"700\" height=\"525\" data-id=\"1494\" src=\"https:\/\/rotary.zamosc.pl\/wp-content\/uploads\/2020\/02\/20-lecie-rc-jaroslaw-2-700x525.jpg\" alt=\"\" class=\"wp-image-1494\" srcset=\"https:\/\/rotary.zamosc.pl\/wp-content\/uploads\/2020\/02\/20-lecie-rc-jaroslaw-2-700x525.jpg 700w, https:\/\/rotary.zamosc.pl\/wp-content\/uploads\/2020\/02\/20-lecie-rc-jaroslaw-2-300x225.jpg 300w, https:\/\/rotary.zamosc.pl\/wp-content\/uploads\/2020\/02\/20-lecie-rc-jaroslaw-2-768x576.jpg 768w, https:\/\/rotary.zamosc.pl\/wp-content\/uploads\/2020\/02\/20-lecie-rc-jaroslaw-2-800x600.jpg 800w, https:\/\/rotary.zamosc.pl\/wp-content\/uploads\/2020\/02\/20-lecie-rc-jaroslaw-2-80x60.jpg 80w, https:\/\/rotary.zamosc.pl\/wp-content\/uploads\/2020\/02\/20-lecie-rc-jaroslaw-2.jpg 1600w\" sizes=\"(max-width: 700px) 100vw, 700px\" \/><\/figure>\n\n\n\n<figure class=\"wp-block-image size-large\"><img loading=\"lazy\" decoding=\"async\" width=\"700\" height=\"525\" data-id=\"1493\" src=\"https:\/\/rotary.zamosc.pl\/wp-content\/uploads\/2020\/02\/20-lecie-rc-jaroslaw-1-700x525.jpg\" alt=\"\" class=\"wp-image-1493\" srcset=\"https:\/\/rotary.zamosc.pl\/wp-content\/uploads\/2020\/02\/20-lecie-rc-jaroslaw-1-700x525.jpg 700w, https:\/\/rotary.zamosc.pl\/wp-content\/uploads\/2020\/02\/20-lecie-rc-jaroslaw-1-300x225.jpg 300w, https:\/\/rotary.zamosc.pl\/wp-content\/uploads\/2020\/02\/20-lecie-rc-jaroslaw-1-768x576.jpg 768w, https:\/\/rotary.zamosc.pl\/wp-content\/uploads\/2020\/02\/20-lecie-rc-jaroslaw-1-800x600.jpg 800w, https:\/\/rotary.zamosc.pl\/wp-content\/uploads\/2020\/02\/20-lecie-rc-jaroslaw-1-80x60.jpg 80w, https:\/\/rotary.zamosc.pl\/wp-content\/uploads\/2020\/02\/20-lecie-rc-jaroslaw-1.jpg 1600w\" sizes=\"(max-width: 700px) 100vw, 700px\" \/><\/figure>\n<\/figure>\n","protected":false},"excerpt":{"rendered":"<p>W dniach 08-09 lutego 2020 roku min\u0119\u0142o 20 lat od powo\u0142ania Rotary Club Jaros\u0142aw. W obchodach tego pi\u0119knego jubileuszu wzi\u0119li udzia\u0142 cz\u0142onkowie naszego klubu z osobami towarzysz\u0105cymi. Reprezentowali nas Jurek Liberadzki, Zbyszek \u017bukowski oraz Adam Budzy\u0144ski.<\/p>\n","protected":false},"author":1,"featured_media":1498,"comment_status":"open","ping_status":"open","sticky":false,"template":"","format":"standard","meta":{"footnotes":""},"categories":[15],"tags":[],"class_list":["post-6705","post","type-post","status-publish","format-standard","has-post-thumbnail","hentry","category-15"],"rttpg_featured_image_url":{"full":["https:\/\/rotary.zamosc.pl\/wp-content\/uploads\/2020\/02\/20-lecie-rc-jaroslaw-6.jpg",1600,1200,false],"landscape":["https:\/\/rotary.zamosc.pl\/wp-content\/uploads\/2020\/02\/20-lecie-rc-jaroslaw-6.jpg",1600,1200,false],"portraits":["https:\/\/rotary.zamosc.pl\/wp-content\/uploads\/2020\/02\/20-lecie-rc-jaroslaw-6.jpg",1600,1200,false],"thumbnail":["https:\/\/rotary.zamosc.pl\/wp-content\/uploads\/2020\/02\/20-lecie-rc-jaroslaw-6-150x150.jpg",150,150,true],"medium":["https:\/\/rotary.zamosc.pl\/wp-content\/uploads\/2020\/02\/20-lecie-rc-jaroslaw-6-300x225.jpg",300,225,true],"large":["https:\/\/rotary.zamosc.pl\/wp-content\/uploads\/2020\/02\/20-lecie-rc-jaroslaw-6-700x525.jpg",700,525,true],"1536x1536":["https:\/\/rotary.zamosc.pl\/wp-content\/uploads\/2020\/02\/20-lecie-rc-jaroslaw-6.jpg",1536,1152,false],"2048x2048":["https:\/\/rotary.zamosc.pl\/wp-content\/uploads\/2020\/02\/20-lecie-rc-jaroslaw-6.jpg",1600,1200,false],"post-thumbnail":["https:\/\/rotary.zamosc.pl\/wp-content\/uploads\/2020\/02\/20-lecie-rc-jaroslaw-6-800x600.jpg",800,600,true],"graphy-post-thumbnail-large":["https:\/\/rotary.zamosc.pl\/wp-content\/uploads\/2020\/02\/20-lecie-rc-jaroslaw-6-1080x600.jpg",1080,600,true],"graphy-post-thumbnail-medium":["https:\/\/rotary.zamosc.pl\/wp-content\/uploads\/2020\/02\/20-lecie-rc-jaroslaw-6-482x300.jpg",482,300,true],"graphy-post-thumbnail-small":["https:\/\/rotary.zamosc.pl\/wp-content\/uploads\/2020\/02\/20-lecie-rc-jaroslaw-6-80x60.jpg",80,60,true],"graphy-page-thumbnail":["https:\/\/rotary.zamosc.pl\/wp-content\/uploads\/2020\/02\/20-lecie-rc-jaroslaw-6-1260x350.jpg",1260,350,true],"sow-carousel-default":["https:\/\/rotary.zamosc.pl\/wp-content\/uploads\/2020\/02\/20-lecie-rc-jaroslaw-6-272x182.jpg",272,182,true]},"rttpg_author":{"display_name":"rotaryzamosc","author_link":"https:\/\/rotary.zamosc.pl\/index.php\/author\/rotaryzamosc\/"},"rttpg_comment":0,"rttpg_category":"<a href=\"https:\/\/rotary.zamosc.pl\/index.php\/category\/2020\/\" rel=\"category tag\">2020<\/a>","rttpg_excerpt":"W dniach 08-09 lutego 2020 roku min\u0119\u0142o 20 lat od powo\u0142ania Rotary Club Jaros\u0142aw. W obchodach tego pi\u0119knego jubileuszu wzi\u0119li udzia\u0142 cz\u0142onkowie naszego klubu z osobami towarzysz\u0105cymi. Reprezentowali nas Jurek Liberadzki, Zbyszek \u017bukowski oraz Adam Budzy\u0144ski.","_links":{"self":[{"href":"https:\/\/rotary.zamosc.pl\/index.php\/wp-json\/wp\/v2\/posts\/6705","targetHints":{"allow":["GET"]}}],"collection":[{"href":"https:\/\/rotary.zamosc.pl\/index.php\/wp-json\/wp\/v2\/posts"}],"about":[{"href":"https:\/\/rotary.zamosc.pl\/index.php\/wp-json\/wp\/v2\/types\/post"}],"author":[{"embeddable":true,"href":"https:\/\/rotary.zamosc.pl\/index.php\/wp-json\/wp\/v2\/users\/1"}],"replies":[{"embeddable":true,"href":"https:\/\/rotary.zamosc.pl\/index.php\/wp-json\/wp\/v2\/comments?post=6705"}],"version-history":[{"count":1,"href":"https:\/\/rotary.zamosc.pl\/index.php\/wp-json\/wp\/v2\/posts\/6705\/revisions"}],"predecessor-version":[{"id":6706,"href":"https:\/\/rotary.zamosc.pl\/index.php\/wp-json\/wp\/v2\/posts\/6705\/revisions\/6706"}],"wp:featuredmedia":[{"embeddable":true,"href":"https:\/\/rotary.zamosc.pl\/index.php\/wp-json\/wp\/v2\/media\/1498"}],"wp:attachment":[{"href":"https:\/\/rotary.zamosc.pl\/index.php\/wp-json\/wp\/v2\/media?parent=6705"}],"wp:term":[{"taxonomy":"category","embeddable":true,"href":"https:\/\/rotary.zamosc.pl\/index.php\/wp-json\/wp\/v2\/categories?post=6705"},{"taxonomy":"post_tag","embeddable":true,"href":"https:\/\/rotary.zamosc.pl\/index.php\/wp-json\/wp\/v2\/tags?post=6705"}],"curies":[{"name":"wp","href":"https:\/\/api.w.org\/{rel}","templated":true}]}}