{"id":6709,"date":"2020-01-10T12:04:00","date_gmt":"2020-01-10T11:04:00","guid":{"rendered":"https:\/\/rotary.zamosc.pl\/?p=6709"},"modified":"2026-03-18T12:06:10","modified_gmt":"2026-03-18T11:06:10","slug":"100-lecie-powstania-polskiego-czerwonego-krzyza","status":"publish","type":"post","link":"https:\/\/rotary.zamosc.pl\/index.php\/2020\/01\/10\/100-lecie-powstania-polskiego-czerwonego-krzyza\/","title":{"rendered":"100 lecie powstania Polskiego Czerwonego Krzy\u017ca"},"content":{"rendered":"\n<p class=\"wp-block-paragraph\">W zwi\u0105zku z obchodami 100 lecia powstania Polskiego Czerwonego Krzy\u017ca, nasz klubowy kolega Krzysztof Wr\u00f3blewski otrzyma\u0142 podzi\u0119kowanie oraz dyplom okoliczno\u015bciowy z r\u0105k Jerzego Liberadzkiego, Vice Prezydenta naszego klubu, a r\u00f3wnocze\u015bnie Prezesa Oddzia\u0142u Rejonowego PCK w Zamo\u015bciu, za udost\u0119pnienie na czas obchod\u00f3w tego jubileuszu swojego bogatego zbioru poczt\u00f3wek z XIX i XX wieku, zwi\u0105zanych tematycznie z Polskim Czerwonym Krzy\u017cem i Honorowym Krwiodawstwem.<\/p>\n\n\n\n<p class=\"wp-block-paragraph\"><\/p>\n","protected":false},"excerpt":{"rendered":"<p>W zwi\u0105zku z obchodami 100 lecia powstania Polskiego Czerwonego Krzy\u017ca, nasz klubowy kolega Krzysztof Wr\u00f3blewski otrzyma\u0142 podzi\u0119kowanie oraz dyplom okoliczno\u015bciowy z r\u0105k Jerzego Liberadzkiego, Vice Prezydenta naszego klubu, a r\u00f3wnocze\u015bnie Prezesa Oddzia\u0142u Rejonowego PCK w Zamo\u015bciu, za udost\u0119pnienie na czas obchod\u00f3w tego jubileuszu swojego bogatego zbioru poczt\u00f3wek z XIX i XX wieku, zwi\u0105zanych tematycznie z&#8230;<\/p>\n","protected":false},"author":1,"featured_media":1480,"comment_status":"open","ping_status":"open","sticky":false,"template":"","format":"standard","meta":{"footnotes":""},"categories":[15],"tags":[],"class_list":["post-6709","post","type-post","status-publish","format-standard","has-post-thumbnail","hentry","category-15"],"rttpg_featured_image_url":{"full":["https:\/\/rotary.zamosc.pl\/wp-content\/uploads\/2020\/02\/100-lecia-powstania-Polskiego-Czerwonego-Krzy\u017ca.jpg",3264,1836,false],"landscape":["https:\/\/rotary.zamosc.pl\/wp-content\/uploads\/2020\/02\/100-lecia-powstania-Polskiego-Czerwonego-Krzy\u017ca.jpg",3264,1836,false],"portraits":["https:\/\/rotary.zamosc.pl\/wp-content\/uploads\/2020\/02\/100-lecia-powstania-Polskiego-Czerwonego-Krzy\u017ca.jpg",3264,1836,false],"thumbnail":["https:\/\/rotary.zamosc.pl\/wp-content\/uploads\/2020\/02\/100-lecia-powstania-Polskiego-Czerwonego-Krzy\u017ca-150x150.jpg",150,150,true],"medium":["https:\/\/rotary.zamosc.pl\/wp-content\/uploads\/2020\/02\/100-lecia-powstania-Polskiego-Czerwonego-Krzy\u017ca-300x169.jpg",300,169,true],"large":["https:\/\/rotary.zamosc.pl\/wp-content\/uploads\/2020\/02\/100-lecia-powstania-Polskiego-Czerwonego-Krzy\u017ca-700x394.jpg",700,394,true],"1536x1536":["https:\/\/rotary.zamosc.pl\/wp-content\/uploads\/2020\/02\/100-lecia-powstania-Polskiego-Czerwonego-Krzy\u017ca.jpg",1536,864,false],"2048x2048":["https:\/\/rotary.zamosc.pl\/wp-content\/uploads\/2020\/02\/100-lecia-powstania-Polskiego-Czerwonego-Krzy\u017ca.jpg",2048,1152,false],"post-thumbnail":["https:\/\/rotary.zamosc.pl\/wp-content\/uploads\/2020\/02\/100-lecia-powstania-Polskiego-Czerwonego-Krzy\u017ca-800x450.jpg",800,450,true],"graphy-post-thumbnail-large":["https:\/\/rotary.zamosc.pl\/wp-content\/uploads\/2020\/02\/100-lecia-powstania-Polskiego-Czerwonego-Krzy\u017ca-1080x600.jpg",1080,600,true],"graphy-post-thumbnail-medium":["https:\/\/rotary.zamosc.pl\/wp-content\/uploads\/2020\/02\/100-lecia-powstania-Polskiego-Czerwonego-Krzy\u017ca-482x300.jpg",482,300,true],"graphy-post-thumbnail-small":["https:\/\/rotary.zamosc.pl\/wp-content\/uploads\/2020\/02\/100-lecia-powstania-Polskiego-Czerwonego-Krzy\u017ca-80x60.jpg",80,60,true],"graphy-page-thumbnail":["https:\/\/rotary.zamosc.pl\/wp-content\/uploads\/2020\/02\/100-lecia-powstania-Polskiego-Czerwonego-Krzy\u017ca-1260x350.jpg",1260,350,true],"sow-carousel-default":["https:\/\/rotary.zamosc.pl\/wp-content\/uploads\/2020\/02\/100-lecia-powstania-Polskiego-Czerwonego-Krzy\u017ca-272x182.jpg",272,182,true]},"rttpg_author":{"display_name":"rotaryzamosc","author_link":"https:\/\/rotary.zamosc.pl\/index.php\/author\/rotaryzamosc\/"},"rttpg_comment":0,"rttpg_category":"<a href=\"https:\/\/rotary.zamosc.pl\/index.php\/category\/2020\/\" rel=\"category tag\">2020<\/a>","rttpg_excerpt":"W zwi\u0105zku z obchodami 100 lecia powstania Polskiego Czerwonego Krzy\u017ca, nasz klubowy kolega Krzysztof Wr\u00f3blewski otrzyma\u0142 podzi\u0119kowanie oraz dyplom okoliczno\u015bciowy z r\u0105k Jerzego Liberadzkiego, Vice Prezydenta naszego klubu, a r\u00f3wnocze\u015bnie Prezesa Oddzia\u0142u Rejonowego PCK w Zamo\u015bciu, za udost\u0119pnienie na czas obchod\u00f3w tego jubileuszu swojego bogatego zbioru poczt\u00f3wek z XIX i XX wieku, zwi\u0105zanych tematycznie z...","_links":{"self":[{"href":"https:\/\/rotary.zamosc.pl\/index.php\/wp-json\/wp\/v2\/posts\/6709","targetHints":{"allow":["GET"]}}],"collection":[{"href":"https:\/\/rotary.zamosc.pl\/index.php\/wp-json\/wp\/v2\/posts"}],"about":[{"href":"https:\/\/rotary.zamosc.pl\/index.php\/wp-json\/wp\/v2\/types\/post"}],"author":[{"embeddable":true,"href":"https:\/\/rotary.zamosc.pl\/index.php\/wp-json\/wp\/v2\/users\/1"}],"replies":[{"embeddable":true,"href":"https:\/\/rotary.zamosc.pl\/index.php\/wp-json\/wp\/v2\/comments?post=6709"}],"version-history":[{"count":1,"href":"https:\/\/rotary.zamosc.pl\/index.php\/wp-json\/wp\/v2\/posts\/6709\/revisions"}],"predecessor-version":[{"id":6710,"href":"https:\/\/rotary.zamosc.pl\/index.php\/wp-json\/wp\/v2\/posts\/6709\/revisions\/6710"}],"wp:featuredmedia":[{"embeddable":true,"href":"https:\/\/rotary.zamosc.pl\/index.php\/wp-json\/wp\/v2\/media\/1480"}],"wp:attachment":[{"href":"https:\/\/rotary.zamosc.pl\/index.php\/wp-json\/wp\/v2\/media?parent=6709"}],"wp:term":[{"taxonomy":"category","embeddable":true,"href":"https:\/\/rotary.zamosc.pl\/index.php\/wp-json\/wp\/v2\/categories?post=6709"},{"taxonomy":"post_tag","embeddable":true,"href":"https:\/\/rotary.zamosc.pl\/index.php\/wp-json\/wp\/v2\/tags?post=6709"}],"curies":[{"name":"wp","href":"https:\/\/api.w.org\/{rel}","templated":true}]}}