{"id":6713,"date":"2026-03-17T13:06:01","date_gmt":"2026-03-17T12:06:01","guid":{"rendered":"https:\/\/rotary.zamosc.pl\/?p=6713"},"modified":"2026-05-08T12:41:38","modified_gmt":"2026-05-08T10:41:38","slug":"iii-seminarium-rodzina-podstawa-zdrowia-psychicznego-mlodych-ludzi","status":"publish","type":"post","link":"https:\/\/rotary.zamosc.pl\/index.php\/2026\/03\/17\/iii-seminarium-rodzina-podstawa-zdrowia-psychicznego-mlodych-ludzi\/","title":{"rendered":"III Seminarium &#8222;Rodzina podstaw\u0105 zdrowia psychicznego m\u0142odych ludzi&#8221;"},"content":{"rendered":"\t\t<div data-elementor-type=\"wp-post\" data-elementor-id=\"6713\" class=\"elementor elementor-6713\">\n\t\t\t\t\t\t<section class=\"elementor-section elementor-top-section elementor-element elementor-element-62121f3 elementor-section-stretched elementor-section-boxed elementor-section-height-default elementor-section-height-default\" data-id=\"62121f3\" data-element_type=\"section\" data-e-type=\"section\" data-settings=\"{&quot;stretch_section&quot;:&quot;section-stretched&quot;}\">\n\t\t\t\t\t\t<div class=\"elementor-container elementor-column-gap-default\">\n\t\t\t\t\t<div class=\"elementor-column elementor-col-100 elementor-top-column elementor-element elementor-element-74db169\" data-id=\"74db169\" data-element_type=\"column\" data-e-type=\"column\">\n\t\t\t<div class=\"elementor-widget-wrap elementor-element-populated\">\n\t\t\t\t\t\t<div class=\"elementor-element elementor-element-3d88d1d elementor-widget-divider--view-line elementor-widget elementor-widget-divider\" data-id=\"3d88d1d\" data-element_type=\"widget\" data-e-type=\"widget\" data-widget_type=\"divider.default\">\n\t\t\t\t<div class=\"elementor-widget-container\">\n\t\t\t\t\t\t\t<div class=\"elementor-divider\">\n\t\t\t<span class=\"elementor-divider-separator\">\n\t\t\t\t\t\t<\/span>\n\t\t<\/div>\n\t\t\t\t\t\t<\/div>\n\t\t\t\t<\/div>\n\t\t\t\t<div class=\"elementor-element elementor-element-1dd453b eael-dual-header-content-align-center elementor-widget elementor-widget-eael-dual-color-header\" data-id=\"1dd453b\" data-element_type=\"widget\" data-e-type=\"widget\" data-widget_type=\"eael-dual-color-header.default\">\n\t\t\t\t<div class=\"elementor-widget-container\">\n\t\t\t\t\t\t\t\t<div class=\"eael-dual-header\">\n\t\t\t\t<h2 class=\"title eael-dch-title\"><span class=\"eael-dch-title-text eael-dch-title-lead lead solid-color\">DARCZY\u0143CY<\/span> <span class=\"eael-dch-title-text\"><\/span><\/h2>\t\t\t<\/div>\n\n\t\t\t\t\t\t<\/div>\n\t\t\t\t<\/div>\n\t\t\t\t<div class=\"elementor-element elementor-element-1cd5c7d elementor-widget elementor-widget-shortcode\" data-id=\"1cd5c7d\" data-element_type=\"widget\" data-e-type=\"widget\" data-widget_type=\"shortcode.default\">\n\t\t\t\t<div class=\"elementor-widget-container\">\n\t\t\t\t\t\t\t<div class=\"elementor-shortcode\">\t\n\t\t<div id=\"gs_logo_area_49\" data-sort=\"name\" data-shortcode-id=\"49\" class=\"gs_logo_area gs_logo_area_49 slider1 \" data-options='{\"logo_per_page\":\"6\"}' style=\"opacity: 0; visibility: hidden;\">\n\t\t\t<div class=\"gs_logo_area--inner\">\n\n\t\t\t\t<!-- Category Filters - New (Global) -->\n\t\t\t\t\t\n\t\t\t\t\n<div class=\"gs_logo_container gs_carousel_swiper gs_logo_fix_height_and_center\" data-carousel-config='{\"direction\":\"horizontal\",\"speed\":500,\"isAutoplay\":true,\"autoplayDelay\":2000,\"loop\":true,\"pauseOnHover\":true,\"ticker\":false,\"navs\":true,\"navs_pos\":\"bottom\",\"dots\":false,\"dynamic_dots\":true,\"slideSpace\":8,\"slidesPerGroup\":1,\"desktopLogos\":5,\"tabletLogos\":3,\"mobileLogos\":2,\"reverseDirection\":false}'>\n\n\t\n\t\t\n\t\t\t<div class=\"gs_logo_single--wrapper\">\n\t\t\t\t<div class=\"gs_logo_single\">\n\n\t\t\t\t\t<!-- Logo Img -->\n\t\t\t\t\t<img decoding=\"async\" width=\"300\" height=\"114\" src=\"https:\/\/rotary.zamosc.pl\/wp-content\/uploads\/2024\/03\/rc-wolsztyn-logo-300x114.png\" class=\"tt-placement-top tt-bgcolor-one-%23ff5f6d tt-bgcolor-two-%23ffc371 tt-textcolor-%23fff gs-logo--img wp-post-image\" alt=\"\" title=\"RC Wolsztyn\" srcset=\"https:\/\/rotary.zamosc.pl\/wp-content\/uploads\/2024\/03\/rc-wolsztyn-logo-300x114.png 300w, https:\/\/rotary.zamosc.pl\/wp-content\/uploads\/2024\/03\/rc-wolsztyn-logo.png 429w\" sizes=\"(max-width: 300px) 100vw, 300px\" \/>\n\t\t\t\t\t<!-- Logo Title -->\n\t\t\t\t\t\t\t\t\t\t\n\t\t\t\t\t<!-- Logo Category -->\n\t\t\t\t\t\t\t\t\t\t\n\t\t\t\t<\/div>\n\t\t\t<\/div>\n\n\t\t\n\t\t\t<div class=\"gs_logo_single--wrapper\">\n\t\t\t\t<div class=\"gs_logo_single\">\n\n\t\t\t\t\t<!-- Logo Img -->\n\t\t\t\t\t<a href=\"https:\/\/bohemazamosc.pl\/\" target=\"_blank\" rel=\"noopener\"><img fetchpriority=\"high\" decoding=\"async\" width=\"300\" height=\"277\" src=\"https:\/\/rotary.zamosc.pl\/wp-content\/uploads\/2026\/03\/restauracja-bohema-zamosc-300x277.jpg\" class=\"tt-placement-top tt-bgcolor-one-%23ff5f6d tt-bgcolor-two-%23ffc371 tt-textcolor-%23fff gs-logo--img wp-post-image\" alt=\"\" title=\"Bohema Zamo\u015b\u0107\" srcset=\"https:\/\/rotary.zamosc.pl\/wp-content\/uploads\/2026\/03\/restauracja-bohema-zamosc-300x277.jpg 300w, https:\/\/rotary.zamosc.pl\/wp-content\/uploads\/2026\/03\/restauracja-bohema-zamosc.jpg 487w\" sizes=\"(max-width: 300px) 100vw, 300px\" \/><\/a>\n\t\t\t\t\t<!-- Logo Title -->\n\t\t\t\t\t\t\t\t\t\t\n\t\t\t\t\t<!-- Logo Category -->\n\t\t\t\t\t\t\t\t\t\t\n\t\t\t\t<\/div>\n\t\t\t<\/div>\n\n\t\t\n\t\t\t<div class=\"gs_logo_single--wrapper\">\n\t\t\t\t<div class=\"gs_logo_single\">\n\n\t\t\t\t\t<!-- Logo Img -->\n\t\t\t\t\t<a href=\"https:\/\/www.pekao.com.pl\/\" target=\"_blank\" rel=\"noopener\"><img decoding=\"async\" width=\"300\" height=\"218\" src=\"https:\/\/rotary.zamosc.pl\/wp-content\/uploads\/2026\/03\/partnerzy__pekao.logo_.02.850x478-300x218.png\" class=\"tt-placement-top tt-bgcolor-one-%23ff5f6d tt-bgcolor-two-%23ffc371 tt-textcolor-%23fff gs-logo--img wp-post-image\" alt=\"\" title=\"Bank PKO\" srcset=\"https:\/\/rotary.zamosc.pl\/wp-content\/uploads\/2026\/03\/partnerzy__pekao.logo_.02.850x478-300x218.png 300w, https:\/\/rotary.zamosc.pl\/wp-content\/uploads\/2026\/03\/partnerzy__pekao.logo_.02.850x478.png 659w\" sizes=\"(max-width: 300px) 100vw, 300px\" \/><\/a>\n\t\t\t\t\t<!-- Logo Title -->\n\t\t\t\t\t\t\t\t\t\t\n\t\t\t\t\t<!-- Logo Category -->\n\t\t\t\t\t\t\t\t\t\t\n\t\t\t\t<\/div>\n\t\t\t<\/div>\n\n\t\t\n\t\t\t<div class=\"gs_logo_single--wrapper\">\n\t\t\t\t<div class=\"gs_logo_single\">\n\n\t\t\t\t\t<!-- Logo Img -->\n\t\t\t\t\t<a href=\"https:\/\/www.comperium.pl\/\" target=\"_blank\" rel=\"noopener\"><img loading=\"lazy\" decoding=\"async\" width=\"296\" height=\"170\" src=\"https:\/\/rotary.zamosc.pl\/wp-content\/uploads\/2026\/03\/kancelaria-brokerska-comperium-logo.jpg\" class=\"tt-placement-top tt-bgcolor-one-%23ff5f6d tt-bgcolor-two-%23ffc371 tt-textcolor-%23fff gs-logo--img wp-post-image\" alt=\"\" title=\"Comperium\" \/><\/a>\n\t\t\t\t\t<!-- Logo Title -->\n\t\t\t\t\t\t\t\t\t\t\n\t\t\t\t\t<!-- Logo Category -->\n\t\t\t\t\t\t\t\t\t\t\n\t\t\t\t<\/div>\n\t\t\t<\/div>\n\n\t\t\n\t\t\t<div class=\"gs_logo_single--wrapper\">\n\t\t\t\t<div class=\"gs_logo_single\">\n\n\t\t\t\t\t<!-- Logo Img -->\n\t\t\t\t\t<a href=\"https:\/\/www.facebook.com\/budprofitzamosc\/?locale=pl_PL\" target=\"_blank\" rel=\"noopener\"><img loading=\"lazy\" decoding=\"async\" width=\"300\" height=\"80\" src=\"https:\/\/rotary.zamosc.pl\/wp-content\/uploads\/2026\/03\/budprofit-logo-300x80.jpg\" class=\"tt-placement-top tt-bgcolor-one-%23ff5f6d tt-bgcolor-two-%23ffc371 tt-textcolor-%23fff gs-logo--img wp-post-image\" alt=\"\" title=\"Bud Profit\" srcset=\"https:\/\/rotary.zamosc.pl\/wp-content\/uploads\/2026\/03\/budprofit-logo-300x80.jpg 300w, https:\/\/rotary.zamosc.pl\/wp-content\/uploads\/2026\/03\/budprofit-logo.jpg 353w\" sizes=\"(max-width: 300px) 100vw, 300px\" \/><\/a>\n\t\t\t\t\t<!-- Logo Title -->\n\t\t\t\t\t\t\t\t\t\t\n\t\t\t\t\t<!-- Logo Category -->\n\t\t\t\t\t\t\t\t\t\t\n\t\t\t\t<\/div>\n\t\t\t<\/div>\n\n\t\t\n\t\t\t<div class=\"gs_logo_single--wrapper\">\n\t\t\t\t<div class=\"gs_logo_single\">\n\n\t\t\t\t\t<!-- Logo Img -->\n\t\t\t\t\t<a href=\"https:\/\/euro-car.renault.pl\/\" target=\"_blank\" rel=\"noopener\"><img loading=\"lazy\" decoding=\"async\" width=\"300\" height=\"102\" src=\"https:\/\/rotary.zamosc.pl\/wp-content\/uploads\/2024\/03\/eurocarlogo-300x102.png\" class=\"tt-placement-top tt-bgcolor-one-%23ff5f6d tt-bgcolor-two-%23ffc371 tt-textcolor-%23fff gs-logo--img wp-post-image\" alt=\"\" title=\"Euro Car zamosc\" srcset=\"https:\/\/rotary.zamosc.pl\/wp-content\/uploads\/2024\/03\/eurocarlogo-300x102.png 300w, https:\/\/rotary.zamosc.pl\/wp-content\/uploads\/2024\/03\/eurocarlogo.png 338w\" sizes=\"(max-width: 300px) 100vw, 300px\" \/><\/a>\n\t\t\t\t\t<!-- Logo Title -->\n\t\t\t\t\t\t\t\t\t\t\n\t\t\t\t\t<!-- Logo Category -->\n\t\t\t\t\t\t\t\t\t\t\n\t\t\t\t<\/div>\n\t\t\t<\/div>\n\n\t\t\n\t\t\t<div class=\"gs_logo_single--wrapper\">\n\t\t\t\t<div class=\"gs_logo_single\">\n\n\t\t\t\t\t<!-- Logo Img -->\n\t\t\t\t\t<a href=\"https:\/\/centrummedycznezacisze.pl\/\" target=\"_blank\" rel=\"noopener\"><img loading=\"lazy\" decoding=\"async\" width=\"300\" height=\"79\" src=\"https:\/\/rotary.zamosc.pl\/wp-content\/uploads\/2024\/03\/centrumzdrowiazacisze-logo-300x79.png\" class=\"tt-placement-top tt-bgcolor-one-%23ff5f6d tt-bgcolor-two-%23ffc371 tt-textcolor-%23fff gs-logo--img wp-post-image\" alt=\"\" title=\"CM Zacisze\" srcset=\"https:\/\/rotary.zamosc.pl\/wp-content\/uploads\/2024\/03\/centrumzdrowiazacisze-logo-300x79.png 300w, https:\/\/rotary.zamosc.pl\/wp-content\/uploads\/2024\/03\/centrumzdrowiazacisze-logo.png 334w\" sizes=\"(max-width: 300px) 100vw, 300px\" \/><\/a>\n\t\t\t\t\t<!-- Logo Title -->\n\t\t\t\t\t\t\t\t\t\t\n\t\t\t\t\t<!-- Logo Category -->\n\t\t\t\t\t\t\t\t\t\t\n\t\t\t\t<\/div>\n\t\t\t<\/div>\n\n\t\t\n\t\t\t<div class=\"gs_logo_single--wrapper\">\n\t\t\t\t<div class=\"gs_logo_single\">\n\n\t\t\t\t\t<!-- Logo Img -->\n\t\t\t\t\t<a href=\"https:\/\/www.usg.com.pl\/\" target=\"_blank\" rel=\"noopener\"><img loading=\"lazy\" decoding=\"async\" width=\"300\" height=\"54\" src=\"https:\/\/rotary.zamosc.pl\/wp-content\/uploads\/2026\/03\/rsu-logo-300x54.png\" class=\"tt-placement-top tt-bgcolor-one-%23ff5f6d tt-bgcolor-two-%23ffc371 tt-textcolor-%23fff gs-logo--img wp-post-image\" alt=\"\" title=\"RSU\" srcset=\"https:\/\/rotary.zamosc.pl\/wp-content\/uploads\/2026\/03\/rsu-logo-300x54.png 300w, https:\/\/rotary.zamosc.pl\/wp-content\/uploads\/2026\/03\/rsu-logo-700x127.png 700w, https:\/\/rotary.zamosc.pl\/wp-content\/uploads\/2026\/03\/rsu-logo-768x139.png 768w, https:\/\/rotary.zamosc.pl\/wp-content\/uploads\/2026\/03\/rsu-logo-800x145.png 800w, https:\/\/rotary.zamosc.pl\/wp-content\/uploads\/2026\/03\/rsu-logo.png 1000w\" sizes=\"(max-width: 300px) 100vw, 300px\" \/><\/a>\n\t\t\t\t\t<!-- Logo Title -->\n\t\t\t\t\t\t\t\t\t\t\n\t\t\t\t\t<!-- Logo Category -->\n\t\t\t\t\t\t\t\t\t\t\n\t\t\t\t<\/div>\n\t\t\t<\/div>\n\n\t\t\n\t\t\t<div class=\"gs_logo_single--wrapper\">\n\t\t\t\t<div class=\"gs_logo_single\">\n\n\t\t\t\t\t<!-- Logo Img -->\n\t\t\t\t\t<a href=\"https:\/\/www.zzz.com.pl\/\" target=\"_blank\" rel=\"noopener\"><img loading=\"lazy\" decoding=\"async\" width=\"300\" height=\"177\" src=\"https:\/\/rotary.zamosc.pl\/wp-content\/uploads\/2026\/03\/zzz-zamosc-logo-300x177.jpg\" class=\"tt-placement-top tt-bgcolor-one-%23ff5f6d tt-bgcolor-two-%23ffc371 tt-textcolor-%23fff gs-logo--img wp-post-image\" alt=\"\" title=\"zzz zamosc\" srcset=\"https:\/\/rotary.zamosc.pl\/wp-content\/uploads\/2026\/03\/zzz-zamosc-logo-300x177.jpg 300w, https:\/\/rotary.zamosc.pl\/wp-content\/uploads\/2026\/03\/zzz-zamosc-logo-700x412.jpg 700w, https:\/\/rotary.zamosc.pl\/wp-content\/uploads\/2026\/03\/zzz-zamosc-logo-768x452.jpg 768w, https:\/\/rotary.zamosc.pl\/wp-content\/uploads\/2026\/03\/zzz-zamosc-logo-800x471.jpg 800w, https:\/\/rotary.zamosc.pl\/wp-content\/uploads\/2026\/03\/zzz-zamosc-logo.jpg 1041w\" sizes=\"(max-width: 300px) 100vw, 300px\" \/><\/a>\n\t\t\t\t\t<!-- Logo Title -->\n\t\t\t\t\t\t\t\t\t\t\n\t\t\t\t\t<!-- Logo Category -->\n\t\t\t\t\t\t\t\t\t\t\n\t\t\t\t<\/div>\n\t\t\t<\/div>\n\n\t\t\t\t\n\t\n<\/div>\n\t\t\t\t<!-- Pagination -->\n\t\t\t\t\n\t\t\t<\/div>\n\n\t\t\t\n\t\t<\/div>\n\t\n\t\t<style>#gs_logo_area_49:not(.verticaltickerdown):not(.verticalticker) .gs_logo_container{margin-left:-4px}#gs_logo_area_49:not(.verticaltickerdown):not(.verticalticker) .gs_logo_container{margin-right:-4px}#gs_logo_area_49:not(.verticaltickerdown):not(.verticalticker) .gs_logo_single--wrapper{padding:4px}#gs_logo_area_49 ul.gs-logo-filter-cats{text-align:center!important}#gs_logo_area_49 .gs_logo_single--wrapper{width:20%}@media (max-width:1023px){#gs_logo_area_49 .gs_logo_single--wrapper{width:33.333333333333%}}@media (max-width:767px){#gs_logo_area_49 .gs_logo_single--wrapper{width:50%}}<\/style><\/div>\n\t\t\t\t\t\t<\/div>\n\t\t\t\t<\/div>\n\t\t\t\t\t<\/div>\n\t\t<\/div>\n\t\t\t\t\t<\/div>\n\t\t<\/section>\n\t\t\t\t<section class=\"elementor-section elementor-top-section elementor-element elementor-element-1be8cd0 elementor-section-stretched elementor-section-boxed elementor-section-height-default elementor-section-height-default\" data-id=\"1be8cd0\" data-element_type=\"section\" data-e-type=\"section\" data-settings=\"{&quot;stretch_section&quot;:&quot;section-stretched&quot;}\">\n\t\t\t\t\t\t<div class=\"elementor-container elementor-column-gap-default\">\n\t\t\t\t\t<div class=\"elementor-column elementor-col-100 elementor-top-column elementor-element elementor-element-c3ceb0b\" data-id=\"c3ceb0b\" data-element_type=\"column\" data-e-type=\"column\">\n\t\t\t<div class=\"elementor-widget-wrap\">\n\t\t\t\t\t\t\t<\/div>\n\t\t<\/div>\n\t\t\t\t\t<\/div>\n\t\t<\/section>\n\t\t\t\t<section class=\"elementor-section elementor-top-section elementor-element elementor-element-8fb9fff elementor-section-stretched elementor-section-boxed elementor-section-height-default elementor-section-height-default\" data-id=\"8fb9fff\" data-element_type=\"section\" data-e-type=\"section\" data-settings=\"{&quot;stretch_section&quot;:&quot;section-stretched&quot;}\">\n\t\t\t\t\t\t<div class=\"elementor-container elementor-column-gap-default\">\n\t\t\t\t\t<div class=\"elementor-column elementor-col-100 elementor-top-column elementor-element elementor-element-3cf03a0\" data-id=\"3cf03a0\" data-element_type=\"column\" data-e-type=\"column\">\n\t\t\t<div class=\"elementor-widget-wrap elementor-element-populated\">\n\t\t\t\t\t\t<div class=\"elementor-element elementor-element-6bd8faf elementor-widget elementor-widget-text-editor\" data-id=\"6bd8faf\" data-element_type=\"widget\" data-e-type=\"widget\" data-widget_type=\"text-editor.default\">\n\t\t\t\t<div class=\"elementor-widget-container\">\n\t\t\t\t\t\t\t\t\t<div dir=\"auto\">17 marca w Zamojskim Domu Kultury oraz Zamojskiej Akademii Kultury odby\u0142o si\u0119 III Seminarium po\u015bwi\u0119cone zdrowiu psychicznemu dzieci i m\u0142odzie\u017cy &#8222;Rodzina podstaw\u0105 zdrowia psychicznego m\u0142odych ludzi&#8221;, kt\u00f3re zapowiadali\u015bmy od d\u0142u\u017cszego czasu. Seminarium zorganizowa\u0142y <span class=\"html-span xdj266r x14z9mp xat24cr x1lziwak xexx8yu xyri2b x18d9i69 x1c1uobl x1hl2dhg x16tdsg8 x1vvkbs\"><a class=\"x1i10hfl xjbqb8w x1ejq31n x18oe1m7 x1sy0etr xstzfhl x972fbf x10w94by x1qhh985 x14e42zd x9f619 x1ypdohk xt0psk2 x3ct3a4 xdj266r x14z9mp xat24cr x1lziwak xexx8yu xyri2b x18d9i69 x1c1uobl x16tdsg8 x1hl2dhg xggy1nq x1a2a7pz xkrqix3 x1sur9pj x1fey0fg x1s688f\" tabindex=\"0\" role=\"link\" href=\"https:\/\/www.facebook.com\/people\/Rotary-Club-Zamo%C5%9B%C4%87-ID-30379\/100076747320995\/?__cft__[0]=AZb3VV4A9QndXwr2FLszz84xyR8339RFVtDJoEbGHGoxrSkhbrYrtTp9QUsh1UnHcjJzLQUW-iAcQyoSHJji8yG1N2QKoKdAsqBa6Fz-EA3rBwGQP97Fo3rFSJw1bZBZyIUdrVqm1uyY-_BhXsqPIJK2y9mywuE_Bk7JKkka26J30W7V2cOQHH59xi52NwAXfQc&amp;__tn__=-]K-R\">Rotary Club Zamo\u015b\u0107 ID 30379<\/a><\/span> oraz Rotary Club Lublin Centrum wraz z Dystryktem 2231 oraz ameryka\u0144skim partnerem Digging Deep Project (<span class=\"html-span xdj266r x14z9mp xat24cr x1lziwak xexx8yu xyri2b x18d9i69 x1c1uobl x1hl2dhg x16tdsg8 x1vvkbs\"><a class=\"x1i10hfl xjbqb8w x1ejq31n x18oe1m7 x1sy0etr xstzfhl x972fbf x10w94by x1qhh985 x14e42zd x9f619 x1ypdohk xt0psk2 x3ct3a4 xdj266r x14z9mp xat24cr x1lziwak xexx8yu xyri2b x18d9i69 x1c1uobl x16tdsg8 x1hl2dhg xggy1nq x1a2a7pz xkrqix3 x1sur9pj x1fey0fg x1s688f\" tabindex=\"0\" role=\"link\" href=\"https:\/\/l.facebook.com\/l.php?u=https%3A%2F%2Fdiggingdeep.org%2F&amp;h=AT7tnPVl_D1ivmh94aauTncjgkUnIkSrX5VzH_cR4piK6hF_QUfNOj_wlRYcQhbljEh62_XpCwIPCAlwtbXtmWE-8oi8BybIaSLTRFCNLfjNafK1UaUvGtI6y8-OIUizRcwR-in9AnQ1btcHfN7_KO58PF47Nz3k&amp;__tn__=-UK-R&amp;c[0]=AT7Mkos5Srhx7n2ugnELNi-IdJbDrgFUQSHBqudn9ArDSsRWN1JVGE1KUZZ26wziO-vWif_y_fVC_FgvtN1LFx_L-Yvg_UzrCpHhYe3Tnd1BfF6DOz1VTaUbB-xbEk5y17h0Vv7-9Gzi_g2ztCB-qR_ggHaTTz2bkIaNT1ka0rZoX1HxyR7Xglg0TjjdkyXn4GxTe7O1zwCGjUAO3rz3xPaZ\" target=\"_blank\" rel=\"nofollow noopener noreferrer\">https:\/\/diggingdeep.org<\/a><\/span>), Uniwersytetem Medycznym w Lublinie i Urz\u0119dem Miasta Zamo\u015b\u0107.<\/div><div dir=\"auto\">\u00a0<\/div><div dir=\"auto\">W ZDK ponad 300 pedagog\u00f3w, psycholog\u00f3w, nauczycieli, Rotarian z Lublina, Janowa Lubelskiego, Che\u0142ma, Zamo\u015bcia a tak\u017ce zamojscy policjanci mogli wys\u0142ucha\u0107 wyk\u0142ad\u00f3w przygotowanych przez kadr\u0119 medyczn\u0105 UM w Lublinie, kt\u00f3re by\u0142y na \u017cywo transmitowane do Zamojskiej Akademii Kultury. Tam wyk\u0142adom przys\u0142uchiwa\u0142a si\u0119 m\u0142odzie\u017c z I Liceum Og\u00f3lnokszta\u0142c\u0105cego. Wyk\u0142ady mo\u017cna by\u0142o r\u00f3wnie\u017c obejrze\u0107 na \u017cywo na kanale You Tube Rotary Polska News oraz po zeskanowaniu kodu QR.<\/div><div dir=\"auto\">\u00a0<\/div><div dir=\"auto\">W seminarium uczestniczyli r\u00f3wnie\u017c Prezydent Miasta Zamo\u015b\u0107 Rafa\u0142 Zwolak, kt\u00f3ry w wyst\u0105pieniu swoim podzi\u0119kowa\u0142 RC Zamo\u015b\u0107 za organizacj\u0119 ju\u017c trzeciej edycji seminarium oraz Gubernator <span class=\"html-span xdj266r x14z9mp xat24cr x1lziwak xexx8yu xyri2b x18d9i69 x1c1uobl x1hl2dhg x16tdsg8 x1vvkbs\"><a class=\"x1i10hfl xjbqb8w x1ejq31n x18oe1m7 x1sy0etr xstzfhl x972fbf x10w94by x1qhh985 x14e42zd x9f619 x1ypdohk xt0psk2 x3ct3a4 xdj266r x14z9mp xat24cr x1lziwak xexx8yu xyri2b x18d9i69 x1c1uobl x16tdsg8 x1hl2dhg xggy1nq x1a2a7pz xkrqix3 x1sur9pj x1fey0fg x1s688f\" tabindex=\"0\" role=\"link\" href=\"https:\/\/www.facebook.com\/RotaryPolska?__cft__[0]=AZb3VV4A9QndXwr2FLszz84xyR8339RFVtDJoEbGHGoxrSkhbrYrtTp9QUsh1UnHcjJzLQUW-iAcQyoSHJji8yG1N2QKoKdAsqBa6Fz-EA3rBwGQP97Fo3rFSJw1bZBZyIUdrVqm1uyY-_BhXsqPIJK2y9mywuE_Bk7JKkka26J30W7V2cOQHH59xi52NwAXfQc&amp;__tn__=-]K-R\">Rotary Polska, Dystrykt 2231<\/a><\/span> Greg Gregorczyk, kt\u00f3ry wraz z Prezydentem RC Rotary Club Zamo\u015b\u0107 Ryszardem Antosem rozpocz\u0119li sesj\u0119 wyk\u0142ad\u00f3w.<\/div><div dir=\"auto\">Tematy poruszne podczas wyk\u0142ad\u00f3w to:<\/div><div dir=\"auto\">&#8211; Rola i miejsce rodziny w nowym systemie opieki psychiatrycznej dzieci i m\u0142odzie\u017cy.<\/div><div dir=\"auto\">&#8211; Rodzina w zmieniaj\u0105czym si\u0119 \u015bwiecie &#8211; perspektywy i zagro\u017cenia. Raport 2030+<\/div><div dir=\"auto\">&#8211; Dom dobry, dom z\u0142y, dom wystarczaj\u0105cy: czynniki ryzyka i czynniki chroni\u0105ce w systemie rodzinnym.<\/div><div dir=\"auto\">&#8211; Od dezadaptacyjnego marzycielstwa do pozytywnego rozwoju &#8211; rola rodziny w budowaniu zasob\u00f3w psychicznych dzieci i m\u0142odzie\u017cy.<\/div><div dir=\"auto\">&#8211; &#8222;Shadow&#8217;s Edge&#8221; &#8211; zestaw narz\u0119dzi dla m\u0142odzie\u017cy wspieraj\u0105cy psychoterapet\u00f3w i edukator\u00f3w w rozwijaniu samo\u015bwiadomo\u015bci emocjonalnej poprzez samoekspresj\u0119.<\/div><div dir=\"auto\">&#8211; Rola rodziny, \u015brodowiska lokalnego i sieci wsp\u00f3\u0142pracy interdyscyplinarnej w trosce o zdrowie psychiczne dzieci i m\u0142odzie\u017cy.<\/div><div dir=\"auto\">\u00a0<\/div><div dir=\"auto\">Po zako\u0144czeniu sesji wyk\u0142adowej, w Zamojskiej Akademii Kultury odby\u0142y si\u0119 warsztaty prowadzone przez terapeutk\u0119 ze Szwajcarii Kevyn Ev\u0119 Norton z wykorzystaniem mobilnej gry terapeutycznej &#8222;Shadow&#8217;s Edge&#8221; <span class=\"html-span xdj266r x14z9mp xat24cr x1lziwak xexx8yu xyri2b x18d9i69 x1c1uobl x1hl2dhg x16tdsg8 x1vvkbs\"><a class=\"x1i10hfl xjbqb8w x1ejq31n x18oe1m7 x1sy0etr xstzfhl x972fbf x10w94by x1qhh985 x14e42zd x9f619 x1ypdohk xt0psk2 x3ct3a4 xdj266r x14z9mp xat24cr x1lziwak xexx8yu xyri2b x18d9i69 x1c1uobl x16tdsg8 x1hl2dhg xggy1nq x1a2a7pz xkrqix3 x1sur9pj x1fey0fg x1s688f\" tabindex=\"0\" role=\"link\" href=\"https:\/\/l.facebook.com\/l.php?u=https%3A%2F%2Fshadowsedge.com%2F&amp;h=AT52dOFkrmxyj3cJRKxTYvXJaf4aPbgg0-zIfAI8UaNdkyTlk4YMX6aEVPwP-jW7ZPxZnXwkTopm815Q-kINOkTLdHOUz_tDY1zqgWxxjO4hfcXiFSLMCBAVC4K83B2GVq9InzItksB51jzQycY43bA5y6AlZBLI&amp;__tn__=-UK-R&amp;c[0]=AT7Mkos5Srhx7n2ugnELNi-IdJbDrgFUQSHBqudn9ArDSsRWN1JVGE1KUZZ26wziO-vWif_y_fVC_FgvtN1LFx_L-Yvg_UzrCpHhYe3Tnd1BfF6DOz1VTaUbB-xbEk5y17h0Vv7-9Gzi_g2ztCB-qR_ggHaTTz2bkIaNT1ka0rZoX1HxyR7Xglg0TjjdkyXn4GxTe7O1zwCGjUAO3rz3xPaZ\" target=\"_blank\" rel=\"nofollow noopener noreferrer\">https:\/\/shadowsedge.com<\/a><\/span>, stworzonej przez Kevyn Ev\u0119 Norton w\u0142a\u015bnie, specjalnie dla m\u0142odych ludzi zmagaj\u0105cych si\u0119 z problemami psychicznymi lub traumami. Gra s\u0142u\u017cy m.in. jako narz\u0119dzie wspieraj\u0105ce budowaniu odporno\u015bci psychicznej oraz przetwarzaniu trudnych emocji poprzez elementy wsp\u00f3\u0142pracy, arteterapi\u0119, czy kreatywne pisanie.Daje wsparcie emocjonalne. W warsztatach wzi\u0119\u0142o udzia\u0142 70 os\u00f3b.<\/div><div dir=\"auto\">Dzi\u0119kujemy bardzo naszym Darczy\u0144com, bez kt\u00f3rych organizacja seminarium nie by\u0142aby mo\u017cliwa:<\/div><div dir=\"auto\">Bankowi Pekao SA, Roztocza\u0144skiej Szkole Ultrasonografii, Centrum Medycznemu Zacisze, Euro-Car Zamo\u015b\u0107, Firmie Instalatorstwo Sanitarne Sp. z o.o., Zamojskim Zak\u0142adom Zbo\u017cowym, Restauracji Bohema, Bud Profit, Comperium Kancelarii Brokerskiej, Rotary Club Wolsztyn.<\/div><div dir=\"auto\">\u00a0<\/div><div dir=\"auto\">A tak\u017ce, dzi\u0119kujemy za pomoc w organizacji Pani Monice \u017bur, dyrektor Wydzia\u0142u O\u015bwiaty UM Zamo\u015b\u0107, pani Agnieszce Kowal, dyrektor I LO w Zamo\u015bciu oraz Panu Januszowi Nowosadowi, dyrektorowi ZDK.<\/div><div dir=\"auto\">Koordynatorem ca\u0142ego przedsi\u0119wzi\u0119cia, ju\u017c po raz trzeci, by\u0142 nasz klubowy kolega, past Prezydent RC Zamo\u015b\u0107 Zbigniew Gumuli\u0144ski.<\/div><div dir=\"auto\">Zach\u0119camy do obejrzenia seminarium wszystkich, kt\u00f3rzy nie mogli na \u017cywo wys\u0142ucha\u0107 wyk\u0142ad\u00f3w, a problemy zdrowia psychicznego m\u0142odych ludzi s\u0105 im bliskie. Wkr\u00f3tce na kanale You tube Rotary Polska News transmisja z seminarium.<\/div>\t\t\t\t\t\t\t\t<\/div>\n\t\t\t\t<\/div>\n\t\t\t\t<div class=\"elementor-element elementor-element-81a9e30 elementor-widget-divider--view-line elementor-widget elementor-widget-divider\" data-id=\"81a9e30\" data-element_type=\"widget\" data-e-type=\"widget\" data-widget_type=\"divider.default\">\n\t\t\t\t<div class=\"elementor-widget-container\">\n\t\t\t\t\t\t\t<div class=\"elementor-divider\">\n\t\t\t<span class=\"elementor-divider-separator\">\n\t\t\t\t\t\t<\/span>\n\t\t<\/div>\n\t\t\t\t\t\t<\/div>\n\t\t\t\t<\/div>\n\t\t\t\t<div class=\"elementor-element elementor-element-d9d74a1 elementor-widget elementor-widget-video\" data-id=\"d9d74a1\" data-element_type=\"widget\" data-e-type=\"widget\" data-settings=\"{&quot;youtube_url&quot;:&quot;https:\\\/\\\/www.youtube.com\\\/watch?v=4qumg6jMn9I&quot;,&quot;video_type&quot;:&quot;youtube&quot;,&quot;controls&quot;:&quot;yes&quot;}\" data-widget_type=\"video.default\">\n\t\t\t\t<div class=\"elementor-widget-container\">\n\t\t\t\t\t\t\t<div class=\"elementor-wrapper elementor-open-inline\">\n\t\t\t<div class=\"elementor-video\"><\/div>\t\t<\/div>\n\t\t\t\t\t\t<\/div>\n\t\t\t\t<\/div>\n\t\t\t\t<div class=\"elementor-element elementor-element-2f28812 elementor-widget elementor-widget-heading\" data-id=\"2f28812\" data-element_type=\"widget\" data-e-type=\"widget\" data-widget_type=\"heading.default\">\n\t\t\t\t<div class=\"elementor-widget-container\">\n\t\t\t\t\t<h2 class=\"elementor-heading-title elementor-size-default\">prof. dr hab. n. med. Hanna Karaku\u0142a-Juchnowicz oraz dr n. spo\u0142. Natalia Kajka <br>\n\" Rola i miejsce rodziny w nowym systemie opieki psychiatrycznej dzieci i m\u0142odzie\u017cy, szanse zagro\u017cenia\"<\/h2>\t\t\t\t<\/div>\n\t\t\t\t<\/div>\n\t\t\t\t<div class=\"elementor-element elementor-element-15400dd elementor-widget-divider--view-line elementor-widget elementor-widget-divider\" data-id=\"15400dd\" data-element_type=\"widget\" data-e-type=\"widget\" data-widget_type=\"divider.default\">\n\t\t\t\t<div class=\"elementor-widget-container\">\n\t\t\t\t\t\t\t<div class=\"elementor-divider\">\n\t\t\t<span class=\"elementor-divider-separator\">\n\t\t\t\t\t\t<\/span>\n\t\t<\/div>\n\t\t\t\t\t\t<\/div>\n\t\t\t\t<\/div>\n\t\t\t\t\t<\/div>\n\t\t<\/div>\n\t\t\t\t\t<\/div>\n\t\t<\/section>\n\t\t\t\t<section class=\"elementor-section elementor-top-section elementor-element elementor-element-482dc87c elementor-section-stretched elementor-section-boxed elementor-section-height-default elementor-section-height-default\" data-id=\"482dc87c\" data-element_type=\"section\" data-e-type=\"section\" data-settings=\"{&quot;stretch_section&quot;:&quot;section-stretched&quot;}\">\n\t\t\t\t\t\t<div class=\"elementor-container elementor-column-gap-default\">\n\t\t\t\t\t<div class=\"elementor-column elementor-col-100 elementor-top-column elementor-element elementor-element-49f1c047\" data-id=\"49f1c047\" data-element_type=\"column\" data-e-type=\"column\">\n\t\t\t<div class=\"elementor-widget-wrap elementor-element-populated\">\n\t\t\t\t\t\t<div class=\"elementor-element elementor-element-80f5b85 elementor-widget elementor-widget-video\" data-id=\"80f5b85\" data-element_type=\"widget\" data-e-type=\"widget\" data-settings=\"{&quot;youtube_url&quot;:&quot;https:\\\/\\\/www.youtube.com\\\/watch?v=01eyO2Fa_ac&quot;,&quot;video_type&quot;:&quot;youtube&quot;,&quot;controls&quot;:&quot;yes&quot;}\" data-widget_type=\"video.default\">\n\t\t\t\t<div class=\"elementor-widget-container\">\n\t\t\t\t\t\t\t<div class=\"elementor-wrapper elementor-open-inline\">\n\t\t\t<div class=\"elementor-video\"><\/div>\t\t<\/div>\n\t\t\t\t\t\t<\/div>\n\t\t\t\t<\/div>\n\t\t\t\t<div class=\"elementor-element elementor-element-11f6ec7 elementor-widget elementor-widget-heading\" data-id=\"11f6ec7\" data-element_type=\"widget\" data-e-type=\"widget\" data-widget_type=\"heading.default\">\n\t\t\t\t<div class=\"elementor-widget-container\">\n\t\t\t\t\t<h2 class=\"elementor-heading-title elementor-size-default\"> Dr Mateusz Bar\u0142\u00f3g - \"Od dezadaptacyjnego marzycielstwa do pozytywnego rozwoju - rola rodziny w budowaniu zasob\u00f3w psychicznych dzieci i m\u0142odzie\u017cy \"<\/h2>\t\t\t\t<\/div>\n\t\t\t\t<\/div>\n\t\t\t\t<div class=\"elementor-element elementor-element-a85efe8 elementor-widget-divider--view-line elementor-widget elementor-widget-divider\" data-id=\"a85efe8\" data-element_type=\"widget\" data-e-type=\"widget\" data-widget_type=\"divider.default\">\n\t\t\t\t<div class=\"elementor-widget-container\">\n\t\t\t\t\t\t\t<div class=\"elementor-divider\">\n\t\t\t<span class=\"elementor-divider-separator\">\n\t\t\t\t\t\t<\/span>\n\t\t<\/div>\n\t\t\t\t\t\t<\/div>\n\t\t\t\t<\/div>\n\t\t\t\t<div class=\"elementor-element elementor-element-2578a95 elementor-widget elementor-widget-video\" data-id=\"2578a95\" data-element_type=\"widget\" data-e-type=\"widget\" data-settings=\"{&quot;youtube_url&quot;:&quot;https:\\\/\\\/www.youtube.com\\\/watch?v=wRW-a5Iuhj0&quot;,&quot;video_type&quot;:&quot;youtube&quot;,&quot;controls&quot;:&quot;yes&quot;}\" data-widget_type=\"video.default\">\n\t\t\t\t<div class=\"elementor-widget-container\">\n\t\t\t\t\t\t\t<div class=\"elementor-wrapper elementor-open-inline\">\n\t\t\t<div class=\"elementor-video\"><\/div>\t\t<\/div>\n\t\t\t\t\t\t<\/div>\n\t\t\t\t<\/div>\n\t\t\t\t<div class=\"elementor-element elementor-element-1dd3e08 elementor-widget elementor-widget-heading\" data-id=\"1dd3e08\" data-element_type=\"widget\" data-e-type=\"widget\" data-widget_type=\"heading.default\">\n\t\t\t\t<div class=\"elementor-widget-container\">\n\t\t\t\t\t<h2 class=\"elementor-heading-title elementor-size-default\">mgr Anna Szczukiewicz - \"Wzmacnianie poczucia sensu jako czynnik ochrony zdrowia psychicznego u m\u0142odzie\u017cy\" <\/h2>\t\t\t\t<\/div>\n\t\t\t\t<\/div>\n\t\t\t\t<div class=\"elementor-element elementor-element-c2f6ac9 elementor-widget-divider--view-line elementor-widget elementor-widget-divider\" data-id=\"c2f6ac9\" data-element_type=\"widget\" data-e-type=\"widget\" data-widget_type=\"divider.default\">\n\t\t\t\t<div class=\"elementor-widget-container\">\n\t\t\t\t\t\t\t<div class=\"elementor-divider\">\n\t\t\t<span class=\"elementor-divider-separator\">\n\t\t\t\t\t\t<\/span>\n\t\t<\/div>\n\t\t\t\t\t\t<\/div>\n\t\t\t\t<\/div>\n\t\t\t\t<div class=\"elementor-element elementor-element-baac0e7 elementor-widget elementor-widget-video\" data-id=\"baac0e7\" data-element_type=\"widget\" data-e-type=\"widget\" data-settings=\"{&quot;youtube_url&quot;:&quot;https:\\\/\\\/www.youtube.com\\\/watch?v=16v8yi1LH4Q&quot;,&quot;video_type&quot;:&quot;youtube&quot;,&quot;controls&quot;:&quot;yes&quot;}\" data-widget_type=\"video.default\">\n\t\t\t\t<div class=\"elementor-widget-container\">\n\t\t\t\t\t\t\t<div class=\"elementor-wrapper elementor-open-inline\">\n\t\t\t<div class=\"elementor-video\"><\/div>\t\t<\/div>\n\t\t\t\t\t\t<\/div>\n\t\t\t\t<\/div>\n\t\t\t\t<div class=\"elementor-element elementor-element-a8c88ec elementor-widget elementor-widget-heading\" data-id=\"a8c88ec\" data-element_type=\"widget\" data-e-type=\"widget\" data-widget_type=\"heading.default\">\n\t\t\t\t<div class=\"elementor-widget-container\">\n\t\t\t\t\t<h2 class=\"elementor-heading-title elementor-size-default\">mgr Kevyn Eva Norton - \"Shadow\u2019s Edge \u2013 zestaw narz\u0119dzi wspieraj\u0105cych samo\u015bwiadomo\u015b\u0107 emocjonaln\u0105\"<\/h2>\t\t\t\t<\/div>\n\t\t\t\t<\/div>\n\t\t\t\t<div class=\"elementor-element elementor-element-213c0eb elementor-widget-divider--view-line elementor-widget elementor-widget-divider\" data-id=\"213c0eb\" data-element_type=\"widget\" data-e-type=\"widget\" data-widget_type=\"divider.default\">\n\t\t\t\t<div class=\"elementor-widget-container\">\n\t\t\t\t\t\t\t<div class=\"elementor-divider\">\n\t\t\t<span class=\"elementor-divider-separator\">\n\t\t\t\t\t\t<\/span>\n\t\t<\/div>\n\t\t\t\t\t\t<\/div>\n\t\t\t\t<\/div>\n\t\t\t\t<div class=\"elementor-element elementor-element-34d6417 elementor-widget elementor-widget-video\" data-id=\"34d6417\" data-element_type=\"widget\" data-e-type=\"widget\" data-settings=\"{&quot;youtube_url&quot;:&quot;https:\\\/\\\/www.youtube.com\\\/watch?v=zVRKGNlTKn4&quot;,&quot;video_type&quot;:&quot;youtube&quot;,&quot;controls&quot;:&quot;yes&quot;}\" data-widget_type=\"video.default\">\n\t\t\t\t<div class=\"elementor-widget-container\">\n\t\t\t\t\t\t\t<div class=\"elementor-wrapper elementor-open-inline\">\n\t\t\t<div class=\"elementor-video\"><\/div>\t\t<\/div>\n\t\t\t\t\t\t<\/div>\n\t\t\t\t<\/div>\n\t\t\t\t<div class=\"elementor-element elementor-element-801142b elementor-widget elementor-widget-heading\" data-id=\"801142b\" data-element_type=\"widget\" data-e-type=\"widget\" data-widget_type=\"heading.default\">\n\t\t\t\t<div class=\"elementor-widget-container\">\n\t\t\t\t\t<h2 class=\"elementor-heading-title elementor-size-default\">mgr Anna Szalast, dr Stanis\u0142aw Bia\u0142ek - \"Rola rodziny, \u015brodowiska lokalnego i sieci wsp\u00f3\u0142pracy interdyscyplinarnej w trosce o zdrowie psychiczne dzieci i m\u0142odzie\u017cy\"<\/h2>\t\t\t\t<\/div>\n\t\t\t\t<\/div>\n\t\t\t\t<div class=\"elementor-element elementor-element-c161b6a elementor-widget-divider--view-line elementor-widget elementor-widget-divider\" data-id=\"c161b6a\" data-element_type=\"widget\" data-e-type=\"widget\" data-widget_type=\"divider.default\">\n\t\t\t\t<div class=\"elementor-widget-container\">\n\t\t\t\t\t\t\t<div class=\"elementor-divider\">\n\t\t\t<span class=\"elementor-divider-separator\">\n\t\t\t\t\t\t<\/span>\n\t\t<\/div>\n\t\t\t\t\t\t<\/div>\n\t\t\t\t<\/div>\n\t\t\t\t<div class=\"elementor-element elementor-element-2d4de4e elementor-widget elementor-widget-video\" data-id=\"2d4de4e\" data-element_type=\"widget\" data-e-type=\"widget\" data-settings=\"{&quot;youtube_url&quot;:&quot;https:\\\/\\\/www.youtube.com\\\/watch?v=elgAys4EGfU&quot;,&quot;video_type&quot;:&quot;youtube&quot;,&quot;controls&quot;:&quot;yes&quot;}\" data-widget_type=\"video.default\">\n\t\t\t\t<div class=\"elementor-widget-container\">\n\t\t\t\t\t\t\t<div class=\"elementor-wrapper elementor-open-inline\">\n\t\t\t<div class=\"elementor-video\"><\/div>\t\t<\/div>\n\t\t\t\t\t\t<\/div>\n\t\t\t\t<\/div>\n\t\t\t\t<div class=\"elementor-element elementor-element-ac24264 elementor-widget elementor-widget-heading\" data-id=\"ac24264\" data-element_type=\"widget\" data-e-type=\"widget\" data-widget_type=\"heading.default\">\n\t\t\t\t<div class=\"elementor-widget-container\">\n\t\t\t\t\t<h2 class=\"elementor-heading-title elementor-size-default\">Dr hab. n. med. prof. ucz. Marzena Samardakiewicz -  \"Rodzina w zmieniaj\u0105cym si\u0119 \u015bwiecie - perspektywy i zagro\u017cenia. Raport 2030+\"<\/h2>\t\t\t\t<\/div>\n\t\t\t\t<\/div>\n\t\t\t\t<div class=\"elementor-element elementor-element-d3afaf6 elementor-widget-divider--view-line elementor-widget elementor-widget-divider\" data-id=\"d3afaf6\" data-element_type=\"widget\" data-e-type=\"widget\" data-widget_type=\"divider.default\">\n\t\t\t\t<div class=\"elementor-widget-container\">\n\t\t\t\t\t\t\t<div class=\"elementor-divider\">\n\t\t\t<span class=\"elementor-divider-separator\">\n\t\t\t\t\t\t<\/span>\n\t\t<\/div>\n\t\t\t\t\t\t<\/div>\n\t\t\t\t<\/div>\n\t\t\t\t<div class=\"elementor-element elementor-element-1e7eae5 elementor-widget elementor-widget-video\" data-id=\"1e7eae5\" data-element_type=\"widget\" data-e-type=\"widget\" data-settings=\"{&quot;youtube_url&quot;:&quot;https:\\\/\\\/www.youtube.com\\\/watch?v=p0cKBOw_wEw&quot;,&quot;video_type&quot;:&quot;youtube&quot;,&quot;controls&quot;:&quot;yes&quot;}\" data-widget_type=\"video.default\">\n\t\t\t\t<div class=\"elementor-widget-container\">\n\t\t\t\t\t\t\t<div class=\"elementor-wrapper elementor-open-inline\">\n\t\t\t<div class=\"elementor-video\"><\/div>\t\t<\/div>\n\t\t\t\t\t\t<\/div>\n\t\t\t\t<\/div>\n\t\t\t\t<div class=\"elementor-element elementor-element-d5877de elementor-widget elementor-widget-heading\" data-id=\"d5877de\" data-element_type=\"widget\" data-e-type=\"widget\" data-widget_type=\"heading.default\">\n\t\t\t\t<div class=\"elementor-widget-container\">\n\t\t\t\t\t<h2 class=\"elementor-heading-title elementor-size-default\">Dr n. spo\u0142. Katarzyna Hartfil - \"Dom dobry, dom z\u0142y, dom wystarczaj\u0105cy: czynniki ryzyka i czynniki chroni\u0105ce w systemie rodzinnym\"<\/h2>\t\t\t\t<\/div>\n\t\t\t\t<\/div>\n\t\t\t\t<div class=\"elementor-element elementor-element-45af894 elementor-widget-divider--view-line elementor-widget elementor-widget-divider\" data-id=\"45af894\" data-element_type=\"widget\" data-e-type=\"widget\" data-widget_type=\"divider.default\">\n\t\t\t\t<div class=\"elementor-widget-container\">\n\t\t\t\t\t\t\t<div class=\"elementor-divider\">\n\t\t\t<span class=\"elementor-divider-separator\">\n\t\t\t\t\t\t<\/span>\n\t\t<\/div>\n\t\t\t\t\t\t<\/div>\n\t\t\t\t<\/div>\n\t\t\t\t\t<\/div>\n\t\t<\/div>\n\t\t\t\t\t<\/div>\n\t\t<\/section>\n\t\t\t\t<section class=\"elementor-section elementor-top-section elementor-element elementor-element-146aeaf elementor-section-stretched elementor-section-boxed elementor-section-height-default elementor-section-height-default\" data-id=\"146aeaf\" data-element_type=\"section\" data-e-type=\"section\" data-settings=\"{&quot;stretch_section&quot;:&quot;section-stretched&quot;}\">\n\t\t\t\t\t\t<div class=\"elementor-container elementor-column-gap-default\">\n\t\t\t\t\t<div class=\"elementor-column elementor-col-100 elementor-top-column elementor-element elementor-element-60d7ec3\" data-id=\"60d7ec3\" data-element_type=\"column\" data-e-type=\"column\">\n\t\t\t<div class=\"elementor-widget-wrap elementor-element-populated\">\n\t\t\t\t\t\t<div class=\"elementor-element elementor-element-37dd100 gallery-spacing-custom elementor-widget elementor-widget-image-gallery\" data-id=\"37dd100\" data-element_type=\"widget\" data-e-type=\"widget\" data-widget_type=\"image-gallery.default\">\n\t\t\t\t<div class=\"elementor-widget-container\">\n\t\t\t\t\t\t\t<div class=\"elementor-image-gallery\">\n\t\t\t<div id='gallery-1' class='gallery galleryid-6713 gallery-columns-2 gallery-size-graphy-post-thumbnail-large'><figure class='gallery-item'>\n\t\t\t<div class='gallery-icon portrait'>\n\t\t\t\t<a data-elementor-open-lightbox=\"yes\" data-elementor-lightbox-slideshow=\"37dd100\" data-elementor-lightbox-title=\"III Seminarium Rodzina podstaw\u0105 zdrowia psychicznego m\u0142odych ludzi 03 (20)\" data-e-action-hash=\"#elementor-action%3Aaction%3Dlightbox%26settings%3DeyJpZCI6NjczMywidXJsIjoiaHR0cHM6XC9cL3JvdGFyeS56YW1vc2MucGxcL3dwLWNvbnRlbnRcL3VwbG9hZHNcLzIwMjZcLzAzXC9JSUktU2VtaW5hcml1bS1Sb2R6aW5hLXBvZHN0YXdhLXpkcm93aWEtcHN5Y2hpY3puZWdvLW1sb2R5Y2gtbHVkemktMDMtMjAuanBnIiwic2xpZGVzaG93IjoiMzdkZDEwMCJ9\" href='https:\/\/rotary.zamosc.pl\/wp-content\/uploads\/2026\/03\/III-Seminarium-Rodzina-podstawa-zdrowia-psychicznego-mlodych-ludzi-03-20.jpg'><img loading=\"lazy\" decoding=\"async\" width=\"1080\" height=\"600\" src=\"https:\/\/rotary.zamosc.pl\/wp-content\/uploads\/2026\/03\/III-Seminarium-Rodzina-podstawa-zdrowia-psychicznego-mlodych-ludzi-03-20-1080x600.jpg\" class=\"attachment-graphy-post-thumbnail-large size-graphy-post-thumbnail-large\" alt=\"\" \/><\/a>\n\t\t\t<\/div><\/figure><figure class='gallery-item'>\n\t\t\t<div class='gallery-icon landscape'>\n\t\t\t\t<a data-elementor-open-lightbox=\"yes\" data-elementor-lightbox-slideshow=\"37dd100\" data-elementor-lightbox-title=\"III Seminarium Rodzina podstaw\u0105 zdrowia psychicznego m\u0142odych ludzi 03 (19)\" data-e-action-hash=\"#elementor-action%3Aaction%3Dlightbox%26settings%3DeyJpZCI6NjczMiwidXJsIjoiaHR0cHM6XC9cL3JvdGFyeS56YW1vc2MucGxcL3dwLWNvbnRlbnRcL3VwbG9hZHNcLzIwMjZcLzAzXC9JSUktU2VtaW5hcml1bS1Sb2R6aW5hLXBvZHN0YXdhLXpkcm93aWEtcHN5Y2hpY3puZWdvLW1sb2R5Y2gtbHVkemktMDMtMTkuanBnIiwic2xpZGVzaG93IjoiMzdkZDEwMCJ9\" href='https:\/\/rotary.zamosc.pl\/wp-content\/uploads\/2026\/03\/III-Seminarium-Rodzina-podstawa-zdrowia-psychicznego-mlodych-ludzi-03-19.jpg'><img loading=\"lazy\" decoding=\"async\" width=\"1080\" height=\"600\" src=\"https:\/\/rotary.zamosc.pl\/wp-content\/uploads\/2026\/03\/III-Seminarium-Rodzina-podstawa-zdrowia-psychicznego-mlodych-ludzi-03-19-1080x600.jpg\" class=\"attachment-graphy-post-thumbnail-large size-graphy-post-thumbnail-large\" alt=\"\" \/><\/a>\n\t\t\t<\/div><\/figure><figure class='gallery-item'>\n\t\t\t<div class='gallery-icon landscape'>\n\t\t\t\t<a data-elementor-open-lightbox=\"yes\" data-elementor-lightbox-slideshow=\"37dd100\" data-elementor-lightbox-title=\"III Seminarium Rodzina podstaw\u0105 zdrowia psychicznego m\u0142odych ludzi 03 (18)\" data-e-action-hash=\"#elementor-action%3Aaction%3Dlightbox%26settings%3DeyJpZCI6NjczMSwidXJsIjoiaHR0cHM6XC9cL3JvdGFyeS56YW1vc2MucGxcL3dwLWNvbnRlbnRcL3VwbG9hZHNcLzIwMjZcLzAzXC9JSUktU2VtaW5hcml1bS1Sb2R6aW5hLXBvZHN0YXdhLXpkcm93aWEtcHN5Y2hpY3puZWdvLW1sb2R5Y2gtbHVkemktMDMtMTguanBnIiwic2xpZGVzaG93IjoiMzdkZDEwMCJ9\" href='https:\/\/rotary.zamosc.pl\/wp-content\/uploads\/2026\/03\/III-Seminarium-Rodzina-podstawa-zdrowia-psychicznego-mlodych-ludzi-03-18.jpg'><img loading=\"lazy\" decoding=\"async\" width=\"1080\" height=\"600\" src=\"https:\/\/rotary.zamosc.pl\/wp-content\/uploads\/2026\/03\/III-Seminarium-Rodzina-podstawa-zdrowia-psychicznego-mlodych-ludzi-03-18-1080x600.jpg\" class=\"attachment-graphy-post-thumbnail-large size-graphy-post-thumbnail-large\" alt=\"\" \/><\/a>\n\t\t\t<\/div><\/figure><figure class='gallery-item'>\n\t\t\t<div class='gallery-icon portrait'>\n\t\t\t\t<a data-elementor-open-lightbox=\"yes\" data-elementor-lightbox-slideshow=\"37dd100\" data-elementor-lightbox-title=\"III Seminarium Rodzina podstaw\u0105 zdrowia psychicznego m\u0142odych ludzi 03 (17)\" data-e-action-hash=\"#elementor-action%3Aaction%3Dlightbox%26settings%3DeyJpZCI6NjczMCwidXJsIjoiaHR0cHM6XC9cL3JvdGFyeS56YW1vc2MucGxcL3dwLWNvbnRlbnRcL3VwbG9hZHNcLzIwMjZcLzAzXC9JSUktU2VtaW5hcml1bS1Sb2R6aW5hLXBvZHN0YXdhLXpkcm93aWEtcHN5Y2hpY3puZWdvLW1sb2R5Y2gtbHVkemktMDMtMTcuanBnIiwic2xpZGVzaG93IjoiMzdkZDEwMCJ9\" href='https:\/\/rotary.zamosc.pl\/wp-content\/uploads\/2026\/03\/III-Seminarium-Rodzina-podstawa-zdrowia-psychicznego-mlodych-ludzi-03-17.jpg'><img loading=\"lazy\" decoding=\"async\" width=\"1080\" height=\"600\" src=\"https:\/\/rotary.zamosc.pl\/wp-content\/uploads\/2026\/03\/III-Seminarium-Rodzina-podstawa-zdrowia-psychicznego-mlodych-ludzi-03-17-1080x600.jpg\" class=\"attachment-graphy-post-thumbnail-large size-graphy-post-thumbnail-large\" alt=\"\" \/><\/a>\n\t\t\t<\/div><\/figure><figure class='gallery-item'>\n\t\t\t<div class='gallery-icon landscape'>\n\t\t\t\t<a data-elementor-open-lightbox=\"yes\" data-elementor-lightbox-slideshow=\"37dd100\" data-elementor-lightbox-title=\"III Seminarium Rodzina podstaw\u0105 zdrowia psychicznego m\u0142odych ludzi 03 (16)\" data-e-action-hash=\"#elementor-action%3Aaction%3Dlightbox%26settings%3DeyJpZCI6NjcyOSwidXJsIjoiaHR0cHM6XC9cL3JvdGFyeS56YW1vc2MucGxcL3dwLWNvbnRlbnRcL3VwbG9hZHNcLzIwMjZcLzAzXC9JSUktU2VtaW5hcml1bS1Sb2R6aW5hLXBvZHN0YXdhLXpkcm93aWEtcHN5Y2hpY3puZWdvLW1sb2R5Y2gtbHVkemktMDMtMTYuanBnIiwic2xpZGVzaG93IjoiMzdkZDEwMCJ9\" href='https:\/\/rotary.zamosc.pl\/wp-content\/uploads\/2026\/03\/III-Seminarium-Rodzina-podstawa-zdrowia-psychicznego-mlodych-ludzi-03-16.jpg'><img loading=\"lazy\" decoding=\"async\" width=\"1080\" height=\"600\" src=\"https:\/\/rotary.zamosc.pl\/wp-content\/uploads\/2026\/03\/III-Seminarium-Rodzina-podstawa-zdrowia-psychicznego-mlodych-ludzi-03-16-1080x600.jpg\" class=\"attachment-graphy-post-thumbnail-large size-graphy-post-thumbnail-large\" alt=\"\" \/><\/a>\n\t\t\t<\/div><\/figure><figure class='gallery-item'>\n\t\t\t<div class='gallery-icon landscape'>\n\t\t\t\t<a data-elementor-open-lightbox=\"yes\" data-elementor-lightbox-slideshow=\"37dd100\" data-elementor-lightbox-title=\"III Seminarium Rodzina podstaw\u0105 zdrowia psychicznego m\u0142odych ludzi 03 (15)\" data-e-action-hash=\"#elementor-action%3Aaction%3Dlightbox%26settings%3DeyJpZCI6NjcyOCwidXJsIjoiaHR0cHM6XC9cL3JvdGFyeS56YW1vc2MucGxcL3dwLWNvbnRlbnRcL3VwbG9hZHNcLzIwMjZcLzAzXC9JSUktU2VtaW5hcml1bS1Sb2R6aW5hLXBvZHN0YXdhLXpkcm93aWEtcHN5Y2hpY3puZWdvLW1sb2R5Y2gtbHVkemktMDMtMTUuanBnIiwic2xpZGVzaG93IjoiMzdkZDEwMCJ9\" href='https:\/\/rotary.zamosc.pl\/wp-content\/uploads\/2026\/03\/III-Seminarium-Rodzina-podstawa-zdrowia-psychicznego-mlodych-ludzi-03-15.jpg'><img loading=\"lazy\" decoding=\"async\" width=\"1080\" height=\"600\" src=\"https:\/\/rotary.zamosc.pl\/wp-content\/uploads\/2026\/03\/III-Seminarium-Rodzina-podstawa-zdrowia-psychicznego-mlodych-ludzi-03-15-1080x600.jpg\" class=\"attachment-graphy-post-thumbnail-large size-graphy-post-thumbnail-large\" alt=\"\" \/><\/a>\n\t\t\t<\/div><\/figure><figure class='gallery-item'>\n\t\t\t<div class='gallery-icon landscape'>\n\t\t\t\t<a data-elementor-open-lightbox=\"yes\" data-elementor-lightbox-slideshow=\"37dd100\" data-elementor-lightbox-title=\"III Seminarium Rodzina podstaw\u0105 zdrowia psychicznego m\u0142odych ludzi 03 (14)\" data-e-action-hash=\"#elementor-action%3Aaction%3Dlightbox%26settings%3DeyJpZCI6NjcyNywidXJsIjoiaHR0cHM6XC9cL3JvdGFyeS56YW1vc2MucGxcL3dwLWNvbnRlbnRcL3VwbG9hZHNcLzIwMjZcLzAzXC9JSUktU2VtaW5hcml1bS1Sb2R6aW5hLXBvZHN0YXdhLXpkcm93aWEtcHN5Y2hpY3puZWdvLW1sb2R5Y2gtbHVkemktMDMtMTQuanBnIiwic2xpZGVzaG93IjoiMzdkZDEwMCJ9\" href='https:\/\/rotary.zamosc.pl\/wp-content\/uploads\/2026\/03\/III-Seminarium-Rodzina-podstawa-zdrowia-psychicznego-mlodych-ludzi-03-14.jpg'><img loading=\"lazy\" decoding=\"async\" width=\"1080\" height=\"600\" src=\"https:\/\/rotary.zamosc.pl\/wp-content\/uploads\/2026\/03\/III-Seminarium-Rodzina-podstawa-zdrowia-psychicznego-mlodych-ludzi-03-14-1080x600.jpg\" class=\"attachment-graphy-post-thumbnail-large size-graphy-post-thumbnail-large\" alt=\"\" \/><\/a>\n\t\t\t<\/div><\/figure><figure class='gallery-item'>\n\t\t\t<div class='gallery-icon landscape'>\n\t\t\t\t<a data-elementor-open-lightbox=\"yes\" data-elementor-lightbox-slideshow=\"37dd100\" data-elementor-lightbox-title=\"III Seminarium Rodzina podstaw\u0105 zdrowia psychicznego m\u0142odych ludzi 03 (13)\" data-e-action-hash=\"#elementor-action%3Aaction%3Dlightbox%26settings%3DeyJpZCI6NjcyNiwidXJsIjoiaHR0cHM6XC9cL3JvdGFyeS56YW1vc2MucGxcL3dwLWNvbnRlbnRcL3VwbG9hZHNcLzIwMjZcLzAzXC9JSUktU2VtaW5hcml1bS1Sb2R6aW5hLXBvZHN0YXdhLXpkcm93aWEtcHN5Y2hpY3puZWdvLW1sb2R5Y2gtbHVkemktMDMtMTMuanBnIiwic2xpZGVzaG93IjoiMzdkZDEwMCJ9\" href='https:\/\/rotary.zamosc.pl\/wp-content\/uploads\/2026\/03\/III-Seminarium-Rodzina-podstawa-zdrowia-psychicznego-mlodych-ludzi-03-13.jpg'><img loading=\"lazy\" decoding=\"async\" width=\"1080\" height=\"600\" src=\"https:\/\/rotary.zamosc.pl\/wp-content\/uploads\/2026\/03\/III-Seminarium-Rodzina-podstawa-zdrowia-psychicznego-mlodych-ludzi-03-13-1080x600.jpg\" class=\"attachment-graphy-post-thumbnail-large size-graphy-post-thumbnail-large\" alt=\"\" \/><\/a>\n\t\t\t<\/div><\/figure><figure class='gallery-item'>\n\t\t\t<div class='gallery-icon landscape'>\n\t\t\t\t<a data-elementor-open-lightbox=\"yes\" data-elementor-lightbox-slideshow=\"37dd100\" data-elementor-lightbox-title=\"III Seminarium Rodzina podstaw\u0105 zdrowia psychicznego m\u0142odych ludzi 03 (12)\" data-e-action-hash=\"#elementor-action%3Aaction%3Dlightbox%26settings%3DeyJpZCI6NjcyNSwidXJsIjoiaHR0cHM6XC9cL3JvdGFyeS56YW1vc2MucGxcL3dwLWNvbnRlbnRcL3VwbG9hZHNcLzIwMjZcLzAzXC9JSUktU2VtaW5hcml1bS1Sb2R6aW5hLXBvZHN0YXdhLXpkcm93aWEtcHN5Y2hpY3puZWdvLW1sb2R5Y2gtbHVkemktMDMtMTIuanBnIiwic2xpZGVzaG93IjoiMzdkZDEwMCJ9\" href='https:\/\/rotary.zamosc.pl\/wp-content\/uploads\/2026\/03\/III-Seminarium-Rodzina-podstawa-zdrowia-psychicznego-mlodych-ludzi-03-12.jpg'><img loading=\"lazy\" decoding=\"async\" width=\"1080\" height=\"600\" src=\"https:\/\/rotary.zamosc.pl\/wp-content\/uploads\/2026\/03\/III-Seminarium-Rodzina-podstawa-zdrowia-psychicznego-mlodych-ludzi-03-12-1080x600.jpg\" class=\"attachment-graphy-post-thumbnail-large size-graphy-post-thumbnail-large\" alt=\"\" \/><\/a>\n\t\t\t<\/div><\/figure><figure class='gallery-item'>\n\t\t\t<div class='gallery-icon portrait'>\n\t\t\t\t<a data-elementor-open-lightbox=\"yes\" data-elementor-lightbox-slideshow=\"37dd100\" data-elementor-lightbox-title=\"III Seminarium Rodzina podstaw\u0105 zdrowia psychicznego m\u0142odych ludzi 03 (11)\" data-e-action-hash=\"#elementor-action%3Aaction%3Dlightbox%26settings%3DeyJpZCI6NjcyNCwidXJsIjoiaHR0cHM6XC9cL3JvdGFyeS56YW1vc2MucGxcL3dwLWNvbnRlbnRcL3VwbG9hZHNcLzIwMjZcLzAzXC9JSUktU2VtaW5hcml1bS1Sb2R6aW5hLXBvZHN0YXdhLXpkcm93aWEtcHN5Y2hpY3puZWdvLW1sb2R5Y2gtbHVkemktMDMtMTEuanBnIiwic2xpZGVzaG93IjoiMzdkZDEwMCJ9\" href='https:\/\/rotary.zamosc.pl\/wp-content\/uploads\/2026\/03\/III-Seminarium-Rodzina-podstawa-zdrowia-psychicznego-mlodych-ludzi-03-11.jpg'><img loading=\"lazy\" decoding=\"async\" width=\"1080\" height=\"600\" src=\"https:\/\/rotary.zamosc.pl\/wp-content\/uploads\/2026\/03\/III-Seminarium-Rodzina-podstawa-zdrowia-psychicznego-mlodych-ludzi-03-11-1080x600.jpg\" class=\"attachment-graphy-post-thumbnail-large size-graphy-post-thumbnail-large\" alt=\"\" \/><\/a>\n\t\t\t<\/div><\/figure><figure class='gallery-item'>\n\t\t\t<div class='gallery-icon landscape'>\n\t\t\t\t<a data-elementor-open-lightbox=\"yes\" data-elementor-lightbox-slideshow=\"37dd100\" data-elementor-lightbox-title=\"III Seminarium Rodzina podstaw\u0105 zdrowia psychicznego m\u0142odych ludzi 03 (10)\" data-e-action-hash=\"#elementor-action%3Aaction%3Dlightbox%26settings%3DeyJpZCI6NjcyMywidXJsIjoiaHR0cHM6XC9cL3JvdGFyeS56YW1vc2MucGxcL3dwLWNvbnRlbnRcL3VwbG9hZHNcLzIwMjZcLzAzXC9JSUktU2VtaW5hcml1bS1Sb2R6aW5hLXBvZHN0YXdhLXpkcm93aWEtcHN5Y2hpY3puZWdvLW1sb2R5Y2gtbHVkemktMDMtMTAuanBnIiwic2xpZGVzaG93IjoiMzdkZDEwMCJ9\" href='https:\/\/rotary.zamosc.pl\/wp-content\/uploads\/2026\/03\/III-Seminarium-Rodzina-podstawa-zdrowia-psychicznego-mlodych-ludzi-03-10.jpg'><img loading=\"lazy\" decoding=\"async\" width=\"1080\" height=\"600\" src=\"https:\/\/rotary.zamosc.pl\/wp-content\/uploads\/2026\/03\/III-Seminarium-Rodzina-podstawa-zdrowia-psychicznego-mlodych-ludzi-03-10-1080x600.jpg\" class=\"attachment-graphy-post-thumbnail-large size-graphy-post-thumbnail-large\" alt=\"\" \/><\/a>\n\t\t\t<\/div><\/figure><figure class='gallery-item'>\n\t\t\t<div class='gallery-icon portrait'>\n\t\t\t\t<a data-elementor-open-lightbox=\"yes\" data-elementor-lightbox-slideshow=\"37dd100\" data-elementor-lightbox-title=\"III Seminarium Rodzina podstaw\u0105 zdrowia psychicznego m\u0142odych ludzi 03 (9)\" data-e-action-hash=\"#elementor-action%3Aaction%3Dlightbox%26settings%3DeyJpZCI6NjcyMiwidXJsIjoiaHR0cHM6XC9cL3JvdGFyeS56YW1vc2MucGxcL3dwLWNvbnRlbnRcL3VwbG9hZHNcLzIwMjZcLzAzXC9JSUktU2VtaW5hcml1bS1Sb2R6aW5hLXBvZHN0YXdhLXpkcm93aWEtcHN5Y2hpY3puZWdvLW1sb2R5Y2gtbHVkemktMDMtOS5qcGciLCJzbGlkZXNob3ciOiIzN2RkMTAwIn0%3D\" href='https:\/\/rotary.zamosc.pl\/wp-content\/uploads\/2026\/03\/III-Seminarium-Rodzina-podstawa-zdrowia-psychicznego-mlodych-ludzi-03-9.jpg'><img loading=\"lazy\" decoding=\"async\" width=\"1080\" height=\"600\" src=\"https:\/\/rotary.zamosc.pl\/wp-content\/uploads\/2026\/03\/III-Seminarium-Rodzina-podstawa-zdrowia-psychicznego-mlodych-ludzi-03-9-1080x600.jpg\" class=\"attachment-graphy-post-thumbnail-large size-graphy-post-thumbnail-large\" alt=\"\" \/><\/a>\n\t\t\t<\/div><\/figure><figure class='gallery-item'>\n\t\t\t<div class='gallery-icon landscape'>\n\t\t\t\t<a data-elementor-open-lightbox=\"yes\" data-elementor-lightbox-slideshow=\"37dd100\" data-elementor-lightbox-title=\"III Seminarium Rodzina podstaw\u0105 zdrowia psychicznego m\u0142odych ludzi 03 (8)\" data-e-action-hash=\"#elementor-action%3Aaction%3Dlightbox%26settings%3DeyJpZCI6NjcyMSwidXJsIjoiaHR0cHM6XC9cL3JvdGFyeS56YW1vc2MucGxcL3dwLWNvbnRlbnRcL3VwbG9hZHNcLzIwMjZcLzAzXC9JSUktU2VtaW5hcml1bS1Sb2R6aW5hLXBvZHN0YXdhLXpkcm93aWEtcHN5Y2hpY3puZWdvLW1sb2R5Y2gtbHVkemktMDMtOC5qcGciLCJzbGlkZXNob3ciOiIzN2RkMTAwIn0%3D\" href='https:\/\/rotary.zamosc.pl\/wp-content\/uploads\/2026\/03\/III-Seminarium-Rodzina-podstawa-zdrowia-psychicznego-mlodych-ludzi-03-8.jpg'><img loading=\"lazy\" decoding=\"async\" width=\"1080\" height=\"600\" src=\"https:\/\/rotary.zamosc.pl\/wp-content\/uploads\/2026\/03\/III-Seminarium-Rodzina-podstawa-zdrowia-psychicznego-mlodych-ludzi-03-8-1080x600.jpg\" class=\"attachment-graphy-post-thumbnail-large size-graphy-post-thumbnail-large\" alt=\"\" \/><\/a>\n\t\t\t<\/div><\/figure><figure class='gallery-item'>\n\t\t\t<div class='gallery-icon landscape'>\n\t\t\t\t<a data-elementor-open-lightbox=\"yes\" data-elementor-lightbox-slideshow=\"37dd100\" data-elementor-lightbox-title=\"III Seminarium Rodzina podstaw\u0105 zdrowia psychicznego m\u0142odych ludzi 03 (7)\" data-e-action-hash=\"#elementor-action%3Aaction%3Dlightbox%26settings%3DeyJpZCI6NjcyMCwidXJsIjoiaHR0cHM6XC9cL3JvdGFyeS56YW1vc2MucGxcL3dwLWNvbnRlbnRcL3VwbG9hZHNcLzIwMjZcLzAzXC9JSUktU2VtaW5hcml1bS1Sb2R6aW5hLXBvZHN0YXdhLXpkcm93aWEtcHN5Y2hpY3puZWdvLW1sb2R5Y2gtbHVkemktMDMtNy5qcGciLCJzbGlkZXNob3ciOiIzN2RkMTAwIn0%3D\" href='https:\/\/rotary.zamosc.pl\/wp-content\/uploads\/2026\/03\/III-Seminarium-Rodzina-podstawa-zdrowia-psychicznego-mlodych-ludzi-03-7.jpg'><img loading=\"lazy\" decoding=\"async\" width=\"1080\" height=\"600\" src=\"https:\/\/rotary.zamosc.pl\/wp-content\/uploads\/2026\/03\/III-Seminarium-Rodzina-podstawa-zdrowia-psychicznego-mlodych-ludzi-03-7-1080x600.jpg\" class=\"attachment-graphy-post-thumbnail-large size-graphy-post-thumbnail-large\" alt=\"\" \/><\/a>\n\t\t\t<\/div><\/figure><figure class='gallery-item'>\n\t\t\t<div class='gallery-icon landscape'>\n\t\t\t\t<a data-elementor-open-lightbox=\"yes\" data-elementor-lightbox-slideshow=\"37dd100\" data-elementor-lightbox-title=\"III Seminarium Rodzina podstaw\u0105 zdrowia psychicznego m\u0142odych ludzi 03 (6)\" data-e-action-hash=\"#elementor-action%3Aaction%3Dlightbox%26settings%3DeyJpZCI6NjcxOSwidXJsIjoiaHR0cHM6XC9cL3JvdGFyeS56YW1vc2MucGxcL3dwLWNvbnRlbnRcL3VwbG9hZHNcLzIwMjZcLzAzXC9JSUktU2VtaW5hcml1bS1Sb2R6aW5hLXBvZHN0YXdhLXpkcm93aWEtcHN5Y2hpY3puZWdvLW1sb2R5Y2gtbHVkemktMDMtNi5qcGciLCJzbGlkZXNob3ciOiIzN2RkMTAwIn0%3D\" href='https:\/\/rotary.zamosc.pl\/wp-content\/uploads\/2026\/03\/III-Seminarium-Rodzina-podstawa-zdrowia-psychicznego-mlodych-ludzi-03-6.jpg'><img loading=\"lazy\" decoding=\"async\" width=\"1080\" height=\"600\" src=\"https:\/\/rotary.zamosc.pl\/wp-content\/uploads\/2026\/03\/III-Seminarium-Rodzina-podstawa-zdrowia-psychicznego-mlodych-ludzi-03-6-1080x600.jpg\" class=\"attachment-graphy-post-thumbnail-large size-graphy-post-thumbnail-large\" alt=\"\" \/><\/a>\n\t\t\t<\/div><\/figure><figure class='gallery-item'>\n\t\t\t<div class='gallery-icon landscape'>\n\t\t\t\t<a data-elementor-open-lightbox=\"yes\" data-elementor-lightbox-slideshow=\"37dd100\" data-elementor-lightbox-title=\"III Seminarium Rodzina podstaw\u0105 zdrowia psychicznego m\u0142odych ludzi 03 (5)\" data-e-action-hash=\"#elementor-action%3Aaction%3Dlightbox%26settings%3DeyJpZCI6NjcxOCwidXJsIjoiaHR0cHM6XC9cL3JvdGFyeS56YW1vc2MucGxcL3dwLWNvbnRlbnRcL3VwbG9hZHNcLzIwMjZcLzAzXC9JSUktU2VtaW5hcml1bS1Sb2R6aW5hLXBvZHN0YXdhLXpkcm93aWEtcHN5Y2hpY3puZWdvLW1sb2R5Y2gtbHVkemktMDMtNS5qcGciLCJzbGlkZXNob3ciOiIzN2RkMTAwIn0%3D\" href='https:\/\/rotary.zamosc.pl\/wp-content\/uploads\/2026\/03\/III-Seminarium-Rodzina-podstawa-zdrowia-psychicznego-mlodych-ludzi-03-5.jpg'><img loading=\"lazy\" decoding=\"async\" width=\"1080\" height=\"600\" src=\"https:\/\/rotary.zamosc.pl\/wp-content\/uploads\/2026\/03\/III-Seminarium-Rodzina-podstawa-zdrowia-psychicznego-mlodych-ludzi-03-5-1080x600.jpg\" class=\"attachment-graphy-post-thumbnail-large size-graphy-post-thumbnail-large\" alt=\"\" \/><\/a>\n\t\t\t<\/div><\/figure><figure class='gallery-item'>\n\t\t\t<div class='gallery-icon portrait'>\n\t\t\t\t<a data-elementor-open-lightbox=\"yes\" data-elementor-lightbox-slideshow=\"37dd100\" data-elementor-lightbox-title=\"III Seminarium Rodzina podstaw\u0105 zdrowia psychicznego m\u0142odych ludzi 03 (4)\" data-e-action-hash=\"#elementor-action%3Aaction%3Dlightbox%26settings%3DeyJpZCI6NjcxNywidXJsIjoiaHR0cHM6XC9cL3JvdGFyeS56YW1vc2MucGxcL3dwLWNvbnRlbnRcL3VwbG9hZHNcLzIwMjZcLzAzXC9JSUktU2VtaW5hcml1bS1Sb2R6aW5hLXBvZHN0YXdhLXpkcm93aWEtcHN5Y2hpY3puZWdvLW1sb2R5Y2gtbHVkemktMDMtNC5qcGciLCJzbGlkZXNob3ciOiIzN2RkMTAwIn0%3D\" href='https:\/\/rotary.zamosc.pl\/wp-content\/uploads\/2026\/03\/III-Seminarium-Rodzina-podstawa-zdrowia-psychicznego-mlodych-ludzi-03-4.jpg'><img loading=\"lazy\" decoding=\"async\" width=\"1080\" height=\"600\" src=\"https:\/\/rotary.zamosc.pl\/wp-content\/uploads\/2026\/03\/III-Seminarium-Rodzina-podstawa-zdrowia-psychicznego-mlodych-ludzi-03-4-1080x600.jpg\" class=\"attachment-graphy-post-thumbnail-large size-graphy-post-thumbnail-large\" alt=\"\" \/><\/a>\n\t\t\t<\/div><\/figure>\n\t\t<\/div>\n\t\t<\/div>\n\t\t\t\t\t\t<\/div>\n\t\t\t\t<\/div>\n\t\t\t\t\t<\/div>\n\t\t<\/div>\n\t\t\t\t\t<\/div>\n\t\t<\/section>\n\t\t\t\t<\/div>\n\t\t","protected":false},"excerpt":{"rendered":"<p>DARCZY\u0143CY 17 marca w Zamojskim Domu Kultury oraz Zamojskiej Akademii Kultury odby\u0142o si\u0119 III Seminarium po\u015bwi\u0119cone zdrowiu psychicznemu dzieci i m\u0142odzie\u017cy &#8222;Rodzina podstaw\u0105 zdrowia psychicznego m\u0142odych ludzi&#8221;, kt\u00f3re zapowiadali\u015bmy od d\u0142u\u017cszego czasu. Seminarium zorganizowa\u0142y Rotary Club Zamo\u015b\u0107 ID 30379 oraz Rotary Club Lublin Centrum wraz z Dystryktem 2231 oraz ameryka\u0144skim partnerem Digging Deep Project (https:\/\/diggingdeep.org),&#8230;<\/p>\n","protected":false},"author":1,"featured_media":6727,"comment_status":"open","ping_status":"open","sticky":false,"template":"","format":"standard","meta":{"footnotes":""},"categories":[20,22],"tags":[],"class_list":["post-6713","post","type-post","status-publish","format-standard","has-post-thumbnail","hentry","category-20","category-seminaria"],"rttpg_featured_image_url":{"full":["https:\/\/rotary.zamosc.pl\/wp-content\/uploads\/2026\/03\/III-Seminarium-Rodzina-podstawa-zdrowia-psychicznego-mlodych-ludzi-03-14.jpg",2048,1536,false],"landscape":["https:\/\/rotary.zamosc.pl\/wp-content\/uploads\/2026\/03\/III-Seminarium-Rodzina-podstawa-zdrowia-psychicznego-mlodych-ludzi-03-14.jpg",2048,1536,false],"portraits":["https:\/\/rotary.zamosc.pl\/wp-content\/uploads\/2026\/03\/III-Seminarium-Rodzina-podstawa-zdrowia-psychicznego-mlodych-ludzi-03-14.jpg",2048,1536,false],"thumbnail":["https:\/\/rotary.zamosc.pl\/wp-content\/uploads\/2026\/03\/III-Seminarium-Rodzina-podstawa-zdrowia-psychicznego-mlodych-ludzi-03-14-150x150.jpg",150,150,true],"medium":["https:\/\/rotary.zamosc.pl\/wp-content\/uploads\/2026\/03\/III-Seminarium-Rodzina-podstawa-zdrowia-psychicznego-mlodych-ludzi-03-14-300x225.jpg",300,225,true],"large":["https:\/\/rotary.zamosc.pl\/wp-content\/uploads\/2026\/03\/III-Seminarium-Rodzina-podstawa-zdrowia-psychicznego-mlodych-ludzi-03-14-700x525.jpg",700,525,true],"1536x1536":["https:\/\/rotary.zamosc.pl\/wp-content\/uploads\/2026\/03\/III-Seminarium-Rodzina-podstawa-zdrowia-psychicznego-mlodych-ludzi-03-14-1536x1152.jpg",1536,1152,true],"2048x2048":["https:\/\/rotary.zamosc.pl\/wp-content\/uploads\/2026\/03\/III-Seminarium-Rodzina-podstawa-zdrowia-psychicznego-mlodych-ludzi-03-14.jpg",2048,1536,false],"post-thumbnail":["https:\/\/rotary.zamosc.pl\/wp-content\/uploads\/2026\/03\/III-Seminarium-Rodzina-podstawa-zdrowia-psychicznego-mlodych-ludzi-03-14-800x600.jpg",800,600,true],"graphy-post-thumbnail-large":["https:\/\/rotary.zamosc.pl\/wp-content\/uploads\/2026\/03\/III-Seminarium-Rodzina-podstawa-zdrowia-psychicznego-mlodych-ludzi-03-14-1080x600.jpg",1080,600,true],"graphy-post-thumbnail-medium":["https:\/\/rotary.zamosc.pl\/wp-content\/uploads\/2026\/03\/III-Seminarium-Rodzina-podstawa-zdrowia-psychicznego-mlodych-ludzi-03-14-482x300.jpg",482,300,true],"graphy-post-thumbnail-small":["https:\/\/rotary.zamosc.pl\/wp-content\/uploads\/2026\/03\/III-Seminarium-Rodzina-podstawa-zdrowia-psychicznego-mlodych-ludzi-03-14-80x60.jpg",80,60,true],"graphy-page-thumbnail":["https:\/\/rotary.zamosc.pl\/wp-content\/uploads\/2026\/03\/III-Seminarium-Rodzina-podstawa-zdrowia-psychicznego-mlodych-ludzi-03-14-1260x350.jpg",1260,350,true],"sow-carousel-default":["https:\/\/rotary.zamosc.pl\/wp-content\/uploads\/2026\/03\/III-Seminarium-Rodzina-podstawa-zdrowia-psychicznego-mlodych-ludzi-03-14-272x182.jpg",272,182,true]},"rttpg_author":{"display_name":"rotaryzamosc","author_link":"https:\/\/rotary.zamosc.pl\/index.php\/author\/rotaryzamosc\/"},"rttpg_comment":0,"rttpg_category":" <a href=\"https:\/\/rotary.zamosc.pl\/index.php\/category\/2026\/\" rel=\"tag\">2026<\/a><a href=\"https:\/\/rotary.zamosc.pl\/index.php\/category\/seminaria\/\" rel=\"tag\">Seminaria<\/a>","rttpg_excerpt":"DARCZY\u0143CY 17 marca w Zamojskim Domu Kultury oraz Zamojskiej Akademii Kultury odby\u0142o si\u0119 III Seminarium po\u015bwi\u0119cone zdrowiu psychicznemu dzieci i m\u0142odzie\u017cy &#8222;Rodzina podstaw\u0105 zdrowia psychicznego m\u0142odych ludzi&#8221;, kt\u00f3re zapowiadali\u015bmy od d\u0142u\u017cszego czasu. Seminarium zorganizowa\u0142y Rotary Club Zamo\u015b\u0107 ID 30379 oraz Rotary Club Lublin Centrum wraz z Dystryktem 2231 oraz ameryka\u0144skim partnerem Digging Deep Project (https:\/\/diggingdeep.org),...","_links":{"self":[{"href":"https:\/\/rotary.zamosc.pl\/index.php\/wp-json\/wp\/v2\/posts\/6713","targetHints":{"allow":["GET"]}}],"collection":[{"href":"https:\/\/rotary.zamosc.pl\/index.php\/wp-json\/wp\/v2\/posts"}],"about":[{"href":"https:\/\/rotary.zamosc.pl\/index.php\/wp-json\/wp\/v2\/types\/post"}],"author":[{"embeddable":true,"href":"https:\/\/rotary.zamosc.pl\/index.php\/wp-json\/wp\/v2\/users\/1"}],"replies":[{"embeddable":true,"href":"https:\/\/rotary.zamosc.pl\/index.php\/wp-json\/wp\/v2\/comments?post=6713"}],"version-history":[{"count":84,"href":"https:\/\/rotary.zamosc.pl\/index.php\/wp-json\/wp\/v2\/posts\/6713\/revisions"}],"predecessor-version":[{"id":8268,"href":"https:\/\/rotary.zamosc.pl\/index.php\/wp-json\/wp\/v2\/posts\/6713\/revisions\/8268"}],"wp:featuredmedia":[{"embeddable":true,"href":"https:\/\/rotary.zamosc.pl\/index.php\/wp-json\/wp\/v2\/media\/6727"}],"wp:attachment":[{"href":"https:\/\/rotary.zamosc.pl\/index.php\/wp-json\/wp\/v2\/media?parent=6713"}],"wp:term":[{"taxonomy":"category","embeddable":true,"href":"https:\/\/rotary.zamosc.pl\/index.php\/wp-json\/wp\/v2\/categories?post=6713"},{"taxonomy":"post_tag","embeddable":true,"href":"https:\/\/rotary.zamosc.pl\/index.php\/wp-json\/wp\/v2\/tags?post=6713"}],"curies":[{"name":"wp","href":"https:\/\/api.w.org\/{rel}","templated":true}]}}