{"id":6754,"date":"2019-12-13T10:57:00","date_gmt":"2019-12-13T09:57:00","guid":{"rendered":"https:\/\/rotary.zamosc.pl\/?p=6754"},"modified":"2026-03-20T11:04:03","modified_gmt":"2026-03-20T10:04:03","slug":"podziekowania-za-pomoc","status":"publish","type":"post","link":"https:\/\/rotary.zamosc.pl\/index.php\/2019\/12\/13\/podziekowania-za-pomoc\/","title":{"rendered":"Podzi\u0119kowania za pomoc"},"content":{"rendered":"\n<p class=\"wp-block-paragraph\">W dniu 13 grudnia br., delegacja naszego Klubu w osobach cz\u0142onk\u00f3w Zarz\u0105du: Krzysztofa Borka \u2013 Prezydenta, Jerzego Liberadzkiego \u2013 V-ce Prezydenta i Sylwestra Borkowskiego \u2013 Skarbnika, zosta\u0142a przyj\u0119ta przez Prezydenta Miasta Zamo\u015b\u0107, P. Andrzeja Wnuka.<\/p>\n\n\n\n<p class=\"wp-block-paragraph\">Celem wizyty by\u0142o podzi\u0119kowanie za pomoc okazan\u0105 przez w\u0142adze miasta przy organizacji obchod\u00f3w powstania RC Zamo\u015b\u0107. Pan Prezydent oraz Pani Barbara Godziszewska zostali uhonorowani pami\u0105tkowymi statuetkami \/ P. Basia dodatkowo bukietem pi\u0119knych kwiat\u00f3w \/.<\/p>\n","protected":false},"excerpt":{"rendered":"<p>W dniu 13 grudnia br., delegacja naszego Klubu w osobach cz\u0142onk\u00f3w Zarz\u0105du: Krzysztofa Borka \u2013 Prezydenta, Jerzego Liberadzkiego \u2013 V-ce Prezydenta i Sylwestra Borkowskiego \u2013 Skarbnika, zosta\u0142a przyj\u0119ta przez Prezydenta Miasta Zamo\u015b\u0107, P. Andrzeja Wnuka. Celem wizyty by\u0142o podzi\u0119kowanie za pomoc okazan\u0105 przez w\u0142adze miasta przy organizacji obchod\u00f3w powstania RC Zamo\u015b\u0107. Pan Prezydent oraz Pani&#8230;<\/p>\n","protected":false},"author":1,"featured_media":1410,"comment_status":"open","ping_status":"open","sticky":false,"template":"","format":"standard","meta":{"footnotes":""},"categories":[23],"tags":[],"class_list":["post-6754","post","type-post","status-publish","format-standard","has-post-thumbnail","hentry","category-23"],"rttpg_featured_image_url":{"full":["https:\/\/rotary.zamosc.pl\/wp-content\/uploads\/2019\/05\/Resized_20191212_153040_2328.jpeg",1920,1440,false],"landscape":["https:\/\/rotary.zamosc.pl\/wp-content\/uploads\/2019\/05\/Resized_20191212_153040_2328.jpeg",1920,1440,false],"portraits":["https:\/\/rotary.zamosc.pl\/wp-content\/uploads\/2019\/05\/Resized_20191212_153040_2328.jpeg",1920,1440,false],"thumbnail":["https:\/\/rotary.zamosc.pl\/wp-content\/uploads\/2019\/05\/Resized_20191212_153040_2328-150x150.jpeg",150,150,true],"medium":["https:\/\/rotary.zamosc.pl\/wp-content\/uploads\/2019\/05\/Resized_20191212_153040_2328-300x225.jpeg",300,225,true],"large":["https:\/\/rotary.zamosc.pl\/wp-content\/uploads\/2019\/05\/Resized_20191212_153040_2328-700x525.jpeg",700,525,true],"1536x1536":["https:\/\/rotary.zamosc.pl\/wp-content\/uploads\/2019\/05\/Resized_20191212_153040_2328.jpeg",1536,1152,false],"2048x2048":["https:\/\/rotary.zamosc.pl\/wp-content\/uploads\/2019\/05\/Resized_20191212_153040_2328.jpeg",1920,1440,false],"post-thumbnail":["https:\/\/rotary.zamosc.pl\/wp-content\/uploads\/2019\/05\/Resized_20191212_153040_2328-800x600.jpeg",800,600,true],"graphy-post-thumbnail-large":["https:\/\/rotary.zamosc.pl\/wp-content\/uploads\/2019\/05\/Resized_20191212_153040_2328-1080x600.jpeg",1080,600,true],"graphy-post-thumbnail-medium":["https:\/\/rotary.zamosc.pl\/wp-content\/uploads\/2019\/05\/Resized_20191212_153040_2328-482x300.jpeg",482,300,true],"graphy-post-thumbnail-small":["https:\/\/rotary.zamosc.pl\/wp-content\/uploads\/2019\/05\/Resized_20191212_153040_2328-80x60.jpeg",80,60,true],"graphy-page-thumbnail":["https:\/\/rotary.zamosc.pl\/wp-content\/uploads\/2019\/05\/Resized_20191212_153040_2328-1260x350.jpeg",1260,350,true],"sow-carousel-default":["https:\/\/rotary.zamosc.pl\/wp-content\/uploads\/2019\/05\/Resized_20191212_153040_2328-272x182.jpeg",272,182,true]},"rttpg_author":{"display_name":"rotaryzamosc","author_link":"https:\/\/rotary.zamosc.pl\/index.php\/author\/rotaryzamosc\/"},"rttpg_comment":0,"rttpg_category":"<a href=\"https:\/\/rotary.zamosc.pl\/index.php\/category\/2019\/\" rel=\"category tag\">2019<\/a>","rttpg_excerpt":"W dniu 13 grudnia br., delegacja naszego Klubu w osobach cz\u0142onk\u00f3w Zarz\u0105du: Krzysztofa Borka \u2013 Prezydenta, Jerzego Liberadzkiego \u2013 V-ce Prezydenta i Sylwestra Borkowskiego \u2013 Skarbnika, zosta\u0142a przyj\u0119ta przez Prezydenta Miasta Zamo\u015b\u0107, P. Andrzeja Wnuka. Celem wizyty by\u0142o podzi\u0119kowanie za pomoc okazan\u0105 przez w\u0142adze miasta przy organizacji obchod\u00f3w powstania RC Zamo\u015b\u0107. Pan Prezydent oraz Pani...","_links":{"self":[{"href":"https:\/\/rotary.zamosc.pl\/index.php\/wp-json\/wp\/v2\/posts\/6754","targetHints":{"allow":["GET"]}}],"collection":[{"href":"https:\/\/rotary.zamosc.pl\/index.php\/wp-json\/wp\/v2\/posts"}],"about":[{"href":"https:\/\/rotary.zamosc.pl\/index.php\/wp-json\/wp\/v2\/types\/post"}],"author":[{"embeddable":true,"href":"https:\/\/rotary.zamosc.pl\/index.php\/wp-json\/wp\/v2\/users\/1"}],"replies":[{"embeddable":true,"href":"https:\/\/rotary.zamosc.pl\/index.php\/wp-json\/wp\/v2\/comments?post=6754"}],"version-history":[{"count":1,"href":"https:\/\/rotary.zamosc.pl\/index.php\/wp-json\/wp\/v2\/posts\/6754\/revisions"}],"predecessor-version":[{"id":6755,"href":"https:\/\/rotary.zamosc.pl\/index.php\/wp-json\/wp\/v2\/posts\/6754\/revisions\/6755"}],"wp:featuredmedia":[{"embeddable":true,"href":"https:\/\/rotary.zamosc.pl\/index.php\/wp-json\/wp\/v2\/media\/1410"}],"wp:attachment":[{"href":"https:\/\/rotary.zamosc.pl\/index.php\/wp-json\/wp\/v2\/media?parent=6754"}],"wp:term":[{"taxonomy":"category","embeddable":true,"href":"https:\/\/rotary.zamosc.pl\/index.php\/wp-json\/wp\/v2\/categories?post=6754"},{"taxonomy":"post_tag","embeddable":true,"href":"https:\/\/rotary.zamosc.pl\/index.php\/wp-json\/wp\/v2\/tags?post=6754"}],"curies":[{"name":"wp","href":"https:\/\/api.w.org\/{rel}","templated":true}]}}