{"id":6756,"date":"2019-12-10T11:04:00","date_gmt":"2019-12-10T10:04:00","guid":{"rendered":"https:\/\/rotary.zamosc.pl\/?p=6756"},"modified":"2026-03-20T11:05:09","modified_gmt":"2026-03-20T10:05:09","slug":"wybory-nowych-wladz-klubu-na-przyszla-kadencje-2020-2021","status":"publish","type":"post","link":"https:\/\/rotary.zamosc.pl\/index.php\/2019\/12\/10\/wybory-nowych-wladz-klubu-na-przyszla-kadencje-2020-2021\/","title":{"rendered":"Wybory nowych w\u0142adz Klubu na przysz\u0142\u0105 kadencj\u0119 2020\/2021"},"content":{"rendered":"\n<p class=\"wp-block-paragraph\">10.12.2019 roku odby\u0142y si\u0119 wybory nowych w\u0142adz Klubu na przysz\u0142\u0105 kadencj\u0119 2020\/2021 oraz wyb\u00f3r Prezydenta Nominata na kadencj\u0119 2021\/2022.<\/p>\n\n\n\n<ul class=\"wp-block-list\">\n<li>Prezydent Elekt \u2013 Jerzy Liberadzki<\/li>\n\n\n\n<li>V-ce Prezydent \u2013 Miros\u0142aw Piwkowski<\/li>\n\n\n\n<li>Sekretarz \u2013 Lech Sikora<\/li>\n\n\n\n<li>Skarbnik \u2013 Adam Budzy\u0144ski<\/li>\n<\/ul>\n\n\n\n<p class=\"wp-block-paragraph\">Komisja Rewizyjna:<\/p>\n\n\n\n<ul class=\"wp-block-list\">\n<li>Maria Zygo \u2013 Przewodnicz\u0105ca Komisji<\/li>\n\n\n\n<li>Janusz Nowosad \u2013 Cz\u0142onek Komisji<\/li>\n\n\n\n<li>Robert Nowosad \u2013 Cz\u0142onek Komisji<\/li>\n<\/ul>\n\n\n\n<p class=\"wp-block-paragraph\">Prezydent Nominat na kadencj\u0119 2021\/2022:<\/p>\n\n\n\n<ul class=\"wp-block-list\">\n<li>Zbigniew \u017bukowski<\/li>\n<\/ul>\n","protected":false},"excerpt":{"rendered":"<p>10.12.2019 roku odby\u0142y si\u0119 wybory nowych w\u0142adz Klubu na przysz\u0142\u0105 kadencj\u0119 2020\/2021 oraz wyb\u00f3r Prezydenta Nominata na kadencj\u0119 2021\/2022. Komisja Rewizyjna: Prezydent Nominat na kadencj\u0119 2021\/2022:<\/p>\n","protected":false},"author":1,"featured_media":6119,"comment_status":"open","ping_status":"open","sticky":false,"template":"","format":"standard","meta":{"footnotes":""},"categories":[23],"tags":[],"class_list":["post-6756","post","type-post","status-publish","format-standard","has-post-thumbnail","hentry","category-23"],"rttpg_featured_image_url":{"full":["https:\/\/rotary.zamosc.pl\/wp-content\/uploads\/2025\/12\/rotary-logos.png",900,442,false],"landscape":["https:\/\/rotary.zamosc.pl\/wp-content\/uploads\/2025\/12\/rotary-logos.png",900,442,false],"portraits":["https:\/\/rotary.zamosc.pl\/wp-content\/uploads\/2025\/12\/rotary-logos.png",900,442,false],"thumbnail":["https:\/\/rotary.zamosc.pl\/wp-content\/uploads\/2025\/12\/rotary-logos-150x150.png",150,150,true],"medium":["https:\/\/rotary.zamosc.pl\/wp-content\/uploads\/2025\/12\/rotary-logos-300x147.png",300,147,true],"large":["https:\/\/rotary.zamosc.pl\/wp-content\/uploads\/2025\/12\/rotary-logos-700x344.png",700,344,true],"1536x1536":["https:\/\/rotary.zamosc.pl\/wp-content\/uploads\/2025\/12\/rotary-logos.png",900,442,false],"2048x2048":["https:\/\/rotary.zamosc.pl\/wp-content\/uploads\/2025\/12\/rotary-logos.png",900,442,false],"post-thumbnail":["https:\/\/rotary.zamosc.pl\/wp-content\/uploads\/2025\/12\/rotary-logos-800x393.png",800,393,true],"graphy-post-thumbnail-large":["https:\/\/rotary.zamosc.pl\/wp-content\/uploads\/2025\/12\/rotary-logos.png",900,442,false],"graphy-post-thumbnail-medium":["https:\/\/rotary.zamosc.pl\/wp-content\/uploads\/2025\/12\/rotary-logos-482x300.png",482,300,true],"graphy-post-thumbnail-small":["https:\/\/rotary.zamosc.pl\/wp-content\/uploads\/2025\/12\/rotary-logos-80x60.png",80,60,true],"graphy-page-thumbnail":["https:\/\/rotary.zamosc.pl\/wp-content\/uploads\/2025\/12\/rotary-logos-900x350.png",900,350,true],"sow-carousel-default":["https:\/\/rotary.zamosc.pl\/wp-content\/uploads\/2025\/12\/rotary-logos-272x182.png",272,182,true]},"rttpg_author":{"display_name":"rotaryzamosc","author_link":"https:\/\/rotary.zamosc.pl\/index.php\/author\/rotaryzamosc\/"},"rttpg_comment":0,"rttpg_category":"<a href=\"https:\/\/rotary.zamosc.pl\/index.php\/category\/2019\/\" rel=\"category tag\">2019<\/a>","rttpg_excerpt":"10.12.2019 roku odby\u0142y si\u0119 wybory nowych w\u0142adz Klubu na przysz\u0142\u0105 kadencj\u0119 2020\/2021 oraz wyb\u00f3r Prezydenta Nominata na kadencj\u0119 2021\/2022. Komisja Rewizyjna: Prezydent Nominat na kadencj\u0119 2021\/2022:","_links":{"self":[{"href":"https:\/\/rotary.zamosc.pl\/index.php\/wp-json\/wp\/v2\/posts\/6756","targetHints":{"allow":["GET"]}}],"collection":[{"href":"https:\/\/rotary.zamosc.pl\/index.php\/wp-json\/wp\/v2\/posts"}],"about":[{"href":"https:\/\/rotary.zamosc.pl\/index.php\/wp-json\/wp\/v2\/types\/post"}],"author":[{"embeddable":true,"href":"https:\/\/rotary.zamosc.pl\/index.php\/wp-json\/wp\/v2\/users\/1"}],"replies":[{"embeddable":true,"href":"https:\/\/rotary.zamosc.pl\/index.php\/wp-json\/wp\/v2\/comments?post=6756"}],"version-history":[{"count":1,"href":"https:\/\/rotary.zamosc.pl\/index.php\/wp-json\/wp\/v2\/posts\/6756\/revisions"}],"predecessor-version":[{"id":6757,"href":"https:\/\/rotary.zamosc.pl\/index.php\/wp-json\/wp\/v2\/posts\/6756\/revisions\/6757"}],"wp:featuredmedia":[{"embeddable":true,"href":"https:\/\/rotary.zamosc.pl\/index.php\/wp-json\/wp\/v2\/media\/6119"}],"wp:attachment":[{"href":"https:\/\/rotary.zamosc.pl\/index.php\/wp-json\/wp\/v2\/media?parent=6756"}],"wp:term":[{"taxonomy":"category","embeddable":true,"href":"https:\/\/rotary.zamosc.pl\/index.php\/wp-json\/wp\/v2\/categories?post=6756"},{"taxonomy":"post_tag","embeddable":true,"href":"https:\/\/rotary.zamosc.pl\/index.php\/wp-json\/wp\/v2\/tags?post=6756"}],"curies":[{"name":"wp","href":"https:\/\/api.w.org\/{rel}","templated":true}]}}