{"id":6758,"date":"2019-12-08T11:05:00","date_gmt":"2019-12-08T10:05:00","guid":{"rendered":"https:\/\/rotary.zamosc.pl\/?p=6758"},"modified":"2026-03-20T11:06:30","modified_gmt":"2026-03-20T10:06:30","slug":"pomnik-na-cmentarzu-w-rownem","status":"publish","type":"post","link":"https:\/\/rotary.zamosc.pl\/index.php\/2019\/12\/08\/pomnik-na-cmentarzu-w-rownem\/","title":{"rendered":"Pomnik na cmentarzu w R\u00f3wnem"},"content":{"rendered":"\n<p class=\"wp-block-paragraph\">W dniu 08.12.2019 roku w siedzibie Klubu odby\u0142o si\u0119 spotkanie cz\u0142onk\u00f3w Zarz\u0105du z Prezesem Polsko-Ukrai\u0144skiego Centrum Kulturalno-Edukacyjnego im. T.O. Sosnowskiego w R\u00f3wnem, p. Jaros\u0142awem Kowalczukiem.<\/p>\n\n\n\n<p class=\"wp-block-paragraph\">Obecni byli r\u00f3wnie\u017c cz\u0142onkowie Klubu: El\u017cbieta Szyma\u0144ska i Miros\u0142aw Piwkowski.<\/p>\n\n\n\n<p class=\"wp-block-paragraph\">Protokolarnie przekazano p.&nbsp; Prezesowi fundusze przeznaczone na budow\u0119 pomnika po\u015bwi\u0119conego polskim \u017co\u0142nierzom poleg\u0142ym w 1920 roku w walce z sowieckimi wojskami i pochowanym na cmentarzu w R\u00f3wnem.<\/p>\n\n\n\n<p class=\"wp-block-paragraph\">Pomnik powstaje z inicjatywy Stowarzyszenia \u201eWo\u0142y\u0144ski Rajd Motocyklowy \u201e, RC Zamo\u015b\u0107 i Polsko-Ukrai\u0144skiego Centrum Kulturalno-Edukacyjnego w R\u00f3wnem. Pieni\u0105dze gromadzone na specjalnym, odr\u0119bnym koncie bankowym pochodz\u0105 z datk\u00f3w i sk\u0142adek motocyklist\u00f3w, cz\u0142onk\u00f3w RC Zamo\u015b\u0107 i rotarian z naszego Dystryktu 2231.<\/p>\n\n\n\n<p class=\"wp-block-paragraph\">Planowane ods\u0142oni\u0119cie obelisku przewidziano na lipiec 2020 roku.<\/p>\n\n\n\n<figure class=\"wp-block-gallery has-nested-images columns-1 is-cropped wp-block-gallery-1 is-layout-flex wp-block-gallery-is-layout-flex\">\n<figure class=\"wp-block-image size-large\"><img fetchpriority=\"high\" decoding=\"async\" width=\"700\" height=\"394\" data-id=\"1386\" src=\"https:\/\/rotary.zamosc.pl\/wp-content\/uploads\/2019\/12\/Pomnik-na-cmentarzu-w-R\u00f3wnem-1-4-700x394.jpg\" alt=\"\" class=\"wp-image-1386\" srcset=\"https:\/\/rotary.zamosc.pl\/wp-content\/uploads\/2019\/12\/Pomnik-na-cmentarzu-w-R\u00f3wnem-1-4-700x394.jpg 700w, https:\/\/rotary.zamosc.pl\/wp-content\/uploads\/2019\/12\/Pomnik-na-cmentarzu-w-R\u00f3wnem-1-4-300x169.jpg 300w, https:\/\/rotary.zamosc.pl\/wp-content\/uploads\/2019\/12\/Pomnik-na-cmentarzu-w-R\u00f3wnem-1-4-768x432.jpg 768w, https:\/\/rotary.zamosc.pl\/wp-content\/uploads\/2019\/12\/Pomnik-na-cmentarzu-w-R\u00f3wnem-1-4-800x450.jpg 800w\" sizes=\"(max-width: 700px) 100vw, 700px\" \/><\/figure>\n\n\n\n<figure class=\"wp-block-image size-large\"><img decoding=\"async\" width=\"700\" height=\"394\" data-id=\"1385\" src=\"https:\/\/rotary.zamosc.pl\/wp-content\/uploads\/2019\/12\/Pomnik-na-cmentarzu-w-R\u00f3wnem-1-3-700x394.jpg\" alt=\"\" class=\"wp-image-1385\" srcset=\"https:\/\/rotary.zamosc.pl\/wp-content\/uploads\/2019\/12\/Pomnik-na-cmentarzu-w-R\u00f3wnem-1-3-700x394.jpg 700w, https:\/\/rotary.zamosc.pl\/wp-content\/uploads\/2019\/12\/Pomnik-na-cmentarzu-w-R\u00f3wnem-1-3-300x169.jpg 300w, https:\/\/rotary.zamosc.pl\/wp-content\/uploads\/2019\/12\/Pomnik-na-cmentarzu-w-R\u00f3wnem-1-3-768x432.jpg 768w, https:\/\/rotary.zamosc.pl\/wp-content\/uploads\/2019\/12\/Pomnik-na-cmentarzu-w-R\u00f3wnem-1-3-800x450.jpg 800w\" sizes=\"(max-width: 700px) 100vw, 700px\" \/><\/figure>\n\n\n\n<figure class=\"wp-block-image size-large\"><img decoding=\"async\" width=\"700\" height=\"394\" data-id=\"1383\" src=\"https:\/\/rotary.zamosc.pl\/wp-content\/uploads\/2019\/12\/Pomnik-na-cmentarzu-w-R\u00f3wnem-1-1-700x394.jpg\" alt=\"\" class=\"wp-image-1383\" srcset=\"https:\/\/rotary.zamosc.pl\/wp-content\/uploads\/2019\/12\/Pomnik-na-cmentarzu-w-R\u00f3wnem-1-1-700x394.jpg 700w, https:\/\/rotary.zamosc.pl\/wp-content\/uploads\/2019\/12\/Pomnik-na-cmentarzu-w-R\u00f3wnem-1-1-300x169.jpg 300w, https:\/\/rotary.zamosc.pl\/wp-content\/uploads\/2019\/12\/Pomnik-na-cmentarzu-w-R\u00f3wnem-1-1-768x432.jpg 768w, https:\/\/rotary.zamosc.pl\/wp-content\/uploads\/2019\/12\/Pomnik-na-cmentarzu-w-R\u00f3wnem-1-1-800x450.jpg 800w\" sizes=\"(max-width: 700px) 100vw, 700px\" \/><\/figure>\n<\/figure>\n","protected":false},"excerpt":{"rendered":"<p>W dniu 08.12.2019 roku w siedzibie Klubu odby\u0142o si\u0119 spotkanie cz\u0142onk\u00f3w Zarz\u0105du z Prezesem Polsko-Ukrai\u0144skiego Centrum Kulturalno-Edukacyjnego im. T.O. Sosnowskiego w R\u00f3wnem, p. Jaros\u0142awem Kowalczukiem. Obecni byli r\u00f3wnie\u017c cz\u0142onkowie Klubu: El\u017cbieta Szyma\u0144ska i Miros\u0142aw Piwkowski. Protokolarnie przekazano p.&nbsp; Prezesowi fundusze przeznaczone na budow\u0119 pomnika po\u015bwi\u0119conego polskim \u017co\u0142nierzom poleg\u0142ym w 1920 roku w walce z sowieckimi&#8230;<\/p>\n","protected":false},"author":1,"featured_media":1384,"comment_status":"open","ping_status":"open","sticky":false,"template":"","format":"standard","meta":{"footnotes":""},"categories":[23],"tags":[],"class_list":["post-6758","post","type-post","status-publish","format-standard","has-post-thumbnail","hentry","category-23"],"rttpg_featured_image_url":{"full":["https:\/\/rotary.zamosc.pl\/wp-content\/uploads\/2019\/12\/Pomnik-na-cmentarzu-w-R\u00f3wnem-1-2.jpg",3264,1836,false],"landscape":["https:\/\/rotary.zamosc.pl\/wp-content\/uploads\/2019\/12\/Pomnik-na-cmentarzu-w-R\u00f3wnem-1-2.jpg",3264,1836,false],"portraits":["https:\/\/rotary.zamosc.pl\/wp-content\/uploads\/2019\/12\/Pomnik-na-cmentarzu-w-R\u00f3wnem-1-2.jpg",3264,1836,false],"thumbnail":["https:\/\/rotary.zamosc.pl\/wp-content\/uploads\/2019\/12\/Pomnik-na-cmentarzu-w-R\u00f3wnem-1-2-150x150.jpg",150,150,true],"medium":["https:\/\/rotary.zamosc.pl\/wp-content\/uploads\/2019\/12\/Pomnik-na-cmentarzu-w-R\u00f3wnem-1-2-300x169.jpg",300,169,true],"large":["https:\/\/rotary.zamosc.pl\/wp-content\/uploads\/2019\/12\/Pomnik-na-cmentarzu-w-R\u00f3wnem-1-2-700x394.jpg",700,394,true],"1536x1536":["https:\/\/rotary.zamosc.pl\/wp-content\/uploads\/2019\/12\/Pomnik-na-cmentarzu-w-R\u00f3wnem-1-2.jpg",1536,864,false],"2048x2048":["https:\/\/rotary.zamosc.pl\/wp-content\/uploads\/2019\/12\/Pomnik-na-cmentarzu-w-R\u00f3wnem-1-2.jpg",2048,1152,false],"post-thumbnail":["https:\/\/rotary.zamosc.pl\/wp-content\/uploads\/2019\/12\/Pomnik-na-cmentarzu-w-R\u00f3wnem-1-2-800x450.jpg",800,450,true],"graphy-post-thumbnail-large":["https:\/\/rotary.zamosc.pl\/wp-content\/uploads\/2019\/12\/Pomnik-na-cmentarzu-w-R\u00f3wnem-1-2-1080x600.jpg",1080,600,true],"graphy-post-thumbnail-medium":["https:\/\/rotary.zamosc.pl\/wp-content\/uploads\/2019\/12\/Pomnik-na-cmentarzu-w-R\u00f3wnem-1-2-482x300.jpg",482,300,true],"graphy-post-thumbnail-small":["https:\/\/rotary.zamosc.pl\/wp-content\/uploads\/2019\/12\/Pomnik-na-cmentarzu-w-R\u00f3wnem-1-2-80x60.jpg",80,60,true],"graphy-page-thumbnail":["https:\/\/rotary.zamosc.pl\/wp-content\/uploads\/2019\/12\/Pomnik-na-cmentarzu-w-R\u00f3wnem-1-2-1260x350.jpg",1260,350,true],"sow-carousel-default":["https:\/\/rotary.zamosc.pl\/wp-content\/uploads\/2019\/12\/Pomnik-na-cmentarzu-w-R\u00f3wnem-1-2-272x182.jpg",272,182,true]},"rttpg_author":{"display_name":"rotaryzamosc","author_link":"https:\/\/rotary.zamosc.pl\/index.php\/author\/rotaryzamosc\/"},"rttpg_comment":0,"rttpg_category":"<a href=\"https:\/\/rotary.zamosc.pl\/index.php\/category\/2019\/\" rel=\"category tag\">2019<\/a>","rttpg_excerpt":"W dniu 08.12.2019 roku w siedzibie Klubu odby\u0142o si\u0119 spotkanie cz\u0142onk\u00f3w Zarz\u0105du z Prezesem Polsko-Ukrai\u0144skiego Centrum Kulturalno-Edukacyjnego im. T.O. Sosnowskiego w R\u00f3wnem, p. Jaros\u0142awem Kowalczukiem. Obecni byli r\u00f3wnie\u017c cz\u0142onkowie Klubu: El\u017cbieta Szyma\u0144ska i Miros\u0142aw Piwkowski. Protokolarnie przekazano p.&nbsp; Prezesowi fundusze przeznaczone na budow\u0119 pomnika po\u015bwi\u0119conego polskim \u017co\u0142nierzom poleg\u0142ym w 1920 roku w walce z sowieckimi...","_links":{"self":[{"href":"https:\/\/rotary.zamosc.pl\/index.php\/wp-json\/wp\/v2\/posts\/6758","targetHints":{"allow":["GET"]}}],"collection":[{"href":"https:\/\/rotary.zamosc.pl\/index.php\/wp-json\/wp\/v2\/posts"}],"about":[{"href":"https:\/\/rotary.zamosc.pl\/index.php\/wp-json\/wp\/v2\/types\/post"}],"author":[{"embeddable":true,"href":"https:\/\/rotary.zamosc.pl\/index.php\/wp-json\/wp\/v2\/users\/1"}],"replies":[{"embeddable":true,"href":"https:\/\/rotary.zamosc.pl\/index.php\/wp-json\/wp\/v2\/comments?post=6758"}],"version-history":[{"count":1,"href":"https:\/\/rotary.zamosc.pl\/index.php\/wp-json\/wp\/v2\/posts\/6758\/revisions"}],"predecessor-version":[{"id":6759,"href":"https:\/\/rotary.zamosc.pl\/index.php\/wp-json\/wp\/v2\/posts\/6758\/revisions\/6759"}],"wp:featuredmedia":[{"embeddable":true,"href":"https:\/\/rotary.zamosc.pl\/index.php\/wp-json\/wp\/v2\/media\/1384"}],"wp:attachment":[{"href":"https:\/\/rotary.zamosc.pl\/index.php\/wp-json\/wp\/v2\/media?parent=6758"}],"wp:term":[{"taxonomy":"category","embeddable":true,"href":"https:\/\/rotary.zamosc.pl\/index.php\/wp-json\/wp\/v2\/categories?post=6758"},{"taxonomy":"post_tag","embeddable":true,"href":"https:\/\/rotary.zamosc.pl\/index.php\/wp-json\/wp\/v2\/tags?post=6758"}],"curies":[{"name":"wp","href":"https:\/\/api.w.org\/{rel}","templated":true}]}}