{"id":6760,"date":"2019-12-03T11:06:00","date_gmt":"2019-12-03T10:06:00","guid":{"rendered":"https:\/\/rotary.zamosc.pl\/?p=6760"},"modified":"2026-03-20T11:11:10","modified_gmt":"2026-03-20T10:11:10","slug":"powstal-komitet-miedzykrajowy-polska-wegry","status":"publish","type":"post","link":"https:\/\/rotary.zamosc.pl\/index.php\/2019\/12\/03\/powstal-komitet-miedzykrajowy-polska-wegry\/","title":{"rendered":"Powsta\u0142 Komitet Mi\u0119dzykrajowy POLSKA \u2013 W\u0118GRY"},"content":{"rendered":"\n<p class=\"wp-block-paragraph\">W dniu 03 grudnia br. Na spotkaniu w Jaros\u0142awiu zawi\u0105za\u0142 si\u0119 Komitet Mi\u0119dzykrajowy POLSKA \u2013 W\u0118GRY. Jego przewodnicz\u0105cym zosta\u0142 Zbigniew Dziedzicz RC Jaros\u0142aw. Obecny by\u0142 Krajowy Koordynator Komitet\u00f3w Mi\u0119dzykrajowych Ryszard \u0141uczyn.<\/p>\n\n\n\n<p class=\"wp-block-paragraph\">RC Zamo\u015b\u0107 reprezentowali:<\/p>\n\n\n\n<p class=\"wp-block-paragraph\">\u2013 Krzysztof Bork<\/p>\n\n\n\n<p class=\"wp-block-paragraph\">\u2013 Jerzy Liberadzki<\/p>\n\n\n\n<p class=\"wp-block-paragraph\">\u2013 Zbigniew Gumuli\u0144ski<\/p>\n\n\n\n<p class=\"wp-block-paragraph\">W\u015br\u00f3d cz\u0142onk\u00f3w za\u0142o\u017cycieli znale\u017ali si\u0119 r\u00f3wnie\u017c przedstawiciele RC Che\u0142m, RC Krak\u00f3w Zamek Niepo\u0142omice, RC Zamo\u015b\u0107 Ordynacki i RC Jaros\u0142aw.<\/p>\n","protected":false},"excerpt":{"rendered":"<p>W dniu 03 grudnia br. Na spotkaniu w Jaros\u0142awiu zawi\u0105za\u0142 si\u0119 Komitet Mi\u0119dzykrajowy POLSKA \u2013 W\u0118GRY. Jego przewodnicz\u0105cym zosta\u0142 Zbigniew Dziedzicz RC Jaros\u0142aw. Obecny by\u0142 Krajowy Koordynator Komitet\u00f3w Mi\u0119dzykrajowych Ryszard \u0141uczyn. RC Zamo\u015b\u0107 reprezentowali: \u2013 Krzysztof Bork \u2013 Jerzy Liberadzki \u2013 Zbigniew Gumuli\u0144ski W\u015br\u00f3d cz\u0142onk\u00f3w za\u0142o\u017cycieli znale\u017ali si\u0119 r\u00f3wnie\u017c przedstawiciele RC Che\u0142m, RC Krak\u00f3w Zamek&#8230;<\/p>\n","protected":false},"author":1,"featured_media":6765,"comment_status":"open","ping_status":"open","sticky":false,"template":"","format":"standard","meta":{"footnotes":""},"categories":[23],"tags":[],"class_list":["post-6760","post","type-post","status-publish","format-standard","has-post-thumbnail","hentry","category-23"],"rttpg_featured_image_url":{"full":["https:\/\/rotary.zamosc.pl\/wp-content\/uploads\/2019\/12\/Flagi-Polska-Wegry.jpg",940,516,false],"landscape":["https:\/\/rotary.zamosc.pl\/wp-content\/uploads\/2019\/12\/Flagi-Polska-Wegry.jpg",940,516,false],"portraits":["https:\/\/rotary.zamosc.pl\/wp-content\/uploads\/2019\/12\/Flagi-Polska-Wegry.jpg",940,516,false],"thumbnail":["https:\/\/rotary.zamosc.pl\/wp-content\/uploads\/2019\/12\/Flagi-Polska-Wegry-150x150.jpg",150,150,true],"medium":["https:\/\/rotary.zamosc.pl\/wp-content\/uploads\/2019\/12\/Flagi-Polska-Wegry-300x165.jpg",300,165,true],"large":["https:\/\/rotary.zamosc.pl\/wp-content\/uploads\/2019\/12\/Flagi-Polska-Wegry-700x384.jpg",700,384,true],"1536x1536":["https:\/\/rotary.zamosc.pl\/wp-content\/uploads\/2019\/12\/Flagi-Polska-Wegry.jpg",940,516,false],"2048x2048":["https:\/\/rotary.zamosc.pl\/wp-content\/uploads\/2019\/12\/Flagi-Polska-Wegry.jpg",940,516,false],"post-thumbnail":["https:\/\/rotary.zamosc.pl\/wp-content\/uploads\/2019\/12\/Flagi-Polska-Wegry-800x439.jpg",800,439,true],"graphy-post-thumbnail-large":["https:\/\/rotary.zamosc.pl\/wp-content\/uploads\/2019\/12\/Flagi-Polska-Wegry.jpg",940,516,false],"graphy-post-thumbnail-medium":["https:\/\/rotary.zamosc.pl\/wp-content\/uploads\/2019\/12\/Flagi-Polska-Wegry-482x300.jpg",482,300,true],"graphy-post-thumbnail-small":["https:\/\/rotary.zamosc.pl\/wp-content\/uploads\/2019\/12\/Flagi-Polska-Wegry-80x60.jpg",80,60,true],"graphy-page-thumbnail":["https:\/\/rotary.zamosc.pl\/wp-content\/uploads\/2019\/12\/Flagi-Polska-Wegry-940x350.jpg",940,350,true],"sow-carousel-default":["https:\/\/rotary.zamosc.pl\/wp-content\/uploads\/2019\/12\/Flagi-Polska-Wegry-272x182.jpg",272,182,true]},"rttpg_author":{"display_name":"rotaryzamosc","author_link":"https:\/\/rotary.zamosc.pl\/index.php\/author\/rotaryzamosc\/"},"rttpg_comment":0,"rttpg_category":"<a href=\"https:\/\/rotary.zamosc.pl\/index.php\/category\/2019\/\" rel=\"category tag\">2019<\/a>","rttpg_excerpt":"W dniu 03 grudnia br. Na spotkaniu w Jaros\u0142awiu zawi\u0105za\u0142 si\u0119 Komitet Mi\u0119dzykrajowy POLSKA \u2013 W\u0118GRY. Jego przewodnicz\u0105cym zosta\u0142 Zbigniew Dziedzicz RC Jaros\u0142aw. Obecny by\u0142 Krajowy Koordynator Komitet\u00f3w Mi\u0119dzykrajowych Ryszard \u0141uczyn. RC Zamo\u015b\u0107 reprezentowali: \u2013 Krzysztof Bork \u2013 Jerzy Liberadzki \u2013 Zbigniew Gumuli\u0144ski W\u015br\u00f3d cz\u0142onk\u00f3w za\u0142o\u017cycieli znale\u017ali si\u0119 r\u00f3wnie\u017c przedstawiciele RC Che\u0142m, RC Krak\u00f3w Zamek...","_links":{"self":[{"href":"https:\/\/rotary.zamosc.pl\/index.php\/wp-json\/wp\/v2\/posts\/6760","targetHints":{"allow":["GET"]}}],"collection":[{"href":"https:\/\/rotary.zamosc.pl\/index.php\/wp-json\/wp\/v2\/posts"}],"about":[{"href":"https:\/\/rotary.zamosc.pl\/index.php\/wp-json\/wp\/v2\/types\/post"}],"author":[{"embeddable":true,"href":"https:\/\/rotary.zamosc.pl\/index.php\/wp-json\/wp\/v2\/users\/1"}],"replies":[{"embeddable":true,"href":"https:\/\/rotary.zamosc.pl\/index.php\/wp-json\/wp\/v2\/comments?post=6760"}],"version-history":[{"count":1,"href":"https:\/\/rotary.zamosc.pl\/index.php\/wp-json\/wp\/v2\/posts\/6760\/revisions"}],"predecessor-version":[{"id":6762,"href":"https:\/\/rotary.zamosc.pl\/index.php\/wp-json\/wp\/v2\/posts\/6760\/revisions\/6762"}],"wp:featuredmedia":[{"embeddable":true,"href":"https:\/\/rotary.zamosc.pl\/index.php\/wp-json\/wp\/v2\/media\/6765"}],"wp:attachment":[{"href":"https:\/\/rotary.zamosc.pl\/index.php\/wp-json\/wp\/v2\/media?parent=6760"}],"wp:term":[{"taxonomy":"category","embeddable":true,"href":"https:\/\/rotary.zamosc.pl\/index.php\/wp-json\/wp\/v2\/categories?post=6760"},{"taxonomy":"post_tag","embeddable":true,"href":"https:\/\/rotary.zamosc.pl\/index.php\/wp-json\/wp\/v2\/tags?post=6760"}],"curies":[{"name":"wp","href":"https:\/\/api.w.org\/{rel}","templated":true}]}}