{"id":6770,"date":"2019-10-22T11:18:00","date_gmt":"2019-10-22T09:18:00","guid":{"rendered":"https:\/\/rotary.zamosc.pl\/?p=6770"},"modified":"2026-03-20T11:20:11","modified_gmt":"2026-03-20T10:20:11","slug":"jest-nas-dwadziescia-troje","status":"publish","type":"post","link":"https:\/\/rotary.zamosc.pl\/index.php\/2019\/10\/22\/jest-nas-dwadziescia-troje\/","title":{"rendered":"Jest nas dwadzie\u015bcia troje !!!"},"content":{"rendered":"\n<p class=\"wp-block-paragraph\">Rotaria\u0144ska rodzina RC Zamo\u015b\u0107 powi\u0119kszy\u0142a si\u0119 o dwoje nowych cz\u0142onk\u00f3w. W dniu 22 pa\u017adziernika bie\u017c\u0105cego roku na uroczystym zebraniu Klubu, na mocy uchwa\u0142y Zgromadzenia Cz\u0142onk\u00f3w RC Zamo\u015b\u0107, przyj\u0119li\u015bmy do swojego grona pedagoga \u2013 Edyt\u0119 Panas i zamojskiego przedsi\u0119biorc\u0119 \u2013 Roberta Nowosada. By\u0142o rodzinnie i uroczy\u015bcie, co dokumentuj\u0105 poni\u017csze fotografie.<\/p>\n\n\n\n<figure class=\"wp-block-gallery has-nested-images columns-1 is-cropped wp-block-gallery-1 is-layout-flex wp-block-gallery-is-layout-flex\">\n<figure class=\"wp-block-image size-large\"><img fetchpriority=\"high\" decoding=\"async\" width=\"700\" height=\"933\" data-id=\"1342\" src=\"https:\/\/rotary.zamosc.pl\/wp-content\/uploads\/2019\/05\/DSCN0525-700x933.jpg\" alt=\"\" class=\"wp-image-1342\" srcset=\"https:\/\/rotary.zamosc.pl\/wp-content\/uploads\/2019\/05\/DSCN0525-700x933.jpg 700w, https:\/\/rotary.zamosc.pl\/wp-content\/uploads\/2019\/05\/DSCN0525-225x300.jpg 225w, https:\/\/rotary.zamosc.pl\/wp-content\/uploads\/2019\/05\/DSCN0525-768x1024.jpg 768w, https:\/\/rotary.zamosc.pl\/wp-content\/uploads\/2019\/05\/DSCN0525-800x1067.jpg 800w, https:\/\/rotary.zamosc.pl\/wp-content\/uploads\/2019\/05\/DSCN0525.jpg 1200w\" sizes=\"(max-width: 700px) 100vw, 700px\" \/><\/figure>\n\n\n\n<figure class=\"wp-block-image size-large\"><img decoding=\"async\" width=\"700\" height=\"525\" data-id=\"1340\" src=\"https:\/\/rotary.zamosc.pl\/wp-content\/uploads\/2019\/05\/DSCN0521-700x525.jpg\" alt=\"\" class=\"wp-image-1340\" srcset=\"https:\/\/rotary.zamosc.pl\/wp-content\/uploads\/2019\/05\/DSCN0521-700x525.jpg 700w, https:\/\/rotary.zamosc.pl\/wp-content\/uploads\/2019\/05\/DSCN0521-300x225.jpg 300w, https:\/\/rotary.zamosc.pl\/wp-content\/uploads\/2019\/05\/DSCN0521-768x576.jpg 768w, https:\/\/rotary.zamosc.pl\/wp-content\/uploads\/2019\/05\/DSCN0521-800x600.jpg 800w, https:\/\/rotary.zamosc.pl\/wp-content\/uploads\/2019\/05\/DSCN0521-80x60.jpg 80w, https:\/\/rotary.zamosc.pl\/wp-content\/uploads\/2019\/05\/DSCN0521.jpg 1600w\" sizes=\"(max-width: 700px) 100vw, 700px\" \/><\/figure>\n\n\n\n<figure class=\"wp-block-image size-large\"><img decoding=\"async\" width=\"700\" height=\"525\" data-id=\"1339\" src=\"https:\/\/rotary.zamosc.pl\/wp-content\/uploads\/2019\/05\/DSCN0518-700x525.jpg\" alt=\"\" class=\"wp-image-1339\" srcset=\"https:\/\/rotary.zamosc.pl\/wp-content\/uploads\/2019\/05\/DSCN0518-700x525.jpg 700w, https:\/\/rotary.zamosc.pl\/wp-content\/uploads\/2019\/05\/DSCN0518-300x225.jpg 300w, https:\/\/rotary.zamosc.pl\/wp-content\/uploads\/2019\/05\/DSCN0518-768x576.jpg 768w, https:\/\/rotary.zamosc.pl\/wp-content\/uploads\/2019\/05\/DSCN0518-800x600.jpg 800w, https:\/\/rotary.zamosc.pl\/wp-content\/uploads\/2019\/05\/DSCN0518-80x60.jpg 80w, https:\/\/rotary.zamosc.pl\/wp-content\/uploads\/2019\/05\/DSCN0518.jpg 1600w\" sizes=\"(max-width: 700px) 100vw, 700px\" \/><\/figure>\n<\/figure>\n","protected":false},"excerpt":{"rendered":"<p>Rotaria\u0144ska rodzina RC Zamo\u015b\u0107 powi\u0119kszy\u0142a si\u0119 o dwoje nowych cz\u0142onk\u00f3w. W dniu 22 pa\u017adziernika bie\u017c\u0105cego roku na uroczystym zebraniu Klubu, na mocy uchwa\u0142y Zgromadzenia Cz\u0142onk\u00f3w RC Zamo\u015b\u0107, przyj\u0119li\u015bmy do swojego grona pedagoga \u2013 Edyt\u0119 Panas i zamojskiego przedsi\u0119biorc\u0119 \u2013 Roberta Nowosada. By\u0142o rodzinnie i uroczy\u015bcie, co dokumentuj\u0105 poni\u017csze fotografie.<\/p>\n","protected":false},"author":1,"featured_media":1341,"comment_status":"open","ping_status":"open","sticky":false,"template":"","format":"standard","meta":{"footnotes":""},"categories":[23],"tags":[],"class_list":["post-6770","post","type-post","status-publish","format-standard","has-post-thumbnail","hentry","category-23"],"rttpg_featured_image_url":{"full":["https:\/\/rotary.zamosc.pl\/wp-content\/uploads\/2019\/05\/DSCN0523.jpg",1200,1600,false],"landscape":["https:\/\/rotary.zamosc.pl\/wp-content\/uploads\/2019\/05\/DSCN0523.jpg",1200,1600,false],"portraits":["https:\/\/rotary.zamosc.pl\/wp-content\/uploads\/2019\/05\/DSCN0523.jpg",1200,1600,false],"thumbnail":["https:\/\/rotary.zamosc.pl\/wp-content\/uploads\/2019\/05\/DSCN0523-150x150.jpg",150,150,true],"medium":["https:\/\/rotary.zamosc.pl\/wp-content\/uploads\/2019\/05\/DSCN0523-225x300.jpg",225,300,true],"large":["https:\/\/rotary.zamosc.pl\/wp-content\/uploads\/2019\/05\/DSCN0523-700x933.jpg",700,933,true],"1536x1536":["https:\/\/rotary.zamosc.pl\/wp-content\/uploads\/2019\/05\/DSCN0523.jpg",1152,1536,false],"2048x2048":["https:\/\/rotary.zamosc.pl\/wp-content\/uploads\/2019\/05\/DSCN0523.jpg",1200,1600,false],"post-thumbnail":["https:\/\/rotary.zamosc.pl\/wp-content\/uploads\/2019\/05\/DSCN0523-800x1067.jpg",800,1067,true],"graphy-post-thumbnail-large":["https:\/\/rotary.zamosc.pl\/wp-content\/uploads\/2019\/05\/DSCN0523-1080x600.jpg",1080,600,true],"graphy-post-thumbnail-medium":["https:\/\/rotary.zamosc.pl\/wp-content\/uploads\/2019\/05\/DSCN0523-482x300.jpg",482,300,true],"graphy-post-thumbnail-small":["https:\/\/rotary.zamosc.pl\/wp-content\/uploads\/2019\/05\/DSCN0523-80x60.jpg",80,60,true],"graphy-page-thumbnail":["https:\/\/rotary.zamosc.pl\/wp-content\/uploads\/2019\/05\/DSCN0523-1200x350.jpg",1200,350,true],"sow-carousel-default":["https:\/\/rotary.zamosc.pl\/wp-content\/uploads\/2019\/05\/DSCN0523-272x182.jpg",272,182,true]},"rttpg_author":{"display_name":"rotaryzamosc","author_link":"https:\/\/rotary.zamosc.pl\/index.php\/author\/rotaryzamosc\/"},"rttpg_comment":0,"rttpg_category":"<a href=\"https:\/\/rotary.zamosc.pl\/index.php\/category\/2019\/\" rel=\"category tag\">2019<\/a>","rttpg_excerpt":"Rotaria\u0144ska rodzina RC Zamo\u015b\u0107 powi\u0119kszy\u0142a si\u0119 o dwoje nowych cz\u0142onk\u00f3w. W dniu 22 pa\u017adziernika bie\u017c\u0105cego roku na uroczystym zebraniu Klubu, na mocy uchwa\u0142y Zgromadzenia Cz\u0142onk\u00f3w RC Zamo\u015b\u0107, przyj\u0119li\u015bmy do swojego grona pedagoga \u2013 Edyt\u0119 Panas i zamojskiego przedsi\u0119biorc\u0119 \u2013 Roberta Nowosada. By\u0142o rodzinnie i uroczy\u015bcie, co dokumentuj\u0105 poni\u017csze fotografie.","_links":{"self":[{"href":"https:\/\/rotary.zamosc.pl\/index.php\/wp-json\/wp\/v2\/posts\/6770","targetHints":{"allow":["GET"]}}],"collection":[{"href":"https:\/\/rotary.zamosc.pl\/index.php\/wp-json\/wp\/v2\/posts"}],"about":[{"href":"https:\/\/rotary.zamosc.pl\/index.php\/wp-json\/wp\/v2\/types\/post"}],"author":[{"embeddable":true,"href":"https:\/\/rotary.zamosc.pl\/index.php\/wp-json\/wp\/v2\/users\/1"}],"replies":[{"embeddable":true,"href":"https:\/\/rotary.zamosc.pl\/index.php\/wp-json\/wp\/v2\/comments?post=6770"}],"version-history":[{"count":1,"href":"https:\/\/rotary.zamosc.pl\/index.php\/wp-json\/wp\/v2\/posts\/6770\/revisions"}],"predecessor-version":[{"id":6771,"href":"https:\/\/rotary.zamosc.pl\/index.php\/wp-json\/wp\/v2\/posts\/6770\/revisions\/6771"}],"wp:featuredmedia":[{"embeddable":true,"href":"https:\/\/rotary.zamosc.pl\/index.php\/wp-json\/wp\/v2\/media\/1341"}],"wp:attachment":[{"href":"https:\/\/rotary.zamosc.pl\/index.php\/wp-json\/wp\/v2\/media?parent=6770"}],"wp:term":[{"taxonomy":"category","embeddable":true,"href":"https:\/\/rotary.zamosc.pl\/index.php\/wp-json\/wp\/v2\/categories?post=6770"},{"taxonomy":"post_tag","embeddable":true,"href":"https:\/\/rotary.zamosc.pl\/index.php\/wp-json\/wp\/v2\/tags?post=6770"}],"curies":[{"name":"wp","href":"https:\/\/api.w.org\/{rel}","templated":true}]}}