{"id":6774,"date":"2019-10-05T11:21:00","date_gmt":"2019-10-05T09:21:00","guid":{"rendered":"https:\/\/rotary.zamosc.pl\/?p=6774"},"modified":"2026-03-20T11:26:24","modified_gmt":"2026-03-20T10:26:24","slug":"25-lecie-rotary-club-zamosc-05-10-2019","status":"publish","type":"post","link":"https:\/\/rotary.zamosc.pl\/index.php\/2019\/10\/05\/25-lecie-rotary-club-zamosc-05-10-2019\/","title":{"rendered":"25 \u2013 lecie Rotary Club Zamo\u015b\u0107 \u2013 05.10.2019"},"content":{"rendered":"\n<p class=\"wp-block-paragraph\">&nbsp; 05 pa\u017adziernika d\u017awi\u0119k dzwonu i hymn Rotary w Sali Consulatus zamojskiego Ratusza zainaugurowa\u0142y obchody jubileuszu 25 lecia RC Zamo\u015b\u0107.<\/p>\n\n\n\n<p class=\"wp-block-paragraph\">&nbsp;&nbsp;&nbsp;&nbsp;&nbsp;&nbsp;&nbsp;&nbsp;&nbsp;&nbsp;&nbsp; W\u015br\u00f3d znakomitych Go\u015bci znale\u017ali si\u0119: Gubernator D 2231 Pani Ma\u0142gorzata Wojtas, Prezydent Miasta Zamo\u015bcia Pan Andrzej Wnuk, W\u00f3jt Gminy Zamo\u015b\u0107 Pan Ryszard Gliwi\u0144ski, PDG Leszek Alojzy Gzella i GienadijKrojczyk, delegacje Klub\u00f3w \u2013 RC Bia\u0142a Podlaska, RC Che\u0142m Lubelski, RC Lublin, RC Lublin Centrum, RC Lublin Stare Miasto, RC Jan\u00f3w Lubelski, RC Jaros\u0142aw, RC Pu\u0142awy, RC Katowice, RC Zamo\u015b\u0107 Ordynacki, RC Lw\u00f3w Leopolis oraz 19 osobowa grupa naszych Przyjaci\u00f3\u0142 z RC Wolsztyn. Obecna by\u0142a Prezes Stowarzyszenia Kultury Polskiej \u201ePokucie\u201d w Ko\u0142omyi Pani Stanis\u0142awa Patkowska-Ko\u0142usenko, Dyrektorzy Szk\u00f3\u0142, kt\u00f3rych m\u0142odzie\u017c jest obj\u0119ta naszym funduszem stypendialnym, przedstawiciele organizacji pozarz\u0105dowych.<\/p>\n\n\n\n<p class=\"wp-block-paragraph\">&nbsp;&nbsp;&nbsp;&nbsp;&nbsp;&nbsp;&nbsp;&nbsp;&nbsp;&nbsp;&nbsp; Zebranych powita\u0142 Prezydent RC Zamo\u015b\u0107 Krzysztof Bork. Dokonania Klubu na przestrzeni \u0107wier\u0107wiecza przedstawi\u0142 V-ce Prezydent RC Zamo\u015b\u0107 Jerzy Liberadzki.<\/p>\n\n\n\n<p class=\"wp-block-paragraph\">&nbsp;&nbsp;&nbsp;&nbsp;&nbsp;&nbsp;&nbsp;&nbsp;&nbsp;&nbsp;&nbsp; Trzech cz\u0142onk\u00f3w Klubu: Bogdan Szyma\u0144ski, Henryk Gajewski i Ryszard Antos otrzyma\u0142o z r\u0105k Pani Gubernator medale Paul Harris Fellow.<\/p>\n\n\n\n<p class=\"wp-block-paragraph\">&nbsp;&nbsp;&nbsp;&nbsp;&nbsp;&nbsp;&nbsp;&nbsp;&nbsp;&nbsp;&nbsp; W\u0142adze miasta, za dzia\u0142alno\u015b\u0107 na rzecz lokalnej zamojskiej spo\u0142eczno\u015bci, wyr\u00f3\u017cni\u0142y Klub i indywidualnie koleg\u0119 Jerzego Liberadzkiego medalami \u201eZas\u0142u\u017cony dla Zamo\u015bcia\u201d. Odznaczenia wr\u0119czy\u0142 osobi\u015bcie Prezydent Pan Andrzej Wnuk.<\/p>\n\n\n\n<p class=\"wp-block-paragraph\">&nbsp;&nbsp;&nbsp;&nbsp;&nbsp;&nbsp;&nbsp;&nbsp;&nbsp;&nbsp;&nbsp; W cz\u0119\u015bci artystycznej uroczysto\u015bci wyst\u0105pi\u0142 dzieci\u0119cy zesp\u00f3\u0142 wokalny \u201eKwiaty Pokucia\u201d reprezentuj\u0105cy uczni\u00f3w Polskiej Sobotniej Szko\u0142y w Ko\u0142omyi oraz stypendy\u015bci Klubu z Pa\u0144stwowej Szko\u0142y Muzycznej w Zamo\u015bciu. Gwiazd\u0105 tej cz\u0119\u015bci programu by\u0142 niew\u0105tpliwie 9 letni Piotru\u015b w repertuarze szopenowskim, ucze\u0144 klasy fortepianu, stypendysta RC Zamo\u015b\u0107 i RC Zamo\u015b\u0107 Ordynacki. Standing ovation i bis!<\/p>\n\n\n\n<p class=\"wp-block-paragraph\">&nbsp;&nbsp;&nbsp;&nbsp;&nbsp;&nbsp;&nbsp;&nbsp;&nbsp;&nbsp;&nbsp; Wyst\u0105pienia Go\u015bci i przedstawicieli Klub\u00f3w wskaza\u0142y na rol\u0119 Rotary w naszym \u017cyciu. Udowadniamy codziennie, \u017ce w dzisiejszym \u015bwiecie pe\u0142nym mowy nienawi\u015bci, hejtu, dzielenia spo\u0142ecze\u0144stwa s\u0105 ludzie dobrej woli pragn\u0105cy czyni\u0107 dobro.<\/p>\n\n\n\n<p class=\"wp-block-paragraph\">&nbsp;&nbsp;&nbsp;&nbsp;&nbsp;&nbsp;&nbsp;&nbsp;&nbsp;&nbsp;&nbsp; W godzinach wieczornych, tradycyjnie, w salach Hotelu Artis odby\u0142 si\u0119 bankiet jubileuszowy po\u0142\u0105czony z licznymi atrakcjami, m.in. wyst\u0119pem pary tanecznej \u2013 medalist\u00f3w Mistrzostw Polski ze Szko\u0142y Tanecznej Pana Janusza Myki. Tort jubileuszowy wylicytowali Przyjaciele z RC Wolsztyn. Przy doskona\u0142ej muzyce i wykwintnym menu bawili\u015bmy si\u0119 do wczesnych godzin dnia nast\u0119pnego.<\/p>\n\n\n\n<p class=\"wp-block-paragraph\">&nbsp;&nbsp;&nbsp;&nbsp;&nbsp;&nbsp;&nbsp;&nbsp;&nbsp;&nbsp;&nbsp; Ze zdarze\u0144 towarzysz\u0105cych nale\u017cy wymieni\u0107 stoisko filatelistyczne i numizmatyczne, gdzie mo\u017cna by\u0142o naby\u0107 karty i koperty z okoliczno\u015bciowym stemplem Poczty Polskiej oraz serie znaczk\u00f3w pocztowych wydanych na okoliczno\u015b\u0107 naszego jubileuszu.<\/p>\n\n\n\n<p class=\"wp-block-paragraph\">&nbsp;&nbsp;&nbsp;&nbsp;&nbsp;&nbsp;&nbsp;&nbsp;&nbsp;&nbsp;&nbsp; Nie spos\u00f3b nie zatrzyma\u0107 si\u0119 d\u0142u\u017cej na wizycie \u201enaszych dzieci\u201d z Polskiej Szko\u0142y w Ko\u0142omyi. Piecz\u0119 nad nimi sprawowali zamojscy harcerze zapewniaj\u0105c zakwaterowanie w rodzinach oraz liczne atrakcje. W trakcie ich wyst\u0119pu w Sali Consulatus otrzymali\u015bmy wzruszaj\u0105c\u0105, wyciskaj\u0105c\u0105 \u0142zy z oczu lekcj\u0119 patriotyzmu.<\/p>\n\n\n\n<p class=\"wp-block-paragraph\">&nbsp;&nbsp;&nbsp;&nbsp;&nbsp;&nbsp;&nbsp;&nbsp;&nbsp;&nbsp;&nbsp; Wkraczamy w kolejne 25 lecie z dwoma gotowymi projektami, realizowanymi w najbli\u017cszych miesi\u0105cach:<\/p>\n\n\n\n<p class=\"wp-block-paragraph\">\u2013 wyposa\u017cenie pracowni poligraficznej Warsztat\u00f3w Terapii Zaj\u0119ciowej dla os\u00f3b niepe\u0142nosprawnych<\/p>\n\n\n\n<p class=\"wp-block-paragraph\">\u2013 budowa pomnika Legionist\u00f3w poleg\u0142ych w 1920 roku w obronie R\u00f3wnego na cmentarzu w R\u00f3wnem<\/p>\n\n\n\n<p class=\"wp-block-paragraph\">&nbsp;&nbsp;&nbsp;&nbsp;&nbsp;&nbsp;&nbsp;&nbsp;&nbsp;&nbsp;&nbsp; \u017byczymy sobie zdrowia i pomy\u015blno\u015bci w realizacji naszych cel\u00f3w wsp\u00f3lnie z ca\u0142\u0105 spo\u0142eczno\u015bci\u0105 rotaria\u0144sk\u0105. Naprawd\u0119 \u2013 ludzi dobrej woli mo\u017ce by\u0107 wi\u0119cej.<\/p>\n\n\n\n<figure class=\"wp-block-gallery has-nested-images columns-1 is-cropped wp-block-gallery-1 is-layout-flex wp-block-gallery-is-layout-flex\">\n<figure class=\"wp-block-image size-large\"><img fetchpriority=\"high\" decoding=\"async\" width=\"700\" height=\"967\" data-id=\"1198\" src=\"https:\/\/rotary.zamosc.pl\/wp-content\/uploads\/2019\/10\/25-lecie-RC-Zamo\u015b\u0107-74-700x967.jpg\" alt=\"\" class=\"wp-image-1198\" srcset=\"https:\/\/rotary.zamosc.pl\/wp-content\/uploads\/2019\/10\/25-lecie-RC-Zamo\u015b\u0107-74-700x967.jpg 700w, https:\/\/rotary.zamosc.pl\/wp-content\/uploads\/2019\/10\/25-lecie-RC-Zamo\u015b\u0107-74-217x300.jpg 217w, https:\/\/rotary.zamosc.pl\/wp-content\/uploads\/2019\/10\/25-lecie-RC-Zamo\u015b\u0107-74-768x1061.jpg 768w, https:\/\/rotary.zamosc.pl\/wp-content\/uploads\/2019\/10\/25-lecie-RC-Zamo\u015b\u0107-74.jpg 795w\" sizes=\"(max-width: 700px) 100vw, 700px\" \/><\/figure>\n\n\n\n<figure class=\"wp-block-image size-large\"><img decoding=\"async\" width=\"700\" height=\"507\" data-id=\"1197\" src=\"https:\/\/rotary.zamosc.pl\/wp-content\/uploads\/2019\/10\/25-lecie-RC-Zamo\u015b\u0107-73-700x507.jpg\" alt=\"\" class=\"wp-image-1197\" srcset=\"https:\/\/rotary.zamosc.pl\/wp-content\/uploads\/2019\/10\/25-lecie-RC-Zamo\u015b\u0107-73-700x507.jpg 700w, https:\/\/rotary.zamosc.pl\/wp-content\/uploads\/2019\/10\/25-lecie-RC-Zamo\u015b\u0107-73-300x217.jpg 300w, https:\/\/rotary.zamosc.pl\/wp-content\/uploads\/2019\/10\/25-lecie-RC-Zamo\u015b\u0107-73-768x556.jpg 768w, https:\/\/rotary.zamosc.pl\/wp-content\/uploads\/2019\/10\/25-lecie-RC-Zamo\u015b\u0107-73-800x579.jpg 800w, https:\/\/rotary.zamosc.pl\/wp-content\/uploads\/2019\/10\/25-lecie-RC-Zamo\u015b\u0107-73.jpg 1098w\" sizes=\"(max-width: 700px) 100vw, 700px\" \/><\/figure>\n\n\n\n<figure class=\"wp-block-image size-large\"><img decoding=\"async\" width=\"700\" height=\"507\" data-id=\"1188\" src=\"https:\/\/rotary.zamosc.pl\/wp-content\/uploads\/2019\/10\/25-lecie-RC-Zamo\u015b\u0107-64-700x507.jpg\" alt=\"\" class=\"wp-image-1188\" srcset=\"https:\/\/rotary.zamosc.pl\/wp-content\/uploads\/2019\/10\/25-lecie-RC-Zamo\u015b\u0107-64-700x507.jpg 700w, https:\/\/rotary.zamosc.pl\/wp-content\/uploads\/2019\/10\/25-lecie-RC-Zamo\u015b\u0107-64-300x217.jpg 300w, https:\/\/rotary.zamosc.pl\/wp-content\/uploads\/2019\/10\/25-lecie-RC-Zamo\u015b\u0107-64-768x556.jpg 768w, https:\/\/rotary.zamosc.pl\/wp-content\/uploads\/2019\/10\/25-lecie-RC-Zamo\u015b\u0107-64-800x579.jpg 800w, https:\/\/rotary.zamosc.pl\/wp-content\/uploads\/2019\/10\/25-lecie-RC-Zamo\u015b\u0107-64.jpg 1098w\" sizes=\"(max-width: 700px) 100vw, 700px\" \/><\/figure>\n\n\n\n<figure class=\"wp-block-image size-large\"><img loading=\"lazy\" decoding=\"async\" width=\"700\" height=\"507\" data-id=\"1189\" src=\"https:\/\/rotary.zamosc.pl\/wp-content\/uploads\/2019\/10\/25-lecie-RC-Zamo\u015b\u0107-65-700x507.jpg\" alt=\"\" class=\"wp-image-1189\" srcset=\"https:\/\/rotary.zamosc.pl\/wp-content\/uploads\/2019\/10\/25-lecie-RC-Zamo\u015b\u0107-65-700x507.jpg 700w, https:\/\/rotary.zamosc.pl\/wp-content\/uploads\/2019\/10\/25-lecie-RC-Zamo\u015b\u0107-65-300x217.jpg 300w, https:\/\/rotary.zamosc.pl\/wp-content\/uploads\/2019\/10\/25-lecie-RC-Zamo\u015b\u0107-65-768x556.jpg 768w, https:\/\/rotary.zamosc.pl\/wp-content\/uploads\/2019\/10\/25-lecie-RC-Zamo\u015b\u0107-65-800x579.jpg 800w, https:\/\/rotary.zamosc.pl\/wp-content\/uploads\/2019\/10\/25-lecie-RC-Zamo\u015b\u0107-65.jpg 1098w\" sizes=\"(max-width: 700px) 100vw, 700px\" \/><\/figure>\n\n\n\n<figure class=\"wp-block-image size-large\"><img loading=\"lazy\" decoding=\"async\" width=\"700\" height=\"507\" data-id=\"1190\" src=\"https:\/\/rotary.zamosc.pl\/wp-content\/uploads\/2019\/10\/25-lecie-RC-Zamo\u015b\u0107-66-700x507.jpg\" alt=\"\" class=\"wp-image-1190\" srcset=\"https:\/\/rotary.zamosc.pl\/wp-content\/uploads\/2019\/10\/25-lecie-RC-Zamo\u015b\u0107-66-700x507.jpg 700w, https:\/\/rotary.zamosc.pl\/wp-content\/uploads\/2019\/10\/25-lecie-RC-Zamo\u015b\u0107-66-300x217.jpg 300w, https:\/\/rotary.zamosc.pl\/wp-content\/uploads\/2019\/10\/25-lecie-RC-Zamo\u015b\u0107-66-768x556.jpg 768w, https:\/\/rotary.zamosc.pl\/wp-content\/uploads\/2019\/10\/25-lecie-RC-Zamo\u015b\u0107-66-800x579.jpg 800w, https:\/\/rotary.zamosc.pl\/wp-content\/uploads\/2019\/10\/25-lecie-RC-Zamo\u015b\u0107-66.jpg 1098w\" sizes=\"(max-width: 700px) 100vw, 700px\" \/><\/figure>\n\n\n\n<figure class=\"wp-block-image size-large\"><img loading=\"lazy\" decoding=\"async\" width=\"700\" height=\"507\" data-id=\"1191\" src=\"https:\/\/rotary.zamosc.pl\/wp-content\/uploads\/2019\/10\/25-lecie-RC-Zamo\u015b\u0107-67-700x507.jpg\" alt=\"\" class=\"wp-image-1191\" srcset=\"https:\/\/rotary.zamosc.pl\/wp-content\/uploads\/2019\/10\/25-lecie-RC-Zamo\u015b\u0107-67-700x507.jpg 700w, https:\/\/rotary.zamosc.pl\/wp-content\/uploads\/2019\/10\/25-lecie-RC-Zamo\u015b\u0107-67-300x217.jpg 300w, https:\/\/rotary.zamosc.pl\/wp-content\/uploads\/2019\/10\/25-lecie-RC-Zamo\u015b\u0107-67-768x556.jpg 768w, https:\/\/rotary.zamosc.pl\/wp-content\/uploads\/2019\/10\/25-lecie-RC-Zamo\u015b\u0107-67-800x579.jpg 800w, https:\/\/rotary.zamosc.pl\/wp-content\/uploads\/2019\/10\/25-lecie-RC-Zamo\u015b\u0107-67.jpg 1098w\" sizes=\"(max-width: 700px) 100vw, 700px\" \/><\/figure>\n\n\n\n<figure class=\"wp-block-image size-large\"><img loading=\"lazy\" decoding=\"async\" width=\"700\" height=\"507\" data-id=\"1192\" src=\"https:\/\/rotary.zamosc.pl\/wp-content\/uploads\/2019\/10\/25-lecie-RC-Zamo\u015b\u0107-68-700x507.jpg\" alt=\"\" class=\"wp-image-1192\" srcset=\"https:\/\/rotary.zamosc.pl\/wp-content\/uploads\/2019\/10\/25-lecie-RC-Zamo\u015b\u0107-68-700x507.jpg 700w, https:\/\/rotary.zamosc.pl\/wp-content\/uploads\/2019\/10\/25-lecie-RC-Zamo\u015b\u0107-68-300x217.jpg 300w, https:\/\/rotary.zamosc.pl\/wp-content\/uploads\/2019\/10\/25-lecie-RC-Zamo\u015b\u0107-68-768x556.jpg 768w, https:\/\/rotary.zamosc.pl\/wp-content\/uploads\/2019\/10\/25-lecie-RC-Zamo\u015b\u0107-68-800x579.jpg 800w, https:\/\/rotary.zamosc.pl\/wp-content\/uploads\/2019\/10\/25-lecie-RC-Zamo\u015b\u0107-68.jpg 1098w\" sizes=\"(max-width: 700px) 100vw, 700px\" \/><\/figure>\n\n\n\n<figure class=\"wp-block-image size-large\"><img loading=\"lazy\" decoding=\"async\" width=\"700\" height=\"507\" data-id=\"1193\" src=\"https:\/\/rotary.zamosc.pl\/wp-content\/uploads\/2019\/10\/25-lecie-RC-Zamo\u015b\u0107-69-700x507.jpg\" alt=\"\" class=\"wp-image-1193\" srcset=\"https:\/\/rotary.zamosc.pl\/wp-content\/uploads\/2019\/10\/25-lecie-RC-Zamo\u015b\u0107-69-700x507.jpg 700w, https:\/\/rotary.zamosc.pl\/wp-content\/uploads\/2019\/10\/25-lecie-RC-Zamo\u015b\u0107-69-300x217.jpg 300w, https:\/\/rotary.zamosc.pl\/wp-content\/uploads\/2019\/10\/25-lecie-RC-Zamo\u015b\u0107-69-768x556.jpg 768w, https:\/\/rotary.zamosc.pl\/wp-content\/uploads\/2019\/10\/25-lecie-RC-Zamo\u015b\u0107-69-800x579.jpg 800w, https:\/\/rotary.zamosc.pl\/wp-content\/uploads\/2019\/10\/25-lecie-RC-Zamo\u015b\u0107-69.jpg 1098w\" sizes=\"(max-width: 700px) 100vw, 700px\" \/><\/figure>\n\n\n\n<figure class=\"wp-block-image size-large\"><img loading=\"lazy\" decoding=\"async\" width=\"700\" height=\"507\" data-id=\"1194\" src=\"https:\/\/rotary.zamosc.pl\/wp-content\/uploads\/2019\/10\/25-lecie-RC-Zamo\u015b\u0107-70-700x507.jpg\" alt=\"\" class=\"wp-image-1194\" srcset=\"https:\/\/rotary.zamosc.pl\/wp-content\/uploads\/2019\/10\/25-lecie-RC-Zamo\u015b\u0107-70-700x507.jpg 700w, https:\/\/rotary.zamosc.pl\/wp-content\/uploads\/2019\/10\/25-lecie-RC-Zamo\u015b\u0107-70-300x217.jpg 300w, https:\/\/rotary.zamosc.pl\/wp-content\/uploads\/2019\/10\/25-lecie-RC-Zamo\u015b\u0107-70-768x556.jpg 768w, https:\/\/rotary.zamosc.pl\/wp-content\/uploads\/2019\/10\/25-lecie-RC-Zamo\u015b\u0107-70-800x579.jpg 800w, https:\/\/rotary.zamosc.pl\/wp-content\/uploads\/2019\/10\/25-lecie-RC-Zamo\u015b\u0107-70.jpg 1098w\" sizes=\"(max-width: 700px) 100vw, 700px\" \/><\/figure>\n\n\n\n<figure class=\"wp-block-image size-large\"><img loading=\"lazy\" decoding=\"async\" width=\"700\" height=\"507\" data-id=\"1195\" src=\"https:\/\/rotary.zamosc.pl\/wp-content\/uploads\/2019\/10\/25-lecie-RC-Zamo\u015b\u0107-71-700x507.jpg\" alt=\"\" class=\"wp-image-1195\" srcset=\"https:\/\/rotary.zamosc.pl\/wp-content\/uploads\/2019\/10\/25-lecie-RC-Zamo\u015b\u0107-71-700x507.jpg 700w, https:\/\/rotary.zamosc.pl\/wp-content\/uploads\/2019\/10\/25-lecie-RC-Zamo\u015b\u0107-71-300x217.jpg 300w, https:\/\/rotary.zamosc.pl\/wp-content\/uploads\/2019\/10\/25-lecie-RC-Zamo\u015b\u0107-71-768x556.jpg 768w, https:\/\/rotary.zamosc.pl\/wp-content\/uploads\/2019\/10\/25-lecie-RC-Zamo\u015b\u0107-71-800x579.jpg 800w, https:\/\/rotary.zamosc.pl\/wp-content\/uploads\/2019\/10\/25-lecie-RC-Zamo\u015b\u0107-71.jpg 1098w\" sizes=\"(max-width: 700px) 100vw, 700px\" \/><\/figure>\n\n\n\n<figure class=\"wp-block-image size-large\"><img loading=\"lazy\" decoding=\"async\" width=\"700\" height=\"507\" data-id=\"1196\" src=\"https:\/\/rotary.zamosc.pl\/wp-content\/uploads\/2019\/10\/25-lecie-RC-Zamo\u015b\u0107-72-700x507.jpg\" alt=\"\" class=\"wp-image-1196\" srcset=\"https:\/\/rotary.zamosc.pl\/wp-content\/uploads\/2019\/10\/25-lecie-RC-Zamo\u015b\u0107-72-700x507.jpg 700w, https:\/\/rotary.zamosc.pl\/wp-content\/uploads\/2019\/10\/25-lecie-RC-Zamo\u015b\u0107-72-300x217.jpg 300w, https:\/\/rotary.zamosc.pl\/wp-content\/uploads\/2019\/10\/25-lecie-RC-Zamo\u015b\u0107-72-768x556.jpg 768w, https:\/\/rotary.zamosc.pl\/wp-content\/uploads\/2019\/10\/25-lecie-RC-Zamo\u015b\u0107-72-800x579.jpg 800w, https:\/\/rotary.zamosc.pl\/wp-content\/uploads\/2019\/10\/25-lecie-RC-Zamo\u015b\u0107-72.jpg 1098w\" sizes=\"(max-width: 700px) 100vw, 700px\" \/><\/figure>\n\n\n\n<figure class=\"wp-block-image size-large\"><img loading=\"lazy\" decoding=\"async\" width=\"700\" height=\"507\" data-id=\"1187\" src=\"https:\/\/rotary.zamosc.pl\/wp-content\/uploads\/2019\/10\/25-lecie-RC-Zamo\u015b\u0107-63-700x507.jpg\" alt=\"\" class=\"wp-image-1187\" srcset=\"https:\/\/rotary.zamosc.pl\/wp-content\/uploads\/2019\/10\/25-lecie-RC-Zamo\u015b\u0107-63-700x507.jpg 700w, https:\/\/rotary.zamosc.pl\/wp-content\/uploads\/2019\/10\/25-lecie-RC-Zamo\u015b\u0107-63-300x217.jpg 300w, https:\/\/rotary.zamosc.pl\/wp-content\/uploads\/2019\/10\/25-lecie-RC-Zamo\u015b\u0107-63-768x556.jpg 768w, https:\/\/rotary.zamosc.pl\/wp-content\/uploads\/2019\/10\/25-lecie-RC-Zamo\u015b\u0107-63-800x579.jpg 800w, https:\/\/rotary.zamosc.pl\/wp-content\/uploads\/2019\/10\/25-lecie-RC-Zamo\u015b\u0107-63.jpg 1098w\" sizes=\"(max-width: 700px) 100vw, 700px\" \/><\/figure>\n\n\n\n<figure class=\"wp-block-image size-large\"><img loading=\"lazy\" decoding=\"async\" width=\"700\" height=\"507\" data-id=\"1186\" src=\"https:\/\/rotary.zamosc.pl\/wp-content\/uploads\/2019\/10\/25-lecie-RC-Zamo\u015b\u0107-62-700x507.jpg\" alt=\"\" class=\"wp-image-1186\" srcset=\"https:\/\/rotary.zamosc.pl\/wp-content\/uploads\/2019\/10\/25-lecie-RC-Zamo\u015b\u0107-62-700x507.jpg 700w, https:\/\/rotary.zamosc.pl\/wp-content\/uploads\/2019\/10\/25-lecie-RC-Zamo\u015b\u0107-62-300x217.jpg 300w, https:\/\/rotary.zamosc.pl\/wp-content\/uploads\/2019\/10\/25-lecie-RC-Zamo\u015b\u0107-62-768x556.jpg 768w, https:\/\/rotary.zamosc.pl\/wp-content\/uploads\/2019\/10\/25-lecie-RC-Zamo\u015b\u0107-62-800x579.jpg 800w, https:\/\/rotary.zamosc.pl\/wp-content\/uploads\/2019\/10\/25-lecie-RC-Zamo\u015b\u0107-62.jpg 1098w\" sizes=\"(max-width: 700px) 100vw, 700px\" \/><\/figure>\n\n\n\n<figure class=\"wp-block-image size-large\"><img loading=\"lazy\" decoding=\"async\" width=\"700\" height=\"507\" data-id=\"1185\" src=\"https:\/\/rotary.zamosc.pl\/wp-content\/uploads\/2019\/10\/25-lecie-RC-Zamo\u015b\u0107-61-700x507.jpg\" alt=\"\" class=\"wp-image-1185\" srcset=\"https:\/\/rotary.zamosc.pl\/wp-content\/uploads\/2019\/10\/25-lecie-RC-Zamo\u015b\u0107-61-700x507.jpg 700w, https:\/\/rotary.zamosc.pl\/wp-content\/uploads\/2019\/10\/25-lecie-RC-Zamo\u015b\u0107-61-300x217.jpg 300w, https:\/\/rotary.zamosc.pl\/wp-content\/uploads\/2019\/10\/25-lecie-RC-Zamo\u015b\u0107-61-768x556.jpg 768w, https:\/\/rotary.zamosc.pl\/wp-content\/uploads\/2019\/10\/25-lecie-RC-Zamo\u015b\u0107-61-800x579.jpg 800w, https:\/\/rotary.zamosc.pl\/wp-content\/uploads\/2019\/10\/25-lecie-RC-Zamo\u015b\u0107-61.jpg 1098w\" sizes=\"(max-width: 700px) 100vw, 700px\" \/><\/figure>\n\n\n\n<figure class=\"wp-block-image size-large\"><img loading=\"lazy\" decoding=\"async\" width=\"700\" height=\"507\" data-id=\"1184\" src=\"https:\/\/rotary.zamosc.pl\/wp-content\/uploads\/2019\/10\/25-lecie-RC-Zamo\u015b\u0107-60-700x507.jpg\" alt=\"\" class=\"wp-image-1184\" srcset=\"https:\/\/rotary.zamosc.pl\/wp-content\/uploads\/2019\/10\/25-lecie-RC-Zamo\u015b\u0107-60-700x507.jpg 700w, https:\/\/rotary.zamosc.pl\/wp-content\/uploads\/2019\/10\/25-lecie-RC-Zamo\u015b\u0107-60-300x217.jpg 300w, https:\/\/rotary.zamosc.pl\/wp-content\/uploads\/2019\/10\/25-lecie-RC-Zamo\u015b\u0107-60-768x556.jpg 768w, https:\/\/rotary.zamosc.pl\/wp-content\/uploads\/2019\/10\/25-lecie-RC-Zamo\u015b\u0107-60-800x579.jpg 800w, https:\/\/rotary.zamosc.pl\/wp-content\/uploads\/2019\/10\/25-lecie-RC-Zamo\u015b\u0107-60.jpg 1098w\" sizes=\"(max-width: 700px) 100vw, 700px\" \/><\/figure>\n\n\n\n<figure class=\"wp-block-image size-large\"><img loading=\"lazy\" decoding=\"async\" width=\"700\" height=\"507\" data-id=\"1183\" src=\"https:\/\/rotary.zamosc.pl\/wp-content\/uploads\/2019\/10\/25-lecie-RC-Zamo\u015b\u0107-59-700x507.jpg\" alt=\"\" class=\"wp-image-1183\" srcset=\"https:\/\/rotary.zamosc.pl\/wp-content\/uploads\/2019\/10\/25-lecie-RC-Zamo\u015b\u0107-59-700x507.jpg 700w, https:\/\/rotary.zamosc.pl\/wp-content\/uploads\/2019\/10\/25-lecie-RC-Zamo\u015b\u0107-59-300x217.jpg 300w, https:\/\/rotary.zamosc.pl\/wp-content\/uploads\/2019\/10\/25-lecie-RC-Zamo\u015b\u0107-59-768x556.jpg 768w, https:\/\/rotary.zamosc.pl\/wp-content\/uploads\/2019\/10\/25-lecie-RC-Zamo\u015b\u0107-59-800x579.jpg 800w, https:\/\/rotary.zamosc.pl\/wp-content\/uploads\/2019\/10\/25-lecie-RC-Zamo\u015b\u0107-59.jpg 1098w\" sizes=\"(max-width: 700px) 100vw, 700px\" \/><\/figure>\n\n\n\n<figure class=\"wp-block-image size-large\"><img loading=\"lazy\" decoding=\"async\" width=\"700\" height=\"507\" data-id=\"1182\" src=\"https:\/\/rotary.zamosc.pl\/wp-content\/uploads\/2019\/10\/25-lecie-RC-Zamo\u015b\u0107-58-700x507.jpg\" alt=\"\" class=\"wp-image-1182\" srcset=\"https:\/\/rotary.zamosc.pl\/wp-content\/uploads\/2019\/10\/25-lecie-RC-Zamo\u015b\u0107-58-700x507.jpg 700w, https:\/\/rotary.zamosc.pl\/wp-content\/uploads\/2019\/10\/25-lecie-RC-Zamo\u015b\u0107-58-300x217.jpg 300w, https:\/\/rotary.zamosc.pl\/wp-content\/uploads\/2019\/10\/25-lecie-RC-Zamo\u015b\u0107-58-768x556.jpg 768w, https:\/\/rotary.zamosc.pl\/wp-content\/uploads\/2019\/10\/25-lecie-RC-Zamo\u015b\u0107-58-800x579.jpg 800w, https:\/\/rotary.zamosc.pl\/wp-content\/uploads\/2019\/10\/25-lecie-RC-Zamo\u015b\u0107-58.jpg 1098w\" sizes=\"(max-width: 700px) 100vw, 700px\" \/><\/figure>\n\n\n\n<figure class=\"wp-block-image size-large\"><img loading=\"lazy\" decoding=\"async\" width=\"700\" height=\"507\" data-id=\"1181\" src=\"https:\/\/rotary.zamosc.pl\/wp-content\/uploads\/2019\/10\/25-lecie-RC-Zamo\u015b\u0107-57-700x507.jpg\" alt=\"\" class=\"wp-image-1181\" srcset=\"https:\/\/rotary.zamosc.pl\/wp-content\/uploads\/2019\/10\/25-lecie-RC-Zamo\u015b\u0107-57-700x507.jpg 700w, https:\/\/rotary.zamosc.pl\/wp-content\/uploads\/2019\/10\/25-lecie-RC-Zamo\u015b\u0107-57-300x217.jpg 300w, https:\/\/rotary.zamosc.pl\/wp-content\/uploads\/2019\/10\/25-lecie-RC-Zamo\u015b\u0107-57-768x556.jpg 768w, https:\/\/rotary.zamosc.pl\/wp-content\/uploads\/2019\/10\/25-lecie-RC-Zamo\u015b\u0107-57-800x579.jpg 800w, https:\/\/rotary.zamosc.pl\/wp-content\/uploads\/2019\/10\/25-lecie-RC-Zamo\u015b\u0107-57.jpg 1098w\" sizes=\"(max-width: 700px) 100vw, 700px\" \/><\/figure>\n\n\n\n<figure class=\"wp-block-image size-large\"><img loading=\"lazy\" decoding=\"async\" width=\"700\" height=\"967\" data-id=\"1180\" src=\"https:\/\/rotary.zamosc.pl\/wp-content\/uploads\/2019\/10\/25-lecie-RC-Zamo\u015b\u0107-56-700x967.jpg\" alt=\"\" class=\"wp-image-1180\" srcset=\"https:\/\/rotary.zamosc.pl\/wp-content\/uploads\/2019\/10\/25-lecie-RC-Zamo\u015b\u0107-56-700x967.jpg 700w, https:\/\/rotary.zamosc.pl\/wp-content\/uploads\/2019\/10\/25-lecie-RC-Zamo\u015b\u0107-56-217x300.jpg 217w, https:\/\/rotary.zamosc.pl\/wp-content\/uploads\/2019\/10\/25-lecie-RC-Zamo\u015b\u0107-56-768x1061.jpg 768w, https:\/\/rotary.zamosc.pl\/wp-content\/uploads\/2019\/10\/25-lecie-RC-Zamo\u015b\u0107-56.jpg 795w\" sizes=\"(max-width: 700px) 100vw, 700px\" \/><\/figure>\n\n\n\n<figure class=\"wp-block-image size-large\"><img loading=\"lazy\" decoding=\"async\" width=\"700\" height=\"967\" data-id=\"1179\" src=\"https:\/\/rotary.zamosc.pl\/wp-content\/uploads\/2019\/10\/25-lecie-RC-Zamo\u015b\u0107-55-700x967.jpg\" alt=\"\" class=\"wp-image-1179\" srcset=\"https:\/\/rotary.zamosc.pl\/wp-content\/uploads\/2019\/10\/25-lecie-RC-Zamo\u015b\u0107-55-700x967.jpg 700w, https:\/\/rotary.zamosc.pl\/wp-content\/uploads\/2019\/10\/25-lecie-RC-Zamo\u015b\u0107-55-217x300.jpg 217w, https:\/\/rotary.zamosc.pl\/wp-content\/uploads\/2019\/10\/25-lecie-RC-Zamo\u015b\u0107-55-768x1061.jpg 768w, https:\/\/rotary.zamosc.pl\/wp-content\/uploads\/2019\/10\/25-lecie-RC-Zamo\u015b\u0107-55.jpg 795w\" sizes=\"(max-width: 700px) 100vw, 700px\" \/><\/figure>\n\n\n\n<figure class=\"wp-block-image size-large\"><img loading=\"lazy\" decoding=\"async\" width=\"700\" height=\"507\" data-id=\"1170\" src=\"https:\/\/rotary.zamosc.pl\/wp-content\/uploads\/2019\/10\/25-lecie-RC-Zamo\u015b\u0107-46-700x507.jpg\" alt=\"\" class=\"wp-image-1170\" srcset=\"https:\/\/rotary.zamosc.pl\/wp-content\/uploads\/2019\/10\/25-lecie-RC-Zamo\u015b\u0107-46-700x507.jpg 700w, https:\/\/rotary.zamosc.pl\/wp-content\/uploads\/2019\/10\/25-lecie-RC-Zamo\u015b\u0107-46-300x217.jpg 300w, https:\/\/rotary.zamosc.pl\/wp-content\/uploads\/2019\/10\/25-lecie-RC-Zamo\u015b\u0107-46-768x556.jpg 768w, https:\/\/rotary.zamosc.pl\/wp-content\/uploads\/2019\/10\/25-lecie-RC-Zamo\u015b\u0107-46-800x579.jpg 800w, https:\/\/rotary.zamosc.pl\/wp-content\/uploads\/2019\/10\/25-lecie-RC-Zamo\u015b\u0107-46.jpg 1098w\" sizes=\"(max-width: 700px) 100vw, 700px\" \/><\/figure>\n\n\n\n<figure class=\"wp-block-image size-large\"><img loading=\"lazy\" decoding=\"async\" width=\"700\" height=\"507\" data-id=\"1171\" src=\"https:\/\/rotary.zamosc.pl\/wp-content\/uploads\/2019\/10\/25-lecie-RC-Zamo\u015b\u0107-47-700x507.jpg\" alt=\"\" class=\"wp-image-1171\" srcset=\"https:\/\/rotary.zamosc.pl\/wp-content\/uploads\/2019\/10\/25-lecie-RC-Zamo\u015b\u0107-47-700x507.jpg 700w, https:\/\/rotary.zamosc.pl\/wp-content\/uploads\/2019\/10\/25-lecie-RC-Zamo\u015b\u0107-47-300x217.jpg 300w, https:\/\/rotary.zamosc.pl\/wp-content\/uploads\/2019\/10\/25-lecie-RC-Zamo\u015b\u0107-47-768x556.jpg 768w, https:\/\/rotary.zamosc.pl\/wp-content\/uploads\/2019\/10\/25-lecie-RC-Zamo\u015b\u0107-47-800x579.jpg 800w, https:\/\/rotary.zamosc.pl\/wp-content\/uploads\/2019\/10\/25-lecie-RC-Zamo\u015b\u0107-47.jpg 1098w\" sizes=\"(max-width: 700px) 100vw, 700px\" \/><\/figure>\n\n\n\n<figure class=\"wp-block-image size-large\"><img loading=\"lazy\" decoding=\"async\" width=\"700\" height=\"507\" data-id=\"1172\" src=\"https:\/\/rotary.zamosc.pl\/wp-content\/uploads\/2019\/10\/25-lecie-RC-Zamo\u015b\u0107-48-700x507.jpg\" alt=\"\" class=\"wp-image-1172\" srcset=\"https:\/\/rotary.zamosc.pl\/wp-content\/uploads\/2019\/10\/25-lecie-RC-Zamo\u015b\u0107-48-700x507.jpg 700w, https:\/\/rotary.zamosc.pl\/wp-content\/uploads\/2019\/10\/25-lecie-RC-Zamo\u015b\u0107-48-300x217.jpg 300w, https:\/\/rotary.zamosc.pl\/wp-content\/uploads\/2019\/10\/25-lecie-RC-Zamo\u015b\u0107-48-768x556.jpg 768w, https:\/\/rotary.zamosc.pl\/wp-content\/uploads\/2019\/10\/25-lecie-RC-Zamo\u015b\u0107-48-800x579.jpg 800w, https:\/\/rotary.zamosc.pl\/wp-content\/uploads\/2019\/10\/25-lecie-RC-Zamo\u015b\u0107-48.jpg 1098w\" sizes=\"(max-width: 700px) 100vw, 700px\" \/><\/figure>\n\n\n\n<figure class=\"wp-block-image size-large\"><img loading=\"lazy\" decoding=\"async\" width=\"700\" height=\"507\" data-id=\"1173\" src=\"https:\/\/rotary.zamosc.pl\/wp-content\/uploads\/2019\/10\/25-lecie-RC-Zamo\u015b\u0107-49-700x507.jpg\" alt=\"\" class=\"wp-image-1173\" srcset=\"https:\/\/rotary.zamosc.pl\/wp-content\/uploads\/2019\/10\/25-lecie-RC-Zamo\u015b\u0107-49-700x507.jpg 700w, https:\/\/rotary.zamosc.pl\/wp-content\/uploads\/2019\/10\/25-lecie-RC-Zamo\u015b\u0107-49-300x217.jpg 300w, https:\/\/rotary.zamosc.pl\/wp-content\/uploads\/2019\/10\/25-lecie-RC-Zamo\u015b\u0107-49-768x556.jpg 768w, https:\/\/rotary.zamosc.pl\/wp-content\/uploads\/2019\/10\/25-lecie-RC-Zamo\u015b\u0107-49-800x579.jpg 800w, https:\/\/rotary.zamosc.pl\/wp-content\/uploads\/2019\/10\/25-lecie-RC-Zamo\u015b\u0107-49.jpg 1098w\" sizes=\"(max-width: 700px) 100vw, 700px\" \/><\/figure>\n\n\n\n<figure class=\"wp-block-image size-large\"><img loading=\"lazy\" decoding=\"async\" width=\"700\" height=\"967\" data-id=\"1175\" src=\"https:\/\/rotary.zamosc.pl\/wp-content\/uploads\/2019\/10\/25-lecie-RC-Zamo\u015b\u0107-51-700x967.jpg\" alt=\"\" class=\"wp-image-1175\" srcset=\"https:\/\/rotary.zamosc.pl\/wp-content\/uploads\/2019\/10\/25-lecie-RC-Zamo\u015b\u0107-51-700x967.jpg 700w, https:\/\/rotary.zamosc.pl\/wp-content\/uploads\/2019\/10\/25-lecie-RC-Zamo\u015b\u0107-51-217x300.jpg 217w, https:\/\/rotary.zamosc.pl\/wp-content\/uploads\/2019\/10\/25-lecie-RC-Zamo\u015b\u0107-51-768x1061.jpg 768w, https:\/\/rotary.zamosc.pl\/wp-content\/uploads\/2019\/10\/25-lecie-RC-Zamo\u015b\u0107-51.jpg 795w\" sizes=\"(max-width: 700px) 100vw, 700px\" \/><\/figure>\n\n\n\n<figure class=\"wp-block-image size-large\"><img loading=\"lazy\" decoding=\"async\" width=\"700\" height=\"507\" data-id=\"1176\" src=\"https:\/\/rotary.zamosc.pl\/wp-content\/uploads\/2019\/10\/25-lecie-RC-Zamo\u015b\u0107-52-700x507.jpg\" alt=\"\" class=\"wp-image-1176\" srcset=\"https:\/\/rotary.zamosc.pl\/wp-content\/uploads\/2019\/10\/25-lecie-RC-Zamo\u015b\u0107-52-700x507.jpg 700w, https:\/\/rotary.zamosc.pl\/wp-content\/uploads\/2019\/10\/25-lecie-RC-Zamo\u015b\u0107-52-300x217.jpg 300w, https:\/\/rotary.zamosc.pl\/wp-content\/uploads\/2019\/10\/25-lecie-RC-Zamo\u015b\u0107-52-768x556.jpg 768w, https:\/\/rotary.zamosc.pl\/wp-content\/uploads\/2019\/10\/25-lecie-RC-Zamo\u015b\u0107-52-800x579.jpg 800w, https:\/\/rotary.zamosc.pl\/wp-content\/uploads\/2019\/10\/25-lecie-RC-Zamo\u015b\u0107-52.jpg 1098w\" sizes=\"(max-width: 700px) 100vw, 700px\" \/><\/figure>\n\n\n\n<figure class=\"wp-block-image size-large\"><img loading=\"lazy\" decoding=\"async\" width=\"700\" height=\"507\" data-id=\"1174\" src=\"https:\/\/rotary.zamosc.pl\/wp-content\/uploads\/2019\/10\/25-lecie-RC-Zamo\u015b\u0107-50-700x507.jpg\" alt=\"\" class=\"wp-image-1174\" srcset=\"https:\/\/rotary.zamosc.pl\/wp-content\/uploads\/2019\/10\/25-lecie-RC-Zamo\u015b\u0107-50-700x507.jpg 700w, https:\/\/rotary.zamosc.pl\/wp-content\/uploads\/2019\/10\/25-lecie-RC-Zamo\u015b\u0107-50-300x217.jpg 300w, https:\/\/rotary.zamosc.pl\/wp-content\/uploads\/2019\/10\/25-lecie-RC-Zamo\u015b\u0107-50-768x556.jpg 768w, https:\/\/rotary.zamosc.pl\/wp-content\/uploads\/2019\/10\/25-lecie-RC-Zamo\u015b\u0107-50-800x579.jpg 800w, https:\/\/rotary.zamosc.pl\/wp-content\/uploads\/2019\/10\/25-lecie-RC-Zamo\u015b\u0107-50.jpg 1098w\" sizes=\"(max-width: 700px) 100vw, 700px\" \/><\/figure>\n\n\n\n<figure class=\"wp-block-image size-large\"><img loading=\"lazy\" decoding=\"async\" width=\"700\" height=\"507\" data-id=\"1177\" src=\"https:\/\/rotary.zamosc.pl\/wp-content\/uploads\/2019\/10\/25-lecie-RC-Zamo\u015b\u0107-53-700x507.jpg\" alt=\"\" class=\"wp-image-1177\" srcset=\"https:\/\/rotary.zamosc.pl\/wp-content\/uploads\/2019\/10\/25-lecie-RC-Zamo\u015b\u0107-53-700x507.jpg 700w, https:\/\/rotary.zamosc.pl\/wp-content\/uploads\/2019\/10\/25-lecie-RC-Zamo\u015b\u0107-53-300x217.jpg 300w, https:\/\/rotary.zamosc.pl\/wp-content\/uploads\/2019\/10\/25-lecie-RC-Zamo\u015b\u0107-53-768x556.jpg 768w, https:\/\/rotary.zamosc.pl\/wp-content\/uploads\/2019\/10\/25-lecie-RC-Zamo\u015b\u0107-53-800x579.jpg 800w, https:\/\/rotary.zamosc.pl\/wp-content\/uploads\/2019\/10\/25-lecie-RC-Zamo\u015b\u0107-53.jpg 1098w\" sizes=\"(max-width: 700px) 100vw, 700px\" \/><\/figure>\n\n\n\n<figure class=\"wp-block-image size-large\"><img loading=\"lazy\" decoding=\"async\" width=\"700\" height=\"507\" data-id=\"1178\" src=\"https:\/\/rotary.zamosc.pl\/wp-content\/uploads\/2019\/10\/25-lecie-RC-Zamo\u015b\u0107-54-700x507.jpg\" alt=\"\" class=\"wp-image-1178\" srcset=\"https:\/\/rotary.zamosc.pl\/wp-content\/uploads\/2019\/10\/25-lecie-RC-Zamo\u015b\u0107-54-700x507.jpg 700w, https:\/\/rotary.zamosc.pl\/wp-content\/uploads\/2019\/10\/25-lecie-RC-Zamo\u015b\u0107-54-300x217.jpg 300w, https:\/\/rotary.zamosc.pl\/wp-content\/uploads\/2019\/10\/25-lecie-RC-Zamo\u015b\u0107-54-768x556.jpg 768w, https:\/\/rotary.zamosc.pl\/wp-content\/uploads\/2019\/10\/25-lecie-RC-Zamo\u015b\u0107-54-800x579.jpg 800w, https:\/\/rotary.zamosc.pl\/wp-content\/uploads\/2019\/10\/25-lecie-RC-Zamo\u015b\u0107-54.jpg 1098w\" sizes=\"(max-width: 700px) 100vw, 700px\" \/><\/figure>\n\n\n\n<figure class=\"wp-block-image size-large\"><img loading=\"lazy\" decoding=\"async\" width=\"700\" height=\"507\" data-id=\"1169\" src=\"https:\/\/rotary.zamosc.pl\/wp-content\/uploads\/2019\/10\/25-lecie-RC-Zamo\u015b\u0107-45-700x507.jpg\" alt=\"\" class=\"wp-image-1169\" srcset=\"https:\/\/rotary.zamosc.pl\/wp-content\/uploads\/2019\/10\/25-lecie-RC-Zamo\u015b\u0107-45-700x507.jpg 700w, https:\/\/rotary.zamosc.pl\/wp-content\/uploads\/2019\/10\/25-lecie-RC-Zamo\u015b\u0107-45-300x217.jpg 300w, https:\/\/rotary.zamosc.pl\/wp-content\/uploads\/2019\/10\/25-lecie-RC-Zamo\u015b\u0107-45-768x556.jpg 768w, https:\/\/rotary.zamosc.pl\/wp-content\/uploads\/2019\/10\/25-lecie-RC-Zamo\u015b\u0107-45-800x579.jpg 800w, https:\/\/rotary.zamosc.pl\/wp-content\/uploads\/2019\/10\/25-lecie-RC-Zamo\u015b\u0107-45.jpg 1098w\" sizes=\"(max-width: 700px) 100vw, 700px\" \/><\/figure>\n\n\n\n<figure class=\"wp-block-image size-large\"><img loading=\"lazy\" decoding=\"async\" width=\"700\" height=\"507\" data-id=\"1168\" src=\"https:\/\/rotary.zamosc.pl\/wp-content\/uploads\/2019\/10\/25-lecie-RC-Zamo\u015b\u0107-44-700x507.jpg\" alt=\"\" class=\"wp-image-1168\" srcset=\"https:\/\/rotary.zamosc.pl\/wp-content\/uploads\/2019\/10\/25-lecie-RC-Zamo\u015b\u0107-44-700x507.jpg 700w, https:\/\/rotary.zamosc.pl\/wp-content\/uploads\/2019\/10\/25-lecie-RC-Zamo\u015b\u0107-44-300x217.jpg 300w, https:\/\/rotary.zamosc.pl\/wp-content\/uploads\/2019\/10\/25-lecie-RC-Zamo\u015b\u0107-44-768x556.jpg 768w, https:\/\/rotary.zamosc.pl\/wp-content\/uploads\/2019\/10\/25-lecie-RC-Zamo\u015b\u0107-44-800x579.jpg 800w, https:\/\/rotary.zamosc.pl\/wp-content\/uploads\/2019\/10\/25-lecie-RC-Zamo\u015b\u0107-44.jpg 1098w\" sizes=\"(max-width: 700px) 100vw, 700px\" \/><\/figure>\n\n\n\n<figure class=\"wp-block-image size-large\"><img loading=\"lazy\" decoding=\"async\" width=\"700\" height=\"507\" data-id=\"1167\" src=\"https:\/\/rotary.zamosc.pl\/wp-content\/uploads\/2019\/10\/25-lecie-RC-Zamo\u015b\u0107-43-700x507.jpg\" alt=\"\" class=\"wp-image-1167\" srcset=\"https:\/\/rotary.zamosc.pl\/wp-content\/uploads\/2019\/10\/25-lecie-RC-Zamo\u015b\u0107-43-700x507.jpg 700w, https:\/\/rotary.zamosc.pl\/wp-content\/uploads\/2019\/10\/25-lecie-RC-Zamo\u015b\u0107-43-300x217.jpg 300w, https:\/\/rotary.zamosc.pl\/wp-content\/uploads\/2019\/10\/25-lecie-RC-Zamo\u015b\u0107-43-768x556.jpg 768w, https:\/\/rotary.zamosc.pl\/wp-content\/uploads\/2019\/10\/25-lecie-RC-Zamo\u015b\u0107-43-800x579.jpg 800w, https:\/\/rotary.zamosc.pl\/wp-content\/uploads\/2019\/10\/25-lecie-RC-Zamo\u015b\u0107-43.jpg 1098w\" sizes=\"(max-width: 700px) 100vw, 700px\" \/><\/figure>\n\n\n\n<figure class=\"wp-block-image size-large\"><img loading=\"lazy\" decoding=\"async\" width=\"700\" height=\"507\" data-id=\"1166\" src=\"https:\/\/rotary.zamosc.pl\/wp-content\/uploads\/2019\/10\/25-lecie-RC-Zamo\u015b\u0107-42-700x507.jpg\" alt=\"\" class=\"wp-image-1166\" srcset=\"https:\/\/rotary.zamosc.pl\/wp-content\/uploads\/2019\/10\/25-lecie-RC-Zamo\u015b\u0107-42-700x507.jpg 700w, https:\/\/rotary.zamosc.pl\/wp-content\/uploads\/2019\/10\/25-lecie-RC-Zamo\u015b\u0107-42-300x217.jpg 300w, https:\/\/rotary.zamosc.pl\/wp-content\/uploads\/2019\/10\/25-lecie-RC-Zamo\u015b\u0107-42-768x556.jpg 768w, https:\/\/rotary.zamosc.pl\/wp-content\/uploads\/2019\/10\/25-lecie-RC-Zamo\u015b\u0107-42-800x579.jpg 800w, https:\/\/rotary.zamosc.pl\/wp-content\/uploads\/2019\/10\/25-lecie-RC-Zamo\u015b\u0107-42.jpg 1098w\" sizes=\"(max-width: 700px) 100vw, 700px\" \/><\/figure>\n\n\n\n<figure class=\"wp-block-image size-large\"><img loading=\"lazy\" decoding=\"async\" width=\"700\" height=\"507\" data-id=\"1165\" src=\"https:\/\/rotary.zamosc.pl\/wp-content\/uploads\/2019\/10\/25-lecie-RC-Zamo\u015b\u0107-41-700x507.jpg\" alt=\"\" class=\"wp-image-1165\" srcset=\"https:\/\/rotary.zamosc.pl\/wp-content\/uploads\/2019\/10\/25-lecie-RC-Zamo\u015b\u0107-41-700x507.jpg 700w, https:\/\/rotary.zamosc.pl\/wp-content\/uploads\/2019\/10\/25-lecie-RC-Zamo\u015b\u0107-41-300x217.jpg 300w, https:\/\/rotary.zamosc.pl\/wp-content\/uploads\/2019\/10\/25-lecie-RC-Zamo\u015b\u0107-41-768x556.jpg 768w, https:\/\/rotary.zamosc.pl\/wp-content\/uploads\/2019\/10\/25-lecie-RC-Zamo\u015b\u0107-41-800x579.jpg 800w, https:\/\/rotary.zamosc.pl\/wp-content\/uploads\/2019\/10\/25-lecie-RC-Zamo\u015b\u0107-41.jpg 1098w\" sizes=\"(max-width: 700px) 100vw, 700px\" \/><\/figure>\n\n\n\n<figure class=\"wp-block-image size-large\"><img loading=\"lazy\" decoding=\"async\" width=\"700\" height=\"507\" data-id=\"1164\" src=\"https:\/\/rotary.zamosc.pl\/wp-content\/uploads\/2019\/10\/25-lecie-RC-Zamo\u015b\u0107-40-700x507.jpg\" alt=\"\" class=\"wp-image-1164\" srcset=\"https:\/\/rotary.zamosc.pl\/wp-content\/uploads\/2019\/10\/25-lecie-RC-Zamo\u015b\u0107-40-700x507.jpg 700w, https:\/\/rotary.zamosc.pl\/wp-content\/uploads\/2019\/10\/25-lecie-RC-Zamo\u015b\u0107-40-300x217.jpg 300w, https:\/\/rotary.zamosc.pl\/wp-content\/uploads\/2019\/10\/25-lecie-RC-Zamo\u015b\u0107-40-768x556.jpg 768w, https:\/\/rotary.zamosc.pl\/wp-content\/uploads\/2019\/10\/25-lecie-RC-Zamo\u015b\u0107-40-800x579.jpg 800w, https:\/\/rotary.zamosc.pl\/wp-content\/uploads\/2019\/10\/25-lecie-RC-Zamo\u015b\u0107-40.jpg 1098w\" sizes=\"(max-width: 700px) 100vw, 700px\" \/><\/figure>\n\n\n\n<figure class=\"wp-block-image size-large\"><img loading=\"lazy\" decoding=\"async\" width=\"700\" height=\"507\" data-id=\"1163\" src=\"https:\/\/rotary.zamosc.pl\/wp-content\/uploads\/2019\/10\/25-lecie-RC-Zamo\u015b\u0107-39-700x507.jpg\" alt=\"\" class=\"wp-image-1163\" srcset=\"https:\/\/rotary.zamosc.pl\/wp-content\/uploads\/2019\/10\/25-lecie-RC-Zamo\u015b\u0107-39-700x507.jpg 700w, https:\/\/rotary.zamosc.pl\/wp-content\/uploads\/2019\/10\/25-lecie-RC-Zamo\u015b\u0107-39-300x217.jpg 300w, https:\/\/rotary.zamosc.pl\/wp-content\/uploads\/2019\/10\/25-lecie-RC-Zamo\u015b\u0107-39-768x556.jpg 768w, https:\/\/rotary.zamosc.pl\/wp-content\/uploads\/2019\/10\/25-lecie-RC-Zamo\u015b\u0107-39-800x579.jpg 800w, https:\/\/rotary.zamosc.pl\/wp-content\/uploads\/2019\/10\/25-lecie-RC-Zamo\u015b\u0107-39.jpg 1098w\" sizes=\"(max-width: 700px) 100vw, 700px\" \/><\/figure>\n\n\n\n<figure class=\"wp-block-image size-large\"><img loading=\"lazy\" decoding=\"async\" width=\"700\" height=\"507\" data-id=\"1162\" src=\"https:\/\/rotary.zamosc.pl\/wp-content\/uploads\/2019\/10\/25-lecie-RC-Zamo\u015b\u0107-38-700x507.jpg\" alt=\"\" class=\"wp-image-1162\" srcset=\"https:\/\/rotary.zamosc.pl\/wp-content\/uploads\/2019\/10\/25-lecie-RC-Zamo\u015b\u0107-38-700x507.jpg 700w, https:\/\/rotary.zamosc.pl\/wp-content\/uploads\/2019\/10\/25-lecie-RC-Zamo\u015b\u0107-38-300x217.jpg 300w, https:\/\/rotary.zamosc.pl\/wp-content\/uploads\/2019\/10\/25-lecie-RC-Zamo\u015b\u0107-38-768x556.jpg 768w, https:\/\/rotary.zamosc.pl\/wp-content\/uploads\/2019\/10\/25-lecie-RC-Zamo\u015b\u0107-38-800x579.jpg 800w, https:\/\/rotary.zamosc.pl\/wp-content\/uploads\/2019\/10\/25-lecie-RC-Zamo\u015b\u0107-38.jpg 1098w\" sizes=\"(max-width: 700px) 100vw, 700px\" \/><\/figure>\n\n\n\n<figure class=\"wp-block-image size-large\"><img loading=\"lazy\" decoding=\"async\" width=\"700\" height=\"507\" data-id=\"1161\" src=\"https:\/\/rotary.zamosc.pl\/wp-content\/uploads\/2019\/10\/25-lecie-RC-Zamo\u015b\u0107-37-700x507.jpg\" alt=\"\" class=\"wp-image-1161\" srcset=\"https:\/\/rotary.zamosc.pl\/wp-content\/uploads\/2019\/10\/25-lecie-RC-Zamo\u015b\u0107-37-700x507.jpg 700w, https:\/\/rotary.zamosc.pl\/wp-content\/uploads\/2019\/10\/25-lecie-RC-Zamo\u015b\u0107-37-300x217.jpg 300w, https:\/\/rotary.zamosc.pl\/wp-content\/uploads\/2019\/10\/25-lecie-RC-Zamo\u015b\u0107-37-768x556.jpg 768w, https:\/\/rotary.zamosc.pl\/wp-content\/uploads\/2019\/10\/25-lecie-RC-Zamo\u015b\u0107-37-800x579.jpg 800w, https:\/\/rotary.zamosc.pl\/wp-content\/uploads\/2019\/10\/25-lecie-RC-Zamo\u015b\u0107-37.jpg 1098w\" sizes=\"(max-width: 700px) 100vw, 700px\" \/><\/figure>\n\n\n\n<figure class=\"wp-block-image size-large\"><img loading=\"lazy\" decoding=\"async\" width=\"700\" height=\"507\" data-id=\"1152\" src=\"https:\/\/rotary.zamosc.pl\/wp-content\/uploads\/2019\/10\/25-lecie-RC-Zamo\u015b\u0107-28-700x507.jpg\" alt=\"\" class=\"wp-image-1152\" srcset=\"https:\/\/rotary.zamosc.pl\/wp-content\/uploads\/2019\/10\/25-lecie-RC-Zamo\u015b\u0107-28-700x507.jpg 700w, https:\/\/rotary.zamosc.pl\/wp-content\/uploads\/2019\/10\/25-lecie-RC-Zamo\u015b\u0107-28-300x217.jpg 300w, https:\/\/rotary.zamosc.pl\/wp-content\/uploads\/2019\/10\/25-lecie-RC-Zamo\u015b\u0107-28-768x556.jpg 768w, https:\/\/rotary.zamosc.pl\/wp-content\/uploads\/2019\/10\/25-lecie-RC-Zamo\u015b\u0107-28-800x579.jpg 800w, https:\/\/rotary.zamosc.pl\/wp-content\/uploads\/2019\/10\/25-lecie-RC-Zamo\u015b\u0107-28.jpg 1098w\" sizes=\"(max-width: 700px) 100vw, 700px\" \/><\/figure>\n\n\n\n<figure class=\"wp-block-image size-large\"><img loading=\"lazy\" decoding=\"async\" width=\"700\" height=\"967\" data-id=\"1153\" src=\"https:\/\/rotary.zamosc.pl\/wp-content\/uploads\/2019\/10\/25-lecie-RC-Zamo\u015b\u0107-29-700x967.jpg\" alt=\"\" class=\"wp-image-1153\" srcset=\"https:\/\/rotary.zamosc.pl\/wp-content\/uploads\/2019\/10\/25-lecie-RC-Zamo\u015b\u0107-29-700x967.jpg 700w, https:\/\/rotary.zamosc.pl\/wp-content\/uploads\/2019\/10\/25-lecie-RC-Zamo\u015b\u0107-29-217x300.jpg 217w, https:\/\/rotary.zamosc.pl\/wp-content\/uploads\/2019\/10\/25-lecie-RC-Zamo\u015b\u0107-29-768x1061.jpg 768w, https:\/\/rotary.zamosc.pl\/wp-content\/uploads\/2019\/10\/25-lecie-RC-Zamo\u015b\u0107-29.jpg 795w\" sizes=\"(max-width: 700px) 100vw, 700px\" \/><\/figure>\n\n\n\n<figure class=\"wp-block-image size-large\"><img loading=\"lazy\" decoding=\"async\" width=\"700\" height=\"507\" data-id=\"1154\" src=\"https:\/\/rotary.zamosc.pl\/wp-content\/uploads\/2019\/10\/25-lecie-RC-Zamo\u015b\u0107-30-700x507.jpg\" alt=\"\" class=\"wp-image-1154\" srcset=\"https:\/\/rotary.zamosc.pl\/wp-content\/uploads\/2019\/10\/25-lecie-RC-Zamo\u015b\u0107-30-700x507.jpg 700w, https:\/\/rotary.zamosc.pl\/wp-content\/uploads\/2019\/10\/25-lecie-RC-Zamo\u015b\u0107-30-300x217.jpg 300w, https:\/\/rotary.zamosc.pl\/wp-content\/uploads\/2019\/10\/25-lecie-RC-Zamo\u015b\u0107-30-768x556.jpg 768w, https:\/\/rotary.zamosc.pl\/wp-content\/uploads\/2019\/10\/25-lecie-RC-Zamo\u015b\u0107-30-800x579.jpg 800w, https:\/\/rotary.zamosc.pl\/wp-content\/uploads\/2019\/10\/25-lecie-RC-Zamo\u015b\u0107-30.jpg 1098w\" sizes=\"(max-width: 700px) 100vw, 700px\" \/><\/figure>\n\n\n\n<figure class=\"wp-block-image size-large\"><img loading=\"lazy\" decoding=\"async\" width=\"700\" height=\"507\" data-id=\"1155\" src=\"https:\/\/rotary.zamosc.pl\/wp-content\/uploads\/2019\/10\/25-lecie-RC-Zamo\u015b\u0107-31-700x507.jpg\" alt=\"\" class=\"wp-image-1155\" srcset=\"https:\/\/rotary.zamosc.pl\/wp-content\/uploads\/2019\/10\/25-lecie-RC-Zamo\u015b\u0107-31-700x507.jpg 700w, https:\/\/rotary.zamosc.pl\/wp-content\/uploads\/2019\/10\/25-lecie-RC-Zamo\u015b\u0107-31-300x217.jpg 300w, https:\/\/rotary.zamosc.pl\/wp-content\/uploads\/2019\/10\/25-lecie-RC-Zamo\u015b\u0107-31-768x556.jpg 768w, https:\/\/rotary.zamosc.pl\/wp-content\/uploads\/2019\/10\/25-lecie-RC-Zamo\u015b\u0107-31-800x579.jpg 800w, https:\/\/rotary.zamosc.pl\/wp-content\/uploads\/2019\/10\/25-lecie-RC-Zamo\u015b\u0107-31.jpg 1098w\" sizes=\"(max-width: 700px) 100vw, 700px\" \/><\/figure>\n\n\n\n<figure class=\"wp-block-image size-large\"><img loading=\"lazy\" decoding=\"async\" width=\"700\" height=\"507\" data-id=\"1156\" src=\"https:\/\/rotary.zamosc.pl\/wp-content\/uploads\/2019\/10\/25-lecie-RC-Zamo\u015b\u0107-32-700x507.jpg\" alt=\"\" class=\"wp-image-1156\" srcset=\"https:\/\/rotary.zamosc.pl\/wp-content\/uploads\/2019\/10\/25-lecie-RC-Zamo\u015b\u0107-32-700x507.jpg 700w, https:\/\/rotary.zamosc.pl\/wp-content\/uploads\/2019\/10\/25-lecie-RC-Zamo\u015b\u0107-32-300x217.jpg 300w, https:\/\/rotary.zamosc.pl\/wp-content\/uploads\/2019\/10\/25-lecie-RC-Zamo\u015b\u0107-32-768x556.jpg 768w, https:\/\/rotary.zamosc.pl\/wp-content\/uploads\/2019\/10\/25-lecie-RC-Zamo\u015b\u0107-32-800x579.jpg 800w, https:\/\/rotary.zamosc.pl\/wp-content\/uploads\/2019\/10\/25-lecie-RC-Zamo\u015b\u0107-32.jpg 1098w\" sizes=\"(max-width: 700px) 100vw, 700px\" \/><\/figure>\n\n\n\n<figure class=\"wp-block-image size-large\"><img loading=\"lazy\" decoding=\"async\" width=\"700\" height=\"967\" data-id=\"1157\" src=\"https:\/\/rotary.zamosc.pl\/wp-content\/uploads\/2019\/10\/25-lecie-RC-Zamo\u015b\u0107-33-700x967.jpg\" alt=\"\" class=\"wp-image-1157\" srcset=\"https:\/\/rotary.zamosc.pl\/wp-content\/uploads\/2019\/10\/25-lecie-RC-Zamo\u015b\u0107-33-700x967.jpg 700w, https:\/\/rotary.zamosc.pl\/wp-content\/uploads\/2019\/10\/25-lecie-RC-Zamo\u015b\u0107-33-217x300.jpg 217w, https:\/\/rotary.zamosc.pl\/wp-content\/uploads\/2019\/10\/25-lecie-RC-Zamo\u015b\u0107-33-768x1061.jpg 768w, https:\/\/rotary.zamosc.pl\/wp-content\/uploads\/2019\/10\/25-lecie-RC-Zamo\u015b\u0107-33.jpg 795w\" sizes=\"(max-width: 700px) 100vw, 700px\" \/><\/figure>\n\n\n\n<figure class=\"wp-block-image size-large\"><img loading=\"lazy\" decoding=\"async\" width=\"700\" height=\"507\" data-id=\"1158\" src=\"https:\/\/rotary.zamosc.pl\/wp-content\/uploads\/2019\/10\/25-lecie-RC-Zamo\u015b\u0107-34-700x507.jpg\" alt=\"\" class=\"wp-image-1158\" srcset=\"https:\/\/rotary.zamosc.pl\/wp-content\/uploads\/2019\/10\/25-lecie-RC-Zamo\u015b\u0107-34-700x507.jpg 700w, https:\/\/rotary.zamosc.pl\/wp-content\/uploads\/2019\/10\/25-lecie-RC-Zamo\u015b\u0107-34-300x217.jpg 300w, https:\/\/rotary.zamosc.pl\/wp-content\/uploads\/2019\/10\/25-lecie-RC-Zamo\u015b\u0107-34-768x556.jpg 768w, https:\/\/rotary.zamosc.pl\/wp-content\/uploads\/2019\/10\/25-lecie-RC-Zamo\u015b\u0107-34-800x579.jpg 800w, https:\/\/rotary.zamosc.pl\/wp-content\/uploads\/2019\/10\/25-lecie-RC-Zamo\u015b\u0107-34.jpg 1098w\" sizes=\"(max-width: 700px) 100vw, 700px\" \/><\/figure>\n\n\n\n<figure class=\"wp-block-image size-large\"><img loading=\"lazy\" decoding=\"async\" width=\"700\" height=\"507\" data-id=\"1159\" src=\"https:\/\/rotary.zamosc.pl\/wp-content\/uploads\/2019\/10\/25-lecie-RC-Zamo\u015b\u0107-35-700x507.jpg\" alt=\"\" class=\"wp-image-1159\" srcset=\"https:\/\/rotary.zamosc.pl\/wp-content\/uploads\/2019\/10\/25-lecie-RC-Zamo\u015b\u0107-35-700x507.jpg 700w, https:\/\/rotary.zamosc.pl\/wp-content\/uploads\/2019\/10\/25-lecie-RC-Zamo\u015b\u0107-35-300x217.jpg 300w, https:\/\/rotary.zamosc.pl\/wp-content\/uploads\/2019\/10\/25-lecie-RC-Zamo\u015b\u0107-35-768x556.jpg 768w, https:\/\/rotary.zamosc.pl\/wp-content\/uploads\/2019\/10\/25-lecie-RC-Zamo\u015b\u0107-35-800x579.jpg 800w, https:\/\/rotary.zamosc.pl\/wp-content\/uploads\/2019\/10\/25-lecie-RC-Zamo\u015b\u0107-35.jpg 1098w\" sizes=\"(max-width: 700px) 100vw, 700px\" \/><\/figure>\n\n\n\n<figure class=\"wp-block-image size-large\"><img loading=\"lazy\" decoding=\"async\" width=\"700\" height=\"967\" data-id=\"1160\" src=\"https:\/\/rotary.zamosc.pl\/wp-content\/uploads\/2019\/10\/25-lecie-RC-Zamo\u015b\u0107-36-700x967.jpg\" alt=\"\" class=\"wp-image-1160\" srcset=\"https:\/\/rotary.zamosc.pl\/wp-content\/uploads\/2019\/10\/25-lecie-RC-Zamo\u015b\u0107-36-700x967.jpg 700w, https:\/\/rotary.zamosc.pl\/wp-content\/uploads\/2019\/10\/25-lecie-RC-Zamo\u015b\u0107-36-217x300.jpg 217w, https:\/\/rotary.zamosc.pl\/wp-content\/uploads\/2019\/10\/25-lecie-RC-Zamo\u015b\u0107-36-768x1061.jpg 768w, https:\/\/rotary.zamosc.pl\/wp-content\/uploads\/2019\/10\/25-lecie-RC-Zamo\u015b\u0107-36.jpg 795w\" sizes=\"(max-width: 700px) 100vw, 700px\" \/><\/figure>\n\n\n\n<figure class=\"wp-block-image size-large\"><img loading=\"lazy\" decoding=\"async\" width=\"700\" height=\"507\" data-id=\"1151\" src=\"https:\/\/rotary.zamosc.pl\/wp-content\/uploads\/2019\/10\/25-lecie-RC-Zamo\u015b\u0107-27-700x507.jpg\" alt=\"\" class=\"wp-image-1151\" srcset=\"https:\/\/rotary.zamosc.pl\/wp-content\/uploads\/2019\/10\/25-lecie-RC-Zamo\u015b\u0107-27-700x507.jpg 700w, https:\/\/rotary.zamosc.pl\/wp-content\/uploads\/2019\/10\/25-lecie-RC-Zamo\u015b\u0107-27-300x217.jpg 300w, https:\/\/rotary.zamosc.pl\/wp-content\/uploads\/2019\/10\/25-lecie-RC-Zamo\u015b\u0107-27-768x556.jpg 768w, https:\/\/rotary.zamosc.pl\/wp-content\/uploads\/2019\/10\/25-lecie-RC-Zamo\u015b\u0107-27-800x579.jpg 800w, https:\/\/rotary.zamosc.pl\/wp-content\/uploads\/2019\/10\/25-lecie-RC-Zamo\u015b\u0107-27.jpg 1098w\" sizes=\"(max-width: 700px) 100vw, 700px\" \/><\/figure>\n\n\n\n<figure class=\"wp-block-image size-large\"><img loading=\"lazy\" decoding=\"async\" width=\"700\" height=\"507\" data-id=\"1150\" src=\"https:\/\/rotary.zamosc.pl\/wp-content\/uploads\/2019\/10\/25-lecie-RC-Zamo\u015b\u0107-26-700x507.jpg\" alt=\"\" class=\"wp-image-1150\" srcset=\"https:\/\/rotary.zamosc.pl\/wp-content\/uploads\/2019\/10\/25-lecie-RC-Zamo\u015b\u0107-26-700x507.jpg 700w, https:\/\/rotary.zamosc.pl\/wp-content\/uploads\/2019\/10\/25-lecie-RC-Zamo\u015b\u0107-26-300x217.jpg 300w, https:\/\/rotary.zamosc.pl\/wp-content\/uploads\/2019\/10\/25-lecie-RC-Zamo\u015b\u0107-26-768x556.jpg 768w, https:\/\/rotary.zamosc.pl\/wp-content\/uploads\/2019\/10\/25-lecie-RC-Zamo\u015b\u0107-26-800x579.jpg 800w, https:\/\/rotary.zamosc.pl\/wp-content\/uploads\/2019\/10\/25-lecie-RC-Zamo\u015b\u0107-26.jpg 1098w\" sizes=\"(max-width: 700px) 100vw, 700px\" \/><\/figure>\n\n\n\n<figure class=\"wp-block-image size-large\"><img loading=\"lazy\" decoding=\"async\" width=\"700\" height=\"967\" data-id=\"1149\" src=\"https:\/\/rotary.zamosc.pl\/wp-content\/uploads\/2019\/10\/25-lecie-RC-Zamo\u015b\u0107-25-700x967.jpg\" alt=\"\" class=\"wp-image-1149\" srcset=\"https:\/\/rotary.zamosc.pl\/wp-content\/uploads\/2019\/10\/25-lecie-RC-Zamo\u015b\u0107-25-700x967.jpg 700w, https:\/\/rotary.zamosc.pl\/wp-content\/uploads\/2019\/10\/25-lecie-RC-Zamo\u015b\u0107-25-217x300.jpg 217w, https:\/\/rotary.zamosc.pl\/wp-content\/uploads\/2019\/10\/25-lecie-RC-Zamo\u015b\u0107-25-768x1061.jpg 768w, https:\/\/rotary.zamosc.pl\/wp-content\/uploads\/2019\/10\/25-lecie-RC-Zamo\u015b\u0107-25.jpg 795w\" sizes=\"(max-width: 700px) 100vw, 700px\" \/><\/figure>\n\n\n\n<figure class=\"wp-block-image size-large\"><img loading=\"lazy\" decoding=\"async\" width=\"700\" height=\"507\" data-id=\"1148\" src=\"https:\/\/rotary.zamosc.pl\/wp-content\/uploads\/2019\/10\/25-lecie-RC-Zamo\u015b\u0107-24-700x507.jpg\" alt=\"\" class=\"wp-image-1148\" srcset=\"https:\/\/rotary.zamosc.pl\/wp-content\/uploads\/2019\/10\/25-lecie-RC-Zamo\u015b\u0107-24-700x507.jpg 700w, https:\/\/rotary.zamosc.pl\/wp-content\/uploads\/2019\/10\/25-lecie-RC-Zamo\u015b\u0107-24-300x217.jpg 300w, https:\/\/rotary.zamosc.pl\/wp-content\/uploads\/2019\/10\/25-lecie-RC-Zamo\u015b\u0107-24-768x556.jpg 768w, https:\/\/rotary.zamosc.pl\/wp-content\/uploads\/2019\/10\/25-lecie-RC-Zamo\u015b\u0107-24-800x579.jpg 800w, https:\/\/rotary.zamosc.pl\/wp-content\/uploads\/2019\/10\/25-lecie-RC-Zamo\u015b\u0107-24.jpg 1098w\" sizes=\"(max-width: 700px) 100vw, 700px\" \/><\/figure>\n\n\n\n<figure class=\"wp-block-image size-large\"><img loading=\"lazy\" decoding=\"async\" width=\"700\" height=\"967\" data-id=\"1147\" src=\"https:\/\/rotary.zamosc.pl\/wp-content\/uploads\/2019\/10\/25-lecie-RC-Zamo\u015b\u0107-23-700x967.jpg\" alt=\"\" class=\"wp-image-1147\" srcset=\"https:\/\/rotary.zamosc.pl\/wp-content\/uploads\/2019\/10\/25-lecie-RC-Zamo\u015b\u0107-23-700x967.jpg 700w, https:\/\/rotary.zamosc.pl\/wp-content\/uploads\/2019\/10\/25-lecie-RC-Zamo\u015b\u0107-23-217x300.jpg 217w, https:\/\/rotary.zamosc.pl\/wp-content\/uploads\/2019\/10\/25-lecie-RC-Zamo\u015b\u0107-23-768x1061.jpg 768w, https:\/\/rotary.zamosc.pl\/wp-content\/uploads\/2019\/10\/25-lecie-RC-Zamo\u015b\u0107-23.jpg 795w\" sizes=\"(max-width: 700px) 100vw, 700px\" \/><\/figure>\n\n\n\n<figure class=\"wp-block-image size-large\"><img loading=\"lazy\" decoding=\"async\" width=\"700\" height=\"507\" data-id=\"1146\" src=\"https:\/\/rotary.zamosc.pl\/wp-content\/uploads\/2019\/10\/25-lecie-RC-Zamo\u015b\u0107-22-700x507.jpg\" alt=\"\" class=\"wp-image-1146\" srcset=\"https:\/\/rotary.zamosc.pl\/wp-content\/uploads\/2019\/10\/25-lecie-RC-Zamo\u015b\u0107-22-700x507.jpg 700w, https:\/\/rotary.zamosc.pl\/wp-content\/uploads\/2019\/10\/25-lecie-RC-Zamo\u015b\u0107-22-300x217.jpg 300w, https:\/\/rotary.zamosc.pl\/wp-content\/uploads\/2019\/10\/25-lecie-RC-Zamo\u015b\u0107-22-768x556.jpg 768w, https:\/\/rotary.zamosc.pl\/wp-content\/uploads\/2019\/10\/25-lecie-RC-Zamo\u015b\u0107-22-800x579.jpg 800w, https:\/\/rotary.zamosc.pl\/wp-content\/uploads\/2019\/10\/25-lecie-RC-Zamo\u015b\u0107-22.jpg 1098w\" sizes=\"(max-width: 700px) 100vw, 700px\" \/><\/figure>\n\n\n\n<figure class=\"wp-block-image size-large\"><img loading=\"lazy\" decoding=\"async\" width=\"700\" height=\"967\" data-id=\"1145\" src=\"https:\/\/rotary.zamosc.pl\/wp-content\/uploads\/2019\/10\/25-lecie-RC-Zamo\u015b\u0107-21-700x967.jpg\" alt=\"\" class=\"wp-image-1145\" srcset=\"https:\/\/rotary.zamosc.pl\/wp-content\/uploads\/2019\/10\/25-lecie-RC-Zamo\u015b\u0107-21-700x967.jpg 700w, https:\/\/rotary.zamosc.pl\/wp-content\/uploads\/2019\/10\/25-lecie-RC-Zamo\u015b\u0107-21-217x300.jpg 217w, https:\/\/rotary.zamosc.pl\/wp-content\/uploads\/2019\/10\/25-lecie-RC-Zamo\u015b\u0107-21-768x1061.jpg 768w, https:\/\/rotary.zamosc.pl\/wp-content\/uploads\/2019\/10\/25-lecie-RC-Zamo\u015b\u0107-21.jpg 795w\" sizes=\"(max-width: 700px) 100vw, 700px\" \/><\/figure>\n\n\n\n<figure class=\"wp-block-image size-large\"><img loading=\"lazy\" decoding=\"async\" width=\"700\" height=\"467\" data-id=\"1144\" src=\"https:\/\/rotary.zamosc.pl\/wp-content\/uploads\/2019\/10\/25-lecie-RC-Zamo\u015b\u0107-20-700x467.jpg\" alt=\"\" class=\"wp-image-1144\" srcset=\"https:\/\/rotary.zamosc.pl\/wp-content\/uploads\/2019\/10\/25-lecie-RC-Zamo\u015b\u0107-20-700x467.jpg 700w, https:\/\/rotary.zamosc.pl\/wp-content\/uploads\/2019\/10\/25-lecie-RC-Zamo\u015b\u0107-20-300x200.jpg 300w, https:\/\/rotary.zamosc.pl\/wp-content\/uploads\/2019\/10\/25-lecie-RC-Zamo\u015b\u0107-20-768x512.jpg 768w, https:\/\/rotary.zamosc.pl\/wp-content\/uploads\/2019\/10\/25-lecie-RC-Zamo\u015b\u0107-20-800x533.jpg 800w, https:\/\/rotary.zamosc.pl\/wp-content\/uploads\/2019\/10\/25-lecie-RC-Zamo\u015b\u0107-20-272x182.jpg 272w, https:\/\/rotary.zamosc.pl\/wp-content\/uploads\/2019\/10\/25-lecie-RC-Zamo\u015b\u0107-20.jpg 1098w\" sizes=\"(max-width: 700px) 100vw, 700px\" \/><\/figure>\n\n\n\n<figure class=\"wp-block-image size-large\"><img loading=\"lazy\" decoding=\"async\" width=\"700\" height=\"967\" data-id=\"1143\" src=\"https:\/\/rotary.zamosc.pl\/wp-content\/uploads\/2019\/10\/25-lecie-RC-Zamo\u015b\u0107-19-700x967.jpg\" alt=\"\" class=\"wp-image-1143\" srcset=\"https:\/\/rotary.zamosc.pl\/wp-content\/uploads\/2019\/10\/25-lecie-RC-Zamo\u015b\u0107-19-700x967.jpg 700w, https:\/\/rotary.zamosc.pl\/wp-content\/uploads\/2019\/10\/25-lecie-RC-Zamo\u015b\u0107-19-217x300.jpg 217w, https:\/\/rotary.zamosc.pl\/wp-content\/uploads\/2019\/10\/25-lecie-RC-Zamo\u015b\u0107-19-768x1061.jpg 768w, https:\/\/rotary.zamosc.pl\/wp-content\/uploads\/2019\/10\/25-lecie-RC-Zamo\u015b\u0107-19.jpg 795w\" sizes=\"(max-width: 700px) 100vw, 700px\" \/><\/figure>\n\n\n\n<figure class=\"wp-block-image size-large\"><img loading=\"lazy\" decoding=\"async\" width=\"700\" height=\"507\" data-id=\"1134\" src=\"https:\/\/rotary.zamosc.pl\/wp-content\/uploads\/2019\/10\/25-lecie-RC-Zamo\u015b\u0107-10-700x507.jpg\" alt=\"\" class=\"wp-image-1134\" srcset=\"https:\/\/rotary.zamosc.pl\/wp-content\/uploads\/2019\/10\/25-lecie-RC-Zamo\u015b\u0107-10-700x507.jpg 700w, https:\/\/rotary.zamosc.pl\/wp-content\/uploads\/2019\/10\/25-lecie-RC-Zamo\u015b\u0107-10-300x217.jpg 300w, https:\/\/rotary.zamosc.pl\/wp-content\/uploads\/2019\/10\/25-lecie-RC-Zamo\u015b\u0107-10-768x556.jpg 768w, https:\/\/rotary.zamosc.pl\/wp-content\/uploads\/2019\/10\/25-lecie-RC-Zamo\u015b\u0107-10-800x579.jpg 800w, https:\/\/rotary.zamosc.pl\/wp-content\/uploads\/2019\/10\/25-lecie-RC-Zamo\u015b\u0107-10.jpg 1098w\" sizes=\"(max-width: 700px) 100vw, 700px\" \/><\/figure>\n\n\n\n<figure class=\"wp-block-image size-large\"><img loading=\"lazy\" decoding=\"async\" width=\"700\" height=\"507\" data-id=\"1135\" src=\"https:\/\/rotary.zamosc.pl\/wp-content\/uploads\/2019\/10\/25-lecie-RC-Zamo\u015b\u0107-11-700x507.jpg\" alt=\"\" class=\"wp-image-1135\" srcset=\"https:\/\/rotary.zamosc.pl\/wp-content\/uploads\/2019\/10\/25-lecie-RC-Zamo\u015b\u0107-11-700x507.jpg 700w, https:\/\/rotary.zamosc.pl\/wp-content\/uploads\/2019\/10\/25-lecie-RC-Zamo\u015b\u0107-11-300x217.jpg 300w, https:\/\/rotary.zamosc.pl\/wp-content\/uploads\/2019\/10\/25-lecie-RC-Zamo\u015b\u0107-11-768x556.jpg 768w, https:\/\/rotary.zamosc.pl\/wp-content\/uploads\/2019\/10\/25-lecie-RC-Zamo\u015b\u0107-11-800x579.jpg 800w, https:\/\/rotary.zamosc.pl\/wp-content\/uploads\/2019\/10\/25-lecie-RC-Zamo\u015b\u0107-11.jpg 1098w\" sizes=\"(max-width: 700px) 100vw, 700px\" \/><\/figure>\n\n\n\n<figure class=\"wp-block-image size-large\"><img loading=\"lazy\" decoding=\"async\" width=\"700\" height=\"507\" data-id=\"1136\" src=\"https:\/\/rotary.zamosc.pl\/wp-content\/uploads\/2019\/10\/25-lecie-RC-Zamo\u015b\u0107-12-700x507.jpg\" alt=\"\" class=\"wp-image-1136\" srcset=\"https:\/\/rotary.zamosc.pl\/wp-content\/uploads\/2019\/10\/25-lecie-RC-Zamo\u015b\u0107-12-700x507.jpg 700w, https:\/\/rotary.zamosc.pl\/wp-content\/uploads\/2019\/10\/25-lecie-RC-Zamo\u015b\u0107-12-300x217.jpg 300w, https:\/\/rotary.zamosc.pl\/wp-content\/uploads\/2019\/10\/25-lecie-RC-Zamo\u015b\u0107-12-768x556.jpg 768w, https:\/\/rotary.zamosc.pl\/wp-content\/uploads\/2019\/10\/25-lecie-RC-Zamo\u015b\u0107-12-800x579.jpg 800w, https:\/\/rotary.zamosc.pl\/wp-content\/uploads\/2019\/10\/25-lecie-RC-Zamo\u015b\u0107-12.jpg 1098w\" sizes=\"(max-width: 700px) 100vw, 700px\" \/><\/figure>\n\n\n\n<figure class=\"wp-block-image size-large\"><img loading=\"lazy\" decoding=\"async\" width=\"700\" height=\"507\" data-id=\"1137\" src=\"https:\/\/rotary.zamosc.pl\/wp-content\/uploads\/2019\/10\/25-lecie-RC-Zamo\u015b\u0107-13-700x507.jpg\" alt=\"\" class=\"wp-image-1137\" srcset=\"https:\/\/rotary.zamosc.pl\/wp-content\/uploads\/2019\/10\/25-lecie-RC-Zamo\u015b\u0107-13-700x507.jpg 700w, https:\/\/rotary.zamosc.pl\/wp-content\/uploads\/2019\/10\/25-lecie-RC-Zamo\u015b\u0107-13-300x217.jpg 300w, https:\/\/rotary.zamosc.pl\/wp-content\/uploads\/2019\/10\/25-lecie-RC-Zamo\u015b\u0107-13-768x556.jpg 768w, https:\/\/rotary.zamosc.pl\/wp-content\/uploads\/2019\/10\/25-lecie-RC-Zamo\u015b\u0107-13-800x579.jpg 800w, https:\/\/rotary.zamosc.pl\/wp-content\/uploads\/2019\/10\/25-lecie-RC-Zamo\u015b\u0107-13.jpg 1098w\" sizes=\"(max-width: 700px) 100vw, 700px\" \/><\/figure>\n\n\n\n<figure class=\"wp-block-image size-large\"><img loading=\"lazy\" decoding=\"async\" width=\"700\" height=\"507\" data-id=\"1138\" src=\"https:\/\/rotary.zamosc.pl\/wp-content\/uploads\/2019\/10\/25-lecie-RC-Zamo\u015b\u0107-14-700x507.jpg\" alt=\"\" class=\"wp-image-1138\" srcset=\"https:\/\/rotary.zamosc.pl\/wp-content\/uploads\/2019\/10\/25-lecie-RC-Zamo\u015b\u0107-14-700x507.jpg 700w, https:\/\/rotary.zamosc.pl\/wp-content\/uploads\/2019\/10\/25-lecie-RC-Zamo\u015b\u0107-14-300x217.jpg 300w, https:\/\/rotary.zamosc.pl\/wp-content\/uploads\/2019\/10\/25-lecie-RC-Zamo\u015b\u0107-14-768x556.jpg 768w, https:\/\/rotary.zamosc.pl\/wp-content\/uploads\/2019\/10\/25-lecie-RC-Zamo\u015b\u0107-14-800x579.jpg 800w, https:\/\/rotary.zamosc.pl\/wp-content\/uploads\/2019\/10\/25-lecie-RC-Zamo\u015b\u0107-14.jpg 1098w\" sizes=\"(max-width: 700px) 100vw, 700px\" \/><\/figure>\n\n\n\n<figure class=\"wp-block-image size-large\"><img loading=\"lazy\" decoding=\"async\" width=\"700\" height=\"507\" data-id=\"1139\" src=\"https:\/\/rotary.zamosc.pl\/wp-content\/uploads\/2019\/10\/25-lecie-RC-Zamo\u015b\u0107-15-700x507.jpg\" alt=\"\" class=\"wp-image-1139\" srcset=\"https:\/\/rotary.zamosc.pl\/wp-content\/uploads\/2019\/10\/25-lecie-RC-Zamo\u015b\u0107-15-700x507.jpg 700w, https:\/\/rotary.zamosc.pl\/wp-content\/uploads\/2019\/10\/25-lecie-RC-Zamo\u015b\u0107-15-300x217.jpg 300w, https:\/\/rotary.zamosc.pl\/wp-content\/uploads\/2019\/10\/25-lecie-RC-Zamo\u015b\u0107-15-768x556.jpg 768w, https:\/\/rotary.zamosc.pl\/wp-content\/uploads\/2019\/10\/25-lecie-RC-Zamo\u015b\u0107-15-800x579.jpg 800w, https:\/\/rotary.zamosc.pl\/wp-content\/uploads\/2019\/10\/25-lecie-RC-Zamo\u015b\u0107-15.jpg 1098w\" sizes=\"(max-width: 700px) 100vw, 700px\" \/><\/figure>\n\n\n\n<figure class=\"wp-block-image size-large\"><img loading=\"lazy\" decoding=\"async\" width=\"700\" height=\"967\" data-id=\"1140\" src=\"https:\/\/rotary.zamosc.pl\/wp-content\/uploads\/2019\/10\/25-lecie-RC-Zamo\u015b\u0107-16-700x967.jpg\" alt=\"\" class=\"wp-image-1140\" srcset=\"https:\/\/rotary.zamosc.pl\/wp-content\/uploads\/2019\/10\/25-lecie-RC-Zamo\u015b\u0107-16-700x967.jpg 700w, https:\/\/rotary.zamosc.pl\/wp-content\/uploads\/2019\/10\/25-lecie-RC-Zamo\u015b\u0107-16-217x300.jpg 217w, https:\/\/rotary.zamosc.pl\/wp-content\/uploads\/2019\/10\/25-lecie-RC-Zamo\u015b\u0107-16-768x1061.jpg 768w, https:\/\/rotary.zamosc.pl\/wp-content\/uploads\/2019\/10\/25-lecie-RC-Zamo\u015b\u0107-16.jpg 795w\" sizes=\"(max-width: 700px) 100vw, 700px\" \/><\/figure>\n\n\n\n<figure class=\"wp-block-image size-large\"><img loading=\"lazy\" decoding=\"async\" width=\"700\" height=\"507\" data-id=\"1141\" src=\"https:\/\/rotary.zamosc.pl\/wp-content\/uploads\/2019\/10\/25-lecie-RC-Zamo\u015b\u0107-17-700x507.jpg\" alt=\"\" class=\"wp-image-1141\" srcset=\"https:\/\/rotary.zamosc.pl\/wp-content\/uploads\/2019\/10\/25-lecie-RC-Zamo\u015b\u0107-17-700x507.jpg 700w, https:\/\/rotary.zamosc.pl\/wp-content\/uploads\/2019\/10\/25-lecie-RC-Zamo\u015b\u0107-17-300x217.jpg 300w, https:\/\/rotary.zamosc.pl\/wp-content\/uploads\/2019\/10\/25-lecie-RC-Zamo\u015b\u0107-17-768x556.jpg 768w, https:\/\/rotary.zamosc.pl\/wp-content\/uploads\/2019\/10\/25-lecie-RC-Zamo\u015b\u0107-17-800x579.jpg 800w, https:\/\/rotary.zamosc.pl\/wp-content\/uploads\/2019\/10\/25-lecie-RC-Zamo\u015b\u0107-17.jpg 1098w\" sizes=\"(max-width: 700px) 100vw, 700px\" \/><\/figure>\n\n\n\n<figure class=\"wp-block-image size-large\"><img loading=\"lazy\" decoding=\"async\" width=\"700\" height=\"507\" data-id=\"1142\" src=\"https:\/\/rotary.zamosc.pl\/wp-content\/uploads\/2019\/10\/25-lecie-RC-Zamo\u015b\u0107-18-700x507.jpg\" alt=\"\" class=\"wp-image-1142\" srcset=\"https:\/\/rotary.zamosc.pl\/wp-content\/uploads\/2019\/10\/25-lecie-RC-Zamo\u015b\u0107-18-700x507.jpg 700w, https:\/\/rotary.zamosc.pl\/wp-content\/uploads\/2019\/10\/25-lecie-RC-Zamo\u015b\u0107-18-300x217.jpg 300w, https:\/\/rotary.zamosc.pl\/wp-content\/uploads\/2019\/10\/25-lecie-RC-Zamo\u015b\u0107-18-768x556.jpg 768w, https:\/\/rotary.zamosc.pl\/wp-content\/uploads\/2019\/10\/25-lecie-RC-Zamo\u015b\u0107-18-800x579.jpg 800w, https:\/\/rotary.zamosc.pl\/wp-content\/uploads\/2019\/10\/25-lecie-RC-Zamo\u015b\u0107-18.jpg 1098w\" sizes=\"(max-width: 700px) 100vw, 700px\" \/><\/figure>\n\n\n\n<figure class=\"wp-block-image size-large\"><img loading=\"lazy\" decoding=\"async\" width=\"700\" height=\"507\" data-id=\"1133\" src=\"https:\/\/rotary.zamosc.pl\/wp-content\/uploads\/2019\/10\/25-lecie-RC-Zamo\u015b\u0107-9-700x507.jpg\" alt=\"\" class=\"wp-image-1133\" srcset=\"https:\/\/rotary.zamosc.pl\/wp-content\/uploads\/2019\/10\/25-lecie-RC-Zamo\u015b\u0107-9-700x507.jpg 700w, https:\/\/rotary.zamosc.pl\/wp-content\/uploads\/2019\/10\/25-lecie-RC-Zamo\u015b\u0107-9-300x217.jpg 300w, https:\/\/rotary.zamosc.pl\/wp-content\/uploads\/2019\/10\/25-lecie-RC-Zamo\u015b\u0107-9-768x556.jpg 768w, https:\/\/rotary.zamosc.pl\/wp-content\/uploads\/2019\/10\/25-lecie-RC-Zamo\u015b\u0107-9-800x579.jpg 800w, https:\/\/rotary.zamosc.pl\/wp-content\/uploads\/2019\/10\/25-lecie-RC-Zamo\u015b\u0107-9.jpg 1098w\" sizes=\"(max-width: 700px) 100vw, 700px\" \/><\/figure>\n\n\n\n<figure class=\"wp-block-image size-large\"><img loading=\"lazy\" decoding=\"async\" width=\"700\" height=\"507\" data-id=\"1132\" src=\"https:\/\/rotary.zamosc.pl\/wp-content\/uploads\/2019\/10\/25-lecie-RC-Zamo\u015b\u0107-8-700x507.jpg\" alt=\"\" class=\"wp-image-1132\" srcset=\"https:\/\/rotary.zamosc.pl\/wp-content\/uploads\/2019\/10\/25-lecie-RC-Zamo\u015b\u0107-8-700x507.jpg 700w, https:\/\/rotary.zamosc.pl\/wp-content\/uploads\/2019\/10\/25-lecie-RC-Zamo\u015b\u0107-8-300x217.jpg 300w, https:\/\/rotary.zamosc.pl\/wp-content\/uploads\/2019\/10\/25-lecie-RC-Zamo\u015b\u0107-8-768x556.jpg 768w, https:\/\/rotary.zamosc.pl\/wp-content\/uploads\/2019\/10\/25-lecie-RC-Zamo\u015b\u0107-8-800x579.jpg 800w, https:\/\/rotary.zamosc.pl\/wp-content\/uploads\/2019\/10\/25-lecie-RC-Zamo\u015b\u0107-8.jpg 1098w\" sizes=\"(max-width: 700px) 100vw, 700px\" \/><\/figure>\n\n\n\n<figure class=\"wp-block-image size-large\"><img loading=\"lazy\" decoding=\"async\" width=\"700\" height=\"507\" data-id=\"1131\" src=\"https:\/\/rotary.zamosc.pl\/wp-content\/uploads\/2019\/10\/25-lecie-RC-Zamo\u015b\u0107-7-700x507.jpg\" alt=\"\" class=\"wp-image-1131\" srcset=\"https:\/\/rotary.zamosc.pl\/wp-content\/uploads\/2019\/10\/25-lecie-RC-Zamo\u015b\u0107-7-700x507.jpg 700w, https:\/\/rotary.zamosc.pl\/wp-content\/uploads\/2019\/10\/25-lecie-RC-Zamo\u015b\u0107-7-300x217.jpg 300w, https:\/\/rotary.zamosc.pl\/wp-content\/uploads\/2019\/10\/25-lecie-RC-Zamo\u015b\u0107-7-768x556.jpg 768w, https:\/\/rotary.zamosc.pl\/wp-content\/uploads\/2019\/10\/25-lecie-RC-Zamo\u015b\u0107-7-800x579.jpg 800w, https:\/\/rotary.zamosc.pl\/wp-content\/uploads\/2019\/10\/25-lecie-RC-Zamo\u015b\u0107-7.jpg 1098w\" sizes=\"(max-width: 700px) 100vw, 700px\" \/><\/figure>\n\n\n\n<figure class=\"wp-block-image size-large\"><img loading=\"lazy\" decoding=\"async\" width=\"700\" height=\"507\" data-id=\"1130\" src=\"https:\/\/rotary.zamosc.pl\/wp-content\/uploads\/2019\/10\/25-lecie-RC-Zamo\u015b\u0107-6-700x507.jpg\" alt=\"\" class=\"wp-image-1130\" srcset=\"https:\/\/rotary.zamosc.pl\/wp-content\/uploads\/2019\/10\/25-lecie-RC-Zamo\u015b\u0107-6-700x507.jpg 700w, https:\/\/rotary.zamosc.pl\/wp-content\/uploads\/2019\/10\/25-lecie-RC-Zamo\u015b\u0107-6-300x217.jpg 300w, https:\/\/rotary.zamosc.pl\/wp-content\/uploads\/2019\/10\/25-lecie-RC-Zamo\u015b\u0107-6-768x556.jpg 768w, https:\/\/rotary.zamosc.pl\/wp-content\/uploads\/2019\/10\/25-lecie-RC-Zamo\u015b\u0107-6-800x579.jpg 800w, https:\/\/rotary.zamosc.pl\/wp-content\/uploads\/2019\/10\/25-lecie-RC-Zamo\u015b\u0107-6.jpg 1098w\" sizes=\"(max-width: 700px) 100vw, 700px\" \/><\/figure>\n\n\n\n<figure class=\"wp-block-image size-large\"><img loading=\"lazy\" decoding=\"async\" width=\"700\" height=\"507\" data-id=\"1129\" src=\"https:\/\/rotary.zamosc.pl\/wp-content\/uploads\/2019\/10\/25-lecie-RC-Zamo\u015b\u0107-5-700x507.jpg\" alt=\"\" class=\"wp-image-1129\" srcset=\"https:\/\/rotary.zamosc.pl\/wp-content\/uploads\/2019\/10\/25-lecie-RC-Zamo\u015b\u0107-5-700x507.jpg 700w, https:\/\/rotary.zamosc.pl\/wp-content\/uploads\/2019\/10\/25-lecie-RC-Zamo\u015b\u0107-5-300x217.jpg 300w, https:\/\/rotary.zamosc.pl\/wp-content\/uploads\/2019\/10\/25-lecie-RC-Zamo\u015b\u0107-5-768x556.jpg 768w, https:\/\/rotary.zamosc.pl\/wp-content\/uploads\/2019\/10\/25-lecie-RC-Zamo\u015b\u0107-5-800x579.jpg 800w, https:\/\/rotary.zamosc.pl\/wp-content\/uploads\/2019\/10\/25-lecie-RC-Zamo\u015b\u0107-5.jpg 1098w\" sizes=\"(max-width: 700px) 100vw, 700px\" \/><\/figure>\n\n\n\n<figure class=\"wp-block-image size-large\"><img loading=\"lazy\" decoding=\"async\" width=\"700\" height=\"507\" data-id=\"1128\" src=\"https:\/\/rotary.zamosc.pl\/wp-content\/uploads\/2019\/10\/25-lecie-RC-Zamo\u015b\u0107-4-700x507.jpg\" alt=\"\" class=\"wp-image-1128\" srcset=\"https:\/\/rotary.zamosc.pl\/wp-content\/uploads\/2019\/10\/25-lecie-RC-Zamo\u015b\u0107-4-700x507.jpg 700w, https:\/\/rotary.zamosc.pl\/wp-content\/uploads\/2019\/10\/25-lecie-RC-Zamo\u015b\u0107-4-300x217.jpg 300w, https:\/\/rotary.zamosc.pl\/wp-content\/uploads\/2019\/10\/25-lecie-RC-Zamo\u015b\u0107-4-768x556.jpg 768w, https:\/\/rotary.zamosc.pl\/wp-content\/uploads\/2019\/10\/25-lecie-RC-Zamo\u015b\u0107-4-800x579.jpg 800w, https:\/\/rotary.zamosc.pl\/wp-content\/uploads\/2019\/10\/25-lecie-RC-Zamo\u015b\u0107-4.jpg 1098w\" sizes=\"(max-width: 700px) 100vw, 700px\" \/><\/figure>\n\n\n\n<figure class=\"wp-block-image size-large\"><img loading=\"lazy\" decoding=\"async\" width=\"700\" height=\"507\" data-id=\"1127\" src=\"https:\/\/rotary.zamosc.pl\/wp-content\/uploads\/2019\/10\/25-lecie-RC-Zamo\u015b\u0107-3-700x507.jpg\" alt=\"\" class=\"wp-image-1127\" srcset=\"https:\/\/rotary.zamosc.pl\/wp-content\/uploads\/2019\/10\/25-lecie-RC-Zamo\u015b\u0107-3-700x507.jpg 700w, https:\/\/rotary.zamosc.pl\/wp-content\/uploads\/2019\/10\/25-lecie-RC-Zamo\u015b\u0107-3-300x217.jpg 300w, https:\/\/rotary.zamosc.pl\/wp-content\/uploads\/2019\/10\/25-lecie-RC-Zamo\u015b\u0107-3-768x556.jpg 768w, https:\/\/rotary.zamosc.pl\/wp-content\/uploads\/2019\/10\/25-lecie-RC-Zamo\u015b\u0107-3-800x579.jpg 800w, https:\/\/rotary.zamosc.pl\/wp-content\/uploads\/2019\/10\/25-lecie-RC-Zamo\u015b\u0107-3.jpg 1098w\" sizes=\"(max-width: 700px) 100vw, 700px\" \/><\/figure>\n\n\n\n<figure class=\"wp-block-image size-large\"><img loading=\"lazy\" decoding=\"async\" width=\"700\" height=\"507\" data-id=\"1126\" src=\"https:\/\/rotary.zamosc.pl\/wp-content\/uploads\/2019\/10\/25-lecie-RC-Zamo\u015b\u0107-2-700x507.jpg\" alt=\"\" class=\"wp-image-1126\" srcset=\"https:\/\/rotary.zamosc.pl\/wp-content\/uploads\/2019\/10\/25-lecie-RC-Zamo\u015b\u0107-2-700x507.jpg 700w, https:\/\/rotary.zamosc.pl\/wp-content\/uploads\/2019\/10\/25-lecie-RC-Zamo\u015b\u0107-2-300x217.jpg 300w, https:\/\/rotary.zamosc.pl\/wp-content\/uploads\/2019\/10\/25-lecie-RC-Zamo\u015b\u0107-2-768x556.jpg 768w, https:\/\/rotary.zamosc.pl\/wp-content\/uploads\/2019\/10\/25-lecie-RC-Zamo\u015b\u0107-2-800x579.jpg 800w, https:\/\/rotary.zamosc.pl\/wp-content\/uploads\/2019\/10\/25-lecie-RC-Zamo\u015b\u0107-2.jpg 1098w\" sizes=\"(max-width: 700px) 100vw, 700px\" \/><\/figure>\n\n\n\n<figure class=\"wp-block-image size-large\"><img loading=\"lazy\" decoding=\"async\" width=\"700\" height=\"507\" data-id=\"1125\" src=\"https:\/\/rotary.zamosc.pl\/wp-content\/uploads\/2019\/10\/25-lecie-RC-Zamo\u015b\u0107-1-700x507.jpg\" alt=\"\" class=\"wp-image-1125\" srcset=\"https:\/\/rotary.zamosc.pl\/wp-content\/uploads\/2019\/10\/25-lecie-RC-Zamo\u015b\u0107-1-700x507.jpg 700w, https:\/\/rotary.zamosc.pl\/wp-content\/uploads\/2019\/10\/25-lecie-RC-Zamo\u015b\u0107-1-300x217.jpg 300w, https:\/\/rotary.zamosc.pl\/wp-content\/uploads\/2019\/10\/25-lecie-RC-Zamo\u015b\u0107-1-768x556.jpg 768w, https:\/\/rotary.zamosc.pl\/wp-content\/uploads\/2019\/10\/25-lecie-RC-Zamo\u015b\u0107-1-800x579.jpg 800w, https:\/\/rotary.zamosc.pl\/wp-content\/uploads\/2019\/10\/25-lecie-RC-Zamo\u015b\u0107-1.jpg 1098w\" sizes=\"(max-width: 700px) 100vw, 700px\" \/><\/figure>\n<\/figure>\n","protected":false},"excerpt":{"rendered":"<p>&nbsp; 05 pa\u017adziernika d\u017awi\u0119k dzwonu i hymn Rotary w Sali Consulatus zamojskiego Ratusza zainaugurowa\u0142y obchody jubileuszu 25 lecia RC Zamo\u015b\u0107. &nbsp;&nbsp;&nbsp;&nbsp;&nbsp;&nbsp;&nbsp;&nbsp;&nbsp;&nbsp;&nbsp; W\u015br\u00f3d znakomitych Go\u015bci znale\u017ali si\u0119: Gubernator D 2231 Pani Ma\u0142gorzata Wojtas, Prezydent Miasta Zamo\u015bcia Pan Andrzej Wnuk, W\u00f3jt Gminy Zamo\u015b\u0107 Pan Ryszard Gliwi\u0144ski, PDG Leszek Alojzy Gzella i GienadijKrojczyk, delegacje Klub\u00f3w \u2013 RC Bia\u0142a&#8230;<\/p>\n","protected":false},"author":1,"featured_media":1199,"comment_status":"open","ping_status":"open","sticky":false,"template":"","format":"standard","meta":{"footnotes":""},"categories":[23],"tags":[],"class_list":["post-6774","post","type-post","status-publish","format-standard","has-post-thumbnail","hentry","category-23"],"rttpg_featured_image_url":{"full":["https:\/\/rotary.zamosc.pl\/wp-content\/uploads\/2019\/10\/25-lecie-RC-Zamo\u015b\u0107-75.jpg",1098,795,false],"landscape":["https:\/\/rotary.zamosc.pl\/wp-content\/uploads\/2019\/10\/25-lecie-RC-Zamo\u015b\u0107-75.jpg",1098,795,false],"portraits":["https:\/\/rotary.zamosc.pl\/wp-content\/uploads\/2019\/10\/25-lecie-RC-Zamo\u015b\u0107-75.jpg",1098,795,false],"thumbnail":["https:\/\/rotary.zamosc.pl\/wp-content\/uploads\/2019\/10\/25-lecie-RC-Zamo\u015b\u0107-75-150x150.jpg",150,150,true],"medium":["https:\/\/rotary.zamosc.pl\/wp-content\/uploads\/2019\/10\/25-lecie-RC-Zamo\u015b\u0107-75-300x217.jpg",300,217,true],"large":["https:\/\/rotary.zamosc.pl\/wp-content\/uploads\/2019\/10\/25-lecie-RC-Zamo\u015b\u0107-75-700x507.jpg",700,507,true],"1536x1536":["https:\/\/rotary.zamosc.pl\/wp-content\/uploads\/2019\/10\/25-lecie-RC-Zamo\u015b\u0107-75.jpg",1098,795,false],"2048x2048":["https:\/\/rotary.zamosc.pl\/wp-content\/uploads\/2019\/10\/25-lecie-RC-Zamo\u015b\u0107-75.jpg",1098,795,false],"post-thumbnail":["https:\/\/rotary.zamosc.pl\/wp-content\/uploads\/2019\/10\/25-lecie-RC-Zamo\u015b\u0107-75-800x579.jpg",800,579,true],"graphy-post-thumbnail-large":["https:\/\/rotary.zamosc.pl\/wp-content\/uploads\/2019\/10\/25-lecie-RC-Zamo\u015b\u0107-75-1080x600.jpg",1080,600,true],"graphy-post-thumbnail-medium":["https:\/\/rotary.zamosc.pl\/wp-content\/uploads\/2019\/10\/25-lecie-RC-Zamo\u015b\u0107-75-482x300.jpg",482,300,true],"graphy-post-thumbnail-small":["https:\/\/rotary.zamosc.pl\/wp-content\/uploads\/2019\/10\/25-lecie-RC-Zamo\u015b\u0107-75-80x60.jpg",80,60,true],"graphy-page-thumbnail":["https:\/\/rotary.zamosc.pl\/wp-content\/uploads\/2019\/10\/25-lecie-RC-Zamo\u015b\u0107-75-1098x350.jpg",1098,350,true],"sow-carousel-default":["https:\/\/rotary.zamosc.pl\/wp-content\/uploads\/2019\/10\/25-lecie-RC-Zamo\u015b\u0107-75-272x182.jpg",272,182,true]},"rttpg_author":{"display_name":"rotaryzamosc","author_link":"https:\/\/rotary.zamosc.pl\/index.php\/author\/rotaryzamosc\/"},"rttpg_comment":0,"rttpg_category":"<a href=\"https:\/\/rotary.zamosc.pl\/index.php\/category\/2019\/\" rel=\"category tag\">2019<\/a>","rttpg_excerpt":"&nbsp; 05 pa\u017adziernika d\u017awi\u0119k dzwonu i hymn Rotary w Sali Consulatus zamojskiego Ratusza zainaugurowa\u0142y obchody jubileuszu 25 lecia RC Zamo\u015b\u0107. &nbsp;&nbsp;&nbsp;&nbsp;&nbsp;&nbsp;&nbsp;&nbsp;&nbsp;&nbsp;&nbsp; W\u015br\u00f3d znakomitych Go\u015bci znale\u017ali si\u0119: Gubernator D 2231 Pani Ma\u0142gorzata Wojtas, Prezydent Miasta Zamo\u015bcia Pan Andrzej Wnuk, W\u00f3jt Gminy Zamo\u015b\u0107 Pan Ryszard Gliwi\u0144ski, PDG Leszek Alojzy Gzella i GienadijKrojczyk, delegacje Klub\u00f3w \u2013 RC Bia\u0142a...","_links":{"self":[{"href":"https:\/\/rotary.zamosc.pl\/index.php\/wp-json\/wp\/v2\/posts\/6774","targetHints":{"allow":["GET"]}}],"collection":[{"href":"https:\/\/rotary.zamosc.pl\/index.php\/wp-json\/wp\/v2\/posts"}],"about":[{"href":"https:\/\/rotary.zamosc.pl\/index.php\/wp-json\/wp\/v2\/types\/post"}],"author":[{"embeddable":true,"href":"https:\/\/rotary.zamosc.pl\/index.php\/wp-json\/wp\/v2\/users\/1"}],"replies":[{"embeddable":true,"href":"https:\/\/rotary.zamosc.pl\/index.php\/wp-json\/wp\/v2\/comments?post=6774"}],"version-history":[{"count":1,"href":"https:\/\/rotary.zamosc.pl\/index.php\/wp-json\/wp\/v2\/posts\/6774\/revisions"}],"predecessor-version":[{"id":6775,"href":"https:\/\/rotary.zamosc.pl\/index.php\/wp-json\/wp\/v2\/posts\/6774\/revisions\/6775"}],"wp:featuredmedia":[{"embeddable":true,"href":"https:\/\/rotary.zamosc.pl\/index.php\/wp-json\/wp\/v2\/media\/1199"}],"wp:attachment":[{"href":"https:\/\/rotary.zamosc.pl\/index.php\/wp-json\/wp\/v2\/media?parent=6774"}],"wp:term":[{"taxonomy":"category","embeddable":true,"href":"https:\/\/rotary.zamosc.pl\/index.php\/wp-json\/wp\/v2\/categories?post=6774"},{"taxonomy":"post_tag","embeddable":true,"href":"https:\/\/rotary.zamosc.pl\/index.php\/wp-json\/wp\/v2\/tags?post=6774"}],"curies":[{"name":"wp","href":"https:\/\/api.w.org\/{rel}","templated":true}]}}