{"id":6780,"date":"2019-06-19T11:32:00","date_gmt":"2019-06-19T09:32:00","guid":{"rendered":"https:\/\/rotary.zamosc.pl\/?p=6780"},"modified":"2026-03-20T11:34:37","modified_gmt":"2026-03-20T10:34:37","slug":"uroczyste-wreczenie-stypendium-im-jana-bulewicza","status":"publish","type":"post","link":"https:\/\/rotary.zamosc.pl\/index.php\/2019\/06\/19\/uroczyste-wreczenie-stypendium-im-jana-bulewicza\/","title":{"rendered":"Uroczyste wr\u0119czenie stypendium im. Jana Bulewicza"},"content":{"rendered":"\n<p class=\"wp-block-paragraph\">19 czerwca 2019 roku, w auli szkolnej Liceum Plastycznego, pani dyrektor Marzena Tadeusz powita\u0142a go\u015bci, kt\u00f3rzy zaszczycili nas swoj\u0105 obecno\u015bci\u0105, a w\u015br\u00f3d nich: prezydenta miasta Zamo\u015b\u0107, pana Andrzeja Wnuka, pani\u0105 Joann\u0119 Bulewicz pomys\u0142odawczyni\u0119 stypendium im. Jana Bulewicza, przedstawicieli Zamojskiego Klubu Rotary dzi\u0119ki, kt\u00f3remu to stypendium jest przyznawane:&nbsp; pani\u0105 El\u017cbiet\u0119 Szyma\u0144sk\u0105, pana prezydenta Ryszarda Antosa, pana Adama Budzy\u0144skiego, go\u015bci zaproszonych przez pani\u0105 Joann\u0119 Bulewicz oraz nauczycieli i uczni\u00f3w naszej szko\u0142y.<\/p>\n\n\n\n<p class=\"wp-block-paragraph\">W czasie uroczysto\u015bci pani dyrektor Marzena Tadeusz wr\u0119czy\u0142a uczniom \u015bwiadectwa z wyr\u00f3\u017cnieniem, nagrody za zaj\u0119cie pierwszych miejsc w konkursach szkolnych, dyplomy za zaanga\u017cowanie w prac\u0119 na rzecz szko\u0142y. Wr\u0119czone zosta\u0142y tak\u017ce upominki dla m\u0142odzie\u017cy dzia\u0142aj\u0105cej w Szkolnym Klubie Wolontariatu prowadzonym przez pedagoga szkolnego pani\u0105 Katarzyn\u0119 Manachiewicz.<\/p>\n\n\n\n<p class=\"wp-block-paragraph\">W tym roku stypendium im. Jana Bulewicza, otrzyma\u0142 ucze\u0144 klasy 3a Krzysztof Babiej. Pragniemy przypomnie\u0107, \u017ce jest to stypendium przyznawane od czterech lat uczniom wybitnie uzdolnionym w dziedzinie rze\u017aby. Pani dyrektor po raz kolejny serdecznie podzi\u0119kowa\u0142a Zamojskiemu Klubowi Rotary za wsp\u00f3\u0142prac\u0119 i wspieranie m\u0142odych talent\u00f3w naszej szko\u0142y.<\/p>\n\n\n\n<p class=\"wp-block-paragraph\">W trakcie spotkania pani dyrektor z\u0142o\u017cy\u0142a podzi\u0119kowania pani Danucie Gudebskiej dzi\u0119ki, kt\u00f3rej wzbogacony zosta\u0142 szkolny ksi\u0119gozbi\u00f3r. Pani Danuta Gudebska przekaza\u0142a szkole bogat\u0105 kolekcj\u0119 album\u00f3w i ksi\u0105\u017cek z dziedziny historii sztuki. Naszemu darczy\u0144cy serdecznie dzi\u0119kujemy w imieniu ca\u0142ej spo\u0142eczno\u015b\u0107i naszego liceum.<\/p>\n\n\n\n<p class=\"wp-block-paragraph\">\u017br\u00f3d\u0142o: www.lpzamosc.pl<\/p>\n\n\n\n<figure class=\"wp-block-gallery has-nested-images columns-1 is-cropped wp-block-gallery-1 is-layout-flex wp-block-gallery-is-layout-flex\">\n<figure class=\"wp-block-image size-large\"><img fetchpriority=\"high\" decoding=\"async\" width=\"700\" height=\"467\" data-id=\"988\" src=\"https:\/\/rotary.zamosc.pl\/wp-content\/uploads\/2019\/05\/DSC_2963-700x467.jpg\" alt=\"\" class=\"wp-image-988\" srcset=\"https:\/\/rotary.zamosc.pl\/wp-content\/uploads\/2019\/05\/DSC_2963-700x467.jpg 700w, https:\/\/rotary.zamosc.pl\/wp-content\/uploads\/2019\/05\/DSC_2963-300x200.jpg 300w, https:\/\/rotary.zamosc.pl\/wp-content\/uploads\/2019\/05\/DSC_2963-768x513.jpg 768w, https:\/\/rotary.zamosc.pl\/wp-content\/uploads\/2019\/05\/DSC_2963-800x534.jpg 800w, https:\/\/rotary.zamosc.pl\/wp-content\/uploads\/2019\/05\/DSC_2963.jpg 900w, https:\/\/rotary.zamosc.pl\/wp-content\/uploads\/2019\/05\/DSC_2963-272x182.jpg 272w\" sizes=\"(max-width: 700px) 100vw, 700px\" \/><\/figure>\n\n\n\n<figure class=\"wp-block-image size-large\"><img decoding=\"async\" width=\"700\" height=\"467\" data-id=\"987\" src=\"https:\/\/rotary.zamosc.pl\/wp-content\/uploads\/2019\/05\/DSC_2949-700x467.jpg\" alt=\"\" class=\"wp-image-987\" srcset=\"https:\/\/rotary.zamosc.pl\/wp-content\/uploads\/2019\/05\/DSC_2949-700x467.jpg 700w, https:\/\/rotary.zamosc.pl\/wp-content\/uploads\/2019\/05\/DSC_2949-300x200.jpg 300w, https:\/\/rotary.zamosc.pl\/wp-content\/uploads\/2019\/05\/DSC_2949-768x513.jpg 768w, https:\/\/rotary.zamosc.pl\/wp-content\/uploads\/2019\/05\/DSC_2949-800x534.jpg 800w, https:\/\/rotary.zamosc.pl\/wp-content\/uploads\/2019\/05\/DSC_2949.jpg 900w, https:\/\/rotary.zamosc.pl\/wp-content\/uploads\/2019\/05\/DSC_2949-272x182.jpg 272w\" sizes=\"(max-width: 700px) 100vw, 700px\" \/><\/figure>\n\n\n\n<figure class=\"wp-block-image size-large\"><img decoding=\"async\" width=\"700\" height=\"467\" data-id=\"986\" src=\"https:\/\/rotary.zamosc.pl\/wp-content\/uploads\/2019\/05\/DSC_2945-700x467.jpg\" alt=\"\" class=\"wp-image-986\" srcset=\"https:\/\/rotary.zamosc.pl\/wp-content\/uploads\/2019\/05\/DSC_2945-700x467.jpg 700w, https:\/\/rotary.zamosc.pl\/wp-content\/uploads\/2019\/05\/DSC_2945-300x200.jpg 300w, https:\/\/rotary.zamosc.pl\/wp-content\/uploads\/2019\/05\/DSC_2945-768x513.jpg 768w, https:\/\/rotary.zamosc.pl\/wp-content\/uploads\/2019\/05\/DSC_2945-800x534.jpg 800w, https:\/\/rotary.zamosc.pl\/wp-content\/uploads\/2019\/05\/DSC_2945.jpg 900w, https:\/\/rotary.zamosc.pl\/wp-content\/uploads\/2019\/05\/DSC_2945-272x182.jpg 272w\" sizes=\"(max-width: 700px) 100vw, 700px\" \/><\/figure>\n<\/figure>\n","protected":false},"excerpt":{"rendered":"<p>19 czerwca 2019 roku, w auli szkolnej Liceum Plastycznego, pani dyrektor Marzena Tadeusz powita\u0142a go\u015bci, kt\u00f3rzy zaszczycili nas swoj\u0105 obecno\u015bci\u0105, a w\u015br\u00f3d nich: prezydenta miasta Zamo\u015b\u0107, pana Andrzeja Wnuka, pani\u0105 Joann\u0119 Bulewicz pomys\u0142odawczyni\u0119 stypendium im. Jana Bulewicza, przedstawicieli Zamojskiego Klubu Rotary dzi\u0119ki, kt\u00f3remu to stypendium jest przyznawane:&nbsp; pani\u0105 El\u017cbiet\u0119 Szyma\u0144sk\u0105, pana prezydenta Ryszarda Antosa, pana&#8230;<\/p>\n","protected":false},"author":1,"featured_media":989,"comment_status":"open","ping_status":"open","sticky":false,"template":"","format":"standard","meta":{"footnotes":""},"categories":[23,17],"tags":[],"class_list":["post-6780","post","type-post","status-publish","format-standard","has-post-thumbnail","hentry","category-23","category-stypendia"],"rttpg_featured_image_url":{"full":["https:\/\/rotary.zamosc.pl\/wp-content\/uploads\/2019\/05\/DSC_3034.jpg",900,601,false],"landscape":["https:\/\/rotary.zamosc.pl\/wp-content\/uploads\/2019\/05\/DSC_3034.jpg",900,601,false],"portraits":["https:\/\/rotary.zamosc.pl\/wp-content\/uploads\/2019\/05\/DSC_3034.jpg",900,601,false],"thumbnail":["https:\/\/rotary.zamosc.pl\/wp-content\/uploads\/2019\/05\/DSC_3034-150x150.jpg",150,150,true],"medium":["https:\/\/rotary.zamosc.pl\/wp-content\/uploads\/2019\/05\/DSC_3034-300x200.jpg",300,200,true],"large":["https:\/\/rotary.zamosc.pl\/wp-content\/uploads\/2019\/05\/DSC_3034-700x467.jpg",700,467,true],"1536x1536":["https:\/\/rotary.zamosc.pl\/wp-content\/uploads\/2019\/05\/DSC_3034.jpg",900,601,false],"2048x2048":["https:\/\/rotary.zamosc.pl\/wp-content\/uploads\/2019\/05\/DSC_3034.jpg",900,601,false],"post-thumbnail":["https:\/\/rotary.zamosc.pl\/wp-content\/uploads\/2019\/05\/DSC_3034-800x534.jpg",800,534,true],"graphy-post-thumbnail-large":["https:\/\/rotary.zamosc.pl\/wp-content\/uploads\/2019\/05\/DSC_3034-900x600.jpg",900,600,true],"graphy-post-thumbnail-medium":["https:\/\/rotary.zamosc.pl\/wp-content\/uploads\/2019\/05\/DSC_3034-482x300.jpg",482,300,true],"graphy-post-thumbnail-small":["https:\/\/rotary.zamosc.pl\/wp-content\/uploads\/2019\/05\/DSC_3034-80x60.jpg",80,60,true],"graphy-page-thumbnail":["https:\/\/rotary.zamosc.pl\/wp-content\/uploads\/2019\/05\/DSC_3034-900x350.jpg",900,350,true],"sow-carousel-default":["https:\/\/rotary.zamosc.pl\/wp-content\/uploads\/2019\/05\/DSC_3034-272x182.jpg",272,182,true]},"rttpg_author":{"display_name":"rotaryzamosc","author_link":"https:\/\/rotary.zamosc.pl\/index.php\/author\/rotaryzamosc\/"},"rttpg_comment":0,"rttpg_category":"<a href=\"https:\/\/rotary.zamosc.pl\/index.php\/category\/2019\/\" rel=\"category tag\">2019<\/a> <a href=\"https:\/\/rotary.zamosc.pl\/index.php\/category\/stypendia\/\" rel=\"category tag\">Stypendia<\/a>","rttpg_excerpt":"19 czerwca 2019 roku, w auli szkolnej Liceum Plastycznego, pani dyrektor Marzena Tadeusz powita\u0142a go\u015bci, kt\u00f3rzy zaszczycili nas swoj\u0105 obecno\u015bci\u0105, a w\u015br\u00f3d nich: prezydenta miasta Zamo\u015b\u0107, pana Andrzeja Wnuka, pani\u0105 Joann\u0119 Bulewicz pomys\u0142odawczyni\u0119 stypendium im. Jana Bulewicza, przedstawicieli Zamojskiego Klubu Rotary dzi\u0119ki, kt\u00f3remu to stypendium jest przyznawane:&nbsp; pani\u0105 El\u017cbiet\u0119 Szyma\u0144sk\u0105, pana prezydenta Ryszarda Antosa, pana...","_links":{"self":[{"href":"https:\/\/rotary.zamosc.pl\/index.php\/wp-json\/wp\/v2\/posts\/6780","targetHints":{"allow":["GET"]}}],"collection":[{"href":"https:\/\/rotary.zamosc.pl\/index.php\/wp-json\/wp\/v2\/posts"}],"about":[{"href":"https:\/\/rotary.zamosc.pl\/index.php\/wp-json\/wp\/v2\/types\/post"}],"author":[{"embeddable":true,"href":"https:\/\/rotary.zamosc.pl\/index.php\/wp-json\/wp\/v2\/users\/1"}],"replies":[{"embeddable":true,"href":"https:\/\/rotary.zamosc.pl\/index.php\/wp-json\/wp\/v2\/comments?post=6780"}],"version-history":[{"count":1,"href":"https:\/\/rotary.zamosc.pl\/index.php\/wp-json\/wp\/v2\/posts\/6780\/revisions"}],"predecessor-version":[{"id":6781,"href":"https:\/\/rotary.zamosc.pl\/index.php\/wp-json\/wp\/v2\/posts\/6780\/revisions\/6781"}],"wp:featuredmedia":[{"embeddable":true,"href":"https:\/\/rotary.zamosc.pl\/index.php\/wp-json\/wp\/v2\/media\/989"}],"wp:attachment":[{"href":"https:\/\/rotary.zamosc.pl\/index.php\/wp-json\/wp\/v2\/media?parent=6780"}],"wp:term":[{"taxonomy":"category","embeddable":true,"href":"https:\/\/rotary.zamosc.pl\/index.php\/wp-json\/wp\/v2\/categories?post=6780"},{"taxonomy":"post_tag","embeddable":true,"href":"https:\/\/rotary.zamosc.pl\/index.php\/wp-json\/wp\/v2\/tags?post=6780"}],"curies":[{"name":"wp","href":"https:\/\/api.w.org\/{rel}","templated":true}]}}