{"id":6782,"date":"2019-06-18T11:34:00","date_gmt":"2019-06-18T09:34:00","guid":{"rendered":"https:\/\/rotary.zamosc.pl\/?p=6782"},"modified":"2026-03-20T11:36:21","modified_gmt":"2026-03-20T10:36:21","slug":"18-06-2019-r-uroczystosc-przekazania-sluzby","status":"publish","type":"post","link":"https:\/\/rotary.zamosc.pl\/index.php\/2019\/06\/18\/18-06-2019-r-uroczystosc-przekazania-sluzby\/","title":{"rendered":"18.06.2019 r. \u2013 Uroczysto\u015b\u0107 przekazania s\u0142u\u017cby"},"content":{"rendered":"\n<figure class=\"wp-block-gallery has-nested-images columns-1 is-cropped wp-block-gallery-1 is-layout-flex wp-block-gallery-is-layout-flex\">\n<figure class=\"wp-block-image size-large\"><img fetchpriority=\"high\" decoding=\"async\" width=\"700\" height=\"525\" data-id=\"952\" src=\"https:\/\/rotary.zamosc.pl\/wp-content\/uploads\/2019\/05\/18.06.2019-r.-Uroczysto\u015b\u0107-przekazania-s\u0142u\u017cby-12-700x525.jpeg\" alt=\"\" class=\"wp-image-952\" srcset=\"https:\/\/rotary.zamosc.pl\/wp-content\/uploads\/2019\/05\/18.06.2019-r.-Uroczysto\u015b\u0107-przekazania-s\u0142u\u017cby-12-700x525.jpeg 700w, https:\/\/rotary.zamosc.pl\/wp-content\/uploads\/2019\/05\/18.06.2019-r.-Uroczysto\u015b\u0107-przekazania-s\u0142u\u017cby-12-300x225.jpeg 300w, https:\/\/rotary.zamosc.pl\/wp-content\/uploads\/2019\/05\/18.06.2019-r.-Uroczysto\u015b\u0107-przekazania-s\u0142u\u017cby-12-768x576.jpeg 768w, https:\/\/rotary.zamosc.pl\/wp-content\/uploads\/2019\/05\/18.06.2019-r.-Uroczysto\u015b\u0107-przekazania-s\u0142u\u017cby-12-800x600.jpeg 800w, https:\/\/rotary.zamosc.pl\/wp-content\/uploads\/2019\/05\/18.06.2019-r.-Uroczysto\u015b\u0107-przekazania-s\u0142u\u017cby-12-80x60.jpeg 80w, https:\/\/rotary.zamosc.pl\/wp-content\/uploads\/2019\/05\/18.06.2019-r.-Uroczysto\u015b\u0107-przekazania-s\u0142u\u017cby-12.jpeg 1920w\" sizes=\"(max-width: 700px) 100vw, 700px\" \/><\/figure>\n\n\n\n<figure class=\"wp-block-image size-large\"><img decoding=\"async\" width=\"700\" height=\"933\" data-id=\"951\" src=\"https:\/\/rotary.zamosc.pl\/wp-content\/uploads\/2019\/05\/18.06.2019-r.-Uroczysto\u015b\u0107-przekazania-s\u0142u\u017cby-11-700x933.jpeg\" alt=\"\" class=\"wp-image-951\" srcset=\"https:\/\/rotary.zamosc.pl\/wp-content\/uploads\/2019\/05\/18.06.2019-r.-Uroczysto\u015b\u0107-przekazania-s\u0142u\u017cby-11-700x933.jpeg 700w, https:\/\/rotary.zamosc.pl\/wp-content\/uploads\/2019\/05\/18.06.2019-r.-Uroczysto\u015b\u0107-przekazania-s\u0142u\u017cby-11-225x300.jpeg 225w, https:\/\/rotary.zamosc.pl\/wp-content\/uploads\/2019\/05\/18.06.2019-r.-Uroczysto\u015b\u0107-przekazania-s\u0142u\u017cby-11-768x1024.jpeg 768w, https:\/\/rotary.zamosc.pl\/wp-content\/uploads\/2019\/05\/18.06.2019-r.-Uroczysto\u015b\u0107-przekazania-s\u0142u\u017cby-11-800x1067.jpeg 800w, https:\/\/rotary.zamosc.pl\/wp-content\/uploads\/2019\/05\/18.06.2019-r.-Uroczysto\u015b\u0107-przekazania-s\u0142u\u017cby-11.jpeg 1368w\" sizes=\"(max-width: 700px) 100vw, 700px\" \/><\/figure>\n\n\n\n<figure class=\"wp-block-image size-large\"><img decoding=\"async\" width=\"700\" height=\"525\" data-id=\"950\" src=\"https:\/\/rotary.zamosc.pl\/wp-content\/uploads\/2019\/05\/18.06.2019-r.-Uroczysto\u015b\u0107-przekazania-s\u0142u\u017cby-10-700x525.jpeg\" alt=\"\" class=\"wp-image-950\" srcset=\"https:\/\/rotary.zamosc.pl\/wp-content\/uploads\/2019\/05\/18.06.2019-r.-Uroczysto\u015b\u0107-przekazania-s\u0142u\u017cby-10-700x525.jpeg 700w, https:\/\/rotary.zamosc.pl\/wp-content\/uploads\/2019\/05\/18.06.2019-r.-Uroczysto\u015b\u0107-przekazania-s\u0142u\u017cby-10-300x225.jpeg 300w, https:\/\/rotary.zamosc.pl\/wp-content\/uploads\/2019\/05\/18.06.2019-r.-Uroczysto\u015b\u0107-przekazania-s\u0142u\u017cby-10-768x576.jpeg 768w, https:\/\/rotary.zamosc.pl\/wp-content\/uploads\/2019\/05\/18.06.2019-r.-Uroczysto\u015b\u0107-przekazania-s\u0142u\u017cby-10-800x600.jpeg 800w, https:\/\/rotary.zamosc.pl\/wp-content\/uploads\/2019\/05\/18.06.2019-r.-Uroczysto\u015b\u0107-przekazania-s\u0142u\u017cby-10-80x60.jpeg 80w, https:\/\/rotary.zamosc.pl\/wp-content\/uploads\/2019\/05\/18.06.2019-r.-Uroczysto\u015b\u0107-przekazania-s\u0142u\u017cby-10.jpeg 1920w\" sizes=\"(max-width: 700px) 100vw, 700px\" \/><\/figure>\n\n\n\n<figure class=\"wp-block-image size-large\"><img loading=\"lazy\" decoding=\"async\" width=\"700\" height=\"525\" data-id=\"949\" src=\"https:\/\/rotary.zamosc.pl\/wp-content\/uploads\/2019\/05\/18.06.2019-r.-Uroczysto\u015b\u0107-przekazania-s\u0142u\u017cby-9-700x525.jpeg\" alt=\"\" class=\"wp-image-949\" srcset=\"https:\/\/rotary.zamosc.pl\/wp-content\/uploads\/2019\/05\/18.06.2019-r.-Uroczysto\u015b\u0107-przekazania-s\u0142u\u017cby-9-700x525.jpeg 700w, https:\/\/rotary.zamosc.pl\/wp-content\/uploads\/2019\/05\/18.06.2019-r.-Uroczysto\u015b\u0107-przekazania-s\u0142u\u017cby-9-300x225.jpeg 300w, https:\/\/rotary.zamosc.pl\/wp-content\/uploads\/2019\/05\/18.06.2019-r.-Uroczysto\u015b\u0107-przekazania-s\u0142u\u017cby-9-768x576.jpeg 768w, https:\/\/rotary.zamosc.pl\/wp-content\/uploads\/2019\/05\/18.06.2019-r.-Uroczysto\u015b\u0107-przekazania-s\u0142u\u017cby-9-800x600.jpeg 800w, https:\/\/rotary.zamosc.pl\/wp-content\/uploads\/2019\/05\/18.06.2019-r.-Uroczysto\u015b\u0107-przekazania-s\u0142u\u017cby-9-80x60.jpeg 80w, https:\/\/rotary.zamosc.pl\/wp-content\/uploads\/2019\/05\/18.06.2019-r.-Uroczysto\u015b\u0107-przekazania-s\u0142u\u017cby-9.jpeg 1920w\" sizes=\"(max-width: 700px) 100vw, 700px\" \/><\/figure>\n\n\n\n<figure class=\"wp-block-image size-large\"><img loading=\"lazy\" decoding=\"async\" width=\"700\" height=\"933\" data-id=\"947\" src=\"https:\/\/rotary.zamosc.pl\/wp-content\/uploads\/2019\/05\/18.06.2019-r.-Uroczysto\u015b\u0107-przekazania-s\u0142u\u017cby-7-700x933.jpeg\" alt=\"\" class=\"wp-image-947\" srcset=\"https:\/\/rotary.zamosc.pl\/wp-content\/uploads\/2019\/05\/18.06.2019-r.-Uroczysto\u015b\u0107-przekazania-s\u0142u\u017cby-7-700x933.jpeg 700w, https:\/\/rotary.zamosc.pl\/wp-content\/uploads\/2019\/05\/18.06.2019-r.-Uroczysto\u015b\u0107-przekazania-s\u0142u\u017cby-7-225x300.jpeg 225w, https:\/\/rotary.zamosc.pl\/wp-content\/uploads\/2019\/05\/18.06.2019-r.-Uroczysto\u015b\u0107-przekazania-s\u0142u\u017cby-7-768x1024.jpeg 768w, https:\/\/rotary.zamosc.pl\/wp-content\/uploads\/2019\/05\/18.06.2019-r.-Uroczysto\u015b\u0107-przekazania-s\u0142u\u017cby-7-800x1067.jpeg 800w, https:\/\/rotary.zamosc.pl\/wp-content\/uploads\/2019\/05\/18.06.2019-r.-Uroczysto\u015b\u0107-przekazania-s\u0142u\u017cby-7.jpeg 1368w\" sizes=\"(max-width: 700px) 100vw, 700px\" \/><\/figure>\n\n\n\n<figure class=\"wp-block-image size-large\"><img loading=\"lazy\" decoding=\"async\" width=\"700\" height=\"525\" data-id=\"946\" src=\"https:\/\/rotary.zamosc.pl\/wp-content\/uploads\/2019\/05\/18.06.2019-r.-Uroczysto\u015b\u0107-przekazania-s\u0142u\u017cby-6-700x525.jpeg\" alt=\"\" class=\"wp-image-946\" srcset=\"https:\/\/rotary.zamosc.pl\/wp-content\/uploads\/2019\/05\/18.06.2019-r.-Uroczysto\u015b\u0107-przekazania-s\u0142u\u017cby-6-700x525.jpeg 700w, https:\/\/rotary.zamosc.pl\/wp-content\/uploads\/2019\/05\/18.06.2019-r.-Uroczysto\u015b\u0107-przekazania-s\u0142u\u017cby-6-300x225.jpeg 300w, https:\/\/rotary.zamosc.pl\/wp-content\/uploads\/2019\/05\/18.06.2019-r.-Uroczysto\u015b\u0107-przekazania-s\u0142u\u017cby-6-768x576.jpeg 768w, https:\/\/rotary.zamosc.pl\/wp-content\/uploads\/2019\/05\/18.06.2019-r.-Uroczysto\u015b\u0107-przekazania-s\u0142u\u017cby-6-800x600.jpeg 800w, https:\/\/rotary.zamosc.pl\/wp-content\/uploads\/2019\/05\/18.06.2019-r.-Uroczysto\u015b\u0107-przekazania-s\u0142u\u017cby-6-80x60.jpeg 80w, https:\/\/rotary.zamosc.pl\/wp-content\/uploads\/2019\/05\/18.06.2019-r.-Uroczysto\u015b\u0107-przekazania-s\u0142u\u017cby-6.jpeg 1824w\" sizes=\"(max-width: 700px) 100vw, 700px\" \/><\/figure>\n\n\n\n<figure class=\"wp-block-image size-large\"><img loading=\"lazy\" decoding=\"async\" width=\"700\" height=\"525\" data-id=\"945\" src=\"https:\/\/rotary.zamosc.pl\/wp-content\/uploads\/2019\/05\/18.06.2019-r.-Uroczysto\u015b\u0107-przekazania-s\u0142u\u017cby-5-700x525.jpeg\" alt=\"\" class=\"wp-image-945\" srcset=\"https:\/\/rotary.zamosc.pl\/wp-content\/uploads\/2019\/05\/18.06.2019-r.-Uroczysto\u015b\u0107-przekazania-s\u0142u\u017cby-5-700x525.jpeg 700w, https:\/\/rotary.zamosc.pl\/wp-content\/uploads\/2019\/05\/18.06.2019-r.-Uroczysto\u015b\u0107-przekazania-s\u0142u\u017cby-5-300x225.jpeg 300w, https:\/\/rotary.zamosc.pl\/wp-content\/uploads\/2019\/05\/18.06.2019-r.-Uroczysto\u015b\u0107-przekazania-s\u0142u\u017cby-5-768x576.jpeg 768w, https:\/\/rotary.zamosc.pl\/wp-content\/uploads\/2019\/05\/18.06.2019-r.-Uroczysto\u015b\u0107-przekazania-s\u0142u\u017cby-5-800x600.jpeg 800w, https:\/\/rotary.zamosc.pl\/wp-content\/uploads\/2019\/05\/18.06.2019-r.-Uroczysto\u015b\u0107-przekazania-s\u0142u\u017cby-5-80x60.jpeg 80w, https:\/\/rotary.zamosc.pl\/wp-content\/uploads\/2019\/05\/18.06.2019-r.-Uroczysto\u015b\u0107-przekazania-s\u0142u\u017cby-5.jpeg 1824w\" sizes=\"(max-width: 700px) 100vw, 700px\" \/><\/figure>\n\n\n\n<figure class=\"wp-block-image size-large\"><img loading=\"lazy\" decoding=\"async\" width=\"700\" height=\"525\" data-id=\"944\" src=\"https:\/\/rotary.zamosc.pl\/wp-content\/uploads\/2019\/05\/18.06.2019-r.-Uroczysto\u015b\u0107-przekazania-s\u0142u\u017cby-4-700x525.jpeg\" alt=\"\" class=\"wp-image-944\" srcset=\"https:\/\/rotary.zamosc.pl\/wp-content\/uploads\/2019\/05\/18.06.2019-r.-Uroczysto\u015b\u0107-przekazania-s\u0142u\u017cby-4-700x525.jpeg 700w, https:\/\/rotary.zamosc.pl\/wp-content\/uploads\/2019\/05\/18.06.2019-r.-Uroczysto\u015b\u0107-przekazania-s\u0142u\u017cby-4-300x225.jpeg 300w, https:\/\/rotary.zamosc.pl\/wp-content\/uploads\/2019\/05\/18.06.2019-r.-Uroczysto\u015b\u0107-przekazania-s\u0142u\u017cby-4-768x576.jpeg 768w, https:\/\/rotary.zamosc.pl\/wp-content\/uploads\/2019\/05\/18.06.2019-r.-Uroczysto\u015b\u0107-przekazania-s\u0142u\u017cby-4-800x600.jpeg 800w, https:\/\/rotary.zamosc.pl\/wp-content\/uploads\/2019\/05\/18.06.2019-r.-Uroczysto\u015b\u0107-przekazania-s\u0142u\u017cby-4-80x60.jpeg 80w, https:\/\/rotary.zamosc.pl\/wp-content\/uploads\/2019\/05\/18.06.2019-r.-Uroczysto\u015b\u0107-przekazania-s\u0142u\u017cby-4.jpeg 1824w\" sizes=\"(max-width: 700px) 100vw, 700px\" \/><\/figure>\n\n\n\n<figure class=\"wp-block-image size-large\"><img loading=\"lazy\" decoding=\"async\" width=\"700\" height=\"933\" data-id=\"941\" src=\"https:\/\/rotary.zamosc.pl\/wp-content\/uploads\/2019\/05\/18.06.2019-r.-Uroczysto\u015b\u0107-przekazania-s\u0142u\u017cby-1-700x933.jpeg\" alt=\"\" class=\"wp-image-941\" srcset=\"https:\/\/rotary.zamosc.pl\/wp-content\/uploads\/2019\/05\/18.06.2019-r.-Uroczysto\u015b\u0107-przekazania-s\u0142u\u017cby-1-700x933.jpeg 700w, https:\/\/rotary.zamosc.pl\/wp-content\/uploads\/2019\/05\/18.06.2019-r.-Uroczysto\u015b\u0107-przekazania-s\u0142u\u017cby-1-225x300.jpeg 225w, https:\/\/rotary.zamosc.pl\/wp-content\/uploads\/2019\/05\/18.06.2019-r.-Uroczysto\u015b\u0107-przekazania-s\u0142u\u017cby-1-768x1024.jpeg 768w, https:\/\/rotary.zamosc.pl\/wp-content\/uploads\/2019\/05\/18.06.2019-r.-Uroczysto\u015b\u0107-przekazania-s\u0142u\u017cby-1-800x1067.jpeg 800w, https:\/\/rotary.zamosc.pl\/wp-content\/uploads\/2019\/05\/18.06.2019-r.-Uroczysto\u015b\u0107-przekazania-s\u0142u\u017cby-1.jpeg 1440w\" sizes=\"(max-width: 700px) 100vw, 700px\" \/><\/figure>\n\n\n\n<figure class=\"wp-block-image size-large\"><img loading=\"lazy\" decoding=\"async\" width=\"700\" height=\"525\" data-id=\"942\" src=\"https:\/\/rotary.zamosc.pl\/wp-content\/uploads\/2019\/05\/18.06.2019-r.-Uroczysto\u015b\u0107-przekazania-s\u0142u\u017cby-2-700x525.jpeg\" alt=\"\" class=\"wp-image-942\" srcset=\"https:\/\/rotary.zamosc.pl\/wp-content\/uploads\/2019\/05\/18.06.2019-r.-Uroczysto\u015b\u0107-przekazania-s\u0142u\u017cby-2-700x525.jpeg 700w, https:\/\/rotary.zamosc.pl\/wp-content\/uploads\/2019\/05\/18.06.2019-r.-Uroczysto\u015b\u0107-przekazania-s\u0142u\u017cby-2-300x225.jpeg 300w, https:\/\/rotary.zamosc.pl\/wp-content\/uploads\/2019\/05\/18.06.2019-r.-Uroczysto\u015b\u0107-przekazania-s\u0142u\u017cby-2-768x576.jpeg 768w, https:\/\/rotary.zamosc.pl\/wp-content\/uploads\/2019\/05\/18.06.2019-r.-Uroczysto\u015b\u0107-przekazania-s\u0142u\u017cby-2-800x600.jpeg 800w, https:\/\/rotary.zamosc.pl\/wp-content\/uploads\/2019\/05\/18.06.2019-r.-Uroczysto\u015b\u0107-przekazania-s\u0142u\u017cby-2-80x60.jpeg 80w, https:\/\/rotary.zamosc.pl\/wp-content\/uploads\/2019\/05\/18.06.2019-r.-Uroczysto\u015b\u0107-przekazania-s\u0142u\u017cby-2.jpeg 1824w\" sizes=\"(max-width: 700px) 100vw, 700px\" \/><\/figure>\n\n\n\n<figure class=\"wp-block-image size-large\"><img loading=\"lazy\" decoding=\"async\" width=\"700\" height=\"525\" data-id=\"943\" src=\"https:\/\/rotary.zamosc.pl\/wp-content\/uploads\/2019\/05\/18.06.2019-r.-Uroczysto\u015b\u0107-przekazania-s\u0142u\u017cby-3-700x525.jpeg\" alt=\"\" class=\"wp-image-943\" srcset=\"https:\/\/rotary.zamosc.pl\/wp-content\/uploads\/2019\/05\/18.06.2019-r.-Uroczysto\u015b\u0107-przekazania-s\u0142u\u017cby-3-700x525.jpeg 700w, https:\/\/rotary.zamosc.pl\/wp-content\/uploads\/2019\/05\/18.06.2019-r.-Uroczysto\u015b\u0107-przekazania-s\u0142u\u017cby-3-300x225.jpeg 300w, https:\/\/rotary.zamosc.pl\/wp-content\/uploads\/2019\/05\/18.06.2019-r.-Uroczysto\u015b\u0107-przekazania-s\u0142u\u017cby-3-768x576.jpeg 768w, https:\/\/rotary.zamosc.pl\/wp-content\/uploads\/2019\/05\/18.06.2019-r.-Uroczysto\u015b\u0107-przekazania-s\u0142u\u017cby-3-800x600.jpeg 800w, https:\/\/rotary.zamosc.pl\/wp-content\/uploads\/2019\/05\/18.06.2019-r.-Uroczysto\u015b\u0107-przekazania-s\u0142u\u017cby-3-80x60.jpeg 80w, https:\/\/rotary.zamosc.pl\/wp-content\/uploads\/2019\/05\/18.06.2019-r.-Uroczysto\u015b\u0107-przekazania-s\u0142u\u017cby-3.jpeg 1824w\" sizes=\"(max-width: 700px) 100vw, 700px\" \/><\/figure>\n\n\n\n<figure class=\"wp-block-image size-large\"><img loading=\"lazy\" decoding=\"async\" width=\"700\" height=\"933\" data-id=\"948\" src=\"https:\/\/rotary.zamosc.pl\/wp-content\/uploads\/2019\/05\/18.06.2019-r.-Uroczysto\u015b\u0107-przekazania-s\u0142u\u017cby-8-700x933.jpeg\" alt=\"\" class=\"wp-image-948\" srcset=\"https:\/\/rotary.zamosc.pl\/wp-content\/uploads\/2019\/05\/18.06.2019-r.-Uroczysto\u015b\u0107-przekazania-s\u0142u\u017cby-8-700x933.jpeg 700w, https:\/\/rotary.zamosc.pl\/wp-content\/uploads\/2019\/05\/18.06.2019-r.-Uroczysto\u015b\u0107-przekazania-s\u0142u\u017cby-8-225x300.jpeg 225w, https:\/\/rotary.zamosc.pl\/wp-content\/uploads\/2019\/05\/18.06.2019-r.-Uroczysto\u015b\u0107-przekazania-s\u0142u\u017cby-8-768x1024.jpeg 768w, https:\/\/rotary.zamosc.pl\/wp-content\/uploads\/2019\/05\/18.06.2019-r.-Uroczysto\u015b\u0107-przekazania-s\u0142u\u017cby-8-800x1067.jpeg 800w, https:\/\/rotary.zamosc.pl\/wp-content\/uploads\/2019\/05\/18.06.2019-r.-Uroczysto\u015b\u0107-przekazania-s\u0142u\u017cby-8.jpeg 1368w\" sizes=\"(max-width: 700px) 100vw, 700px\" \/><\/figure>\n<\/figure>\n","protected":false},"excerpt":{"rendered":"","protected":false},"author":1,"featured_media":947,"comment_status":"open","ping_status":"open","sticky":false,"template":"","format":"standard","meta":{"footnotes":""},"categories":[23,21],"tags":[],"class_list":["post-6782","post","type-post","status-publish","format-standard","has-post-thumbnail","hentry","category-23","category-przekazania-wladzy"],"rttpg_featured_image_url":{"full":["https:\/\/rotary.zamosc.pl\/wp-content\/uploads\/2019\/05\/18.06.2019-r.-Uroczysto\u015b\u0107-przekazania-s\u0142u\u017cby-7.jpeg",1368,1824,false],"landscape":["https:\/\/rotary.zamosc.pl\/wp-content\/uploads\/2019\/05\/18.06.2019-r.-Uroczysto\u015b\u0107-przekazania-s\u0142u\u017cby-7.jpeg",1368,1824,false],"portraits":["https:\/\/rotary.zamosc.pl\/wp-content\/uploads\/2019\/05\/18.06.2019-r.-Uroczysto\u015b\u0107-przekazania-s\u0142u\u017cby-7.jpeg",1368,1824,false],"thumbnail":["https:\/\/rotary.zamosc.pl\/wp-content\/uploads\/2019\/05\/18.06.2019-r.-Uroczysto\u015b\u0107-przekazania-s\u0142u\u017cby-7-150x150.jpeg",150,150,true],"medium":["https:\/\/rotary.zamosc.pl\/wp-content\/uploads\/2019\/05\/18.06.2019-r.-Uroczysto\u015b\u0107-przekazania-s\u0142u\u017cby-7-225x300.jpeg",225,300,true],"large":["https:\/\/rotary.zamosc.pl\/wp-content\/uploads\/2019\/05\/18.06.2019-r.-Uroczysto\u015b\u0107-przekazania-s\u0142u\u017cby-7-700x933.jpeg",700,933,true],"1536x1536":["https:\/\/rotary.zamosc.pl\/wp-content\/uploads\/2019\/05\/18.06.2019-r.-Uroczysto\u015b\u0107-przekazania-s\u0142u\u017cby-7.jpeg",1152,1536,false],"2048x2048":["https:\/\/rotary.zamosc.pl\/wp-content\/uploads\/2019\/05\/18.06.2019-r.-Uroczysto\u015b\u0107-przekazania-s\u0142u\u017cby-7.jpeg",1368,1824,false],"post-thumbnail":["https:\/\/rotary.zamosc.pl\/wp-content\/uploads\/2019\/05\/18.06.2019-r.-Uroczysto\u015b\u0107-przekazania-s\u0142u\u017cby-7-800x1067.jpeg",800,1067,true],"graphy-post-thumbnail-large":["https:\/\/rotary.zamosc.pl\/wp-content\/uploads\/2019\/05\/18.06.2019-r.-Uroczysto\u015b\u0107-przekazania-s\u0142u\u017cby-7-1080x600.jpeg",1080,600,true],"graphy-post-thumbnail-medium":["https:\/\/rotary.zamosc.pl\/wp-content\/uploads\/2019\/05\/18.06.2019-r.-Uroczysto\u015b\u0107-przekazania-s\u0142u\u017cby-7-482x300.jpeg",482,300,true],"graphy-post-thumbnail-small":["https:\/\/rotary.zamosc.pl\/wp-content\/uploads\/2019\/05\/18.06.2019-r.-Uroczysto\u015b\u0107-przekazania-s\u0142u\u017cby-7-80x60.jpeg",80,60,true],"graphy-page-thumbnail":["https:\/\/rotary.zamosc.pl\/wp-content\/uploads\/2019\/05\/18.06.2019-r.-Uroczysto\u015b\u0107-przekazania-s\u0142u\u017cby-7-1260x350.jpeg",1260,350,true],"sow-carousel-default":["https:\/\/rotary.zamosc.pl\/wp-content\/uploads\/2019\/05\/18.06.2019-r.-Uroczysto\u015b\u0107-przekazania-s\u0142u\u017cby-7-272x182.jpeg",272,182,true]},"rttpg_author":{"display_name":"rotaryzamosc","author_link":"https:\/\/rotary.zamosc.pl\/index.php\/author\/rotaryzamosc\/"},"rttpg_comment":0,"rttpg_category":"<a href=\"https:\/\/rotary.zamosc.pl\/index.php\/category\/2019\/\" rel=\"category tag\">2019<\/a> <a href=\"https:\/\/rotary.zamosc.pl\/index.php\/category\/przekazania-wladzy\/\" rel=\"category tag\">Przekazania w\u0142adzy<\/a>","rttpg_excerpt":null,"_links":{"self":[{"href":"https:\/\/rotary.zamosc.pl\/index.php\/wp-json\/wp\/v2\/posts\/6782","targetHints":{"allow":["GET"]}}],"collection":[{"href":"https:\/\/rotary.zamosc.pl\/index.php\/wp-json\/wp\/v2\/posts"}],"about":[{"href":"https:\/\/rotary.zamosc.pl\/index.php\/wp-json\/wp\/v2\/types\/post"}],"author":[{"embeddable":true,"href":"https:\/\/rotary.zamosc.pl\/index.php\/wp-json\/wp\/v2\/users\/1"}],"replies":[{"embeddable":true,"href":"https:\/\/rotary.zamosc.pl\/index.php\/wp-json\/wp\/v2\/comments?post=6782"}],"version-history":[{"count":1,"href":"https:\/\/rotary.zamosc.pl\/index.php\/wp-json\/wp\/v2\/posts\/6782\/revisions"}],"predecessor-version":[{"id":6783,"href":"https:\/\/rotary.zamosc.pl\/index.php\/wp-json\/wp\/v2\/posts\/6782\/revisions\/6783"}],"wp:featuredmedia":[{"embeddable":true,"href":"https:\/\/rotary.zamosc.pl\/index.php\/wp-json\/wp\/v2\/media\/947"}],"wp:attachment":[{"href":"https:\/\/rotary.zamosc.pl\/index.php\/wp-json\/wp\/v2\/media?parent=6782"}],"wp:term":[{"taxonomy":"category","embeddable":true,"href":"https:\/\/rotary.zamosc.pl\/index.php\/wp-json\/wp\/v2\/categories?post=6782"},{"taxonomy":"post_tag","embeddable":true,"href":"https:\/\/rotary.zamosc.pl\/index.php\/wp-json\/wp\/v2\/tags?post=6782"}],"curies":[{"name":"wp","href":"https:\/\/api.w.org\/{rel}","templated":true}]}}