{"id":6790,"date":"2018-11-19T11:43:00","date_gmt":"2018-11-19T10:43:00","guid":{"rendered":"https:\/\/rotary.zamosc.pl\/?p=6790"},"modified":"2026-03-20T11:44:10","modified_gmt":"2026-03-20T10:44:10","slug":"wizyta-rc-zamosc-u-przyjaciol-w-kielcach","status":"publish","type":"post","link":"https:\/\/rotary.zamosc.pl\/index.php\/2018\/11\/19\/wizyta-rc-zamosc-u-przyjaciol-w-kielcach\/","title":{"rendered":"Wizyta RC Zamo\u015b\u0107 u Przyjaci\u00f3\u0142 w Kielcach"},"content":{"rendered":"\n<p class=\"wp-block-paragraph\">19 listopada 2018 roku delegacja Rotary Club Zamo\u015b\u0107, Sylwester Borkowski i Jerzy Liberadzki, odwiedzi\u0142a Przyjaci\u00f3\u0142 z Rotary Club w Kielcach.<\/p>\n\n\n\n<p class=\"wp-block-paragraph\">Zasadniczym celem wizyty by\u0142o finansowe wspomo\u017cenie bliskich Joanny Michel Parre, uczennicy &nbsp;&nbsp;&nbsp;&nbsp;&nbsp;&nbsp;&nbsp;&nbsp;z miejscowo\u015bci CULLACAN w Meksyku kt\u00f3ra w ramach wymiany m\u0142odzie\u017cy organizowanej przez RI, aktualnie przebywa u wytypowanej rodziny w Kielcach.<\/p>\n\n\n\n<p class=\"wp-block-paragraph\">Meksyk w ostatnich tygodniach dotkn\u0119\u0142y kl\u0119ski \u017cywio\u0142owe- powodzie i huragany, kt\u00f3re zniszczy\u0142y szczeg\u00f3lnie p\u00f3\u0142noc kraju, w kt\u00f3rego regionie zamieszkuje rodzina Joanny. Koledzy z RC Kielce wyst\u0105pili z inicjatyw\u0105 finansowego wspomo\u017cenia rodziny dziewczynki, sami przekazuj\u0105c na ten cel kwot\u0119 2000 USD.<\/p>\n\n\n\n<p class=\"wp-block-paragraph\">Nasz czek wr\u0119czony Prezydentowi kieleckiego Klubu opiewa\u0142 na kwot\u0119 1000 PLN i zosta\u0142 przyj\u0119ty z wdzi\u0119czno\u015bci\u0105. W dow\u00f3d sympatii otrzymali\u015bmy symboliczne serduszko.<\/p>\n\n\n\n<p class=\"wp-block-paragraph\">By\u0142 te\u017c czas na wymian\u0119 do\u015bwiadcze\u0144 i program\u00f3w klubowych, wsp\u00f3lne foto i wymian\u0119 klubowych proporczyk\u00f3w \u2013<\/p>\n\n\n\n<p class=\"wp-block-paragraph\">&nbsp;&nbsp;&nbsp;&nbsp;&nbsp;&nbsp;&nbsp;&nbsp;&nbsp;&nbsp;&nbsp;&nbsp;&nbsp;&nbsp;&nbsp;&nbsp;&nbsp;&nbsp;&nbsp;&nbsp;&nbsp;&nbsp;&nbsp;&nbsp;&nbsp;&nbsp;&nbsp;&nbsp;&nbsp;&nbsp;&nbsp;&nbsp;&nbsp;&nbsp;&nbsp;&nbsp;&nbsp;&nbsp;&nbsp;&nbsp;&nbsp;&nbsp;&nbsp;&nbsp;&nbsp;&nbsp; Warto jest pomaga\u0107!<\/p>\n\n\n\n<figure class=\"wp-block-gallery has-nested-images columns-1 is-cropped wp-block-gallery-1 is-layout-flex wp-block-gallery-is-layout-flex\">\n<figure class=\"wp-block-image size-large\"><img fetchpriority=\"high\" decoding=\"async\" width=\"607\" height=\"810\" data-id=\"858\" src=\"https:\/\/rotary.zamosc.pl\/wp-content\/uploads\/2018\/02\/SPOTKANIE-W-KIELCACH-2018-RC-ZAMOSC-3.jpeg\" alt=\"\" class=\"wp-image-858\" srcset=\"https:\/\/rotary.zamosc.pl\/wp-content\/uploads\/2018\/02\/SPOTKANIE-W-KIELCACH-2018-RC-ZAMOSC-3.jpeg 607w, https:\/\/rotary.zamosc.pl\/wp-content\/uploads\/2018\/02\/SPOTKANIE-W-KIELCACH-2018-RC-ZAMOSC-3-225x300.jpeg 225w\" sizes=\"(max-width: 607px) 100vw, 607px\" \/><\/figure>\n\n\n\n<figure class=\"wp-block-image size-large\"><img decoding=\"async\" width=\"700\" height=\"933\" data-id=\"857\" src=\"https:\/\/rotary.zamosc.pl\/wp-content\/uploads\/2018\/02\/SPOTKANIE-W-KIELCACH-2018-RC-ZAMOSC-2-700x933.jpeg\" alt=\"\" class=\"wp-image-857\" srcset=\"https:\/\/rotary.zamosc.pl\/wp-content\/uploads\/2018\/02\/SPOTKANIE-W-KIELCACH-2018-RC-ZAMOSC-2-700x933.jpeg 700w, https:\/\/rotary.zamosc.pl\/wp-content\/uploads\/2018\/02\/SPOTKANIE-W-KIELCACH-2018-RC-ZAMOSC-2-225x300.jpeg 225w, https:\/\/rotary.zamosc.pl\/wp-content\/uploads\/2018\/02\/SPOTKANIE-W-KIELCACH-2018-RC-ZAMOSC-2-768x1024.jpeg 768w, https:\/\/rotary.zamosc.pl\/wp-content\/uploads\/2018\/02\/SPOTKANIE-W-KIELCACH-2018-RC-ZAMOSC-2-800x1067.jpeg 800w, https:\/\/rotary.zamosc.pl\/wp-content\/uploads\/2018\/02\/SPOTKANIE-W-KIELCACH-2018-RC-ZAMOSC-2.jpeg 1080w\" sizes=\"(max-width: 700px) 100vw, 700px\" \/><\/figure>\n\n\n\n<figure class=\"wp-block-image size-large\"><img decoding=\"async\" width=\"700\" height=\"933\" data-id=\"856\" src=\"https:\/\/rotary.zamosc.pl\/wp-content\/uploads\/2018\/02\/SPOTKANIE-W-KIELCACH-2018-RC-ZAMOSC-1-700x933.jpeg\" alt=\"\" class=\"wp-image-856\" srcset=\"https:\/\/rotary.zamosc.pl\/wp-content\/uploads\/2018\/02\/SPOTKANIE-W-KIELCACH-2018-RC-ZAMOSC-1-700x933.jpeg 700w, https:\/\/rotary.zamosc.pl\/wp-content\/uploads\/2018\/02\/SPOTKANIE-W-KIELCACH-2018-RC-ZAMOSC-1-225x300.jpeg 225w, https:\/\/rotary.zamosc.pl\/wp-content\/uploads\/2018\/02\/SPOTKANIE-W-KIELCACH-2018-RC-ZAMOSC-1-768x1024.jpeg 768w, https:\/\/rotary.zamosc.pl\/wp-content\/uploads\/2018\/02\/SPOTKANIE-W-KIELCACH-2018-RC-ZAMOSC-1-800x1067.jpeg 800w, https:\/\/rotary.zamosc.pl\/wp-content\/uploads\/2018\/02\/SPOTKANIE-W-KIELCACH-2018-RC-ZAMOSC-1.jpeg 1080w\" sizes=\"(max-width: 700px) 100vw, 700px\" \/><\/figure>\n<\/figure>\n","protected":false},"excerpt":{"rendered":"<p>19 listopada 2018 roku delegacja Rotary Club Zamo\u015b\u0107, Sylwester Borkowski i Jerzy Liberadzki, odwiedzi\u0142a Przyjaci\u00f3\u0142 z Rotary Club w Kielcach. Zasadniczym celem wizyty by\u0142o finansowe wspomo\u017cenie bliskich Joanny Michel Parre, uczennicy &nbsp;&nbsp;&nbsp;&nbsp;&nbsp;&nbsp;&nbsp;&nbsp;z miejscowo\u015bci CULLACAN w Meksyku kt\u00f3ra w ramach wymiany m\u0142odzie\u017cy organizowanej przez RI, aktualnie przebywa u wytypowanej rodziny w Kielcach. Meksyk w ostatnich tygodniach&#8230;<\/p>\n","protected":false},"author":1,"featured_media":859,"comment_status":"open","ping_status":"open","sticky":false,"template":"","format":"standard","meta":{"footnotes":""},"categories":[24],"tags":[],"class_list":["post-6790","post","type-post","status-publish","format-standard","has-post-thumbnail","hentry","category-24"],"rttpg_featured_image_url":{"full":["https:\/\/rotary.zamosc.pl\/wp-content\/uploads\/2018\/02\/SPOTKANIE-W-KIELCACH-2018-RC-ZAMOSC-4.jpeg",1080,1440,false],"landscape":["https:\/\/rotary.zamosc.pl\/wp-content\/uploads\/2018\/02\/SPOTKANIE-W-KIELCACH-2018-RC-ZAMOSC-4.jpeg",1080,1440,false],"portraits":["https:\/\/rotary.zamosc.pl\/wp-content\/uploads\/2018\/02\/SPOTKANIE-W-KIELCACH-2018-RC-ZAMOSC-4.jpeg",1080,1440,false],"thumbnail":["https:\/\/rotary.zamosc.pl\/wp-content\/uploads\/2018\/02\/SPOTKANIE-W-KIELCACH-2018-RC-ZAMOSC-4-150x150.jpeg",150,150,true],"medium":["https:\/\/rotary.zamosc.pl\/wp-content\/uploads\/2018\/02\/SPOTKANIE-W-KIELCACH-2018-RC-ZAMOSC-4-225x300.jpeg",225,300,true],"large":["https:\/\/rotary.zamosc.pl\/wp-content\/uploads\/2018\/02\/SPOTKANIE-W-KIELCACH-2018-RC-ZAMOSC-4-700x933.jpeg",700,933,true],"1536x1536":["https:\/\/rotary.zamosc.pl\/wp-content\/uploads\/2018\/02\/SPOTKANIE-W-KIELCACH-2018-RC-ZAMOSC-4.jpeg",1080,1440,false],"2048x2048":["https:\/\/rotary.zamosc.pl\/wp-content\/uploads\/2018\/02\/SPOTKANIE-W-KIELCACH-2018-RC-ZAMOSC-4.jpeg",1080,1440,false],"post-thumbnail":["https:\/\/rotary.zamosc.pl\/wp-content\/uploads\/2018\/02\/SPOTKANIE-W-KIELCACH-2018-RC-ZAMOSC-4-800x1067.jpeg",800,1067,true],"graphy-post-thumbnail-large":["https:\/\/rotary.zamosc.pl\/wp-content\/uploads\/2018\/02\/SPOTKANIE-W-KIELCACH-2018-RC-ZAMOSC-4-1080x600.jpeg",1080,600,true],"graphy-post-thumbnail-medium":["https:\/\/rotary.zamosc.pl\/wp-content\/uploads\/2018\/02\/SPOTKANIE-W-KIELCACH-2018-RC-ZAMOSC-4-482x300.jpeg",482,300,true],"graphy-post-thumbnail-small":["https:\/\/rotary.zamosc.pl\/wp-content\/uploads\/2018\/02\/SPOTKANIE-W-KIELCACH-2018-RC-ZAMOSC-4-80x60.jpeg",80,60,true],"graphy-page-thumbnail":["https:\/\/rotary.zamosc.pl\/wp-content\/uploads\/2018\/02\/SPOTKANIE-W-KIELCACH-2018-RC-ZAMOSC-4-1080x350.jpeg",1080,350,true],"sow-carousel-default":["https:\/\/rotary.zamosc.pl\/wp-content\/uploads\/2018\/02\/SPOTKANIE-W-KIELCACH-2018-RC-ZAMOSC-4-272x182.jpeg",272,182,true]},"rttpg_author":{"display_name":"rotaryzamosc","author_link":"https:\/\/rotary.zamosc.pl\/index.php\/author\/rotaryzamosc\/"},"rttpg_comment":0,"rttpg_category":"<a href=\"https:\/\/rotary.zamosc.pl\/index.php\/category\/2018\/\" rel=\"category tag\">2018<\/a>","rttpg_excerpt":"19 listopada 2018 roku delegacja Rotary Club Zamo\u015b\u0107, Sylwester Borkowski i Jerzy Liberadzki, odwiedzi\u0142a Przyjaci\u00f3\u0142 z Rotary Club w Kielcach. Zasadniczym celem wizyty by\u0142o finansowe wspomo\u017cenie bliskich Joanny Michel Parre, uczennicy &nbsp;&nbsp;&nbsp;&nbsp;&nbsp;&nbsp;&nbsp;&nbsp;z miejscowo\u015bci CULLACAN w Meksyku kt\u00f3ra w ramach wymiany m\u0142odzie\u017cy organizowanej przez RI, aktualnie przebywa u wytypowanej rodziny w Kielcach. Meksyk w ostatnich tygodniach...","_links":{"self":[{"href":"https:\/\/rotary.zamosc.pl\/index.php\/wp-json\/wp\/v2\/posts\/6790","targetHints":{"allow":["GET"]}}],"collection":[{"href":"https:\/\/rotary.zamosc.pl\/index.php\/wp-json\/wp\/v2\/posts"}],"about":[{"href":"https:\/\/rotary.zamosc.pl\/index.php\/wp-json\/wp\/v2\/types\/post"}],"author":[{"embeddable":true,"href":"https:\/\/rotary.zamosc.pl\/index.php\/wp-json\/wp\/v2\/users\/1"}],"replies":[{"embeddable":true,"href":"https:\/\/rotary.zamosc.pl\/index.php\/wp-json\/wp\/v2\/comments?post=6790"}],"version-history":[{"count":1,"href":"https:\/\/rotary.zamosc.pl\/index.php\/wp-json\/wp\/v2\/posts\/6790\/revisions"}],"predecessor-version":[{"id":6791,"href":"https:\/\/rotary.zamosc.pl\/index.php\/wp-json\/wp\/v2\/posts\/6790\/revisions\/6791"}],"wp:featuredmedia":[{"embeddable":true,"href":"https:\/\/rotary.zamosc.pl\/index.php\/wp-json\/wp\/v2\/media\/859"}],"wp:attachment":[{"href":"https:\/\/rotary.zamosc.pl\/index.php\/wp-json\/wp\/v2\/media?parent=6790"}],"wp:term":[{"taxonomy":"category","embeddable":true,"href":"https:\/\/rotary.zamosc.pl\/index.php\/wp-json\/wp\/v2\/categories?post=6790"},{"taxonomy":"post_tag","embeddable":true,"href":"https:\/\/rotary.zamosc.pl\/index.php\/wp-json\/wp\/v2\/tags?post=6790"}],"curies":[{"name":"wp","href":"https:\/\/api.w.org\/{rel}","templated":true}]}}