{"id":6792,"date":"2018-09-22T11:44:00","date_gmt":"2018-09-22T09:44:00","guid":{"rendered":"https:\/\/rotary.zamosc.pl\/?p=6792"},"modified":"2026-03-20T11:47:01","modified_gmt":"2026-03-20T10:47:01","slug":"wschodnie-kresy","status":"publish","type":"post","link":"https:\/\/rotary.zamosc.pl\/index.php\/2018\/09\/22\/wschodnie-kresy\/","title":{"rendered":"Wschodnie Kresy"},"content":{"rendered":"\n<p class=\"wp-block-paragraph\">O ko\u0142omyjskim cmentarzu na Przykarpaciu napisano du\u017co r\u00f3\u017cnych artyku\u0142\u00f3w jak w Polsce, tak i na Ukrainie. Ta najwi\u0119ksza nekropolia na Kresach mie\u015bci&nbsp; ciekaw\u0105 histori\u0119 o przodkach, o wydarzeniach&nbsp;z tamtych czas\u00f3w, o walce za odzyskanie przez Polsk\u0119 100 lat temu niepodleg\u0142o\u015bci.<\/p>\n\n\n\n<p class=\"wp-block-paragraph\">&nbsp;Dzi\u015b, doskonale rozumiemy, \u017ce w ka\u017cdej&nbsp;wojnie wynikaj\u0105 je\u0144cy i osoby internowane. Tak te\u017c by\u0142o w&nbsp;&nbsp;1918 roku podczas wojny polsko-ukrai\u0144skiej. W\u0142a\u015bnie, od 6 grudnia 1918 roku na terytorium ZUNR&nbsp; w Ko\u0142omyi w&nbsp; siedmiu nieogrzewanych barakach&nbsp; bez&nbsp; pod\u0142ogi, gdzie temperatura si\u0119ga\u0142a \u2013 22 stopni, utrzymywano do 5000&nbsp; internowanych Polak\u00f3w, Niemc\u00f3w, W\u0119gr\u00f3w, Rumun\u00f3w, Ukrai\u0144c\u00f3w. Baraki zbudowane w bagnistej okolicy miasta Kosacz\u00f3w wcze\u015bniej wykorzystano dla utrzymywania byd\u0142a. Od ch\u0142odu, g\u0142odu i tyfusu zmar\u0142o od 800 do 1300 internowanych.<\/p>\n\n\n\n<p class=\"wp-block-paragraph\">&nbsp; Pochowano ich w p\u00f3\u0142nocnej cz\u0119\u015bci historycznego polskiego cmentarza. Przez wiele lat w tym miejscu zachowa\u0142 si\u0119 pomnik w kszta\u0142cie krzy\u017ca, oplecionego masywnym \u0142a\u0144cuchem. Kilkaset symbolicznych mogi\u0142 u podn\u00f3\u017ca tego postumentu zdewastowano. Po\u0142amane krzy\u017ce le\u017ca\u0142y latami w zaro\u015blach. Porusza\u0142y sumienia rodak\u00f3w z Ko\u0142omyi i zagranicy kt\u00f3rzy jeszcze pami\u0119taj\u0105 \u015bwietno\u015b\u0107 tej nekropolii.<\/p>\n\n\n\n<p class=\"wp-block-paragraph\">100-lecie odzyskania przez Polsk\u0119 niepodleg\u0142o\u015bci sta\u0142o si\u0119 okazj\u0105, aby uporz\u0105dkowa\u0107&nbsp; miejsce spoczynku wielu patriot\u00f3w. Podj\u0119\u0142a si\u0119 tego zadania Stanis\u0142awa Patkowska-Ko\u0142usenko \u2013 prezes Towarzystwa Kultury Polskiej \u201ePokucie\u201d, kt\u00f3r\u0105 wsparli parafianie ko\u015bcio\u0142a rzymskokatolickiego pod wezwaniem \u015bw. Ignacego Lojoli, zatroskani o los historycznej nekropolii. Dotacje na odtworzenie&nbsp; tej kwatery przekaza\u0142a Fundacja \u201eWolno\u015b\u0107 i Demokracja\u201d.<\/p>\n\n\n\n<p class=\"wp-block-paragraph\">Do tej ogromnej pracy do\u0142\u0105czyli si\u0119 wolontariusze, mi\u0142o\u015bnicy zabytk\u00f3w z Wroc\u0142awia, kt\u00f3rzy przyje\u017cd\u017caj\u0105 tu w ramach projektu \u201eMogi\u0142\u0119 pradziada ocal od zapomnienia\u201d. Jest to patriotyczna akcja Fundacji \u201eStudio Wsch\u00f3d\u201d, a dzi\u0119ki wroc\u0142awskiej dziennikarce Gra\u017cynie Or\u0142owskiej-Sondej ju\u017c od 10 lat m\u0142odzi ludzie z Macierzy cz\u0119\u015b\u0107 wakacji sp\u0119dzaj\u0105 w Ko\u0142omyi.<\/p>\n\n\n\n<p class=\"wp-block-paragraph\">W tym roku uczniowie i ich wychowawcy&nbsp; z Mi\u0119dzylesia, \u017burawiny i \u015acinanki \u015aredniej&nbsp; wsp\u00f3lnie z uczniami Polskiej Szko\u0142y Sobotniej im. Stanis\u0142awa Vincenza w pocie czo\u0142a pracowali przy odtworzeniu kwatery \u017co\u0142nierzy ofiar z Kosaczewa. Wi\u0119kszo\u015b\u0107&nbsp;krzy\u017cy wydobyto z podziemi, zaro\u015bli i oczyszczono. Odlano 200&nbsp; nowych krzy\u017cy, kt\u00f3re ustawiono w rz\u0119dach wok\u00f3\u0142 pomnika. W porz\u0105dkowaniu cmentarza&nbsp; i wywiezieniu \u015bci\u0119tych chaszczy pomog\u0142y w\u0142adze miasta: wicemer Bogdan Fedoruk i kierownik s\u0142u\u017cby komunalnej Roman D\u017caman, kt\u00f3rzy bywali tam codziennie.<\/p>\n\n\n\n<p class=\"wp-block-paragraph\">I oto&nbsp;27 pa\u017adziernika uroczy\u015bcie otwarto odnowiony memoria\u0142 i wojskow\u0105 kwater\u0119 cmentarza. W uroczysto\u015bci wzi\u0119li udzia\u0142 liczni go\u015bcie \u2013 delegacja \u201eRotary Klub\u201d i harcerze z Zamo\u015bcia, wspania\u0142y ch\u00f3r Towarzystwa Kultury Polskiej im. F. Karpi\u0144skiego z Ka\u0142usza.<\/p>\n\n\n\n<p class=\"wp-block-paragraph\">S\u0142owo do zebranych od Konsulatu Generalnego RP we Lwowie wyg\u0142osi\u0142a konsul Barbara Paw\u0142owska, kt\u00f3ra podzi\u0119kowa\u0142a TPK \u201ePokucie\u201d za ogrom ofiarnych prac.<\/p>\n\n\n\n<p class=\"wp-block-paragraph\">&nbsp;Wi\u0105zanki kwiat\u00f3w, znicze w ten dzie\u0144 by\u0142y ho\u0142dem zmar\u0142ym i \u015bwiadectwem \u017ce pami\u0119\u0107 nie wygasa.<\/p>\n\n\n\n<p class=\"wp-block-paragraph\">&nbsp;Tego dnia polskie patriotyczne&nbsp; ko\u0142o mi\u0142o\u015bnik\u00f3w zebra\u0142o si\u0119 w Domu Kultury \u201e\u041d\u0430\u0440\u043e\u0434\u043d\u0438\u0439 \u0434\u0456\u043c\u201d. Na scenie wszystkie wyst\u0119py po\u015bwi\u0119cone by\u0142y wielkiej dacie. Du\u017ce wra\u017cenie i rz\u0119siste owacje&nbsp; zas\u0142u\u017cy\u0142y dzieci z wokalno-tanecznego zespo\u0142u \u201eKwiaty Pokucia\u201d z ko\u0142omyjskiej szko\u0142y, grupy \u201eDzwony\u201d i \u201eTrembita\u201d. S\u0142owo polskie, kultura polska, tradycje \u017cyj\u0105 w Ko\u0142omyi, a wi\u0119zi przyja\u017ani staj\u0105 si\u0119 coraz mocniejsze.&nbsp;<\/p>\n\n\n\n<p class=\"wp-block-paragraph\"><strong>Roman WORONA<\/strong><br>(Dziennikarz z Ko\u0142omyi)<\/p>\n\n\n\n<p class=\"wp-block-paragraph\">P.S.<em><br>Niestety, tydzie\u0144 p\u00f3\u017aniej, w noc z 4 na 5 listopada dokonano aktu barbarzy\u0144stwa \u2013 wyrwano i zdemolowano 95&nbsp; krzy\u017cy. Aczkolwiek w ci\u0105gu dw\u00f3ch dni si\u0142ami miasta wszystko na cmentarzu zosta\u0142o odnowione.<\/em><\/p>\n\n\n\n<figure class=\"wp-block-gallery has-nested-images columns-1 is-cropped wp-block-gallery-1 is-layout-flex wp-block-gallery-is-layout-flex\">\n<figure class=\"wp-block-image size-large\"><img fetchpriority=\"high\" decoding=\"async\" width=\"700\" height=\"325\" data-id=\"864\" src=\"https:\/\/rotary.zamosc.pl\/wp-content\/uploads\/2018\/02\/fot3-700x325.jpg\" alt=\"\" class=\"wp-image-864\" srcset=\"https:\/\/rotary.zamosc.pl\/wp-content\/uploads\/2018\/02\/fot3-700x325.jpg 700w, https:\/\/rotary.zamosc.pl\/wp-content\/uploads\/2018\/02\/fot3-300x139.jpg 300w, https:\/\/rotary.zamosc.pl\/wp-content\/uploads\/2018\/02\/fot3-768x356.jpg 768w, https:\/\/rotary.zamosc.pl\/wp-content\/uploads\/2018\/02\/fot3-800x371.jpg 800w, https:\/\/rotary.zamosc.pl\/wp-content\/uploads\/2018\/02\/fot3.jpg 1000w\" sizes=\"(max-width: 700px) 100vw, 700px\" \/><\/figure>\n\n\n\n<figure class=\"wp-block-image size-large\"><img decoding=\"async\" width=\"700\" height=\"332\" data-id=\"862\" src=\"https:\/\/rotary.zamosc.pl\/wp-content\/uploads\/2018\/02\/fot-1-700x332.jpg\" alt=\"\" class=\"wp-image-862\" srcset=\"https:\/\/rotary.zamosc.pl\/wp-content\/uploads\/2018\/02\/fot-1-700x332.jpg 700w, https:\/\/rotary.zamosc.pl\/wp-content\/uploads\/2018\/02\/fot-1-300x142.jpg 300w, https:\/\/rotary.zamosc.pl\/wp-content\/uploads\/2018\/02\/fot-1-768x364.jpg 768w, https:\/\/rotary.zamosc.pl\/wp-content\/uploads\/2018\/02\/fot-1-800x379.jpg 800w, https:\/\/rotary.zamosc.pl\/wp-content\/uploads\/2018\/02\/fot-1.jpg 1000w\" sizes=\"(max-width: 700px) 100vw, 700px\" \/><\/figure>\n<\/figure>\n","protected":false},"excerpt":{"rendered":"<p>O ko\u0142omyjskim cmentarzu na Przykarpaciu napisano du\u017co r\u00f3\u017cnych artyku\u0142\u00f3w jak w Polsce, tak i na Ukrainie. Ta najwi\u0119ksza nekropolia na Kresach mie\u015bci&nbsp; ciekaw\u0105 histori\u0119 o przodkach, o wydarzeniach&nbsp;z tamtych czas\u00f3w, o walce za odzyskanie przez Polsk\u0119 100 lat temu niepodleg\u0142o\u015bci. &nbsp;Dzi\u015b, doskonale rozumiemy, \u017ce w ka\u017cdej&nbsp;wojnie wynikaj\u0105 je\u0144cy i osoby internowane. Tak te\u017c by\u0142o w&nbsp;&nbsp;1918&#8230;<\/p>\n","protected":false},"author":1,"featured_media":863,"comment_status":"open","ping_status":"open","sticky":false,"template":"","format":"standard","meta":{"footnotes":""},"categories":[24],"tags":[],"class_list":["post-6792","post","type-post","status-publish","format-standard","has-post-thumbnail","hentry","category-24"],"rttpg_featured_image_url":{"full":["https:\/\/rotary.zamosc.pl\/wp-content\/uploads\/2018\/02\/fot2.jpg",1000,530,false],"landscape":["https:\/\/rotary.zamosc.pl\/wp-content\/uploads\/2018\/02\/fot2.jpg",1000,530,false],"portraits":["https:\/\/rotary.zamosc.pl\/wp-content\/uploads\/2018\/02\/fot2.jpg",1000,530,false],"thumbnail":["https:\/\/rotary.zamosc.pl\/wp-content\/uploads\/2018\/02\/fot2-150x150.jpg",150,150,true],"medium":["https:\/\/rotary.zamosc.pl\/wp-content\/uploads\/2018\/02\/fot2-300x159.jpg",300,159,true],"large":["https:\/\/rotary.zamosc.pl\/wp-content\/uploads\/2018\/02\/fot2-700x371.jpg",700,371,true],"1536x1536":["https:\/\/rotary.zamosc.pl\/wp-content\/uploads\/2018\/02\/fot2.jpg",1000,530,false],"2048x2048":["https:\/\/rotary.zamosc.pl\/wp-content\/uploads\/2018\/02\/fot2.jpg",1000,530,false],"post-thumbnail":["https:\/\/rotary.zamosc.pl\/wp-content\/uploads\/2018\/02\/fot2-800x424.jpg",800,424,true],"graphy-post-thumbnail-large":["https:\/\/rotary.zamosc.pl\/wp-content\/uploads\/2018\/02\/fot2.jpg",1000,530,false],"graphy-post-thumbnail-medium":["https:\/\/rotary.zamosc.pl\/wp-content\/uploads\/2018\/02\/fot2-482x300.jpg",482,300,true],"graphy-post-thumbnail-small":["https:\/\/rotary.zamosc.pl\/wp-content\/uploads\/2018\/02\/fot2-80x60.jpg",80,60,true],"graphy-page-thumbnail":["https:\/\/rotary.zamosc.pl\/wp-content\/uploads\/2018\/02\/fot2-1000x350.jpg",1000,350,true],"sow-carousel-default":["https:\/\/rotary.zamosc.pl\/wp-content\/uploads\/2018\/02\/fot2-272x182.jpg",272,182,true]},"rttpg_author":{"display_name":"rotaryzamosc","author_link":"https:\/\/rotary.zamosc.pl\/index.php\/author\/rotaryzamosc\/"},"rttpg_comment":0,"rttpg_category":"<a href=\"https:\/\/rotary.zamosc.pl\/index.php\/category\/2018\/\" rel=\"category tag\">2018<\/a>","rttpg_excerpt":"O ko\u0142omyjskim cmentarzu na Przykarpaciu napisano du\u017co r\u00f3\u017cnych artyku\u0142\u00f3w jak w Polsce, tak i na Ukrainie. Ta najwi\u0119ksza nekropolia na Kresach mie\u015bci&nbsp; ciekaw\u0105 histori\u0119 o przodkach, o wydarzeniach&nbsp;z tamtych czas\u00f3w, o walce za odzyskanie przez Polsk\u0119 100 lat temu niepodleg\u0142o\u015bci. &nbsp;Dzi\u015b, doskonale rozumiemy, \u017ce w ka\u017cdej&nbsp;wojnie wynikaj\u0105 je\u0144cy i osoby internowane. Tak te\u017c by\u0142o w&nbsp;&nbsp;1918...","_links":{"self":[{"href":"https:\/\/rotary.zamosc.pl\/index.php\/wp-json\/wp\/v2\/posts\/6792","targetHints":{"allow":["GET"]}}],"collection":[{"href":"https:\/\/rotary.zamosc.pl\/index.php\/wp-json\/wp\/v2\/posts"}],"about":[{"href":"https:\/\/rotary.zamosc.pl\/index.php\/wp-json\/wp\/v2\/types\/post"}],"author":[{"embeddable":true,"href":"https:\/\/rotary.zamosc.pl\/index.php\/wp-json\/wp\/v2\/users\/1"}],"replies":[{"embeddable":true,"href":"https:\/\/rotary.zamosc.pl\/index.php\/wp-json\/wp\/v2\/comments?post=6792"}],"version-history":[{"count":1,"href":"https:\/\/rotary.zamosc.pl\/index.php\/wp-json\/wp\/v2\/posts\/6792\/revisions"}],"predecessor-version":[{"id":6793,"href":"https:\/\/rotary.zamosc.pl\/index.php\/wp-json\/wp\/v2\/posts\/6792\/revisions\/6793"}],"wp:featuredmedia":[{"embeddable":true,"href":"https:\/\/rotary.zamosc.pl\/index.php\/wp-json\/wp\/v2\/media\/863"}],"wp:attachment":[{"href":"https:\/\/rotary.zamosc.pl\/index.php\/wp-json\/wp\/v2\/media?parent=6792"}],"wp:term":[{"taxonomy":"category","embeddable":true,"href":"https:\/\/rotary.zamosc.pl\/index.php\/wp-json\/wp\/v2\/categories?post=6792"},{"taxonomy":"post_tag","embeddable":true,"href":"https:\/\/rotary.zamosc.pl\/index.php\/wp-json\/wp\/v2\/tags?post=6792"}],"curies":[{"name":"wp","href":"https:\/\/api.w.org\/{rel}","templated":true}]}}