{"id":6794,"date":"2018-08-20T11:47:00","date_gmt":"2018-08-20T09:47:00","guid":{"rendered":"https:\/\/rotary.zamosc.pl\/?p=6794"},"modified":"2026-03-20T11:47:47","modified_gmt":"2026-03-20T10:47:47","slug":"100-lecie-niepodleglosci-rp-w-kolomyi","status":"publish","type":"post","link":"https:\/\/rotary.zamosc.pl\/index.php\/2018\/08\/20\/100-lecie-niepodleglosci-rp-w-kolomyi\/","title":{"rendered":"100 \u2013 lecie niepodleg\u0142o\u015bci RP w Ko\u0142omyi"},"content":{"rendered":"\n<p class=\"wp-block-paragraph\">Przed czterema laty cz\u0142onkowie RC Zamo\u015b\u0107 z inicjatywy naszego cz\u0142onka Rafa\u0142a PASIEKI podj\u0119li decyzj\u0119 o obj\u0119ciu patronatem polskiej sobotniej szko\u0142y w Ko\u0142omyi. Przez kolejne lata zaopatrywali\u015bmy dzieci w pomoce szkolne, sprz\u0119t komputerowy, wyremontowali\u015bmy pomieszczenia szkolnej \u0142azienki. Corocznie op\u0142acamy czynsz za wynajem przez szko\u0142\u0119 pomieszcze\u0144 oraz media.<\/p>\n\n\n\n<p class=\"wp-block-paragraph\"><br>W bie\u017c\u0105cym roku, tym razem korzystaj\u0105c z zaproszenia Prezes Towarzystwa Kultury Polskiej, Pani Stanis\u0142awy PATKOWSKIEJ \u2013 KO\u0141USENKO, udali\u015bmy si\u0119 do Ko\u0142omyi aby wzi\u0105\u0107 udzia\u0142 w uroczysto\u015bciach u\u015bwietniaj\u0105cych setn\u0105 rocznic\u0119 odzyskania niepodleg\u0142o\u015bci przez Rzeczypospolit\u0105. Towarzyszy\u0142a nam 23 \u2013 osobowa grupa harcerzy z hufca im. Dzieci Zamojszczyzny w Zamo\u015bciu. 25 listopada 13 \u2013 osobowa grupa cz\u0142onk\u00f3w RC Zamo\u015b\u0107 z Prezydentem Klubu Ryszardem ANTOSEM i osobami towarzysz\u0105cymi wyposa\u017cona w prezenty dla dzieci \u2013 uczni\u00f3w polskiej szko\u0142y ( podr\u0119czniki, zeszyty, materia\u0142y pi\u015bmienne, plecaki ) oraz kartony zniczy i wi\u0105zanki kwiat\u00f3w przekroczy\u0142a szcz\u0119\u015bliwie granic\u0119 z Ukrain\u0105. W godzinach wieczornych dotarli\u015bmy do\u2026\u2026.. Kamie\u0144ca Podolskiego. Postanowili\u015bmy odwiedzi\u0107 bowiem Podole i miejsca gdzie nasi pradziadowie walczyli z naje\u017cd\u017caj\u0105cymi ich ziemie hordami Tatar\u00f3w, Turk\u00f3w i Kozak\u00f3w. Na trasie naszego przejazdu znalaz\u0142 si\u0119 r\u00f3wnie\u017c Chocim i Okopy Tr\u00f3jcy \u015awi\u0119tej. Tam rodzi\u0142a si\u0119 nasza Rzeczypospolita, tam oddawali za jej niepodleg\u0142o\u015b\u0107 \u017cycie Polacy. Pe\u0142ni wra\u017ce\u0144, na kolacji wyl\u0105dowali\u015bmy ju\u017c w Ko\u0142omyi.<\/p>\n\n\n\n<p class=\"wp-block-paragraph\"><br>Sobot\u0119 rozpocz\u0119li\u015bmy uczestnictwem w Mszy \u015bw. odprawionej przez polskiego ksi\u0119dza w polskim ko\u015bciele w intencji polskich je\u0144c\u00f3w wojennych internowanych przez Ukrai\u0144c\u00f3w w obozie w Kosaczowie pod Ko\u0142omyj\u0105 w 1918 roku. Z powodu g\u0142odu, chor\u00f3b, nieludzkiego traktowania ok.1300 \u017co\u0142nierzy zmar\u0142o. Nale\u017cy r\u00f3wnie\u017c wspomnie\u0107, \u017ce ich losy podzieli\u0142 kwiat polskiej inteligencji Ko\u0142omyi. Ich pami\u0119ci po\u015bwi\u0119cony jest odrestaurowany pomnik i odtworzone mogi\u0142y zniszczone w latach 60-tych ubieg\u0142ego stulecia i systematycznie dewastowane przez kolejne 10 \u2013 lecia. Cmentarz w Ko\u0142omyi jest najwi\u0119ksz\u0105 polsk\u0105 nekropoli\u0105 na Pokuciu. Dzi\u0119ki staraniom Fundacji \u201e Wolno\u015b\u0107 i Demokracja\u201d, TV POLONIA oddz. we Wroc\u0142awiu, m\u0142odzie\u017cy ze szk\u00f3\u0142 regionu Dolnego \u015al\u0105ska, cz\u0142onkom Towarzystwa Kultury Polskiej \u201ePOKUCIE\u201d oraz polskiej spo\u0142eczno\u015bci w Ko\u0142omyi jest on systematycznie porz\u0105dkowany. Prawdopodobnie od przysz\u0142ego roku do tej akcji w\u0142\u0105cz\u0105 si\u0119 zamojscy harcerze. Po po\u015bwi\u0119ceniu grob\u00f3w przez ksi\u0119dza g\u0142os zabra\u0142a Konsul Generalny we Lwowie Pani Barbara PAW\u0141OWSKA wskazuj\u0105ca na donios\u0142o\u015b\u0107 uroczysto\u015bci w sytuacji, gdy mamy mo\u017cliwo\u015b\u0107 czci\u0107 100 \u2013 lecie naszej niepodleg\u0142o\u015bci na obczy\u017anie, kt\u00f3ra kiedy\u015b le\u017ca\u0142a w granicach Rzeczypospolitej.<br><br>W uroczysto\u015bci udzia\u0142 brali r\u00f3wnie\u017c nasi harcerze oraz ch\u00f3r dzieci z polskiej szko\u0142y. Towarzyszy\u0142a nam kamera TV POLONIA i redaktor Pani Gra\u017cyna OR\u0141OWSKA \u2013SONDEJ. Da\u0142 si\u0119 zauwa\u017cy\u0107 brak zaproszonych przedstawicieli lokalnej, ukrai\u0144skiej administracji. Pod pomnikiem z\u0142o\u017cono wi\u0105zanki bia\u0142o \u2013 czerwonych kwiat\u00f3w, na mogi\u0142ach zap\u0142on\u0119\u0142y znicze. W drodze powrotnej z cmentarza tradycyjnie odwiedzili\u015bmy pomnik Adama Mickiewicza sk\u0142adaj\u0105c u jego st\u00f3p kwiaty. W godzinach popo\u0142udniowych w sali widowiskowej Domu Polskiego obejrzeli\u015bmy okazjonalny spektakl przygotowany przez dzieci z polskiej szko\u0142y i zaproszonych artyst\u00f3w. By\u0142y momenty, \u017ce uronili\u015bmy niejedn\u0105 \u0142z\u0119, s\u0142uchaj\u0105c polskich pie\u015bni i wierszy w wykonaniu m\u0142odych artyst\u00f3w, utwierdzili\u015bmy si\u0119 w przekonaniu , \u017ce dla takich chwil warto przejecha\u0107 setki kilometr\u00f3w. Pani Prezes TKP zwracaj\u0105c si\u0119 do naszej zamojskiej grupy w kuluarach powiedzia\u0142a: Wasza obecno\u015b\u0107 w dniu dzisiejszym na tej sali jest dla nas wielkim zaszczytem i nie wyobra\u017cam sobie tej uroczysto\u015bci bez was. Mi\u0142ym akcentem by\u0142o wyst\u0105pienie Pani Konsul. Jak poprzednio nie odnotowali\u015bmy obecno\u015bci zaproszonych w\u0142adz miasta.<\/p>\n\n\n\n<p class=\"wp-block-paragraph\"><br>W godzinach wieczornych spotkali\u015bmy si\u0119 w siedzibie szko\u0142y z nauczycielami i cz\u0142onkami Towarzystwa Kultury Polskiej. Patron szko\u0142y Stanis\u0142aw VINCENZ by\u0142 polskim prozaikiem, eseist\u0105, znawc\u0105 i mi\u0142o\u015bnikiem Huculszczyzny i Pokucia. Za\u0142o\u017cycielem szko\u0142y jest TKP \u201ePOKUCIE\u201d, dzia\u0142aj\u0105ce od 1997 roku, licz\u0105ce obecnie 58 cz\u0142onk\u00f3w. Zatrudnionych w niej jest aktualnie trzech nauczycieli prowadz\u0105cych zaj\u0119cia dla ponad 90 \u2013 ciorga dzieci. Zmniejszenie stanu osobowego s\u0142uchaczy jest prawdopodobnie spowodowane wprowadzeniem do szk\u00f3\u0142 ukrai\u0144skich j\u0119zyka polskiego ( w miejsce rosyjskiego). Znajomo\u015b\u0107 naszego j\u0119zyka jest dla Ukrai\u0144c\u00f3w warunkiem niezb\u0119dnym dla uzyskania Karty Polaka. W Polsce widz\u0105 oni szans\u0119 dla kszta\u0142cenia swoich dzieci i miejsce pracy dla siebie.<\/p>\n\n\n\n<p class=\"wp-block-paragraph\">W drodze powrotnej odwiedzili\u015bmy naszych koleg\u00f3w z zaprzyja\u017anionego RC Lw\u00f3w \u2013 Leopolis. Po wymianie aktualnych proporczyk\u00f3w nast\u0105pi\u0142y zaproszenia na przysz\u0142oroczne imprezy klubowe.<\/p>\n\n\n\n<p class=\"wp-block-paragraph\">Wr\u00f3cili\u015bmy do kraju. Pozosta\u0142y wspomnienia i refleksje i mocne postanowienie, \u017ce wr\u00f3cimy tam, aby pomaga\u0107 rodakom b\u0119d\u0105cym w potrzebie, cz\u0119sto na \u0142asce i nie\u0142asce obecnej w\u0142adzy.<\/p>\n","protected":false},"excerpt":{"rendered":"<p>Przed czterema laty cz\u0142onkowie RC Zamo\u015b\u0107 z inicjatywy naszego cz\u0142onka Rafa\u0142a PASIEKI podj\u0119li decyzj\u0119 o obj\u0119ciu patronatem polskiej sobotniej szko\u0142y w Ko\u0142omyi. Przez kolejne lata zaopatrywali\u015bmy dzieci w pomoce szkolne, sprz\u0119t komputerowy, wyremontowali\u015bmy pomieszczenia szkolnej \u0142azienki. Corocznie op\u0142acamy czynsz za wynajem przez szko\u0142\u0119 pomieszcze\u0144 oraz media. W bie\u017c\u0105cym roku, tym razem korzystaj\u0105c z zaproszenia Prezes&#8230;<\/p>\n","protected":false},"author":1,"featured_media":6119,"comment_status":"open","ping_status":"open","sticky":false,"template":"","format":"standard","meta":{"footnotes":""},"categories":[24],"tags":[],"class_list":["post-6794","post","type-post","status-publish","format-standard","has-post-thumbnail","hentry","category-24"],"rttpg_featured_image_url":{"full":["https:\/\/rotary.zamosc.pl\/wp-content\/uploads\/2025\/12\/rotary-logos.png",900,442,false],"landscape":["https:\/\/rotary.zamosc.pl\/wp-content\/uploads\/2025\/12\/rotary-logos.png",900,442,false],"portraits":["https:\/\/rotary.zamosc.pl\/wp-content\/uploads\/2025\/12\/rotary-logos.png",900,442,false],"thumbnail":["https:\/\/rotary.zamosc.pl\/wp-content\/uploads\/2025\/12\/rotary-logos-150x150.png",150,150,true],"medium":["https:\/\/rotary.zamosc.pl\/wp-content\/uploads\/2025\/12\/rotary-logos-300x147.png",300,147,true],"large":["https:\/\/rotary.zamosc.pl\/wp-content\/uploads\/2025\/12\/rotary-logos-700x344.png",700,344,true],"1536x1536":["https:\/\/rotary.zamosc.pl\/wp-content\/uploads\/2025\/12\/rotary-logos.png",900,442,false],"2048x2048":["https:\/\/rotary.zamosc.pl\/wp-content\/uploads\/2025\/12\/rotary-logos.png",900,442,false],"post-thumbnail":["https:\/\/rotary.zamosc.pl\/wp-content\/uploads\/2025\/12\/rotary-logos-800x393.png",800,393,true],"graphy-post-thumbnail-large":["https:\/\/rotary.zamosc.pl\/wp-content\/uploads\/2025\/12\/rotary-logos.png",900,442,false],"graphy-post-thumbnail-medium":["https:\/\/rotary.zamosc.pl\/wp-content\/uploads\/2025\/12\/rotary-logos-482x300.png",482,300,true],"graphy-post-thumbnail-small":["https:\/\/rotary.zamosc.pl\/wp-content\/uploads\/2025\/12\/rotary-logos-80x60.png",80,60,true],"graphy-page-thumbnail":["https:\/\/rotary.zamosc.pl\/wp-content\/uploads\/2025\/12\/rotary-logos-900x350.png",900,350,true],"sow-carousel-default":["https:\/\/rotary.zamosc.pl\/wp-content\/uploads\/2025\/12\/rotary-logos-272x182.png",272,182,true]},"rttpg_author":{"display_name":"rotaryzamosc","author_link":"https:\/\/rotary.zamosc.pl\/index.php\/author\/rotaryzamosc\/"},"rttpg_comment":0,"rttpg_category":"<a href=\"https:\/\/rotary.zamosc.pl\/index.php\/category\/2018\/\" rel=\"category tag\">2018<\/a>","rttpg_excerpt":"Przed czterema laty cz\u0142onkowie RC Zamo\u015b\u0107 z inicjatywy naszego cz\u0142onka Rafa\u0142a PASIEKI podj\u0119li decyzj\u0119 o obj\u0119ciu patronatem polskiej sobotniej szko\u0142y w Ko\u0142omyi. Przez kolejne lata zaopatrywali\u015bmy dzieci w pomoce szkolne, sprz\u0119t komputerowy, wyremontowali\u015bmy pomieszczenia szkolnej \u0142azienki. Corocznie op\u0142acamy czynsz za wynajem przez szko\u0142\u0119 pomieszcze\u0144 oraz media. W bie\u017c\u0105cym roku, tym razem korzystaj\u0105c z zaproszenia Prezes...","_links":{"self":[{"href":"https:\/\/rotary.zamosc.pl\/index.php\/wp-json\/wp\/v2\/posts\/6794","targetHints":{"allow":["GET"]}}],"collection":[{"href":"https:\/\/rotary.zamosc.pl\/index.php\/wp-json\/wp\/v2\/posts"}],"about":[{"href":"https:\/\/rotary.zamosc.pl\/index.php\/wp-json\/wp\/v2\/types\/post"}],"author":[{"embeddable":true,"href":"https:\/\/rotary.zamosc.pl\/index.php\/wp-json\/wp\/v2\/users\/1"}],"replies":[{"embeddable":true,"href":"https:\/\/rotary.zamosc.pl\/index.php\/wp-json\/wp\/v2\/comments?post=6794"}],"version-history":[{"count":1,"href":"https:\/\/rotary.zamosc.pl\/index.php\/wp-json\/wp\/v2\/posts\/6794\/revisions"}],"predecessor-version":[{"id":6795,"href":"https:\/\/rotary.zamosc.pl\/index.php\/wp-json\/wp\/v2\/posts\/6794\/revisions\/6795"}],"wp:featuredmedia":[{"embeddable":true,"href":"https:\/\/rotary.zamosc.pl\/index.php\/wp-json\/wp\/v2\/media\/6119"}],"wp:attachment":[{"href":"https:\/\/rotary.zamosc.pl\/index.php\/wp-json\/wp\/v2\/media?parent=6794"}],"wp:term":[{"taxonomy":"category","embeddable":true,"href":"https:\/\/rotary.zamosc.pl\/index.php\/wp-json\/wp\/v2\/categories?post=6794"},{"taxonomy":"post_tag","embeddable":true,"href":"https:\/\/rotary.zamosc.pl\/index.php\/wp-json\/wp\/v2\/tags?post=6794"}],"curies":[{"name":"wp","href":"https:\/\/api.w.org\/{rel}","templated":true}]}}