{"id":6803,"date":"2018-08-20T11:51:00","date_gmt":"2018-08-20T09:51:00","guid":{"rendered":"https:\/\/rotary.zamosc.pl\/?p=6803"},"modified":"2026-03-20T11:51:58","modified_gmt":"2026-03-20T10:51:58","slug":"czarny-labedz-nasz-nowy-przyjaciel","status":"publish","type":"post","link":"https:\/\/rotary.zamosc.pl\/index.php\/2018\/08\/20\/czarny-labedz-nasz-nowy-przyjaciel\/","title":{"rendered":"Czarny \u0141ab\u0119d\u017a nasz nowy przyjaciel."},"content":{"rendered":"\n<p class=\"wp-block-paragraph\">Pi\u0119kny okaz czarnego \u0142ab\u0119dzia z zamojskiego ZOO zosta\u0142 obj\u0119ty finansowym sponsoringiem RC Zamo\u015b\u0107. W ten spos\u00f3b Klub stara si\u0119 pomaga\u0107 ogrodowi zoologicznemu oraz fundacji TECTUM w stworzeniu w\u0142a\u015bciwych warunk\u00f3w dla ekspozycji okaz\u00f3w fauny.<\/p>\n\n\n\n<p class=\"wp-block-paragraph\">Przypominam \u017ce w ubieg\u0142ym roku pod nasz\u0105 kuratel\u0105 by\u0142a lama o wdzi\u0119cznym imieniu RUDA, kt\u00f3ra decyzj\u0105 Dyrekcji zamojskiego ZOO, zmieni\u0142a miejsce zamieszkania.<\/p>\n","protected":false},"excerpt":{"rendered":"<p>Pi\u0119kny okaz czarnego \u0142ab\u0119dzia z zamojskiego ZOO zosta\u0142 obj\u0119ty finansowym sponsoringiem RC Zamo\u015b\u0107. W ten spos\u00f3b Klub stara si\u0119 pomaga\u0107 ogrodowi zoologicznemu oraz fundacji TECTUM w stworzeniu w\u0142a\u015bciwych warunk\u00f3w dla ekspozycji okaz\u00f3w fauny. Przypominam \u017ce w ubieg\u0142ym roku pod nasz\u0105 kuratel\u0105 by\u0142a lama o wdzi\u0119cznym imieniu RUDA, kt\u00f3ra decyzj\u0105 Dyrekcji zamojskiego ZOO, zmieni\u0142a miejsce zamieszkania.<\/p>\n","protected":false},"author":1,"featured_media":788,"comment_status":"open","ping_status":"open","sticky":false,"template":"","format":"standard","meta":{"footnotes":""},"categories":[24],"tags":[],"class_list":["post-6803","post","type-post","status-publish","format-standard","has-post-thumbnail","hentry","category-24"],"rttpg_featured_image_url":{"full":["https:\/\/rotary.zamosc.pl\/wp-content\/uploads\/2018\/02\/CZARNY-LABACZ-RC-ZAMOSC.jpg",800,599,false],"landscape":["https:\/\/rotary.zamosc.pl\/wp-content\/uploads\/2018\/02\/CZARNY-LABACZ-RC-ZAMOSC.jpg",800,599,false],"portraits":["https:\/\/rotary.zamosc.pl\/wp-content\/uploads\/2018\/02\/CZARNY-LABACZ-RC-ZAMOSC.jpg",800,599,false],"thumbnail":["https:\/\/rotary.zamosc.pl\/wp-content\/uploads\/2018\/02\/CZARNY-LABACZ-RC-ZAMOSC-150x150.jpg",150,150,true],"medium":["https:\/\/rotary.zamosc.pl\/wp-content\/uploads\/2018\/02\/CZARNY-LABACZ-RC-ZAMOSC-300x225.jpg",300,225,true],"large":["https:\/\/rotary.zamosc.pl\/wp-content\/uploads\/2018\/02\/CZARNY-LABACZ-RC-ZAMOSC-700x524.jpg",700,524,true],"1536x1536":["https:\/\/rotary.zamosc.pl\/wp-content\/uploads\/2018\/02\/CZARNY-LABACZ-RC-ZAMOSC.jpg",800,599,false],"2048x2048":["https:\/\/rotary.zamosc.pl\/wp-content\/uploads\/2018\/02\/CZARNY-LABACZ-RC-ZAMOSC.jpg",800,599,false],"post-thumbnail":["https:\/\/rotary.zamosc.pl\/wp-content\/uploads\/2018\/02\/CZARNY-LABACZ-RC-ZAMOSC-800x599.jpg",800,599,true],"graphy-post-thumbnail-large":["https:\/\/rotary.zamosc.pl\/wp-content\/uploads\/2018\/02\/CZARNY-LABACZ-RC-ZAMOSC.jpg",800,599,false],"graphy-post-thumbnail-medium":["https:\/\/rotary.zamosc.pl\/wp-content\/uploads\/2018\/02\/CZARNY-LABACZ-RC-ZAMOSC-482x300.jpg",482,300,true],"graphy-post-thumbnail-small":["https:\/\/rotary.zamosc.pl\/wp-content\/uploads\/2018\/02\/CZARNY-LABACZ-RC-ZAMOSC-80x60.jpg",80,60,true],"graphy-page-thumbnail":["https:\/\/rotary.zamosc.pl\/wp-content\/uploads\/2018\/02\/CZARNY-LABACZ-RC-ZAMOSC-800x350.jpg",800,350,true],"sow-carousel-default":["https:\/\/rotary.zamosc.pl\/wp-content\/uploads\/2018\/02\/CZARNY-LABACZ-RC-ZAMOSC-272x182.jpg",272,182,true]},"rttpg_author":{"display_name":"rotaryzamosc","author_link":"https:\/\/rotary.zamosc.pl\/index.php\/author\/rotaryzamosc\/"},"rttpg_comment":0,"rttpg_category":"<a href=\"https:\/\/rotary.zamosc.pl\/index.php\/category\/2018\/\" rel=\"category tag\">2018<\/a>","rttpg_excerpt":"Pi\u0119kny okaz czarnego \u0142ab\u0119dzia z zamojskiego ZOO zosta\u0142 obj\u0119ty finansowym sponsoringiem RC Zamo\u015b\u0107. W ten spos\u00f3b Klub stara si\u0119 pomaga\u0107 ogrodowi zoologicznemu oraz fundacji TECTUM w stworzeniu w\u0142a\u015bciwych warunk\u00f3w dla ekspozycji okaz\u00f3w fauny. Przypominam \u017ce w ubieg\u0142ym roku pod nasz\u0105 kuratel\u0105 by\u0142a lama o wdzi\u0119cznym imieniu RUDA, kt\u00f3ra decyzj\u0105 Dyrekcji zamojskiego ZOO, zmieni\u0142a miejsce zamieszkania.","_links":{"self":[{"href":"https:\/\/rotary.zamosc.pl\/index.php\/wp-json\/wp\/v2\/posts\/6803","targetHints":{"allow":["GET"]}}],"collection":[{"href":"https:\/\/rotary.zamosc.pl\/index.php\/wp-json\/wp\/v2\/posts"}],"about":[{"href":"https:\/\/rotary.zamosc.pl\/index.php\/wp-json\/wp\/v2\/types\/post"}],"author":[{"embeddable":true,"href":"https:\/\/rotary.zamosc.pl\/index.php\/wp-json\/wp\/v2\/users\/1"}],"replies":[{"embeddable":true,"href":"https:\/\/rotary.zamosc.pl\/index.php\/wp-json\/wp\/v2\/comments?post=6803"}],"version-history":[{"count":1,"href":"https:\/\/rotary.zamosc.pl\/index.php\/wp-json\/wp\/v2\/posts\/6803\/revisions"}],"predecessor-version":[{"id":6804,"href":"https:\/\/rotary.zamosc.pl\/index.php\/wp-json\/wp\/v2\/posts\/6803\/revisions\/6804"}],"wp:featuredmedia":[{"embeddable":true,"href":"https:\/\/rotary.zamosc.pl\/index.php\/wp-json\/wp\/v2\/media\/788"}],"wp:attachment":[{"href":"https:\/\/rotary.zamosc.pl\/index.php\/wp-json\/wp\/v2\/media?parent=6803"}],"wp:term":[{"taxonomy":"category","embeddable":true,"href":"https:\/\/rotary.zamosc.pl\/index.php\/wp-json\/wp\/v2\/categories?post=6803"},{"taxonomy":"post_tag","embeddable":true,"href":"https:\/\/rotary.zamosc.pl\/index.php\/wp-json\/wp\/v2\/tags?post=6803"}],"curies":[{"name":"wp","href":"https:\/\/api.w.org\/{rel}","templated":true}]}}