{"id":6807,"date":"2018-05-26T11:52:00","date_gmt":"2018-05-26T09:52:00","guid":{"rendered":"https:\/\/rotary.zamosc.pl\/?p=6807"},"modified":"2026-03-20T11:54:25","modified_gmt":"2026-03-20T10:54:25","slug":"lesmianowy-srebron","status":"publish","type":"post","link":"https:\/\/rotary.zamosc.pl\/index.php\/2018\/05\/26\/lesmianowy-srebron\/","title":{"rendered":"\u201eLe\u015bmianowy Srebro\u0144\u201d,"},"content":{"rendered":"\n<p class=\"wp-block-paragraph\">26 maja 2018 roku, przed siedzib\u0105 Rotary Club Zamo\u015b\u0107 \u2013 restauracj\u0105 \u201eCorner Pub\u201d, w ramach imprezy \u201eUlica Poetycka \u2013 literacki Zamo\u015b\u0107\u201d, mia\u0142o miejsce ods\u0142oni\u0119cie rze\u017aby zatytu\u0142owanej \u201eLe\u015bmianowy Srebro\u0144\u201d, autorstwa Bart\u0142omieja S\u0119czawy, ufundowanej przez cz\u0142onk\u00f3w RC Zamo\u015b\u0107.<\/p>\n\n\n\n<p class=\"wp-block-paragraph\">Srebro\u0144, tytu\u0142owa posta\u0107 z wiersza Boles\u0142awa Le\u015bmiana umieszczonego w zbiorze \u201eNap\u00f3j ciernisty\u201d, to \u2026 niepoprawny istnieniowiec, poeta, znawca mg\u0142y i wina, w sie\u0107 rym\u00f3w \u0142owi srebrne myszy\u2026 Inicjatywa Klubu wpisuje si\u0119 w zamiar stworzenia ulicy wspomnie\u0144 o Le\u015bmianie, poecie kt\u00f3ry w latach 1922-1933 mieszka\u0142, tworzy\u0142 i pracowa\u0142 jako rejent w Zamo\u015bciu.<\/p>\n\n\n\n<p class=\"wp-block-paragraph\">Boles\u0142aw Le\u015bmian, pierwotnie Boles\u0142aw Lesman ur. 22.01.1877 roku w Warszawie, by\u0142 czo\u0142owym przedstawicielem literatury XX- lecia mi\u0119dzywojennego. Studia prawnicze uko\u0144czy\u0142 w Kijowie \u2013 po I wojnie \u015bwiatowej, jesieni\u0105 1918 r. osiedli\u0142 si\u0119 w Hrubieszowie, sk\u0105d praktykuj\u0105c jako rejent przeni\u00f3s\u0142 si\u0119 do Zamo\u015bcia. Okres \u201ezamojski\u201d by\u0142 mniej p\u0142odny w dokonania literackie, zas\u0142yn\u0105\u0142 natomiast z dokona\u0144 \u201etowarzyskich\u201d poety, kt\u00f3ry w ko\u0144cu, w nies\u0142awie, w 1933 roku przeni\u00f3s\u0142 si\u0119 do Warszawy.<\/p>\n\n\n\n<figure class=\"wp-block-gallery has-nested-images columns-1 is-cropped wp-block-gallery-1 is-layout-flex wp-block-gallery-is-layout-flex\">\n<figure class=\"wp-block-image size-large\"><img fetchpriority=\"high\" decoding=\"async\" width=\"700\" height=\"933\" data-id=\"752\" src=\"https:\/\/rotary.zamosc.pl\/wp-content\/uploads\/2018\/02\/P5260349-700x933.jpg\" alt=\"\" class=\"wp-image-752\" srcset=\"https:\/\/rotary.zamosc.pl\/wp-content\/uploads\/2018\/02\/P5260349-700x933.jpg 700w, https:\/\/rotary.zamosc.pl\/wp-content\/uploads\/2018\/02\/P5260349-225x300.jpg 225w, https:\/\/rotary.zamosc.pl\/wp-content\/uploads\/2018\/02\/P5260349-768x1024.jpg 768w, https:\/\/rotary.zamosc.pl\/wp-content\/uploads\/2018\/02\/P5260349-800x1067.jpg 800w\" sizes=\"(max-width: 700px) 100vw, 700px\" \/><figcaption class=\"wp-element-caption\">OLYMPUS DIGITAL CAMERA<\/figcaption><\/figure>\n\n\n\n<figure class=\"wp-block-image size-large\"><img decoding=\"async\" width=\"700\" height=\"525\" data-id=\"751\" src=\"https:\/\/rotary.zamosc.pl\/wp-content\/uploads\/2018\/02\/P5260346-700x525.jpg\" alt=\"\" class=\"wp-image-751\" srcset=\"https:\/\/rotary.zamosc.pl\/wp-content\/uploads\/2018\/02\/P5260346-700x525.jpg 700w, https:\/\/rotary.zamosc.pl\/wp-content\/uploads\/2018\/02\/P5260346-300x225.jpg 300w, https:\/\/rotary.zamosc.pl\/wp-content\/uploads\/2018\/02\/P5260346-768x576.jpg 768w, https:\/\/rotary.zamosc.pl\/wp-content\/uploads\/2018\/02\/P5260346-800x600.jpg 800w, https:\/\/rotary.zamosc.pl\/wp-content\/uploads\/2018\/02\/P5260346-80x60.jpg 80w\" sizes=\"(max-width: 700px) 100vw, 700px\" \/><figcaption class=\"wp-element-caption\">OLYMPUS DIGITAL CAMERA<\/figcaption><\/figure>\n\n\n\n<figure class=\"wp-block-image size-large\"><img decoding=\"async\" width=\"700\" height=\"933\" data-id=\"750\" src=\"https:\/\/rotary.zamosc.pl\/wp-content\/uploads\/2018\/02\/P5260336-700x933.jpg\" alt=\"\" class=\"wp-image-750\" srcset=\"https:\/\/rotary.zamosc.pl\/wp-content\/uploads\/2018\/02\/P5260336-700x933.jpg 700w, https:\/\/rotary.zamosc.pl\/wp-content\/uploads\/2018\/02\/P5260336-225x300.jpg 225w, https:\/\/rotary.zamosc.pl\/wp-content\/uploads\/2018\/02\/P5260336-768x1024.jpg 768w, https:\/\/rotary.zamosc.pl\/wp-content\/uploads\/2018\/02\/P5260336-800x1067.jpg 800w\" sizes=\"(max-width: 700px) 100vw, 700px\" \/><figcaption class=\"wp-element-caption\">OLYMPUS DIGITAL CAMERA<\/figcaption><\/figure>\n<\/figure>\n","protected":false},"excerpt":{"rendered":"<p>26 maja 2018 roku, przed siedzib\u0105 Rotary Club Zamo\u015b\u0107 \u2013 restauracj\u0105 \u201eCorner Pub\u201d, w ramach imprezy \u201eUlica Poetycka \u2013 literacki Zamo\u015b\u0107\u201d, mia\u0142o miejsce ods\u0142oni\u0119cie rze\u017aby zatytu\u0142owanej \u201eLe\u015bmianowy Srebro\u0144\u201d, autorstwa Bart\u0142omieja S\u0119czawy, ufundowanej przez cz\u0142onk\u00f3w RC Zamo\u015b\u0107. Srebro\u0144, tytu\u0142owa posta\u0107 z wiersza Boles\u0142awa Le\u015bmiana umieszczonego w zbiorze \u201eNap\u00f3j ciernisty\u201d, to \u2026 niepoprawny istnieniowiec, poeta, znawca mg\u0142y&#8230;<\/p>\n","protected":false},"author":1,"featured_media":753,"comment_status":"open","ping_status":"open","sticky":false,"template":"","format":"standard","meta":{"footnotes":""},"categories":[24],"tags":[],"class_list":["post-6807","post","type-post","status-publish","format-standard","has-post-thumbnail","hentry","category-24"],"rttpg_featured_image_url":{"full":["https:\/\/rotary.zamosc.pl\/wp-content\/uploads\/2018\/02\/P5260352-2.jpg",4608,3456,false],"landscape":["https:\/\/rotary.zamosc.pl\/wp-content\/uploads\/2018\/02\/P5260352-2.jpg",4608,3456,false],"portraits":["https:\/\/rotary.zamosc.pl\/wp-content\/uploads\/2018\/02\/P5260352-2.jpg",4608,3456,false],"thumbnail":["https:\/\/rotary.zamosc.pl\/wp-content\/uploads\/2018\/02\/P5260352-2-150x150.jpg",150,150,true],"medium":["https:\/\/rotary.zamosc.pl\/wp-content\/uploads\/2018\/02\/P5260352-2-300x225.jpg",300,225,true],"large":["https:\/\/rotary.zamosc.pl\/wp-content\/uploads\/2018\/02\/P5260352-2-700x525.jpg",700,525,true],"1536x1536":["https:\/\/rotary.zamosc.pl\/wp-content\/uploads\/2018\/02\/P5260352-2.jpg",1536,1152,false],"2048x2048":["https:\/\/rotary.zamosc.pl\/wp-content\/uploads\/2018\/02\/P5260352-2.jpg",2048,1536,false],"post-thumbnail":["https:\/\/rotary.zamosc.pl\/wp-content\/uploads\/2018\/02\/P5260352-2-800x600.jpg",800,600,true],"graphy-post-thumbnail-large":["https:\/\/rotary.zamosc.pl\/wp-content\/uploads\/2018\/02\/P5260352-2-1080x600.jpg",1080,600,true],"graphy-post-thumbnail-medium":["https:\/\/rotary.zamosc.pl\/wp-content\/uploads\/2018\/02\/P5260352-2-482x300.jpg",482,300,true],"graphy-post-thumbnail-small":["https:\/\/rotary.zamosc.pl\/wp-content\/uploads\/2018\/02\/P5260352-2-80x60.jpg",80,60,true],"graphy-page-thumbnail":["https:\/\/rotary.zamosc.pl\/wp-content\/uploads\/2018\/02\/P5260352-2-1260x350.jpg",1260,350,true],"sow-carousel-default":["https:\/\/rotary.zamosc.pl\/wp-content\/uploads\/2018\/02\/P5260352-2-272x182.jpg",272,182,true]},"rttpg_author":{"display_name":"rotaryzamosc","author_link":"https:\/\/rotary.zamosc.pl\/index.php\/author\/rotaryzamosc\/"},"rttpg_comment":0,"rttpg_category":"<a href=\"https:\/\/rotary.zamosc.pl\/index.php\/category\/2018\/\" rel=\"category tag\">2018<\/a>","rttpg_excerpt":"26 maja 2018 roku, przed siedzib\u0105 Rotary Club Zamo\u015b\u0107 \u2013 restauracj\u0105 \u201eCorner Pub\u201d, w ramach imprezy \u201eUlica Poetycka \u2013 literacki Zamo\u015b\u0107\u201d, mia\u0142o miejsce ods\u0142oni\u0119cie rze\u017aby zatytu\u0142owanej \u201eLe\u015bmianowy Srebro\u0144\u201d, autorstwa Bart\u0142omieja S\u0119czawy, ufundowanej przez cz\u0142onk\u00f3w RC Zamo\u015b\u0107. Srebro\u0144, tytu\u0142owa posta\u0107 z wiersza Boles\u0142awa Le\u015bmiana umieszczonego w zbiorze \u201eNap\u00f3j ciernisty\u201d, to \u2026 niepoprawny istnieniowiec, poeta, znawca mg\u0142y...","_links":{"self":[{"href":"https:\/\/rotary.zamosc.pl\/index.php\/wp-json\/wp\/v2\/posts\/6807","targetHints":{"allow":["GET"]}}],"collection":[{"href":"https:\/\/rotary.zamosc.pl\/index.php\/wp-json\/wp\/v2\/posts"}],"about":[{"href":"https:\/\/rotary.zamosc.pl\/index.php\/wp-json\/wp\/v2\/types\/post"}],"author":[{"embeddable":true,"href":"https:\/\/rotary.zamosc.pl\/index.php\/wp-json\/wp\/v2\/users\/1"}],"replies":[{"embeddable":true,"href":"https:\/\/rotary.zamosc.pl\/index.php\/wp-json\/wp\/v2\/comments?post=6807"}],"version-history":[{"count":1,"href":"https:\/\/rotary.zamosc.pl\/index.php\/wp-json\/wp\/v2\/posts\/6807\/revisions"}],"predecessor-version":[{"id":6808,"href":"https:\/\/rotary.zamosc.pl\/index.php\/wp-json\/wp\/v2\/posts\/6807\/revisions\/6808"}],"wp:featuredmedia":[{"embeddable":true,"href":"https:\/\/rotary.zamosc.pl\/index.php\/wp-json\/wp\/v2\/media\/753"}],"wp:attachment":[{"href":"https:\/\/rotary.zamosc.pl\/index.php\/wp-json\/wp\/v2\/media?parent=6807"}],"wp:term":[{"taxonomy":"category","embeddable":true,"href":"https:\/\/rotary.zamosc.pl\/index.php\/wp-json\/wp\/v2\/categories?post=6807"},{"taxonomy":"post_tag","embeddable":true,"href":"https:\/\/rotary.zamosc.pl\/index.php\/wp-json\/wp\/v2\/tags?post=6807"}],"curies":[{"name":"wp","href":"https:\/\/api.w.org\/{rel}","templated":true}]}}