{"id":6819,"date":"2018-03-20T12:03:00","date_gmt":"2018-03-20T11:03:00","guid":{"rendered":"https:\/\/rotary.zamosc.pl\/?p=6819"},"modified":"2026-03-20T12:03:49","modified_gmt":"2026-03-20T11:03:49","slug":"swieto-narodowe-3-maj","status":"publish","type":"post","link":"https:\/\/rotary.zamosc.pl\/index.php\/2018\/03\/20\/swieto-narodowe-3-maj\/","title":{"rendered":"\u015awi\u0119to Narodowe 3 Maj"},"content":{"rendered":"\n<p class=\"wp-block-paragraph\">Tradycyjnie jak co roku, w dniu \u015bwi\u0119ta Narodowego 3 Maja \u2013 rocznicy uchwalenia Konstytucji w 1791 roku, delegacja RC Zamo\u015b\u0107 z\u0142o\u017cy\u0142a symboliczn\u0105 czerwon\u0105 r\u00f3\u017c\u0119 na tablicy upami\u0119tniaj\u0105cej wizyt\u0119 Marsza\u0142ka J\u00f3zefa Pi\u0142sudskiego w Zamo\u015bciu w dniu 17.10.1922 roku. Nasz klub reprezentowali: Henryk Gajewski \u2013 Prezydent RC Zamo\u015b\u0107, Sylwester Borkowski \u2013 Wice Prezydent Klubu oraz Ryszard Antos \u2013 Sekretarz Klubu. Udzia\u0142 przedstawicieli naszego klubu w obchodach rocznicowych konstytucji 3 Maja pozostanie tradycj\u0105 RC Zamo\u015b\u0107.<\/p>\n","protected":false},"excerpt":{"rendered":"<p>Tradycyjnie jak co roku, w dniu \u015bwi\u0119ta Narodowego 3 Maja \u2013 rocznicy uchwalenia Konstytucji w 1791 roku, delegacja RC Zamo\u015b\u0107 z\u0142o\u017cy\u0142a symboliczn\u0105 czerwon\u0105 r\u00f3\u017c\u0119 na tablicy upami\u0119tniaj\u0105cej wizyt\u0119 Marsza\u0142ka J\u00f3zefa Pi\u0142sudskiego w Zamo\u015bciu w dniu 17.10.1922 roku. Nasz klub reprezentowali: Henryk Gajewski \u2013 Prezydent RC Zamo\u015b\u0107, Sylwester Borkowski \u2013 Wice Prezydent Klubu oraz Ryszard Antos&#8230;<\/p>\n","protected":false},"author":1,"featured_media":678,"comment_status":"open","ping_status":"open","sticky":false,"template":"","format":"standard","meta":{"footnotes":""},"categories":[24],"tags":[],"class_list":["post-6819","post","type-post","status-publish","format-standard","has-post-thumbnail","hentry","category-24"],"rttpg_featured_image_url":{"full":["https:\/\/rotary.zamosc.pl\/wp-content\/uploads\/2018\/02\/Sk\u0142adanie-kwiat\u00f3w.jpg",1500,1000,false],"landscape":["https:\/\/rotary.zamosc.pl\/wp-content\/uploads\/2018\/02\/Sk\u0142adanie-kwiat\u00f3w.jpg",1500,1000,false],"portraits":["https:\/\/rotary.zamosc.pl\/wp-content\/uploads\/2018\/02\/Sk\u0142adanie-kwiat\u00f3w.jpg",1500,1000,false],"thumbnail":["https:\/\/rotary.zamosc.pl\/wp-content\/uploads\/2018\/02\/Sk\u0142adanie-kwiat\u00f3w-150x150.jpg",150,150,true],"medium":["https:\/\/rotary.zamosc.pl\/wp-content\/uploads\/2018\/02\/Sk\u0142adanie-kwiat\u00f3w-300x200.jpg",300,200,true],"large":["https:\/\/rotary.zamosc.pl\/wp-content\/uploads\/2018\/02\/Sk\u0142adanie-kwiat\u00f3w-700x467.jpg",700,467,true],"1536x1536":["https:\/\/rotary.zamosc.pl\/wp-content\/uploads\/2018\/02\/Sk\u0142adanie-kwiat\u00f3w.jpg",1500,1000,false],"2048x2048":["https:\/\/rotary.zamosc.pl\/wp-content\/uploads\/2018\/02\/Sk\u0142adanie-kwiat\u00f3w.jpg",1500,1000,false],"post-thumbnail":["https:\/\/rotary.zamosc.pl\/wp-content\/uploads\/2018\/02\/Sk\u0142adanie-kwiat\u00f3w-800x533.jpg",800,533,true],"graphy-post-thumbnail-large":["https:\/\/rotary.zamosc.pl\/wp-content\/uploads\/2018\/02\/Sk\u0142adanie-kwiat\u00f3w-1080x600.jpg",1080,600,true],"graphy-post-thumbnail-medium":["https:\/\/rotary.zamosc.pl\/wp-content\/uploads\/2018\/02\/Sk\u0142adanie-kwiat\u00f3w-482x300.jpg",482,300,true],"graphy-post-thumbnail-small":["https:\/\/rotary.zamosc.pl\/wp-content\/uploads\/2018\/02\/Sk\u0142adanie-kwiat\u00f3w-80x60.jpg",80,60,true],"graphy-page-thumbnail":["https:\/\/rotary.zamosc.pl\/wp-content\/uploads\/2018\/02\/Sk\u0142adanie-kwiat\u00f3w-1260x350.jpg",1260,350,true],"sow-carousel-default":["https:\/\/rotary.zamosc.pl\/wp-content\/uploads\/2018\/02\/Sk\u0142adanie-kwiat\u00f3w-272x182.jpg",272,182,true]},"rttpg_author":{"display_name":"rotaryzamosc","author_link":"https:\/\/rotary.zamosc.pl\/index.php\/author\/rotaryzamosc\/"},"rttpg_comment":0,"rttpg_category":"<a href=\"https:\/\/rotary.zamosc.pl\/index.php\/category\/2018\/\" rel=\"category tag\">2018<\/a>","rttpg_excerpt":"Tradycyjnie jak co roku, w dniu \u015bwi\u0119ta Narodowego 3 Maja \u2013 rocznicy uchwalenia Konstytucji w 1791 roku, delegacja RC Zamo\u015b\u0107 z\u0142o\u017cy\u0142a symboliczn\u0105 czerwon\u0105 r\u00f3\u017c\u0119 na tablicy upami\u0119tniaj\u0105cej wizyt\u0119 Marsza\u0142ka J\u00f3zefa Pi\u0142sudskiego w Zamo\u015bciu w dniu 17.10.1922 roku. Nasz klub reprezentowali: Henryk Gajewski \u2013 Prezydent RC Zamo\u015b\u0107, Sylwester Borkowski \u2013 Wice Prezydent Klubu oraz Ryszard Antos...","_links":{"self":[{"href":"https:\/\/rotary.zamosc.pl\/index.php\/wp-json\/wp\/v2\/posts\/6819","targetHints":{"allow":["GET"]}}],"collection":[{"href":"https:\/\/rotary.zamosc.pl\/index.php\/wp-json\/wp\/v2\/posts"}],"about":[{"href":"https:\/\/rotary.zamosc.pl\/index.php\/wp-json\/wp\/v2\/types\/post"}],"author":[{"embeddable":true,"href":"https:\/\/rotary.zamosc.pl\/index.php\/wp-json\/wp\/v2\/users\/1"}],"replies":[{"embeddable":true,"href":"https:\/\/rotary.zamosc.pl\/index.php\/wp-json\/wp\/v2\/comments?post=6819"}],"version-history":[{"count":1,"href":"https:\/\/rotary.zamosc.pl\/index.php\/wp-json\/wp\/v2\/posts\/6819\/revisions"}],"predecessor-version":[{"id":6820,"href":"https:\/\/rotary.zamosc.pl\/index.php\/wp-json\/wp\/v2\/posts\/6819\/revisions\/6820"}],"wp:featuredmedia":[{"embeddable":true,"href":"https:\/\/rotary.zamosc.pl\/index.php\/wp-json\/wp\/v2\/media\/678"}],"wp:attachment":[{"href":"https:\/\/rotary.zamosc.pl\/index.php\/wp-json\/wp\/v2\/media?parent=6819"}],"wp:term":[{"taxonomy":"category","embeddable":true,"href":"https:\/\/rotary.zamosc.pl\/index.php\/wp-json\/wp\/v2\/categories?post=6819"},{"taxonomy":"post_tag","embeddable":true,"href":"https:\/\/rotary.zamosc.pl\/index.php\/wp-json\/wp\/v2\/tags?post=6819"}],"curies":[{"name":"wp","href":"https:\/\/api.w.org\/{rel}","templated":true}]}}