{"id":6821,"date":"2018-04-26T12:04:00","date_gmt":"2018-04-26T10:04:00","guid":{"rendered":"https:\/\/rotary.zamosc.pl\/?p=6821"},"modified":"2026-03-20T12:05:37","modified_gmt":"2026-03-20T11:05:37","slug":"bylismy-jestesmy-bedziemy-26-kwietnia-2018","status":"publish","type":"post","link":"https:\/\/rotary.zamosc.pl\/index.php\/2018\/04\/26\/bylismy-jestesmy-bedziemy-26-kwietnia-2018\/","title":{"rendered":"&#8222;Byli\u015bmy, jeste\u015bmy, b\u0119dziemy&#8221; 26 kwietnia 2018"},"content":{"rendered":"\n<p class=\"wp-block-paragraph\">W dniu 26 kwietnia 2018 r w Centrum Kultury Filmowej w Zamo\u015bciu odby\u0142a si\u0119 impreza patriotyczna z okazji 100 rocznicy odzyskania przez Polsk\u0119 niepodleg\u0142o\u015bci pod tytu\u0142em&nbsp; \u201eByli\u015bmy,jeste\u015bmy,b\u0119dziemy\u201d. Wykonawcami byli najm\u0142odsi zamojscy arty\u015bci \u2013 przedszkolacy z Przedszkoli Nr 7 i 12 w Zamo\u015bciu \u2013 pod opiek\u0105 swoich wychowawc\u00f3w. Przedstawili spektakl s\u0142owno \u2013 muzyczny o burzliwych dziejach Polski i Polak\u00f3w od zarania \u2013 woj\u00f3w Mieszka i Chrobrego \u2013 po okres wsp\u00f3\u0142czesny.<\/p>\n\n\n\n<p class=\"wp-block-paragraph\">W\u015br\u00f3d os\u00f3b zaproszonych do udzia\u0142u w imprezie znale\u017ali si\u0119 przedstawiciele naszego Klubu. Obecny Prezydent \u2013 Henryk Gajewski pogratulowa\u0142 m\u0142odym wykonawcom i podzi\u0119kowa\u0142 przekazuj\u0105c&nbsp; im dwie torby s\u0142odko\u015bci, co spotka\u0142o si\u0119 z gor\u0105cym aplauzem ze strony artyst\u00f3w, jak te\u017c wszystkich zgromadzonych w sali.<\/p>\n\n\n\n<p class=\"wp-block-paragraph\">Jako rotarianie jeste\u015bmy obecni w\u015br\u00f3d naszego najm\u0142odszego pokolenia&nbsp; i to jest wa\u017cne w ich wychowaniu i przygotowaniu do \u017cycia w spo\u0142ecze\u0144stwie<\/p>\n\n\n\n<figure class=\"wp-block-gallery has-nested-images columns-1 is-cropped wp-block-gallery-1 is-layout-flex wp-block-gallery-is-layout-flex\">\n<figure class=\"wp-block-image size-large\"><img fetchpriority=\"high\" decoding=\"async\" width=\"700\" height=\"467\" data-id=\"729\" src=\"https:\/\/rotary.zamosc.pl\/wp-content\/uploads\/2018\/02\/Byli\u015bmyjeste\u015bmyb\u0119dziemy-2018-3-700x467.jpg\" alt=\"\" class=\"wp-image-729\" srcset=\"https:\/\/rotary.zamosc.pl\/wp-content\/uploads\/2018\/02\/Byli\u015bmyjeste\u015bmyb\u0119dziemy-2018-3-700x467.jpg 700w, https:\/\/rotary.zamosc.pl\/wp-content\/uploads\/2018\/02\/Byli\u015bmyjeste\u015bmyb\u0119dziemy-2018-3-300x200.jpg 300w, https:\/\/rotary.zamosc.pl\/wp-content\/uploads\/2018\/02\/Byli\u015bmyjeste\u015bmyb\u0119dziemy-2018-3-768x512.jpg 768w, https:\/\/rotary.zamosc.pl\/wp-content\/uploads\/2018\/02\/Byli\u015bmyjeste\u015bmyb\u0119dziemy-2018-3-800x533.jpg 800w, https:\/\/rotary.zamosc.pl\/wp-content\/uploads\/2018\/02\/Byli\u015bmyjeste\u015bmyb\u0119dziemy-2018-3-272x182.jpg 272w, https:\/\/rotary.zamosc.pl\/wp-content\/uploads\/2018\/02\/Byli\u015bmyjeste\u015bmyb\u0119dziemy-2018-3.jpg 1200w\" sizes=\"(max-width: 700px) 100vw, 700px\" \/><\/figure>\n\n\n\n<figure class=\"wp-block-image size-large\"><img decoding=\"async\" width=\"700\" height=\"467\" data-id=\"728\" src=\"https:\/\/rotary.zamosc.pl\/wp-content\/uploads\/2018\/02\/Byli\u015bmyjeste\u015bmyb\u0119dziemy-2018-2-700x467.jpg\" alt=\"\" class=\"wp-image-728\" srcset=\"https:\/\/rotary.zamosc.pl\/wp-content\/uploads\/2018\/02\/Byli\u015bmyjeste\u015bmyb\u0119dziemy-2018-2-700x467.jpg 700w, https:\/\/rotary.zamosc.pl\/wp-content\/uploads\/2018\/02\/Byli\u015bmyjeste\u015bmyb\u0119dziemy-2018-2-300x200.jpg 300w, https:\/\/rotary.zamosc.pl\/wp-content\/uploads\/2018\/02\/Byli\u015bmyjeste\u015bmyb\u0119dziemy-2018-2-768x512.jpg 768w, https:\/\/rotary.zamosc.pl\/wp-content\/uploads\/2018\/02\/Byli\u015bmyjeste\u015bmyb\u0119dziemy-2018-2-800x533.jpg 800w, https:\/\/rotary.zamosc.pl\/wp-content\/uploads\/2018\/02\/Byli\u015bmyjeste\u015bmyb\u0119dziemy-2018-2-272x182.jpg 272w, https:\/\/rotary.zamosc.pl\/wp-content\/uploads\/2018\/02\/Byli\u015bmyjeste\u015bmyb\u0119dziemy-2018-2.jpg 1200w\" sizes=\"(max-width: 700px) 100vw, 700px\" \/><\/figure>\n\n\n\n<figure class=\"wp-block-image size-large\"><img decoding=\"async\" width=\"700\" height=\"467\" data-id=\"727\" src=\"https:\/\/rotary.zamosc.pl\/wp-content\/uploads\/2018\/02\/Byli\u015bmyjeste\u015bmyb\u0119dziemy-2018-1-700x467.jpg\" alt=\"\" class=\"wp-image-727\" srcset=\"https:\/\/rotary.zamosc.pl\/wp-content\/uploads\/2018\/02\/Byli\u015bmyjeste\u015bmyb\u0119dziemy-2018-1-700x467.jpg 700w, https:\/\/rotary.zamosc.pl\/wp-content\/uploads\/2018\/02\/Byli\u015bmyjeste\u015bmyb\u0119dziemy-2018-1-300x200.jpg 300w, https:\/\/rotary.zamosc.pl\/wp-content\/uploads\/2018\/02\/Byli\u015bmyjeste\u015bmyb\u0119dziemy-2018-1-768x512.jpg 768w, https:\/\/rotary.zamosc.pl\/wp-content\/uploads\/2018\/02\/Byli\u015bmyjeste\u015bmyb\u0119dziemy-2018-1-800x533.jpg 800w, https:\/\/rotary.zamosc.pl\/wp-content\/uploads\/2018\/02\/Byli\u015bmyjeste\u015bmyb\u0119dziemy-2018-1-272x182.jpg 272w, https:\/\/rotary.zamosc.pl\/wp-content\/uploads\/2018\/02\/Byli\u015bmyjeste\u015bmyb\u0119dziemy-2018-1.jpg 1200w\" sizes=\"(max-width: 700px) 100vw, 700px\" \/><\/figure>\n<\/figure>\n","protected":false},"excerpt":{"rendered":"<p>W dniu 26 kwietnia 2018 r w Centrum Kultury Filmowej w Zamo\u015bciu odby\u0142a si\u0119 impreza patriotyczna z okazji 100 rocznicy odzyskania przez Polsk\u0119 niepodleg\u0142o\u015bci pod tytu\u0142em&nbsp; \u201eByli\u015bmy,jeste\u015bmy,b\u0119dziemy\u201d. Wykonawcami byli najm\u0142odsi zamojscy arty\u015bci \u2013 przedszkolacy z Przedszkoli Nr 7 i 12 w Zamo\u015bciu \u2013 pod opiek\u0105 swoich wychowawc\u00f3w. Przedstawili spektakl s\u0142owno \u2013 muzyczny o burzliwych dziejach&#8230;<\/p>\n","protected":false},"author":1,"featured_media":730,"comment_status":"open","ping_status":"open","sticky":false,"template":"","format":"standard","meta":{"footnotes":""},"categories":[24],"tags":[],"class_list":["post-6821","post","type-post","status-publish","format-standard","has-post-thumbnail","hentry","category-24"],"rttpg_featured_image_url":{"full":["https:\/\/rotary.zamosc.pl\/wp-content\/uploads\/2018\/02\/Byli\u015bmyjeste\u015bmyb\u0119dziemy-2018-4.jpg",1200,800,false],"landscape":["https:\/\/rotary.zamosc.pl\/wp-content\/uploads\/2018\/02\/Byli\u015bmyjeste\u015bmyb\u0119dziemy-2018-4.jpg",1200,800,false],"portraits":["https:\/\/rotary.zamosc.pl\/wp-content\/uploads\/2018\/02\/Byli\u015bmyjeste\u015bmyb\u0119dziemy-2018-4.jpg",1200,800,false],"thumbnail":["https:\/\/rotary.zamosc.pl\/wp-content\/uploads\/2018\/02\/Byli\u015bmyjeste\u015bmyb\u0119dziemy-2018-4-150x150.jpg",150,150,true],"medium":["https:\/\/rotary.zamosc.pl\/wp-content\/uploads\/2018\/02\/Byli\u015bmyjeste\u015bmyb\u0119dziemy-2018-4-300x200.jpg",300,200,true],"large":["https:\/\/rotary.zamosc.pl\/wp-content\/uploads\/2018\/02\/Byli\u015bmyjeste\u015bmyb\u0119dziemy-2018-4-700x467.jpg",700,467,true],"1536x1536":["https:\/\/rotary.zamosc.pl\/wp-content\/uploads\/2018\/02\/Byli\u015bmyjeste\u015bmyb\u0119dziemy-2018-4.jpg",1200,800,false],"2048x2048":["https:\/\/rotary.zamosc.pl\/wp-content\/uploads\/2018\/02\/Byli\u015bmyjeste\u015bmyb\u0119dziemy-2018-4.jpg",1200,800,false],"post-thumbnail":["https:\/\/rotary.zamosc.pl\/wp-content\/uploads\/2018\/02\/Byli\u015bmyjeste\u015bmyb\u0119dziemy-2018-4-800x533.jpg",800,533,true],"graphy-post-thumbnail-large":["https:\/\/rotary.zamosc.pl\/wp-content\/uploads\/2018\/02\/Byli\u015bmyjeste\u015bmyb\u0119dziemy-2018-4-1080x600.jpg",1080,600,true],"graphy-post-thumbnail-medium":["https:\/\/rotary.zamosc.pl\/wp-content\/uploads\/2018\/02\/Byli\u015bmyjeste\u015bmyb\u0119dziemy-2018-4-482x300.jpg",482,300,true],"graphy-post-thumbnail-small":["https:\/\/rotary.zamosc.pl\/wp-content\/uploads\/2018\/02\/Byli\u015bmyjeste\u015bmyb\u0119dziemy-2018-4-80x60.jpg",80,60,true],"graphy-page-thumbnail":["https:\/\/rotary.zamosc.pl\/wp-content\/uploads\/2018\/02\/Byli\u015bmyjeste\u015bmyb\u0119dziemy-2018-4-1200x350.jpg",1200,350,true],"sow-carousel-default":["https:\/\/rotary.zamosc.pl\/wp-content\/uploads\/2018\/02\/Byli\u015bmyjeste\u015bmyb\u0119dziemy-2018-4-272x182.jpg",272,182,true]},"rttpg_author":{"display_name":"rotaryzamosc","author_link":"https:\/\/rotary.zamosc.pl\/index.php\/author\/rotaryzamosc\/"},"rttpg_comment":0,"rttpg_category":"<a href=\"https:\/\/rotary.zamosc.pl\/index.php\/category\/2018\/\" rel=\"category tag\">2018<\/a>","rttpg_excerpt":"W dniu 26 kwietnia 2018 r w Centrum Kultury Filmowej w Zamo\u015bciu odby\u0142a si\u0119 impreza patriotyczna z okazji 100 rocznicy odzyskania przez Polsk\u0119 niepodleg\u0142o\u015bci pod tytu\u0142em&nbsp; \u201eByli\u015bmy,jeste\u015bmy,b\u0119dziemy\u201d. Wykonawcami byli najm\u0142odsi zamojscy arty\u015bci \u2013 przedszkolacy z Przedszkoli Nr 7 i 12 w Zamo\u015bciu \u2013 pod opiek\u0105 swoich wychowawc\u00f3w. Przedstawili spektakl s\u0142owno \u2013 muzyczny o burzliwych dziejach...","_links":{"self":[{"href":"https:\/\/rotary.zamosc.pl\/index.php\/wp-json\/wp\/v2\/posts\/6821","targetHints":{"allow":["GET"]}}],"collection":[{"href":"https:\/\/rotary.zamosc.pl\/index.php\/wp-json\/wp\/v2\/posts"}],"about":[{"href":"https:\/\/rotary.zamosc.pl\/index.php\/wp-json\/wp\/v2\/types\/post"}],"author":[{"embeddable":true,"href":"https:\/\/rotary.zamosc.pl\/index.php\/wp-json\/wp\/v2\/users\/1"}],"replies":[{"embeddable":true,"href":"https:\/\/rotary.zamosc.pl\/index.php\/wp-json\/wp\/v2\/comments?post=6821"}],"version-history":[{"count":1,"href":"https:\/\/rotary.zamosc.pl\/index.php\/wp-json\/wp\/v2\/posts\/6821\/revisions"}],"predecessor-version":[{"id":6822,"href":"https:\/\/rotary.zamosc.pl\/index.php\/wp-json\/wp\/v2\/posts\/6821\/revisions\/6822"}],"wp:featuredmedia":[{"embeddable":true,"href":"https:\/\/rotary.zamosc.pl\/index.php\/wp-json\/wp\/v2\/media\/730"}],"wp:attachment":[{"href":"https:\/\/rotary.zamosc.pl\/index.php\/wp-json\/wp\/v2\/media?parent=6821"}],"wp:term":[{"taxonomy":"category","embeddable":true,"href":"https:\/\/rotary.zamosc.pl\/index.php\/wp-json\/wp\/v2\/categories?post=6821"},{"taxonomy":"post_tag","embeddable":true,"href":"https:\/\/rotary.zamosc.pl\/index.php\/wp-json\/wp\/v2\/tags?post=6821"}],"curies":[{"name":"wp","href":"https:\/\/api.w.org\/{rel}","templated":true}]}}