{"id":6825,"date":"2018-04-10T12:07:00","date_gmt":"2018-04-10T10:07:00","guid":{"rendered":"https:\/\/rotary.zamosc.pl\/?p=6825"},"modified":"2026-03-20T12:08:07","modified_gmt":"2026-03-20T11:08:07","slug":"odwiedziny-asystenta-gubernatora-10-04-2018","status":"publish","type":"post","link":"https:\/\/rotary.zamosc.pl\/index.php\/2018\/04\/10\/odwiedziny-asystenta-gubernatora-10-04-2018\/","title":{"rendered":"Odwiedziny Asystenta Gubernatora &#8211; 10.04.2018"},"content":{"rendered":"\n<p class=\"wp-block-paragraph\">Go\u015bcili\u015bmy Asystenta Gubernatora naszego Dystryktu na kadencje 2017\/2018 oraz 2018\/2019, Doriana Flisa z RC Lublin. Korzystaj\u0105c z jego obecno\u015bci, dyskutowali\u015bmy na temat:<br>\u2013 dzia\u0142a\u0144 podejmowanych przez&nbsp; Gubernatora Dystryktu 2017\/2018<br>\u2013 gospodarki finansowej prowadzonej przez Dystrykt&nbsp; \/ brak przejrzysto\u015bci \/<br>\u2013 zachowa\u0144 poszczeg\u00f3lnych Oficer\u00f3w Dystryktu<br>\u2013 polityki personalnej i tworzenia si\u0119 elit wewn\u0105trz Dystryktu<br>\u2013 brak wsparcia dla Klub\u00f3w spoza grupy wyr\u00f3\u017cnianych<br>\u2013 braku umiej\u0119tno\u015bci prowadzenia spotka\u0144 i szkole\u0144<br>\u2013 istnienia jedynej w swoim rodzaju Federacji Polskich Klub\u00f3w Rotary, co w obecnej chwili jest bezsensowne, poza stworzeniem \u201eczapy \u201e nad Dystryktem.<br>Podsumowuj\u0105c, wszystko co powy\u017csze prowadzi do deprecjacji idei Rotary i nie dziwi\u0105 decyzje niekt\u00f3rych klub\u00f3w o wyst\u0105pieniu ze struktur Dystryktu.<br>J.Liberadzki<\/p>\n\n\n\n<p class=\"wp-block-paragraph\">W 1994 r. nasz Go\u015b\u0107 otrzyma\u0142 z Klubu dotacj\u0119, kt\u00f3ra pozwoli\u0142a mu na op\u0142acenie wydatk\u00f3w zwi\u0105zanych z rozpocz\u0119ciem studi\u00f3w. Z racji zajmowanego stanowiska, Pan Miechowicz podzieli\u0142 si\u0119 z nami informacjami dotycz\u0105cymi dzia\u0142a\u0144 promocyjnych na rzecz naszego miasta, kt\u00f3re corocznie odwiedzaj\u0105 tysi\u0105ce turyst\u00f3w z ca\u0142ego \u015bwiata. Rozmawiali\u015bmy na temat nowych inwestycji ( filharmonia ) i problemach Zarz\u0105du Miasta zwi\u0105zanych m. in. z poszukiwaniem inwestora dla zagospodarowania Pa\u0142acu Zamoyskich ( np. hotel, centrum konferencyjne ).<\/p>\n\n\n\n<p class=\"wp-block-paragraph\">Na przyk\u0142adzie naszego Go\u015bcia wnioskujemy, \u017ce nasz program stypendialny, przeznaczony dla m\u0142odzie\u017cy zamojskich szk\u00f3\u0142 ponadgimnazjalnych jest celowy i wymaga kontynuacji ( aktualnie Klub funduje stypendia dla 5 wyr\u00f3\u017cniaj\u0105cych si\u0119 uczni\u00f3w ).<\/p>\n","protected":false},"excerpt":{"rendered":"<p>Go\u015bcili\u015bmy Asystenta Gubernatora naszego Dystryktu na kadencje 2017\/2018 oraz 2018\/2019, Doriana Flisa z RC Lublin. Korzystaj\u0105c z jego obecno\u015bci, dyskutowali\u015bmy na temat:\u2013 dzia\u0142a\u0144 podejmowanych przez&nbsp; Gubernatora Dystryktu 2017\/2018\u2013 gospodarki finansowej prowadzonej przez Dystrykt&nbsp; \/ brak przejrzysto\u015bci \/\u2013 zachowa\u0144 poszczeg\u00f3lnych Oficer\u00f3w Dystryktu\u2013 polityki personalnej i tworzenia si\u0119 elit wewn\u0105trz Dystryktu\u2013 brak wsparcia dla Klub\u00f3w spoza grupy&#8230;<\/p>\n","protected":false},"author":1,"featured_media":6119,"comment_status":"open","ping_status":"open","sticky":false,"template":"","format":"standard","meta":{"footnotes":""},"categories":[24],"tags":[],"class_list":["post-6825","post","type-post","status-publish","format-standard","has-post-thumbnail","hentry","category-24"],"rttpg_featured_image_url":{"full":["https:\/\/rotary.zamosc.pl\/wp-content\/uploads\/2025\/12\/rotary-logos.png",900,442,false],"landscape":["https:\/\/rotary.zamosc.pl\/wp-content\/uploads\/2025\/12\/rotary-logos.png",900,442,false],"portraits":["https:\/\/rotary.zamosc.pl\/wp-content\/uploads\/2025\/12\/rotary-logos.png",900,442,false],"thumbnail":["https:\/\/rotary.zamosc.pl\/wp-content\/uploads\/2025\/12\/rotary-logos-150x150.png",150,150,true],"medium":["https:\/\/rotary.zamosc.pl\/wp-content\/uploads\/2025\/12\/rotary-logos-300x147.png",300,147,true],"large":["https:\/\/rotary.zamosc.pl\/wp-content\/uploads\/2025\/12\/rotary-logos-700x344.png",700,344,true],"1536x1536":["https:\/\/rotary.zamosc.pl\/wp-content\/uploads\/2025\/12\/rotary-logos.png",900,442,false],"2048x2048":["https:\/\/rotary.zamosc.pl\/wp-content\/uploads\/2025\/12\/rotary-logos.png",900,442,false],"post-thumbnail":["https:\/\/rotary.zamosc.pl\/wp-content\/uploads\/2025\/12\/rotary-logos-800x393.png",800,393,true],"graphy-post-thumbnail-large":["https:\/\/rotary.zamosc.pl\/wp-content\/uploads\/2025\/12\/rotary-logos.png",900,442,false],"graphy-post-thumbnail-medium":["https:\/\/rotary.zamosc.pl\/wp-content\/uploads\/2025\/12\/rotary-logos-482x300.png",482,300,true],"graphy-post-thumbnail-small":["https:\/\/rotary.zamosc.pl\/wp-content\/uploads\/2025\/12\/rotary-logos-80x60.png",80,60,true],"graphy-page-thumbnail":["https:\/\/rotary.zamosc.pl\/wp-content\/uploads\/2025\/12\/rotary-logos-900x350.png",900,350,true],"sow-carousel-default":["https:\/\/rotary.zamosc.pl\/wp-content\/uploads\/2025\/12\/rotary-logos-272x182.png",272,182,true]},"rttpg_author":{"display_name":"rotaryzamosc","author_link":"https:\/\/rotary.zamosc.pl\/index.php\/author\/rotaryzamosc\/"},"rttpg_comment":0,"rttpg_category":"<a href=\"https:\/\/rotary.zamosc.pl\/index.php\/category\/2018\/\" rel=\"category tag\">2018<\/a>","rttpg_excerpt":"Go\u015bcili\u015bmy Asystenta Gubernatora naszego Dystryktu na kadencje 2017\/2018 oraz 2018\/2019, Doriana Flisa z RC Lublin. Korzystaj\u0105c z jego obecno\u015bci, dyskutowali\u015bmy na temat:\u2013 dzia\u0142a\u0144 podejmowanych przez&nbsp; Gubernatora Dystryktu 2017\/2018\u2013 gospodarki finansowej prowadzonej przez Dystrykt&nbsp; \/ brak przejrzysto\u015bci \/\u2013 zachowa\u0144 poszczeg\u00f3lnych Oficer\u00f3w Dystryktu\u2013 polityki personalnej i tworzenia si\u0119 elit wewn\u0105trz Dystryktu\u2013 brak wsparcia dla Klub\u00f3w spoza grupy...","_links":{"self":[{"href":"https:\/\/rotary.zamosc.pl\/index.php\/wp-json\/wp\/v2\/posts\/6825","targetHints":{"allow":["GET"]}}],"collection":[{"href":"https:\/\/rotary.zamosc.pl\/index.php\/wp-json\/wp\/v2\/posts"}],"about":[{"href":"https:\/\/rotary.zamosc.pl\/index.php\/wp-json\/wp\/v2\/types\/post"}],"author":[{"embeddable":true,"href":"https:\/\/rotary.zamosc.pl\/index.php\/wp-json\/wp\/v2\/users\/1"}],"replies":[{"embeddable":true,"href":"https:\/\/rotary.zamosc.pl\/index.php\/wp-json\/wp\/v2\/comments?post=6825"}],"version-history":[{"count":1,"href":"https:\/\/rotary.zamosc.pl\/index.php\/wp-json\/wp\/v2\/posts\/6825\/revisions"}],"predecessor-version":[{"id":6826,"href":"https:\/\/rotary.zamosc.pl\/index.php\/wp-json\/wp\/v2\/posts\/6825\/revisions\/6826"}],"wp:featuredmedia":[{"embeddable":true,"href":"https:\/\/rotary.zamosc.pl\/index.php\/wp-json\/wp\/v2\/media\/6119"}],"wp:attachment":[{"href":"https:\/\/rotary.zamosc.pl\/index.php\/wp-json\/wp\/v2\/media?parent=6825"}],"wp:term":[{"taxonomy":"category","embeddable":true,"href":"https:\/\/rotary.zamosc.pl\/index.php\/wp-json\/wp\/v2\/categories?post=6825"},{"taxonomy":"post_tag","embeddable":true,"href":"https:\/\/rotary.zamosc.pl\/index.php\/wp-json\/wp\/v2\/tags?post=6825"}],"curies":[{"name":"wp","href":"https:\/\/api.w.org\/{rel}","templated":true}]}}